{"id":4285,"date":"2020-02-17T13:49:48","date_gmt":"2020-02-17T13:49:48","guid":{"rendered":"https:\/\/entreculturasi.wpenginepowered.com\/?noticias=libros-y-mensajes-viajan-para-los-ninos-y-ninas-refugiados-sirios-en-libano"},"modified":"2024-03-14T14:58:49","modified_gmt":"2024-03-14T13:58:49","slug":"libros-y-mensajes-viajan-para-los-ninos-y-ninas-refugiados-sirios-en-libano","status":"publish","type":"noticia","link":"https:\/\/www.entreculturas.org\/ca\/noticia\/libros-y-mensajes-viajan-para-los-ninos-y-ninas-refugiados-sirios-en-libano\/","title":{"rendered":"Libros y mensajes viajan para los ni\u00f1os y ni\u00f1as refugiados sirios en L\u00edbano"},"content":{"rendered":"<p>En cualquier rinc\u00f3n del mundo, <strong>cuando un ni\u00f1o o ni\u00f1a lee un libro est\u00e1 disfrutando de un momento de paz, juego y aprendizaje<\/strong>. En los lugares donde la infancia vive en situaciones de especial vulnerabilidad estos momentos tienen mayor trascendencia porque les permite abstraerse de la realidad que les rodea y&nbsp; disfrutar de la lectura. Este es el caso de <strong>los ni\u00f1os y ni\u00f1as refugiados sirios en L\u00edbano que asisten a las escuelas del Servicio Jesuita a Refugiados (JRS) <\/strong>que apoyamos desde Entreculturas.&nbsp;<\/p>\n<p>Estos alumnos y alumnas<strong> han disfrutado de un momento de paz, juego y conexi\u00f3n con otros ni\u00f1os y ni\u00f1as en Espa\u00f1a&nbsp;a trav\u00e9s de&nbsp;\u201cApadrina un libro\u201d<\/strong>, una iniciativa que pusimos en marcha el pasado mes de diciembre junto con la Librer\u00eda La Fabulosa y en colaboraci\u00f3n con la Asociaci\u00f3n \u00c1lbum de Editoriales Independientes Espa\u00f1olas. Gracias a esta iniciativa, 71 cuentos ilustrados (sin palabras) fueron apadrinados y enviados a su destino, L\u00edbano, junto con mensajes para los ni\u00f1os y ni\u00f1as refugiados, a los que han podido responder.<\/p>\n<p>La iniciativa cont\u00f3 con <strong>dos momentos clave con la realizaci\u00f3n de dos talleres de cuentacuentos<\/strong>: uno realizado en diciembre en la Librer\u00eda La Fabulosa en Madrid; y otro en enero, a la llegada de los libros apadrinados, en el colegio&nbsp;Frans&nbsp; Van der Lugt (FVDL) en&nbsp;Bourj Hammoud (L\u00edbano).<\/p>\n<p><img decoding=\"async\" alt=\"\" height=\"533\" src=\"https:\/\/www.entreculturas.org\/wp-content\/uploads\/2020\/02\/p1040953_0.jpg\" width=\"800\"><\/p>\n<p>El taller en L\u00edbano, al que asistieron 21 estudiantes de 7 a 8 a\u00f1os, fue dinamizado por su tutora, Noor, y el objetivo de JRS para los pr\u00f3ximos meses es que los libros sin palabras se sigan empleando en talleres-cuentacuentos tanto en el colegio FVLD como en el centro Nucolas Kuiters en Jbeil, los centros Telyani, Meksi y Nahrya en Bar Elias, y los centros Nour I, Nour II y Dar Al Hanan en Baalbek.<\/p>\n<p>En palabras de Miguel Santiuste, responsable de los proyectos de Entreculturas en el pa\u00eds, que pudo participar en ambos talleres,&nbsp;\u201c<strong>nuestros esfuerzos se centran en generar espacios de protecci\u00f3n, aprendizaje y recuperaci\u00f3n para la poblaci\u00f3n refugiada m\u00e1s vulnerable<\/strong>. Con JRS, proporcionamos educaci\u00f3n de calidad basada en valores, y tambi\u00e9n apoyo con bienes de primera necesidad, como ropa, comida o transporte. Es muy importante que se sientan acompa\u00f1ados y protegidos, es fundamental que mantengan la dignidad y la esperanza.\u201d<\/p>\n<p>Adem\u00e1s de los libros, el alumnado participante en el taller tambi\u00e9n recibi\u00f3 los mensajes llenos de saludos, curiosidad y esperanza enviados por los ni\u00f1os y ni\u00f1as desde Madrid, a los que pudieron responder. La magia de la lectura ha permitido acercar y conectar lugares e historias aparentemente distantes: porque <strong>los libros son conexi\u00f3n,&nbsp;paz y refugio en cualquier rinc\u00f3n del mundo<\/strong>.<\/p>\n<p><span style=\"color:#FF0000\"><\/span><\/p>\n<p><span style=\"color:#FF0000\"><strong>300.000 ni\u00f1os y ni\u00f1as refugiados sin escolarizar<\/strong><\/span><br \/>Desde el inicio de la guerra en 2011, aproximadamente un mill\u00f3n y medio de personas sirias han encontrado refugio en L\u00edbano, un peque\u00f1o pa\u00eds del tama\u00f1o de Asturias. <strong>La mitad de estas personas refugiadas son menores<\/strong>. L\u00edbano ha hecho un gran esfuerzo por asegurar la educaci\u00f3n de los ni\u00f1os y ni\u00f1as refugiados, habilitando un turno de tarde espec\u00edfico para ellos, pero sigue habiendo cerca de 300.000 menores sin escolarizar.&nbsp;<\/p>\n<p><a href=\"https:\/\/www.escuelarefugio.org\/nuestras-escuelas\/\" target=\"_blank\" rel=\"noopener\">Desde Entreculturas trabajamos junto al JRS<\/a> para garantizar que los ni\u00f1os y ni\u00f1as refugiados puedan ir al colegio y accedan a una educaci\u00f3n de calidad a trav\u00e9s de la que logren vivir una infancia feliz y construir un futuro digno y esperanzador. Juntas, ofrecemos&nbsp;educaci\u00f3n formal en colegios propios autorizados por el Gobierno; educaci\u00f3n no formal de refuerzo para los ni\u00f1os y ni\u00f1as matriculados en las escuelas p\u00fablicas libanesas pero que, por la diferencia de nivel, de idioma o por una cuesti\u00f3n de vulnerabilidad psicosocial tienen importantes riesgos de abandonar la educaci\u00f3n; y educaci\u00f3n preescolar a ni\u00f1os y ni\u00f1as de 3 a 5 a\u00f1os para que cuenten con las bases necesarias para integrarse en la educaci\u00f3n p\u00fablica libanesa al terminar.<\/p>\n","protected":false},"excerpt":{"rendered":"<p>Algunos de los alumnos y alumnas del colegio Frans Van der Lugt de Bourj Hammoud (L\u00edbano) han disfrutado de un momento de gran alegr\u00eda y felicidad gracias a \u201cApadrina un libro\u201d, una iniciativa que pusimos en marcha el pasado mes de diciembre. y mediante la cual 71 cuentos ilustrados fueron apadrinados y enviados a su destino junto con mensajes de apoyo para los ni\u00f1os y ni\u00f1as refugiados.<\/p>\n","protected":false},"featured_media":4286,"template":"single-noticia","meta":{"_acf_changed":false},"categories":[7],"tags":[10],"country":[332],"cause":[129],"class_list":["post-4285","noticia","type-noticia","status-publish","has-post-thumbnail","hentry","category-noticia","tag-migracion-y-refugio","country-libano","cause-migracion-y-refugio"],"acf":[],"yoast_head":"<!-- This site is optimized with the Yoast SEO Premium plugin v21.6 (Yoast SEO v27.5) - https:\/\/yoast.com\/product\/yoast-seo-premium-wordpress\/ -->\n<title>Libros y mensajes viajan para los ni\u00f1os y ni\u00f1as refugiados sirios en L\u00edbano - Entreculturas<\/title>\n<meta name=\"robots\" content=\"index, follow, max-snippet:-1, max-image-preview:large, max-video-preview:-1\" \/>\n<link rel=\"canonical\" href=\"https:\/\/www.entreculturas.org\/ca\/noticia\/libros-y-mensajes-viajan-para-los-ninos-y-ninas-refugiados-sirios-en-libano\/\" \/>\n<meta property=\"og:locale\" content=\"ca_ES\" \/>\n<meta property=\"og:type\" content=\"article\" \/>\n<meta property=\"og:title\" content=\"Libros y mensajes viajan para los ni\u00f1os y ni\u00f1as refugiados sirios en L\u00edbano\" \/>\n<meta property=\"og:description\" content=\"Algunos de los alumnos y alumnas del colegio Frans Van der Lugt de Bourj Hammoud (L\u00edbano) han disfrutado de un momento de gran alegr\u00eda y felicidad gracias a \u201cApadrina un libro\u201d, una iniciativa que pusimos en marcha el pasado mes de diciembre. y mediante la cual 71 cuentos ilustrados fueron apadrinados y enviados a su destino junto con mensajes de apoyo para los ni\u00f1os y ni\u00f1as refugiados.\" \/>\n<meta property=\"og:url\" content=\"https:\/\/www.entreculturas.org\/ca\/noticia\/libros-y-mensajes-viajan-para-los-ninos-y-ninas-refugiados-sirios-en-libano\/\" \/>\n<meta property=\"og:site_name\" content=\"Entreculturas\" \/>\n<meta property=\"article:publisher\" content=\"https:\/\/www.facebook.com\/entreculturas\" \/>\n<meta property=\"article:modified_time\" content=\"2024-03-14T13:58:49+00:00\" \/>\n<meta property=\"og:image\" content=\"https:\/\/www.entreculturas.org\/wp-content\/uploads\/2020\/02\/mg_2238.jpg\" \/>\n\t<meta property=\"og:image:width\" content=\"800\" \/>\n\t<meta property=\"og:image:height\" content=\"533\" \/>\n\t<meta property=\"og:image:type\" content=\"image\/jpeg\" \/>\n<meta name=\"twitter:card\" content=\"summary_large_image\" \/>\n<meta name=\"twitter:site\" content=\"@Entreculturas\" \/>\n<script type=\"application\/ld+json\" class=\"yoast-schema-graph\">{\"@context\":\"https:\\\/\\\/schema.org\",\"@graph\":[{\"@type\":\"WebPage\",\"@id\":\"https:\\\/\\\/www.entreculturas.org\\\/ca\\\/noticia\\\/libros-y-mensajes-viajan-para-los-ninos-y-ninas-refugiados-sirios-en-libano\\\/\",\"url\":\"https:\\\/\\\/www.entreculturas.org\\\/ca\\\/noticia\\\/libros-y-mensajes-viajan-para-los-ninos-y-ninas-refugiados-sirios-en-libano\\\/\",\"name\":\"Libros y mensajes viajan para los ni\u00f1os y ni\u00f1as refugiados sirios en L\u00edbano - Entreculturas\",\"isPartOf\":{\"@id\":\"https:\\\/\\\/www.entreculturas.org\\\/ca\\\/#website\"},\"primaryImageOfPage\":{\"@id\":\"https:\\\/\\\/www.entreculturas.org\\\/ca\\\/noticia\\\/libros-y-mensajes-viajan-para-los-ninos-y-ninas-refugiados-sirios-en-libano\\\/#primaryimage\"},\"image\":{\"@id\":\"https:\\\/\\\/www.entreculturas.org\\\/ca\\\/noticia\\\/libros-y-mensajes-viajan-para-los-ninos-y-ninas-refugiados-sirios-en-libano\\\/#primaryimage\"},\"thumbnailUrl\":\"https:\\\/\\\/www.entreculturas.org\\\/wp-content\\\/uploads\\\/2020\\\/02\\\/mg_2238.jpg\",\"datePublished\":\"2020-02-17T13:49:48+00:00\",\"dateModified\":\"2024-03-14T13:58:49+00:00\",\"breadcrumb\":{\"@id\":\"https:\\\/\\\/www.entreculturas.org\\\/ca\\\/noticia\\\/libros-y-mensajes-viajan-para-los-ninos-y-ninas-refugiados-sirios-en-libano\\\/#breadcrumb\"},\"inLanguage\":\"ca\",\"potentialAction\":[{\"@type\":\"ReadAction\",\"target\":[\"https:\\\/\\\/www.entreculturas.org\\\/ca\\\/noticia\\\/libros-y-mensajes-viajan-para-los-ninos-y-ninas-refugiados-sirios-en-libano\\\/\"]}]},{\"@type\":\"ImageObject\",\"inLanguage\":\"ca\",\"@id\":\"https:\\\/\\\/www.entreculturas.org\\\/ca\\\/noticia\\\/libros-y-mensajes-viajan-para-los-ninos-y-ninas-refugiados-sirios-en-libano\\\/#primaryimage\",\"url\":\"https:\\\/\\\/www.entreculturas.org\\\/wp-content\\\/uploads\\\/2020\\\/02\\\/mg_2238.jpg\",\"contentUrl\":\"https:\\\/\\\/www.entreculturas.org\\\/wp-content\\\/uploads\\\/2020\\\/02\\\/mg_2238.jpg\",\"width\":800,\"height\":533,\"caption\":\"_mg_2238\"},{\"@type\":\"BreadcrumbList\",\"@id\":\"https:\\\/\\\/www.entreculturas.org\\\/ca\\\/noticia\\\/libros-y-mensajes-viajan-para-los-ninos-y-ninas-refugiados-sirios-en-libano\\\/#breadcrumb\",\"itemListElement\":[{\"@type\":\"ListItem\",\"position\":1,\"name\":\"Home\",\"item\":\"https:\\\/\\\/www.entreculturas.org\\\/ca\\\/\"},{\"@type\":\"ListItem\",\"position\":2,\"name\":\"Noticias\",\"item\":\"https:\\\/\\\/www.entreculturas.org\\\/ca\\\/noticias\\\/\"},{\"@type\":\"ListItem\",\"position\":3,\"name\":\"Libros y mensajes viajan para los ni\u00f1os y ni\u00f1as refugiados sirios en L\u00edbano\"}]},{\"@type\":\"WebSite\",\"@id\":\"https:\\\/\\\/www.entreculturas.org\\\/ca\\\/#website\",\"url\":\"https:\\\/\\\/www.entreculturas.org\\\/ca\\\/\",\"name\":\"Entreculturas\",\"description\":\"\",\"publisher\":{\"@id\":\"https:\\\/\\\/www.entreculturas.org\\\/ca\\\/#organization\"},\"alternateName\":\"Entreculturas\",\"potentialAction\":[{\"@type\":\"SearchAction\",\"target\":{\"@type\":\"EntryPoint\",\"urlTemplate\":\"https:\\\/\\\/www.entreculturas.org\\\/ca\\\/?s={search_term_string}\"},\"query-input\":{\"@type\":\"PropertyValueSpecification\",\"valueRequired\":true,\"valueName\":\"search_term_string\"}}],\"inLanguage\":\"ca\"},{\"@type\":\"Organization\",\"@id\":\"https:\\\/\\\/www.entreculturas.org\\\/ca\\\/#organization\",\"name\":\"Entreculturas\",\"url\":\"https:\\\/\\\/www.entreculturas.org\\\/ca\\\/\",\"logo\":{\"@type\":\"ImageObject\",\"inLanguage\":\"ca\",\"@id\":\"https:\\\/\\\/www.entreculturas.org\\\/ca\\\/#\\\/schema\\\/logo\\\/image\\\/\",\"url\":\"https:\\\/\\\/www.entreculturas.org\\\/wp-content\\\/uploads\\\/2025\\\/10\\\/ESP.svg\",\"contentUrl\":\"https:\\\/\\\/www.entreculturas.org\\\/wp-content\\\/uploads\\\/2025\\\/10\\\/ESP.svg\",\"caption\":\"Entreculturas\"},\"image\":{\"@id\":\"https:\\\/\\\/www.entreculturas.org\\\/ca\\\/#\\\/schema\\\/logo\\\/image\\\/\"},\"sameAs\":[\"https:\\\/\\\/www.facebook.com\\\/entreculturas\",\"https:\\\/\\\/x.com\\\/Entreculturas\",\"https:\\\/\\\/www.instagram.com\\\/entreculturas\\\/\",\"https:\\\/\\\/www.youtube.com\\\/user\\\/entreculturasvideo\",\"https:\\\/\\\/www.linkedin.com\\\/company\\\/fundacion-entreculturas-ngdo\\\/\",\"https:\\\/\\\/www.flickr.com\\\/photos\\\/98455522@N04\\\/albums\\\/\"]}]}<\/script>\n<!-- \/ Yoast SEO Premium plugin. -->","yoast_head_json":{"title":"Libros y mensajes viajan para los ni\u00f1os y ni\u00f1as refugiados sirios en L\u00edbano - Entreculturas","robots":{"index":"index","follow":"follow","max-snippet":"max-snippet:-1","max-image-preview":"max-image-preview:large","max-video-preview":"max-video-preview:-1"},"canonical":"https:\/\/www.entreculturas.org\/ca\/noticia\/libros-y-mensajes-viajan-para-los-ninos-y-ninas-refugiados-sirios-en-libano\/","og_locale":"ca_ES","og_type":"article","og_title":"Libros y mensajes viajan para los ni\u00f1os y ni\u00f1as refugiados sirios en L\u00edbano","og_description":"Algunos de los alumnos y alumnas del colegio Frans Van der Lugt de Bourj Hammoud (L\u00edbano) han disfrutado de un momento de gran alegr\u00eda y felicidad gracias a \u201cApadrina un libro\u201d, una iniciativa que pusimos en marcha el pasado mes de diciembre. y mediante la cual 71 cuentos ilustrados fueron apadrinados y enviados a su destino junto con mensajes de apoyo para los ni\u00f1os y ni\u00f1as refugiados.","og_url":"https:\/\/www.entreculturas.org\/ca\/noticia\/libros-y-mensajes-viajan-para-los-ninos-y-ninas-refugiados-sirios-en-libano\/","og_site_name":"Entreculturas","article_publisher":"https:\/\/www.facebook.com\/entreculturas","article_modified_time":"2024-03-14T13:58:49+00:00","og_image":[{"width":800,"height":533,"url":"https:\/\/www.entreculturas.org\/wp-content\/uploads\/2020\/02\/mg_2238.jpg","type":"image\/jpeg"}],"twitter_card":"summary_large_image","twitter_site":"@Entreculturas","schema":{"@context":"https:\/\/schema.org","@graph":[{"@type":"WebPage","@id":"https:\/\/www.entreculturas.org\/ca\/noticia\/libros-y-mensajes-viajan-para-los-ninos-y-ninas-refugiados-sirios-en-libano\/","url":"https:\/\/www.entreculturas.org\/ca\/noticia\/libros-y-mensajes-viajan-para-los-ninos-y-ninas-refugiados-sirios-en-libano\/","name":"Libros y mensajes viajan para los ni\u00f1os y ni\u00f1as refugiados sirios en L\u00edbano - Entreculturas","isPartOf":{"@id":"https:\/\/www.entreculturas.org\/ca\/#website"},"primaryImageOfPage":{"@id":"https:\/\/www.entreculturas.org\/ca\/noticia\/libros-y-mensajes-viajan-para-los-ninos-y-ninas-refugiados-sirios-en-libano\/#primaryimage"},"image":{"@id":"https:\/\/www.entreculturas.org\/ca\/noticia\/libros-y-mensajes-viajan-para-los-ninos-y-ninas-refugiados-sirios-en-libano\/#primaryimage"},"thumbnailUrl":"https:\/\/www.entreculturas.org\/wp-content\/uploads\/2020\/02\/mg_2238.jpg","datePublished":"2020-02-17T13:49:48+00:00","dateModified":"2024-03-14T13:58:49+00:00","breadcrumb":{"@id":"https:\/\/www.entreculturas.org\/ca\/noticia\/libros-y-mensajes-viajan-para-los-ninos-y-ninas-refugiados-sirios-en-libano\/#breadcrumb"},"inLanguage":"ca","potentialAction":[{"@type":"ReadAction","target":["https:\/\/www.entreculturas.org\/ca\/noticia\/libros-y-mensajes-viajan-para-los-ninos-y-ninas-refugiados-sirios-en-libano\/"]}]},{"@type":"ImageObject","inLanguage":"ca","@id":"https:\/\/www.entreculturas.org\/ca\/noticia\/libros-y-mensajes-viajan-para-los-ninos-y-ninas-refugiados-sirios-en-libano\/#primaryimage","url":"https:\/\/www.entreculturas.org\/wp-content\/uploads\/2020\/02\/mg_2238.jpg","contentUrl":"https:\/\/www.entreculturas.org\/wp-content\/uploads\/2020\/02\/mg_2238.jpg","width":800,"height":533,"caption":"_mg_2238"},{"@type":"BreadcrumbList","@id":"https:\/\/www.entreculturas.org\/ca\/noticia\/libros-y-mensajes-viajan-para-los-ninos-y-ninas-refugiados-sirios-en-libano\/#breadcrumb","itemListElement":[{"@type":"ListItem","position":1,"name":"Home","item":"https:\/\/www.entreculturas.org\/ca\/"},{"@type":"ListItem","position":2,"name":"Noticias","item":"https:\/\/www.entreculturas.org\/ca\/noticias\/"},{"@type":"ListItem","position":3,"name":"Libros y mensajes viajan para los ni\u00f1os y ni\u00f1as refugiados sirios en L\u00edbano"}]},{"@type":"WebSite","@id":"https:\/\/www.entreculturas.org\/ca\/#website","url":"https:\/\/www.entreculturas.org\/ca\/","name":"Entreculturas","description":"","publisher":{"@id":"https:\/\/www.entreculturas.org\/ca\/#organization"},"alternateName":"Entreculturas","potentialAction":[{"@type":"SearchAction","target":{"@type":"EntryPoint","urlTemplate":"https:\/\/www.entreculturas.org\/ca\/?s={search_term_string}"},"query-input":{"@type":"PropertyValueSpecification","valueRequired":true,"valueName":"search_term_string"}}],"inLanguage":"ca"},{"@type":"Organization","@id":"https:\/\/www.entreculturas.org\/ca\/#organization","name":"Entreculturas","url":"https:\/\/www.entreculturas.org\/ca\/","logo":{"@type":"ImageObject","inLanguage":"ca","@id":"https:\/\/www.entreculturas.org\/ca\/#\/schema\/logo\/image\/","url":"https:\/\/www.entreculturas.org\/wp-content\/uploads\/2025\/10\/ESP.svg","contentUrl":"https:\/\/www.entreculturas.org\/wp-content\/uploads\/2025\/10\/ESP.svg","caption":"Entreculturas"},"image":{"@id":"https:\/\/www.entreculturas.org\/ca\/#\/schema\/logo\/image\/"},"sameAs":["https:\/\/www.facebook.com\/entreculturas","https:\/\/x.com\/Entreculturas","https:\/\/www.instagram.com\/entreculturas\/","https:\/\/www.youtube.com\/user\/entreculturasvideo","https:\/\/www.linkedin.com\/company\/fundacion-entreculturas-ngdo\/","https:\/\/www.flickr.com\/photos\/98455522@N04\/albums\/"]}]}},"_links":{"self":[{"href":"https:\/\/www.entreculturas.org\/ca\/wp-json\/wp\/v2\/noticia\/4285","targetHints":{"allow":["GET"]}}],"collection":[{"href":"https:\/\/www.entreculturas.org\/ca\/wp-json\/wp\/v2\/noticia"}],"about":[{"href":"https:\/\/www.entreculturas.org\/ca\/wp-json\/wp\/v2\/types\/noticia"}],"wp:featuredmedia":[{"embeddable":true,"href":"https:\/\/www.entreculturas.org\/ca\/wp-json\/wp\/v2\/media\/4286"}],"wp:attachment":[{"href":"https:\/\/www.entreculturas.org\/ca\/wp-json\/wp\/v2\/media?parent=4285"}],"wp:term":[{"taxonomy":"category","embeddable":true,"href":"https:\/\/www.entreculturas.org\/ca\/wp-json\/wp\/v2\/categories?post=4285"},{"taxonomy":"post_tag","embeddable":true,"href":"https:\/\/www.entreculturas.org\/ca\/wp-json\/wp\/v2\/tags?post=4285"},{"taxonomy":"country","embeddable":true,"href":"https:\/\/www.entreculturas.org\/ca\/wp-json\/wp\/v2\/country?post=4285"},{"taxonomy":"cause","embeddable":true,"href":"https:\/\/www.entreculturas.org\/ca\/wp-json\/wp\/v2\/cause?post=4285"}],"curies":[{"name":"wp","href":"https:\/\/api.w.org\/{rel}","templated":true}]}}