{"id":4220,"date":"2020-01-22T13:11:35","date_gmt":"2020-01-22T13:11:35","guid":{"rendered":"https:\/\/entreculturasi.wpenginepowered.com\/?noticias=cada-vez-que-decidimos-como-movernos-decidimos-en-que-mundo-queremos-vivir"},"modified":"2024-03-14T15:06:57","modified_gmt":"2024-03-14T14:06:57","slug":"cada-vez-que-decidimos-como-movernos-decidimos-en-que-mundo-queremos-vivir","status":"publish","type":"noticia","link":"https:\/\/www.entreculturas.org\/ca\/noticia\/cada-vez-que-decidimos-como-movernos-decidimos-en-que-mundo-queremos-vivir\/","title":{"rendered":"Cada vez que decidimos c\u00f3mo movernos, decidimos en qu\u00e9 mundo queremos vivir"},"content":{"rendered":"<p>&nbsp;<\/p>\n<p>En Espa\u00f1a, alrededor del 25% de las emisiones de CO2 que se vierten en la atm\u00f3sfera corresponden al transporte. Se calcula que actualmente existen en el mundo 1.200 millones de veh\u00edculos, de los cuales casi 30 millones corresponden a nuestro pa\u00eds. Se calcula que esta cifra ir\u00e1 en aumento, hasta superar los 2.000 millones de veh\u00edculos en el mundo antes de 2050.&nbsp;<\/p>\n<p>A la luz de estos datos, recogidos en el informe reci\u00e9n publicado por la iniciativa <a href=\"https:\/\/www.enlazateporlajusticia.org\" target=\"_blank\" rel=\"noopener\">\u201cEnl\u00e1zate por la Justicia\u201d<\/a> bajo el t\u00edtulo \u201cTransporte y Energ\u00eda\u201d, caben pocas dudas sobre la<strong> urgencia de abordar cu\u00e1les son los h\u00e1bitos de transporte en nuestras vidas y tomar conciencia<\/strong>, como se indica en el subt\u00edtulo del informe, de que \u201ccada vez que decides c\u00f3mo moverte, decides en qu\u00e9 mundo quieres vivir\u201d.<\/p>\n<p>Para las entidades que impulsan la campa\u00f1a \u201cSi Cuidas el Planeta, Combates la Pobreza\u201d liderada por \u201cEnl\u00e1zate por la Justicia\u201d \u2013C\u00e1ritas, CEDIS, CONFER, Justicia y Paz, Manos Unidas y REDES, de la que formamos parte&nbsp;\u2014, es prioritario seguir avanzando en la toma de conciencia de los riesgos que se identifican en la enc\u00edclica Laudato s\u00ed del Papa Francisco sobre el cuidado de la casa com\u00fan. Y uno de ellos es el que representa el mal uso del transporte en la vida moderna.<\/p>\n<p>Como se se\u00f1ala en el n\u00famero 153 de la enc\u00edclica, <strong>\u201cla calidad de vida en las ciudades tiene mucho que ver con el transporte, que suele ser causa de grandes sufrimientos para los habitantes<\/strong> (\u2026) Muchos especialistas coinciden en la necesidad de priorizar el transporte p\u00fablico. Pero algunas medidas necesarias dif\u00edcilmente ser\u00e1n pac\u00edficamente aceptadas por la sociedad, sin una mejora sustancial de ese transporte que, en muchas ciudades, significa un trato indigno a las personas, debido a la aglomeraci\u00f3n, a la incomodidad o a la baja frecuencia de los servicios y a la inseguridad.\u201d<\/p>\n<p>Este es el objetivo del Informe \u201cTransporte y Energ\u00eda\u201d, en el que se abordan tanto las causas y consecuencias de nuestros h\u00e1bitos de vida en este \u00e1mbito, las soluciones existentes y los cambios en el plano personal, eclesial, comunitario y pol\u00edtico que pueden impulsarse para avanzar hacia un nuevo modelo de movilidad sostenible basado en el respeto al medio ambiente.<\/p>\n<p><strong><span style=\"color:#be0102\">Consecuencias y efectos<\/span><\/strong><\/p>\n<p>En el apartado de consecuencias, se se\u00f1alan los problemas de la contaminaci\u00f3n del aire y la salud que conllevan los actuales medios de transporte basados en motores de combusti\u00f3n y el <strong>uso masivo del transporte privado<\/strong>, as\u00ed como las limitaciones que presentan alternativas como el coche el\u00e9ctrico, las consecuencias que conlleva la aglomeraci\u00f3n de tr\u00e1fico en el uso del tiempo y la ordenaci\u00f3n del territorio, o los cada vez mayores condicionantes que suponen las etiquetas medioambientales a la hora de comprar un veh\u00edculo.<\/p>\n<p>Junto a ello se analizan las causas que subyacen en el modelo de transporte actual, como pueden ser el oligopolio que domina el mercado energ\u00e9tico y que favorece, en el fondo, el mantenimiento de los actuales medios de transporte; o los riesgos emparejados con el acceso a nuevas t\u00e9cnicas de extracci\u00f3n, como es el caso del sofisticado sistema conocido como fracking, que, para sus defensores, es una t\u00e9cnica que, con recursos m\u00e1s limpios que el carb\u00f3n, da respuesta a la creciente demanda de energ\u00eda, aunque sus detractores lo consideran un grave riesgo para la salud y el medioambiente.<\/p>\n<p>El hecho cierto es que se calcula que <strong>el 90% de la poblaci\u00f3n urbana de la UE est\u00e1 expuesta a elevadas concentraciones de contaminantes atmosf\u00e9ricos especialmente nocivos para la salud<\/strong>, como los \u00f3xidos de nitr\u00f3geno (NOx) y las part\u00edculas en suspensi\u00f3n (PM). Estamos ante un serio problema de salud p\u00fablica: seg\u00fan la Agencia Europea de Medio-Ambiente, en 2018 se produjeron en Europa 518.700 muertes prematuras relacionadas con contaminantes atmosf\u00e9ricos. La Organizaci\u00f3n Mundial de la Salud (OMS) asegura, por su parte, que una de cada diez defunciones de menores de 5 a\u00f1os se relaciona con la mala calidad del aire.<\/p>\n<p>Los coches el\u00e9ctricos no est\u00e1n exentos de problemas, ya que, como se indica en el Informe \u201cTransporte y Energ\u00eda\u201d, si bien no producen gases de escape, s\u00ed generan emisiones de part\u00edculas finas. Adem\u00e1s, los coches el\u00e9ctricos suelen ser m\u00e1s pesados que los autom\u00f3viles convencionales, y cuanto m\u00e1s pesado sea el veh\u00edculo producir\u00e1 m\u00e1s emisiones que no son de escape. Cabe preguntarse tambi\u00e9n sobre el origen de la energ\u00eda que los mueve, pues es muy posible que la electricidad que alimenta sus bater\u00edas se genere en centrales que emplean combustibles f\u00f3siles o energ\u00eda nuclear.&nbsp;<\/p>\n<p>En comparaci\u00f3n con los motores de combusti\u00f3n, el transporte el\u00e9ctrico tiene ventajas obvias en cuanto a las emisiones y a nuestra salud; sin embargo, los coches el\u00e9ctricos traen consigo sus propios problemas m\u00e1s all\u00e1 de los mencionados. Por ejemplo,<strong> el cobalto, componente clave en las bater\u00edas de i\u00f3n-litio, es una materia prima relacionada con la explotaci\u00f3n infantil<\/strong>. Cabe recordar la existencia de conflictos relacionados con la extracci\u00f3n del litio en lugares como el T\u00edbet y Bolivia. Y todav\u00eda sigue sin encontrarse una forma medioambiental segura para reciclar las bater\u00edas de i\u00f3n-litio.<\/p>\n<p>El Informe da mucho relieve a las alternativas existentes al modelo actual, basadas en pol\u00edticas p\u00fablicas y h\u00e1bitos destinados a mejorar esta situaci\u00f3n. En las ciudades con mejores infraestructuras ciclistas y peatonales hay m\u00e1s desplazamientos con estos medios que en lugares donde no se ha invertido en el dise\u00f1o de una ciudad m\u00e1s respetuosa con la vida. Asimismo, desplazarse a pie o en bicicleta tiene muchos beneficios a\u00f1adidos, al hacernos m\u00e1s activos f\u00edsicamente y mejorar nuestra salud cardiovascular.&nbsp;<\/p>\n<p>En el caso de las etiquetas medioambientales, los autores del Informe alertan de que presentan algunas cuestiones que debe resolver, si se tiene en cuenta que los nuevos autom\u00f3viles con motores de combusti\u00f3n de escasa potencia contaminan menos que muchos de los h\u00edbridos m\u00e1s pesados y potentes con etiqueta Eco14. Por otro lado, como ya hemos mencionado, el 45% de las emisiones de part\u00edculas finas viene del desgaste de la calzada, ruedas y frenos; emisiones presentes incluso en veh\u00edculos el\u00e9ctricos. Si no se analiza bien el nuevo paradigma verde impulsada por las grandes empresas, los Gobiernos y muchas oeneg\u00e9s, se corre el riesgo de vernos en un atasco, en nuestro veh\u00edculo el\u00e9ctrico, 2 horas al d\u00eda, para desplazarnos a trabajar libres de CO2.<\/p>\n<p><span style=\"color:#be0102\"><strong>Soluciones existentes<\/strong><\/span><\/p>\n<p>Desde \u201cEnl\u00e1zate por la justicia\u201d se recurre a los Objetivos de Desarrollo Sostenible, que, dentro del plan mundial de la Agenda 2030, permiten focalizar las prioridades que necesita nuestro planeta, tambi\u00e9n en las cuestiones relacionadas con el transporte y la energ\u00eda. En concreto, se resalta la importancia de los Objetivos 3, 7 y 11, sobre todo en los siguientes aspectos abordados de manera expresa en su formulaci\u00f3n:<\/p>\n<ul>\n<li><strong>ODS 3:<\/strong> \u201cPara 2030, reducir sustancialmente el n\u00famero de muertes y enfermedades producidas por productos qu\u00edmicos peligrosos y la contaminaci\u00f3n del aire, el agua y el suelo\u201d.&nbsp;<\/li>\n<li><strong>ODS 7:<\/strong> \u201cDe aqu\u00ed a 2030, aumentar la cooperaci\u00f3n internacional para facilitar el acceso a la investigaci\u00f3n y la tecnolog\u00eda relativas a la energ\u00eda limpia, incluidas las fuentes renovables, la eficiencia energ\u00e9tica y las tecnolog\u00edas avanzadas y menos contaminantes de combustibles f\u00f3siles, y promover la inversi\u00f3n en infraestructura energ\u00e9tica y tecnolog\u00edas limpias\u201d.&nbsp;<\/li>\n<li><strong>ODS 11:<\/strong> \u201cDe aqu\u00ed a 2030, proporcionar acceso a sistemas de transporte seguros, asequibles, accesibles y sostenibles para todos, y mejorar la seguridad vial, en particular mediante la ampliaci\u00f3n del transporte p\u00fablico, prestando especial atenci\u00f3n a las necesidades de las personas en situaci\u00f3n de vulnerabilidad, las mujeres, los ni\u00f1os, las personas con discapacidad y las personas de edad\u201d.<br \/>&nbsp;<\/li>\n<\/ul>\n<p>Adem\u00e1s de trabajar para que se sienten las bases de un nuevo orden jur\u00eddico internacional que incluya estas cuestiones, \u201cEnl\u00e1zate por la Justicia\u201d lanza una invitaci\u00f3n a plantearnos c\u00f3mo, en nuestro d\u00eda a d\u00eda, podemos vivir mejor apostando por una movilidad que reduzca la contaminaci\u00f3n y la congesti\u00f3n, con los subsiguientes beneficios para nuestra salud y para la salud de todas las especies vivas con las que compartimos el planeta.&nbsp;<\/p>\n<p><span style=\"color:#bc0102\"><strong>Cambios de h\u00e1bitos personales<\/strong><\/span><\/p>\n<p>1.<span> <\/span>Anda, monta en bici y aprovecha el transporte colectivo. Si no tienes una propia, puedes usar los sistemas municipales de alquiler de bicicletas.&nbsp;<\/p>\n<p>2.<span> <\/span>Plant\u00e9ate c\u00f3mo se genera, distribuye y financia la energ\u00eda que consumes, y cu\u00e1les son sus consecuencias. A partir de esta reflexi\u00f3n, te ser\u00e1 m\u00e1s f\u00e1cil pensar en cambiar de compa\u00f1\u00eda el\u00e9ctrica, e invertir tu dinero de manera m\u00e1s responsable en una econom\u00eda diferente.<\/p>\n<p>3.<span> <\/span>Si finalmente tienes que coger el coche busca f\u00f3rmulas para compartirlo.<\/p>\n<p>4.<span> <\/span>Piensa si lo que compras por internet lo necesitas hoy. El reparto a domicilio multiplica el n\u00famero de desplazamientos en la ciudad, lo que agrava los problemas medioambientales y crea otros derivados de la precarizaci\u00f3n del trabajo.&nbsp;<\/p>\n<p><strong><span style=\"color:#be0102\">Cambios de \u00e1mbito pol\u00edtico<\/span><\/strong><\/p>\n<p>Urge impulsar un urbanismo pensado para que las personas dispongan de un medio ambiente limpio y sano que les permita desarrollar su vida personal y familiar de la manera m\u00e1s satisfactoria posible. En este sentido, una mayor inversi\u00f3n en transporte p\u00fablico es imprescindible, aumentando las prestaciones y bajando los precios hasta hacer la oferta del transporte en com\u00fan m\u00e1s rentable que el veh\u00edculo privado.&nbsp;<\/p>\n<p>Los poderes p\u00fablicos deben adoptar medidas ambiciosas y eficaces que disminuyan sin demoras la contaminaci\u00f3n del aire. El dise\u00f1o de las ciudades y las estrategias de movilidad siempre deben tener en cuenta la salud de la ciudadan\u00eda.<\/p>\n<p>Si queremos un modelo menos contaminante, es posible que deba incluirse el principio de quien contamina paga. Esta reflexi\u00f3n puede girar, por ejemplo, sobre la necesidad de que los sistemas de etiquetas de la DGT beneficien a los coches que verdaderamente contaminan menos, y revisar todos los impuestos relacionados con el uso de veh\u00edculos para favorecer los menos contaminantes.<\/p>\n<p>Por \u00faltimo, en el caso de Espa\u00f1a, se reclama una Ley de Diligencia Debida que pueda contribuir a un Tratado Vinculante en el marco de las Naciones Unidas para el respeto de los Derechos Humanos por parte de las transnacionales. En el \u00e1mbito global, tambi\u00e9n son muy necesarios incentivos para redirigir el cr\u00e9dito a proyectos de Transici\u00f3n Energ\u00e9tica.<\/p>\n","protected":false},"excerpt":{"rendered":"<p>En Espa\u00f1a, alrededor del 25% de las emisiones de CO2 que se vierten en la atm\u00f3sfera corresponden al transporte. Se calcula que actualmente existen en el mundo 1.200 millones de veh\u00edculos, de los cuales casi 30 millones corresponden a nuestro pa\u00eds. Se calcula que esta cifra ir\u00e1 en aumento, hasta superar los 2.000 millones de veh\u00edculos en el mundo antes de 2050. <\/p>\n","protected":false},"featured_media":4221,"template":"single-noticia","meta":{"_acf_changed":false},"categories":[7],"tags":[8],"country":[],"cause":[132],"class_list":["post-4220","noticia","type-noticia","status-publish","has-post-thumbnail","hentry","category-noticia","tag-participacion-y-ciudadania-global","cause-participacion-y-ciudadania-global"],"acf":[],"yoast_head":"<!-- This site is optimized with the Yoast SEO Premium plugin v21.6 (Yoast SEO v27.5) - https:\/\/yoast.com\/product\/yoast-seo-premium-wordpress\/ -->\n<title>Cada vez que decidimos c\u00f3mo movernos, decidimos en qu\u00e9 mundo queremos vivir - Entreculturas<\/title>\n<meta name=\"robots\" content=\"index, follow, max-snippet:-1, max-image-preview:large, max-video-preview:-1\" \/>\n<link rel=\"canonical\" href=\"https:\/\/www.entreculturas.org\/ca\/noticia\/cada-vez-que-decidimos-como-movernos-decidimos-en-que-mundo-queremos-vivir\/\" \/>\n<meta property=\"og:locale\" content=\"ca_ES\" \/>\n<meta property=\"og:type\" content=\"article\" \/>\n<meta property=\"og:title\" content=\"Cada vez que decidimos c\u00f3mo movernos, decidimos en qu\u00e9 mundo queremos vivir\" \/>\n<meta property=\"og:description\" content=\"En Espa\u00f1a, alrededor del 25% de las emisiones de CO2 que se vierten en la atm\u00f3sfera corresponden al transporte. Se calcula que actualmente existen en el mundo 1.200 millones de veh\u00edculos, de los cuales casi 30 millones corresponden a nuestro pa\u00eds. Se calcula que esta cifra ir\u00e1 en aumento, hasta superar los 2.000 millones de veh\u00edculos en el mundo antes de 2050.\" \/>\n<meta property=\"og:url\" content=\"https:\/\/www.entreculturas.org\/ca\/noticia\/cada-vez-que-decidimos-como-movernos-decidimos-en-que-mundo-queremos-vivir\/\" \/>\n<meta property=\"og:site_name\" content=\"Entreculturas\" \/>\n<meta property=\"article:publisher\" content=\"https:\/\/www.facebook.com\/entreculturas\" \/>\n<meta property=\"article:modified_time\" content=\"2024-03-14T14:06:57+00:00\" \/>\n<meta property=\"og:image\" content=\"https:\/\/www.entreculturas.org\/wp-content\/uploads\/2020\/01\/enlazate-transporte-cabecera.jpg\" \/>\n\t<meta property=\"og:image:width\" content=\"690\" \/>\n\t<meta property=\"og:image:height\" content=\"523\" \/>\n\t<meta property=\"og:image:type\" content=\"image\/jpeg\" \/>\n<meta name=\"twitter:card\" content=\"summary_large_image\" \/>\n<meta name=\"twitter:site\" content=\"@Entreculturas\" \/>\n<script type=\"application\/ld+json\" class=\"yoast-schema-graph\">{\"@context\":\"https:\\\/\\\/schema.org\",\"@graph\":[{\"@type\":\"WebPage\",\"@id\":\"https:\\\/\\\/www.entreculturas.org\\\/ca\\\/noticia\\\/cada-vez-que-decidimos-como-movernos-decidimos-en-que-mundo-queremos-vivir\\\/\",\"url\":\"https:\\\/\\\/www.entreculturas.org\\\/ca\\\/noticia\\\/cada-vez-que-decidimos-como-movernos-decidimos-en-que-mundo-queremos-vivir\\\/\",\"name\":\"Cada vez que decidimos c\u00f3mo movernos, decidimos en qu\u00e9 mundo queremos vivir - Entreculturas\",\"isPartOf\":{\"@id\":\"https:\\\/\\\/www.entreculturas.org\\\/ca\\\/#website\"},\"primaryImageOfPage\":{\"@id\":\"https:\\\/\\\/www.entreculturas.org\\\/ca\\\/noticia\\\/cada-vez-que-decidimos-como-movernos-decidimos-en-que-mundo-queremos-vivir\\\/#primaryimage\"},\"image\":{\"@id\":\"https:\\\/\\\/www.entreculturas.org\\\/ca\\\/noticia\\\/cada-vez-que-decidimos-como-movernos-decidimos-en-que-mundo-queremos-vivir\\\/#primaryimage\"},\"thumbnailUrl\":\"https:\\\/\\\/www.entreculturas.org\\\/wp-content\\\/uploads\\\/2020\\\/01\\\/enlazate-transporte-cabecera.jpg\",\"datePublished\":\"2020-01-22T13:11:35+00:00\",\"dateModified\":\"2024-03-14T14:06:57+00:00\",\"breadcrumb\":{\"@id\":\"https:\\\/\\\/www.entreculturas.org\\\/ca\\\/noticia\\\/cada-vez-que-decidimos-como-movernos-decidimos-en-que-mundo-queremos-vivir\\\/#breadcrumb\"},\"inLanguage\":\"ca\",\"potentialAction\":[{\"@type\":\"ReadAction\",\"target\":[\"https:\\\/\\\/www.entreculturas.org\\\/ca\\\/noticia\\\/cada-vez-que-decidimos-como-movernos-decidimos-en-que-mundo-queremos-vivir\\\/\"]}]},{\"@type\":\"ImageObject\",\"inLanguage\":\"ca\",\"@id\":\"https:\\\/\\\/www.entreculturas.org\\\/ca\\\/noticia\\\/cada-vez-que-decidimos-como-movernos-decidimos-en-que-mundo-queremos-vivir\\\/#primaryimage\",\"url\":\"https:\\\/\\\/www.entreculturas.org\\\/wp-content\\\/uploads\\\/2020\\\/01\\\/enlazate-transporte-cabecera.jpg\",\"contentUrl\":\"https:\\\/\\\/www.entreculturas.org\\\/wp-content\\\/uploads\\\/2020\\\/01\\\/enlazate-transporte-cabecera.jpg\",\"width\":690,\"height\":523,\"caption\":\"enlazate-transporte-cabecera\"},{\"@type\":\"BreadcrumbList\",\"@id\":\"https:\\\/\\\/www.entreculturas.org\\\/ca\\\/noticia\\\/cada-vez-que-decidimos-como-movernos-decidimos-en-que-mundo-queremos-vivir\\\/#breadcrumb\",\"itemListElement\":[{\"@type\":\"ListItem\",\"position\":1,\"name\":\"Home\",\"item\":\"https:\\\/\\\/www.entreculturas.org\\\/ca\\\/\"},{\"@type\":\"ListItem\",\"position\":2,\"name\":\"Noticias\",\"item\":\"https:\\\/\\\/www.entreculturas.org\\\/ca\\\/noticias\\\/\"},{\"@type\":\"ListItem\",\"position\":3,\"name\":\"Cada vez que decidimos c\u00f3mo movernos, decidimos en qu\u00e9 mundo queremos vivir\"}]},{\"@type\":\"WebSite\",\"@id\":\"https:\\\/\\\/www.entreculturas.org\\\/ca\\\/#website\",\"url\":\"https:\\\/\\\/www.entreculturas.org\\\/ca\\\/\",\"name\":\"Entreculturas\",\"description\":\"\",\"publisher\":{\"@id\":\"https:\\\/\\\/www.entreculturas.org\\\/ca\\\/#organization\"},\"alternateName\":\"Entreculturas\",\"potentialAction\":[{\"@type\":\"SearchAction\",\"target\":{\"@type\":\"EntryPoint\",\"urlTemplate\":\"https:\\\/\\\/www.entreculturas.org\\\/ca\\\/?s={search_term_string}\"},\"query-input\":{\"@type\":\"PropertyValueSpecification\",\"valueRequired\":true,\"valueName\":\"search_term_string\"}}],\"inLanguage\":\"ca\"},{\"@type\":\"Organization\",\"@id\":\"https:\\\/\\\/www.entreculturas.org\\\/ca\\\/#organization\",\"name\":\"Entreculturas\",\"url\":\"https:\\\/\\\/www.entreculturas.org\\\/ca\\\/\",\"logo\":{\"@type\":\"ImageObject\",\"inLanguage\":\"ca\",\"@id\":\"https:\\\/\\\/www.entreculturas.org\\\/ca\\\/#\\\/schema\\\/logo\\\/image\\\/\",\"url\":\"https:\\\/\\\/www.entreculturas.org\\\/wp-content\\\/uploads\\\/2025\\\/10\\\/ESP.svg\",\"contentUrl\":\"https:\\\/\\\/www.entreculturas.org\\\/wp-content\\\/uploads\\\/2025\\\/10\\\/ESP.svg\",\"caption\":\"Entreculturas\"},\"image\":{\"@id\":\"https:\\\/\\\/www.entreculturas.org\\\/ca\\\/#\\\/schema\\\/logo\\\/image\\\/\"},\"sameAs\":[\"https:\\\/\\\/www.facebook.com\\\/entreculturas\",\"https:\\\/\\\/x.com\\\/Entreculturas\",\"https:\\\/\\\/www.instagram.com\\\/entreculturas\\\/\",\"https:\\\/\\\/www.youtube.com\\\/user\\\/entreculturasvideo\",\"https:\\\/\\\/www.linkedin.com\\\/company\\\/fundacion-entreculturas-ngdo\\\/\",\"https:\\\/\\\/www.flickr.com\\\/photos\\\/98455522@N04\\\/albums\\\/\"]}]}<\/script>\n<!-- \/ Yoast SEO Premium plugin. -->","yoast_head_json":{"title":"Cada vez que decidimos c\u00f3mo movernos, decidimos en qu\u00e9 mundo queremos vivir - Entreculturas","robots":{"index":"index","follow":"follow","max-snippet":"max-snippet:-1","max-image-preview":"max-image-preview:large","max-video-preview":"max-video-preview:-1"},"canonical":"https:\/\/www.entreculturas.org\/ca\/noticia\/cada-vez-que-decidimos-como-movernos-decidimos-en-que-mundo-queremos-vivir\/","og_locale":"ca_ES","og_type":"article","og_title":"Cada vez que decidimos c\u00f3mo movernos, decidimos en qu\u00e9 mundo queremos vivir","og_description":"En Espa\u00f1a, alrededor del 25% de las emisiones de CO2 que se vierten en la atm\u00f3sfera corresponden al transporte. Se calcula que actualmente existen en el mundo 1.200 millones de veh\u00edculos, de los cuales casi 30 millones corresponden a nuestro pa\u00eds. Se calcula que esta cifra ir\u00e1 en aumento, hasta superar los 2.000 millones de veh\u00edculos en el mundo antes de 2050.","og_url":"https:\/\/www.entreculturas.org\/ca\/noticia\/cada-vez-que-decidimos-como-movernos-decidimos-en-que-mundo-queremos-vivir\/","og_site_name":"Entreculturas","article_publisher":"https:\/\/www.facebook.com\/entreculturas","article_modified_time":"2024-03-14T14:06:57+00:00","og_image":[{"width":690,"height":523,"url":"https:\/\/www.entreculturas.org\/wp-content\/uploads\/2020\/01\/enlazate-transporte-cabecera.jpg","type":"image\/jpeg"}],"twitter_card":"summary_large_image","twitter_site":"@Entreculturas","schema":{"@context":"https:\/\/schema.org","@graph":[{"@type":"WebPage","@id":"https:\/\/www.entreculturas.org\/ca\/noticia\/cada-vez-que-decidimos-como-movernos-decidimos-en-que-mundo-queremos-vivir\/","url":"https:\/\/www.entreculturas.org\/ca\/noticia\/cada-vez-que-decidimos-como-movernos-decidimos-en-que-mundo-queremos-vivir\/","name":"Cada vez que decidimos c\u00f3mo movernos, decidimos en qu\u00e9 mundo queremos vivir - Entreculturas","isPartOf":{"@id":"https:\/\/www.entreculturas.org\/ca\/#website"},"primaryImageOfPage":{"@id":"https:\/\/www.entreculturas.org\/ca\/noticia\/cada-vez-que-decidimos-como-movernos-decidimos-en-que-mundo-queremos-vivir\/#primaryimage"},"image":{"@id":"https:\/\/www.entreculturas.org\/ca\/noticia\/cada-vez-que-decidimos-como-movernos-decidimos-en-que-mundo-queremos-vivir\/#primaryimage"},"thumbnailUrl":"https:\/\/www.entreculturas.org\/wp-content\/uploads\/2020\/01\/enlazate-transporte-cabecera.jpg","datePublished":"2020-01-22T13:11:35+00:00","dateModified":"2024-03-14T14:06:57+00:00","breadcrumb":{"@id":"https:\/\/www.entreculturas.org\/ca\/noticia\/cada-vez-que-decidimos-como-movernos-decidimos-en-que-mundo-queremos-vivir\/#breadcrumb"},"inLanguage":"ca","potentialAction":[{"@type":"ReadAction","target":["https:\/\/www.entreculturas.org\/ca\/noticia\/cada-vez-que-decidimos-como-movernos-decidimos-en-que-mundo-queremos-vivir\/"]}]},{"@type":"ImageObject","inLanguage":"ca","@id":"https:\/\/www.entreculturas.org\/ca\/noticia\/cada-vez-que-decidimos-como-movernos-decidimos-en-que-mundo-queremos-vivir\/#primaryimage","url":"https:\/\/www.entreculturas.org\/wp-content\/uploads\/2020\/01\/enlazate-transporte-cabecera.jpg","contentUrl":"https:\/\/www.entreculturas.org\/wp-content\/uploads\/2020\/01\/enlazate-transporte-cabecera.jpg","width":690,"height":523,"caption":"enlazate-transporte-cabecera"},{"@type":"BreadcrumbList","@id":"https:\/\/www.entreculturas.org\/ca\/noticia\/cada-vez-que-decidimos-como-movernos-decidimos-en-que-mundo-queremos-vivir\/#breadcrumb","itemListElement":[{"@type":"ListItem","position":1,"name":"Home","item":"https:\/\/www.entreculturas.org\/ca\/"},{"@type":"ListItem","position":2,"name":"Noticias","item":"https:\/\/www.entreculturas.org\/ca\/noticias\/"},{"@type":"ListItem","position":3,"name":"Cada vez que decidimos c\u00f3mo movernos, decidimos en qu\u00e9 mundo queremos vivir"}]},{"@type":"WebSite","@id":"https:\/\/www.entreculturas.org\/ca\/#website","url":"https:\/\/www.entreculturas.org\/ca\/","name":"Entreculturas","description":"","publisher":{"@id":"https:\/\/www.entreculturas.org\/ca\/#organization"},"alternateName":"Entreculturas","potentialAction":[{"@type":"SearchAction","target":{"@type":"EntryPoint","urlTemplate":"https:\/\/www.entreculturas.org\/ca\/?s={search_term_string}"},"query-input":{"@type":"PropertyValueSpecification","valueRequired":true,"valueName":"search_term_string"}}],"inLanguage":"ca"},{"@type":"Organization","@id":"https:\/\/www.entreculturas.org\/ca\/#organization","name":"Entreculturas","url":"https:\/\/www.entreculturas.org\/ca\/","logo":{"@type":"ImageObject","inLanguage":"ca","@id":"https:\/\/www.entreculturas.org\/ca\/#\/schema\/logo\/image\/","url":"https:\/\/www.entreculturas.org\/wp-content\/uploads\/2025\/10\/ESP.svg","contentUrl":"https:\/\/www.entreculturas.org\/wp-content\/uploads\/2025\/10\/ESP.svg","caption":"Entreculturas"},"image":{"@id":"https:\/\/www.entreculturas.org\/ca\/#\/schema\/logo\/image\/"},"sameAs":["https:\/\/www.facebook.com\/entreculturas","https:\/\/x.com\/Entreculturas","https:\/\/www.instagram.com\/entreculturas\/","https:\/\/www.youtube.com\/user\/entreculturasvideo","https:\/\/www.linkedin.com\/company\/fundacion-entreculturas-ngdo\/","https:\/\/www.flickr.com\/photos\/98455522@N04\/albums\/"]}]}},"_links":{"self":[{"href":"https:\/\/www.entreculturas.org\/ca\/wp-json\/wp\/v2\/noticia\/4220","targetHints":{"allow":["GET"]}}],"collection":[{"href":"https:\/\/www.entreculturas.org\/ca\/wp-json\/wp\/v2\/noticia"}],"about":[{"href":"https:\/\/www.entreculturas.org\/ca\/wp-json\/wp\/v2\/types\/noticia"}],"wp:featuredmedia":[{"embeddable":true,"href":"https:\/\/www.entreculturas.org\/ca\/wp-json\/wp\/v2\/media\/4221"}],"wp:attachment":[{"href":"https:\/\/www.entreculturas.org\/ca\/wp-json\/wp\/v2\/media?parent=4220"}],"wp:term":[{"taxonomy":"category","embeddable":true,"href":"https:\/\/www.entreculturas.org\/ca\/wp-json\/wp\/v2\/categories?post=4220"},{"taxonomy":"post_tag","embeddable":true,"href":"https:\/\/www.entreculturas.org\/ca\/wp-json\/wp\/v2\/tags?post=4220"},{"taxonomy":"country","embeddable":true,"href":"https:\/\/www.entreculturas.org\/ca\/wp-json\/wp\/v2\/country?post=4220"},{"taxonomy":"cause","embeddable":true,"href":"https:\/\/www.entreculturas.org\/ca\/wp-json\/wp\/v2\/cause?post=4220"}],"curies":[{"name":"wp","href":"https:\/\/api.w.org\/{rel}","templated":true}]}}