{"id":4199,"date":"2019-12-19T15:53:58","date_gmt":"2019-12-19T15:53:58","guid":{"rendered":"https:\/\/entreculturasi.wpenginepowered.com\/?noticias=cambio-climatico-la-urgencia-se-percibe-en-la-calle-entrevista-jaime-tatay"},"modified":"2024-03-14T15:06:15","modified_gmt":"2024-03-14T14:06:15","slug":"cambio-climatico-la-urgencia-se-percibe-en-la-calle-entrevista-jaime-tatay","status":"publish","type":"noticia","link":"https:\/\/www.entreculturas.org\/ca\/noticia\/cambio-climatico-la-urgencia-se-percibe-en-la-calle-entrevista-jaime-tatay\/","title":{"rendered":"Cambio clim\u00e1tico: &#8220;La urgencia se percibe en la calle&#8221; &#8211; Entrevista a Jaime Tatay"},"content":{"rendered":"<\/p>\n<p><em><strong>Jaime Tatay SJ, jesuita y doctor en Teolog\u00eda por la Universidad Pontificia Comillas, nos habla de la emergencia clim\u00e1tica en torno a la COP25 celebrada este diciembre. Tatay es profesor de Universidad e&nbsp;imparte cursos sobre Pensamiento Social Cristiano y Sostenibilidad. Actualmente tambi\u00e9n dirige la revista Raz\u00f3n y Fe, y es autor de art\u00edculos y libros. Aprovechando su visita a Entreculturas, le preguntamos sobre el papel de la religi\u00f3n en cuanto a la emergencia clim\u00e1tica.&nbsp;<\/strong><\/em><\/p>\n<p><span style=\"color:#FF0000\"><strong>El cambio clim\u00e1tico es un problema que exige una acci\u00f3n urgente. Aunque hemos vivido momentos de ignorancia por parte de los l\u00edderes pol\u00edticos, ahora est\u00e1 llegado a m\u00e1s gente y empieza a hablarse m\u00e1s en comparaci\u00f3n a a\u00f1os atr\u00e1s. \u00bfCrees que hoy en d\u00eda se ha producido una mayor concienciaci\u00f3n y que nos est\u00e1n escuchando? \u00bfPor qu\u00e9 es tan urgente que se tomen medidas? \u00bfQu\u00e9 est\u00e1 en juego?<\/strong><\/span><\/p>\n<p>Si uno consulta los informes del Panel Intergubernamental de Expertos sobre el Cambio Clim\u00e1tico, instituci\u00f3n cient\u00edfica autorizada para hablar de estas cuestiones, las conclusiones son muy claras y muy contundentes. El ser humano viene emitiendo gases de efecto invernadero, especialmente con la quema de combustibles f\u00f3siles. Este proceso se acelera durante el siglo XX y tiene unas consecuencias que ya estamos sintiendo y experimentando en muchas partes del mundo. <strong>Cada vez tenemos m\u00e1s informaci\u00f3n cient\u00edfica y un consenso ampl\u00edsimo; efectivamente lo que falta es una determinaci\u00f3n pol\u00edtica, una implicaci\u00f3n empresarial y tambi\u00e9n sensibilidad por parte de la gente. <\/strong>Creo que en este \u00faltimo sentido, s\u00ed se est\u00e1 consiguiendo. La mayor parte de la poblaci\u00f3n mundial, aunque eso depende en funci\u00f3n de los pa\u00edses, es consciente del problema y cree que debemos tomar medidas urgentes y r\u00e1pidas. Estas medidas las deben tomar los pol\u00edticos, las empresas, pero tambi\u00e9n cada uno de nosotros en la medida de lo posible por ejemplo mediante nuestro voto o mediante nuestro modo de comprar.<\/p>\n<p><strong>En los \u00faltimos pocos a\u00f1os&nbsp;ha habido un cambio en la opini\u00f3n p\u00fablica: de ver esta cuesti\u00f3n como algo lejano, propio de cient\u00edficos, de t\u00e9cnicos y de pol\u00edticos, a pasar a la calle.<\/strong> Lo podemos ver con estas marchas del clima recientes. Una urgencia que se percibe en la calle, con ganas de cambiar y de transformar el modelo econ\u00f3mico y productivo para no da\u00f1ar el clima.&nbsp;<\/p>\n<p><img decoding=\"async\" alt=\"\" src=\"https:\/\/www.entreculturas.org\/wp-content\/uploads\/2019\/12\/captura_de_pantalla_2019-12-19_a_las_16.23.25_1.png\" style=\"width: 800px;height: 451px\"><\/p>\n<div>&nbsp;<\/p>\n<p><span style=\"color:#FF0000\"><strong>Durante el mes de diciembre, en Madrid aparecen nombres de activistas como Greta Thunberg, Luisa Neubaer o \u00c1ngela Valenzuela. \u00bfPiensas que est\u00e1 siendo efectivo para llegar a ese p\u00fablico tanto joven como adulto? \u00bfCrees que sus voces han llegado a donde deben llegar?<\/strong><\/span><\/p>\n<p>Creo que el papel de Greta Thunberg es un arma de doble filo, en el sentido de que, por un lado ha removido la conciencia, ha movilizado y ha llegado a mucha gente que quiz\u00e1 no se hubiese movido por esta cuesti\u00f3n; pero por otro lado, no s\u00e9 si es del todo bueno que se focalice en una cara y en una persona. Tambi\u00e9n vivimos un momento en que la pol\u00edtica es muy personalista, se buscan grandes l\u00edderes o figuras carism\u00e1ticas y quiz\u00e1 el movimiento medioambiental ha entrado tambi\u00e9n en esta din\u00e1mica. Por lo tanto, <strong>pienso que es bueno porque ha removido, ha hecho que la gente se pregunte para aceptarlo o rechazarlo. Pero no veo del todo bueno que se vea como algo muy personal. <\/strong>Deber\u00eda ser algo de todos, y ojal\u00e1 que estas figuras carism\u00e1ticas den paso a un movimiento m\u00e1s amplio donde se impliquen otras caras y otros muchos rostros.<\/p>\n<p><span style=\"color:#FF0000\"><strong>Desde el Vaticano, el Papa Francisco tambi\u00e9n ha hecho una llamada de emergencia con uno de los documentos m\u00e1s importantes titulado <em>Laudato si&#8217;<\/em>. \u00bfQu\u00e9 papel crees que debe desempe\u00f1ar la Iglesia? En concreto, \u00bfqu\u00e9 papel debe jugar para llevar los principales movilizadores de la causa como son los j\u00f3venes y las j\u00f3venes?<\/strong><\/span><\/p>\n<p>Efectivamente, el <strong><em>Laudatio si&#8217;&nbsp;<\/em>es un documento importante en la historia de la Iglesia y en la historia del movimiento medioambiental o de la conciencia ecol\u00f3gica<\/strong>. Es un documento que est\u00e1 junto a otros anteriores de la Iglesia y junto a otras muchas declaraciones de otras religiones. En este momento, tenemos sobre la mesa una convergencia religiosa de distintas tradiciones que est\u00e1n se\u00f1alando en la misma direcci\u00f3n, abriendo los ojos a estas nuevas problem\u00e1ticas y llamando a sus seguidores que se movilicen, que se sensibilicen y que den pasos en sus vidas personales.&nbsp;<\/p>\n<p>La religi\u00f3n en general, m\u00e1s all\u00e1 de la Iglesia cat\u00f3lica, tiene un papel fundamental. Muchas de las comunidades y de las organizaciones de inspiraci\u00f3n religiosa est\u00e1n a pie de calle cambiando las cosas. <strong>Las religiones tienen una capilaridad y una presencia como ninguna otra instituci\u00f3n. <\/strong>Estos retos, que en apariencia son muy t\u00e9cnicos, son propios de la econom\u00eda, de la pol\u00edtica y de la ingenier\u00eda, que despu\u00e9s tienen que traducirse en medidas colectivas y en movimientos sociales, donde ah\u00ed la religi\u00f3n s\u00ed que tiene mucho que hacer y decir. Esta ser\u00eda mi respuesta a esta cuesti\u00f3n: el papel religioso es fundamental en este debate y tambi\u00e9n para interiorizar estos temas, que no queden solo en el nivel de las ideas o de los conceptos, sino tambi\u00e9n en el nivel de la interioridad, donde la religi\u00f3n puede hacer una reflexi\u00f3n \u00e9tica y movilizar internamente a la gente.&nbsp;<\/p>\n<p><span style=\"color:#FF0000\"><strong>\u00bfQu\u00e9 recomendaci\u00f3n o qu\u00e9 llamada a la poblaci\u00f3n har\u00edas&nbsp;en relaci\u00f3n a sus h\u00e1bitos, para&nbsp;combatir juntos el problema de la crisis clim\u00e1tica?<\/strong><\/span><\/p>\n<p><strong>Decir que la gente tiene que cambiar es un poco arriesgado:e m\u00e1s bien dir\u00eda que seamos conscientes del mundo en el que vivimos, que seamos l\u00facidos, que nos informemos y que busquemos fuentes de calidad <\/strong>en este momento en el que hay tanta desinformaci\u00f3n y confusi\u00f3n en los medios. Una vez hagamos eso, hace falta consensuarlo y hablarlo con la gente que nos gusta compartir la vida. Veamos c\u00f3mo entre todos podemos cambiar las cosas. Antes de lanzarse a tomar decisiones concretas hay que rezar, pensar o meditar \u00bfqu\u00e9 quiero dejar para los que vienen despu\u00e9s? Y hablarlo con otras personas cercanas que est\u00e9n tambi\u00e9n inquietas por estas cuestiones. Dar pasos y tomar decisiones juntos.<\/p>\n<\/div>\n","protected":false},"excerpt":{"rendered":"<p>Jaime Tatay, jesuita y doctor en Teolog\u00eda por la Universidad Pontificia Comillas, nos habla de la emergencia clim\u00e1tica en torno a la COP25 celebrada en el mes de diciembre en Madrid. <\/p>\n","protected":false},"featured_media":4198,"template":"single-noticia","meta":{"_acf_changed":false},"categories":[7],"tags":[256],"country":[],"cause":[131],"class_list":["post-4199","noticia","type-noticia","status-publish","has-post-thumbnail","hentry","category-noticia","tag-justicia-socioambiental","cause-justicia-medioambiental"],"acf":[],"yoast_head":"<!-- This site is optimized with the Yoast SEO Premium plugin v21.6 (Yoast SEO v27.5) - https:\/\/yoast.com\/product\/yoast-seo-premium-wordpress\/ -->\n<title>Cambio clim\u00e1tico: &quot;La urgencia se percibe en la calle&quot; - Entrevista a Jaime Tatay - Entreculturas<\/title>\n<meta name=\"robots\" content=\"index, follow, max-snippet:-1, max-image-preview:large, max-video-preview:-1\" \/>\n<link rel=\"canonical\" href=\"https:\/\/www.entreculturas.org\/ca\/noticia\/cambio-climatico-la-urgencia-se-percibe-en-la-calle-entrevista-jaime-tatay\/\" \/>\n<meta property=\"og:locale\" content=\"ca_ES\" \/>\n<meta property=\"og:type\" content=\"article\" \/>\n<meta property=\"og:title\" content=\"Cambio clim\u00e1tico: &quot;La urgencia se percibe en la calle&quot; - Entrevista a Jaime Tatay\" \/>\n<meta property=\"og:description\" content=\"Jaime Tatay, jesuita y doctor en Teolog\u00eda por la Universidad Pontificia Comillas, nos habla de la emergencia clim\u00e1tica en torno a la COP25 celebrada en el mes de diciembre en Madrid.\" \/>\n<meta property=\"og:url\" content=\"https:\/\/www.entreculturas.org\/ca\/noticia\/cambio-climatico-la-urgencia-se-percibe-en-la-calle-entrevista-jaime-tatay\/\" \/>\n<meta property=\"og:site_name\" content=\"Entreculturas\" \/>\n<meta property=\"article:publisher\" content=\"https:\/\/www.facebook.com\/entreculturas\" \/>\n<meta property=\"article:modified_time\" content=\"2024-03-14T14:06:15+00:00\" \/>\n<meta property=\"og:image\" content=\"https:\/\/www.entreculturas.org\/wp-content\/uploads\/2019\/12\/captura_de_pantalla_2019-12-19_a_las_16.23.25_1.png\" \/>\n\t<meta property=\"og:image:width\" content=\"1607\" \/>\n\t<meta property=\"og:image:height\" content=\"905\" \/>\n\t<meta property=\"og:image:type\" content=\"image\/png\" \/>\n<meta name=\"twitter:card\" content=\"summary_large_image\" \/>\n<meta name=\"twitter:site\" content=\"@Entreculturas\" \/>\n<script type=\"application\/ld+json\" class=\"yoast-schema-graph\">{\"@context\":\"https:\\\/\\\/schema.org\",\"@graph\":[{\"@type\":\"WebPage\",\"@id\":\"https:\\\/\\\/www.entreculturas.org\\\/ca\\\/noticia\\\/cambio-climatico-la-urgencia-se-percibe-en-la-calle-entrevista-jaime-tatay\\\/\",\"url\":\"https:\\\/\\\/www.entreculturas.org\\\/ca\\\/noticia\\\/cambio-climatico-la-urgencia-se-percibe-en-la-calle-entrevista-jaime-tatay\\\/\",\"name\":\"Cambio clim\u00e1tico: \\\"La urgencia se percibe en la calle\\\" - Entrevista a Jaime Tatay - Entreculturas\",\"isPartOf\":{\"@id\":\"https:\\\/\\\/www.entreculturas.org\\\/ca\\\/#website\"},\"primaryImageOfPage\":{\"@id\":\"https:\\\/\\\/www.entreculturas.org\\\/ca\\\/noticia\\\/cambio-climatico-la-urgencia-se-percibe-en-la-calle-entrevista-jaime-tatay\\\/#primaryimage\"},\"image\":{\"@id\":\"https:\\\/\\\/www.entreculturas.org\\\/ca\\\/noticia\\\/cambio-climatico-la-urgencia-se-percibe-en-la-calle-entrevista-jaime-tatay\\\/#primaryimage\"},\"thumbnailUrl\":\"https:\\\/\\\/www.entreculturas.org\\\/wp-content\\\/uploads\\\/2019\\\/12\\\/captura_de_pantalla_2019-12-19_a_las_16.23.25_1.png\",\"datePublished\":\"2019-12-19T15:53:58+00:00\",\"dateModified\":\"2024-03-14T14:06:15+00:00\",\"breadcrumb\":{\"@id\":\"https:\\\/\\\/www.entreculturas.org\\\/ca\\\/noticia\\\/cambio-climatico-la-urgencia-se-percibe-en-la-calle-entrevista-jaime-tatay\\\/#breadcrumb\"},\"inLanguage\":\"ca\",\"potentialAction\":[{\"@type\":\"ReadAction\",\"target\":[\"https:\\\/\\\/www.entreculturas.org\\\/ca\\\/noticia\\\/cambio-climatico-la-urgencia-se-percibe-en-la-calle-entrevista-jaime-tatay\\\/\"]}]},{\"@type\":\"ImageObject\",\"inLanguage\":\"ca\",\"@id\":\"https:\\\/\\\/www.entreculturas.org\\\/ca\\\/noticia\\\/cambio-climatico-la-urgencia-se-percibe-en-la-calle-entrevista-jaime-tatay\\\/#primaryimage\",\"url\":\"https:\\\/\\\/www.entreculturas.org\\\/wp-content\\\/uploads\\\/2019\\\/12\\\/captura_de_pantalla_2019-12-19_a_las_16.23.25_1.png\",\"contentUrl\":\"https:\\\/\\\/www.entreculturas.org\\\/wp-content\\\/uploads\\\/2019\\\/12\\\/captura_de_pantalla_2019-12-19_a_las_16.23.25_1.png\",\"width\":1607,\"height\":905},{\"@type\":\"BreadcrumbList\",\"@id\":\"https:\\\/\\\/www.entreculturas.org\\\/ca\\\/noticia\\\/cambio-climatico-la-urgencia-se-percibe-en-la-calle-entrevista-jaime-tatay\\\/#breadcrumb\",\"itemListElement\":[{\"@type\":\"ListItem\",\"position\":1,\"name\":\"Home\",\"item\":\"https:\\\/\\\/www.entreculturas.org\\\/ca\\\/\"},{\"@type\":\"ListItem\",\"position\":2,\"name\":\"Noticias\",\"item\":\"https:\\\/\\\/www.entreculturas.org\\\/ca\\\/noticias\\\/\"},{\"@type\":\"ListItem\",\"position\":3,\"name\":\"Cambio clim\u00e1tico: &#8220;La urgencia se percibe en la calle&#8221; &#8211; Entrevista a Jaime Tatay\"}]},{\"@type\":\"WebSite\",\"@id\":\"https:\\\/\\\/www.entreculturas.org\\\/ca\\\/#website\",\"url\":\"https:\\\/\\\/www.entreculturas.org\\\/ca\\\/\",\"name\":\"Entreculturas\",\"description\":\"\",\"publisher\":{\"@id\":\"https:\\\/\\\/www.entreculturas.org\\\/ca\\\/#organization\"},\"alternateName\":\"Entreculturas\",\"potentialAction\":[{\"@type\":\"SearchAction\",\"target\":{\"@type\":\"EntryPoint\",\"urlTemplate\":\"https:\\\/\\\/www.entreculturas.org\\\/ca\\\/?s={search_term_string}\"},\"query-input\":{\"@type\":\"PropertyValueSpecification\",\"valueRequired\":true,\"valueName\":\"search_term_string\"}}],\"inLanguage\":\"ca\"},{\"@type\":\"Organization\",\"@id\":\"https:\\\/\\\/www.entreculturas.org\\\/ca\\\/#organization\",\"name\":\"Entreculturas\",\"url\":\"https:\\\/\\\/www.entreculturas.org\\\/ca\\\/\",\"logo\":{\"@type\":\"ImageObject\",\"inLanguage\":\"ca\",\"@id\":\"https:\\\/\\\/www.entreculturas.org\\\/ca\\\/#\\\/schema\\\/logo\\\/image\\\/\",\"url\":\"https:\\\/\\\/www.entreculturas.org\\\/wp-content\\\/uploads\\\/2025\\\/10\\\/ESP.svg\",\"contentUrl\":\"https:\\\/\\\/www.entreculturas.org\\\/wp-content\\\/uploads\\\/2025\\\/10\\\/ESP.svg\",\"caption\":\"Entreculturas\"},\"image\":{\"@id\":\"https:\\\/\\\/www.entreculturas.org\\\/ca\\\/#\\\/schema\\\/logo\\\/image\\\/\"},\"sameAs\":[\"https:\\\/\\\/www.facebook.com\\\/entreculturas\",\"https:\\\/\\\/x.com\\\/Entreculturas\",\"https:\\\/\\\/www.instagram.com\\\/entreculturas\\\/\",\"https:\\\/\\\/www.youtube.com\\\/user\\\/entreculturasvideo\",\"https:\\\/\\\/www.linkedin.com\\\/company\\\/fundacion-entreculturas-ngdo\\\/\",\"https:\\\/\\\/www.flickr.com\\\/photos\\\/98455522@N04\\\/albums\\\/\"]}]}<\/script>\n<!-- \/ Yoast SEO Premium plugin. -->","yoast_head_json":{"title":"Cambio clim\u00e1tico: \"La urgencia se percibe en la calle\" - Entrevista a Jaime Tatay - Entreculturas","robots":{"index":"index","follow":"follow","max-snippet":"max-snippet:-1","max-image-preview":"max-image-preview:large","max-video-preview":"max-video-preview:-1"},"canonical":"https:\/\/www.entreculturas.org\/ca\/noticia\/cambio-climatico-la-urgencia-se-percibe-en-la-calle-entrevista-jaime-tatay\/","og_locale":"ca_ES","og_type":"article","og_title":"Cambio clim\u00e1tico: \"La urgencia se percibe en la calle\" - Entrevista a Jaime Tatay","og_description":"Jaime Tatay, jesuita y doctor en Teolog\u00eda por la Universidad Pontificia Comillas, nos habla de la emergencia clim\u00e1tica en torno a la COP25 celebrada en el mes de diciembre en Madrid.","og_url":"https:\/\/www.entreculturas.org\/ca\/noticia\/cambio-climatico-la-urgencia-se-percibe-en-la-calle-entrevista-jaime-tatay\/","og_site_name":"Entreculturas","article_publisher":"https:\/\/www.facebook.com\/entreculturas","article_modified_time":"2024-03-14T14:06:15+00:00","og_image":[{"width":1607,"height":905,"url":"https:\/\/www.entreculturas.org\/wp-content\/uploads\/2019\/12\/captura_de_pantalla_2019-12-19_a_las_16.23.25_1.png","type":"image\/png"}],"twitter_card":"summary_large_image","twitter_site":"@Entreculturas","schema":{"@context":"https:\/\/schema.org","@graph":[{"@type":"WebPage","@id":"https:\/\/www.entreculturas.org\/ca\/noticia\/cambio-climatico-la-urgencia-se-percibe-en-la-calle-entrevista-jaime-tatay\/","url":"https:\/\/www.entreculturas.org\/ca\/noticia\/cambio-climatico-la-urgencia-se-percibe-en-la-calle-entrevista-jaime-tatay\/","name":"Cambio clim\u00e1tico: \"La urgencia se percibe en la calle\" - Entrevista a Jaime Tatay - Entreculturas","isPartOf":{"@id":"https:\/\/www.entreculturas.org\/ca\/#website"},"primaryImageOfPage":{"@id":"https:\/\/www.entreculturas.org\/ca\/noticia\/cambio-climatico-la-urgencia-se-percibe-en-la-calle-entrevista-jaime-tatay\/#primaryimage"},"image":{"@id":"https:\/\/www.entreculturas.org\/ca\/noticia\/cambio-climatico-la-urgencia-se-percibe-en-la-calle-entrevista-jaime-tatay\/#primaryimage"},"thumbnailUrl":"https:\/\/www.entreculturas.org\/wp-content\/uploads\/2019\/12\/captura_de_pantalla_2019-12-19_a_las_16.23.25_1.png","datePublished":"2019-12-19T15:53:58+00:00","dateModified":"2024-03-14T14:06:15+00:00","breadcrumb":{"@id":"https:\/\/www.entreculturas.org\/ca\/noticia\/cambio-climatico-la-urgencia-se-percibe-en-la-calle-entrevista-jaime-tatay\/#breadcrumb"},"inLanguage":"ca","potentialAction":[{"@type":"ReadAction","target":["https:\/\/www.entreculturas.org\/ca\/noticia\/cambio-climatico-la-urgencia-se-percibe-en-la-calle-entrevista-jaime-tatay\/"]}]},{"@type":"ImageObject","inLanguage":"ca","@id":"https:\/\/www.entreculturas.org\/ca\/noticia\/cambio-climatico-la-urgencia-se-percibe-en-la-calle-entrevista-jaime-tatay\/#primaryimage","url":"https:\/\/www.entreculturas.org\/wp-content\/uploads\/2019\/12\/captura_de_pantalla_2019-12-19_a_las_16.23.25_1.png","contentUrl":"https:\/\/www.entreculturas.org\/wp-content\/uploads\/2019\/12\/captura_de_pantalla_2019-12-19_a_las_16.23.25_1.png","width":1607,"height":905},{"@type":"BreadcrumbList","@id":"https:\/\/www.entreculturas.org\/ca\/noticia\/cambio-climatico-la-urgencia-se-percibe-en-la-calle-entrevista-jaime-tatay\/#breadcrumb","itemListElement":[{"@type":"ListItem","position":1,"name":"Home","item":"https:\/\/www.entreculturas.org\/ca\/"},{"@type":"ListItem","position":2,"name":"Noticias","item":"https:\/\/www.entreculturas.org\/ca\/noticias\/"},{"@type":"ListItem","position":3,"name":"Cambio clim\u00e1tico: &#8220;La urgencia se percibe en la calle&#8221; &#8211; Entrevista a Jaime Tatay"}]},{"@type":"WebSite","@id":"https:\/\/www.entreculturas.org\/ca\/#website","url":"https:\/\/www.entreculturas.org\/ca\/","name":"Entreculturas","description":"","publisher":{"@id":"https:\/\/www.entreculturas.org\/ca\/#organization"},"alternateName":"Entreculturas","potentialAction":[{"@type":"SearchAction","target":{"@type":"EntryPoint","urlTemplate":"https:\/\/www.entreculturas.org\/ca\/?s={search_term_string}"},"query-input":{"@type":"PropertyValueSpecification","valueRequired":true,"valueName":"search_term_string"}}],"inLanguage":"ca"},{"@type":"Organization","@id":"https:\/\/www.entreculturas.org\/ca\/#organization","name":"Entreculturas","url":"https:\/\/www.entreculturas.org\/ca\/","logo":{"@type":"ImageObject","inLanguage":"ca","@id":"https:\/\/www.entreculturas.org\/ca\/#\/schema\/logo\/image\/","url":"https:\/\/www.entreculturas.org\/wp-content\/uploads\/2025\/10\/ESP.svg","contentUrl":"https:\/\/www.entreculturas.org\/wp-content\/uploads\/2025\/10\/ESP.svg","caption":"Entreculturas"},"image":{"@id":"https:\/\/www.entreculturas.org\/ca\/#\/schema\/logo\/image\/"},"sameAs":["https:\/\/www.facebook.com\/entreculturas","https:\/\/x.com\/Entreculturas","https:\/\/www.instagram.com\/entreculturas\/","https:\/\/www.youtube.com\/user\/entreculturasvideo","https:\/\/www.linkedin.com\/company\/fundacion-entreculturas-ngdo\/","https:\/\/www.flickr.com\/photos\/98455522@N04\/albums\/"]}]}},"_links":{"self":[{"href":"https:\/\/www.entreculturas.org\/ca\/wp-json\/wp\/v2\/noticia\/4199","targetHints":{"allow":["GET"]}}],"collection":[{"href":"https:\/\/www.entreculturas.org\/ca\/wp-json\/wp\/v2\/noticia"}],"about":[{"href":"https:\/\/www.entreculturas.org\/ca\/wp-json\/wp\/v2\/types\/noticia"}],"wp:featuredmedia":[{"embeddable":true,"href":"https:\/\/www.entreculturas.org\/ca\/wp-json\/wp\/v2\/media\/4198"}],"wp:attachment":[{"href":"https:\/\/www.entreculturas.org\/ca\/wp-json\/wp\/v2\/media?parent=4199"}],"wp:term":[{"taxonomy":"category","embeddable":true,"href":"https:\/\/www.entreculturas.org\/ca\/wp-json\/wp\/v2\/categories?post=4199"},{"taxonomy":"post_tag","embeddable":true,"href":"https:\/\/www.entreculturas.org\/ca\/wp-json\/wp\/v2\/tags?post=4199"},{"taxonomy":"country","embeddable":true,"href":"https:\/\/www.entreculturas.org\/ca\/wp-json\/wp\/v2\/country?post=4199"},{"taxonomy":"cause","embeddable":true,"href":"https:\/\/www.entreculturas.org\/ca\/wp-json\/wp\/v2\/cause?post=4199"}],"curies":[{"name":"wp","href":"https:\/\/api.w.org\/{rel}","templated":true}]}}