{"id":41404,"date":"2025-07-28T12:38:37","date_gmt":"2025-07-28T10:38:37","guid":{"rendered":"https:\/\/www.entreculturas.org\/?post_type=noticia&#038;p=41404"},"modified":"2025-07-28T12:38:40","modified_gmt":"2025-07-28T10:38:40","slug":"la-historia-de-mary-en-tambura-sudan-del-sur-del-desplazamiento-a-la-autonomia","status":"publish","type":"noticia","link":"https:\/\/www.entreculturas.org\/ca\/noticia\/la-historia-de-mary-en-tambura-sudan-del-sur-del-desplazamiento-a-la-autonomia\/","title":{"rendered":"La historia de Mary en Tambura, Sud\u00e1n del Sur: del desplazamiento a la autonom\u00eda"},"content":{"rendered":"\n<p>Mary es madre de tres hijos y vive en un campo para personas desplazadas en Tambura, en Sud\u00e1n del Sur. Lleg\u00f3 all\u00ed tras perder a su padre y a su esposo durante un episodio de violencia en 2021. Desde entonces, ha tenido que reconstruir su vida en un entorno atravesado por el conflicto y la incertidumbre.<\/p>\n\n\n\n<p>Como tantas otras mujeres desplazadas, enfrent\u00f3 enormes dificultades para alimentar a su familia, acceder a atenci\u00f3n m\u00e9dica y garantizar una m\u00ednima estabilidad. \u201cVolver a casa no era una opci\u00f3n\u201d, cuenta Mary. \u201cEl conflicto segu\u00eda, y la inseguridad era constante.\u201d<\/p>\n\n\n\n<h2 class=\"wp-block-heading\" id=\"h-cuidar-tambien-la-salud-mental\"><strong>Cuidar tambi\u00e9n la salud mental<\/strong><\/h2>\n\n\n\n<p>En 2024, el Servicio Jesuita a Refugiados (JRS) impuls\u00f3 un proyecto de salud mental y apoyo psicosocial en la zona. Mary fue una de las mujeres identificadas para participar en este proceso, que incluy\u00f3 orientaci\u00f3n, sesiones de acompa\u00f1amiento emocional y talleres de habilidades para la vida.<\/p>\n\n\n\n<p>A trav\u00e9s de esta iniciativa, Mary recibi\u00f3 una ayuda econ\u00f3mica flexible tras haber completado el ciclo de formaci\u00f3n y acompa\u00f1amiento. Esa combinaci\u00f3n de herramientas \u2014emocionales, formativas y econ\u00f3micas\u2014 le permiti\u00f3 iniciar una peque\u00f1a actividad por cuenta propia.<\/p>\n\n\n\n<h2 class=\"wp-block-heading\" id=\"h-emprender-desde-lo-aprendido\"><strong>Emprender desde lo aprendido<\/strong><\/h2>\n\n\n\n<p>Mary decidi\u00f3 invertir parte del dinero en alimentos para sus hijos, y destinar el resto a crear un peque\u00f1o negocio de venta de productos b\u00e1sicos como arroz y legumbres. Su iniciativa tuvo un impacto inmediato: no solo mejor\u00f3 la alimentaci\u00f3n y el acceso a medicinas de su familia, sino que tambi\u00e9n pudo pagar la escolarizaci\u00f3n de sus hijos.<\/p>\n\n\n\n<p>Hoy, ese negocio sigue creciendo y se ha convertido en un referente dentro del campo. Mary acompa\u00f1a a otras mujeres que quieren emprender, forma a chicas j\u00f3venes en la t\u00e9cnica de tejido de s\u00e1banas \u2014una de las formaciones que ella misma recibi\u00f3\u2014 y anima a su comunidad a no rendirse ante la adversidad.<\/p>\n\n\n\n<h2 class=\"wp-block-heading\" id=\"h-apoyamos-procesos-de-transformacion-desde-el-acompanamiento\"><strong>Apoyamos procesos de transformaci\u00f3n desde el acompa\u00f1amiento<\/strong><\/h2>\n\n\n\n<p>Desde Entreculturas apoyamos el trabajo que el JRS realiza en distintos contextos de desplazamiento forzado, como el de Tambura, con un enfoque que combina atenci\u00f3n psicosocial, formaci\u00f3n y medios de vida. Apostamos por procesos que reconozcan las capacidades de las personas y fortalezcan su autonom\u00eda.<\/p>\n\n\n\n<p>La historia de Mary no es una excepci\u00f3n: es una muestra del poder que tienen las redes de acompa\u00f1amiento, cuando se pone en el centro a las personas desplazadas y se las acompa\u00f1a desde sus propios tiempos, capacidades y aspiraciones.<\/p>\n","protected":false},"excerpt":{"rendered":"<p>Mary es madre de tres hijos y vive en un campo para personas desplazadas en Tambura, en Sud\u00e1n del Sur. Lleg\u00f3 all\u00ed tras perder a su padre y a su esposo durante un episodio de violencia en 2021. Desde entonces, ha tenido que reconstruir su vida en un entorno atravesado por el conflicto y la incertidumbre. Como tantas otras mujeres desplazadas, enfrent\u00f3 enormes dificultades para alimentar a su familia, acceder a atenci\u00f3n m\u00e9dica y garantizar una m\u00ednima estabilidad. \u201cVolver a casa no era una opci\u00f3n\u201d, cuenta Mary. \u201cEl conflicto segu\u00eda, y la inseguridad era constante.\u201d Cuidar tambi\u00e9n la salud mental En 2024, el Servicio Jesuita a Refugiados (JRS) impuls\u00f3 un proyecto de salud mental y apoyo psicosocial en la zona. Mary fue una de las mujeres identificadas para participar en este proceso, que incluy\u00f3 orientaci\u00f3n, sesiones de acompa\u00f1amiento emocional y talleres de habilidades para la vida. A trav\u00e9s de esta [&hellip;]<\/p>\n","protected":false},"featured_media":41406,"template":"","meta":{"_acf_changed":false},"categories":[7],"tags":[10],"country":[],"cause":[],"class_list":["post-41404","noticia","type-noticia","status-publish","has-post-thumbnail","hentry","category-noticia","tag-migracion-y-refugio"],"acf":[],"yoast_head":"<!-- This site is optimized with the Yoast SEO Premium plugin v21.6 (Yoast SEO v27.5) - https:\/\/yoast.com\/product\/yoast-seo-premium-wordpress\/ -->\n<title>La historia de Mary en Tambura, Sud\u00e1n del Sur: del desplazamiento a la autonom\u00eda - Entreculturas<\/title>\n<meta name=\"description\" content=\"Mary vive en un campamento en Sud\u00e1n del Sur y ha transformado su vida tras recibir apoyo psicosocial y formaci\u00f3n para emprender.\" \/>\n<meta name=\"robots\" content=\"index, follow, max-snippet:-1, max-image-preview:large, max-video-preview:-1\" \/>\n<link rel=\"canonical\" href=\"https:\/\/www.entreculturas.org\/ca\/noticia\/la-historia-de-mary-en-tambura-sudan-del-sur-del-desplazamiento-a-la-autonomia\/\" \/>\n<meta property=\"og:locale\" content=\"ca_ES\" \/>\n<meta property=\"og:type\" content=\"article\" \/>\n<meta property=\"og:title\" content=\"La historia de Mary en Tambura, Sud\u00e1n del Sur: del desplazamiento a la autonom\u00eda\" \/>\n<meta property=\"og:description\" content=\"Mary vive en un campamento en Sud\u00e1n del Sur y ha transformado su vida tras recibir apoyo psicosocial y formaci\u00f3n para emprender.\" \/>\n<meta property=\"og:url\" content=\"https:\/\/www.entreculturas.org\/ca\/noticia\/la-historia-de-mary-en-tambura-sudan-del-sur-del-desplazamiento-a-la-autonomia\/\" \/>\n<meta property=\"og:site_name\" content=\"Entreculturas\" \/>\n<meta property=\"article:publisher\" content=\"https:\/\/www.facebook.com\/entreculturas\" \/>\n<meta property=\"article:modified_time\" content=\"2025-07-28T10:38:40+00:00\" \/>\n<meta property=\"og:image\" content=\"https:\/\/www.entreculturas.org\/wp-content\/uploads\/2025\/07\/4321-2.jpg\" \/>\n\t<meta property=\"og:image:width\" content=\"2068\" \/>\n\t<meta property=\"og:image:height\" content=\"900\" \/>\n\t<meta property=\"og:image:type\" content=\"image\/jpeg\" \/>\n<meta name=\"twitter:card\" content=\"summary_large_image\" \/>\n<meta name=\"twitter:site\" content=\"@Entreculturas\" \/>\n<script type=\"application\/ld+json\" class=\"yoast-schema-graph\">{\"@context\":\"https:\\\/\\\/schema.org\",\"@graph\":[{\"@type\":\"WebPage\",\"@id\":\"https:\\\/\\\/www.entreculturas.org\\\/ca\\\/noticia\\\/la-historia-de-mary-en-tambura-sudan-del-sur-del-desplazamiento-a-la-autonomia\\\/\",\"url\":\"https:\\\/\\\/www.entreculturas.org\\\/ca\\\/noticia\\\/la-historia-de-mary-en-tambura-sudan-del-sur-del-desplazamiento-a-la-autonomia\\\/\",\"name\":\"La historia de Mary en Tambura, Sud\u00e1n del Sur: del desplazamiento a la autonom\u00eda - Entreculturas\",\"isPartOf\":{\"@id\":\"https:\\\/\\\/www.entreculturas.org\\\/ca\\\/#website\"},\"primaryImageOfPage\":{\"@id\":\"https:\\\/\\\/www.entreculturas.org\\\/ca\\\/noticia\\\/la-historia-de-mary-en-tambura-sudan-del-sur-del-desplazamiento-a-la-autonomia\\\/#primaryimage\"},\"image\":{\"@id\":\"https:\\\/\\\/www.entreculturas.org\\\/ca\\\/noticia\\\/la-historia-de-mary-en-tambura-sudan-del-sur-del-desplazamiento-a-la-autonomia\\\/#primaryimage\"},\"thumbnailUrl\":\"https:\\\/\\\/www.entreculturas.org\\\/wp-content\\\/uploads\\\/2025\\\/07\\\/4321-2.jpg\",\"datePublished\":\"2025-07-28T10:38:37+00:00\",\"dateModified\":\"2025-07-28T10:38:40+00:00\",\"description\":\"Mary vive en un campamento en Sud\u00e1n del Sur y ha transformado su vida tras recibir apoyo psicosocial y formaci\u00f3n para emprender.\",\"breadcrumb\":{\"@id\":\"https:\\\/\\\/www.entreculturas.org\\\/ca\\\/noticia\\\/la-historia-de-mary-en-tambura-sudan-del-sur-del-desplazamiento-a-la-autonomia\\\/#breadcrumb\"},\"inLanguage\":\"ca\",\"potentialAction\":[{\"@type\":\"ReadAction\",\"target\":[\"https:\\\/\\\/www.entreculturas.org\\\/ca\\\/noticia\\\/la-historia-de-mary-en-tambura-sudan-del-sur-del-desplazamiento-a-la-autonomia\\\/\"]}]},{\"@type\":\"ImageObject\",\"inLanguage\":\"ca\",\"@id\":\"https:\\\/\\\/www.entreculturas.org\\\/ca\\\/noticia\\\/la-historia-de-mary-en-tambura-sudan-del-sur-del-desplazamiento-a-la-autonomia\\\/#primaryimage\",\"url\":\"https:\\\/\\\/www.entreculturas.org\\\/wp-content\\\/uploads\\\/2025\\\/07\\\/4321-2.jpg\",\"contentUrl\":\"https:\\\/\\\/www.entreculturas.org\\\/wp-content\\\/uploads\\\/2025\\\/07\\\/4321-2.jpg\",\"width\":2068,\"height\":900,\"caption\":\"Historia de Mary en Tambura\"},{\"@type\":\"BreadcrumbList\",\"@id\":\"https:\\\/\\\/www.entreculturas.org\\\/ca\\\/noticia\\\/la-historia-de-mary-en-tambura-sudan-del-sur-del-desplazamiento-a-la-autonomia\\\/#breadcrumb\",\"itemListElement\":[{\"@type\":\"ListItem\",\"position\":1,\"name\":\"Home\",\"item\":\"https:\\\/\\\/www.entreculturas.org\\\/ca\\\/\"},{\"@type\":\"ListItem\",\"position\":2,\"name\":\"Noticias\",\"item\":\"https:\\\/\\\/www.entreculturas.org\\\/ca\\\/noticias\\\/\"},{\"@type\":\"ListItem\",\"position\":3,\"name\":\"La historia de Mary en Tambura, Sud\u00e1n del Sur: del desplazamiento a la autonom\u00eda\"}]},{\"@type\":\"WebSite\",\"@id\":\"https:\\\/\\\/www.entreculturas.org\\\/ca\\\/#website\",\"url\":\"https:\\\/\\\/www.entreculturas.org\\\/ca\\\/\",\"name\":\"Entreculturas\",\"description\":\"\",\"publisher\":{\"@id\":\"https:\\\/\\\/www.entreculturas.org\\\/ca\\\/#organization\"},\"alternateName\":\"Entreculturas\",\"potentialAction\":[{\"@type\":\"SearchAction\",\"target\":{\"@type\":\"EntryPoint\",\"urlTemplate\":\"https:\\\/\\\/www.entreculturas.org\\\/ca\\\/?s={search_term_string}\"},\"query-input\":{\"@type\":\"PropertyValueSpecification\",\"valueRequired\":true,\"valueName\":\"search_term_string\"}}],\"inLanguage\":\"ca\"},{\"@type\":\"Organization\",\"@id\":\"https:\\\/\\\/www.entreculturas.org\\\/ca\\\/#organization\",\"name\":\"Entreculturas\",\"url\":\"https:\\\/\\\/www.entreculturas.org\\\/ca\\\/\",\"logo\":{\"@type\":\"ImageObject\",\"inLanguage\":\"ca\",\"@id\":\"https:\\\/\\\/www.entreculturas.org\\\/ca\\\/#\\\/schema\\\/logo\\\/image\\\/\",\"url\":\"https:\\\/\\\/www.entreculturas.org\\\/wp-content\\\/uploads\\\/2025\\\/10\\\/ESP.svg\",\"contentUrl\":\"https:\\\/\\\/www.entreculturas.org\\\/wp-content\\\/uploads\\\/2025\\\/10\\\/ESP.svg\",\"caption\":\"Entreculturas\"},\"image\":{\"@id\":\"https:\\\/\\\/www.entreculturas.org\\\/ca\\\/#\\\/schema\\\/logo\\\/image\\\/\"},\"sameAs\":[\"https:\\\/\\\/www.facebook.com\\\/entreculturas\",\"https:\\\/\\\/x.com\\\/Entreculturas\",\"https:\\\/\\\/www.instagram.com\\\/entreculturas\\\/\",\"https:\\\/\\\/www.youtube.com\\\/user\\\/entreculturasvideo\",\"https:\\\/\\\/www.linkedin.com\\\/company\\\/fundacion-entreculturas-ngdo\\\/\",\"https:\\\/\\\/www.flickr.com\\\/photos\\\/98455522@N04\\\/albums\\\/\"]}]}<\/script>\n<!-- \/ Yoast SEO Premium plugin. -->","yoast_head_json":{"title":"La historia de Mary en Tambura, Sud\u00e1n del Sur: del desplazamiento a la autonom\u00eda - Entreculturas","description":"Mary vive en un campamento en Sud\u00e1n del Sur y ha transformado su vida tras recibir apoyo psicosocial y formaci\u00f3n para emprender.","robots":{"index":"index","follow":"follow","max-snippet":"max-snippet:-1","max-image-preview":"max-image-preview:large","max-video-preview":"max-video-preview:-1"},"canonical":"https:\/\/www.entreculturas.org\/ca\/noticia\/la-historia-de-mary-en-tambura-sudan-del-sur-del-desplazamiento-a-la-autonomia\/","og_locale":"ca_ES","og_type":"article","og_title":"La historia de Mary en Tambura, Sud\u00e1n del Sur: del desplazamiento a la autonom\u00eda","og_description":"Mary vive en un campamento en Sud\u00e1n del Sur y ha transformado su vida tras recibir apoyo psicosocial y formaci\u00f3n para emprender.","og_url":"https:\/\/www.entreculturas.org\/ca\/noticia\/la-historia-de-mary-en-tambura-sudan-del-sur-del-desplazamiento-a-la-autonomia\/","og_site_name":"Entreculturas","article_publisher":"https:\/\/www.facebook.com\/entreculturas","article_modified_time":"2025-07-28T10:38:40+00:00","og_image":[{"width":2068,"height":900,"url":"https:\/\/www.entreculturas.org\/wp-content\/uploads\/2025\/07\/4321-2.jpg","type":"image\/jpeg"}],"twitter_card":"summary_large_image","twitter_site":"@Entreculturas","schema":{"@context":"https:\/\/schema.org","@graph":[{"@type":"WebPage","@id":"https:\/\/www.entreculturas.org\/ca\/noticia\/la-historia-de-mary-en-tambura-sudan-del-sur-del-desplazamiento-a-la-autonomia\/","url":"https:\/\/www.entreculturas.org\/ca\/noticia\/la-historia-de-mary-en-tambura-sudan-del-sur-del-desplazamiento-a-la-autonomia\/","name":"La historia de Mary en Tambura, Sud\u00e1n del Sur: del desplazamiento a la autonom\u00eda - Entreculturas","isPartOf":{"@id":"https:\/\/www.entreculturas.org\/ca\/#website"},"primaryImageOfPage":{"@id":"https:\/\/www.entreculturas.org\/ca\/noticia\/la-historia-de-mary-en-tambura-sudan-del-sur-del-desplazamiento-a-la-autonomia\/#primaryimage"},"image":{"@id":"https:\/\/www.entreculturas.org\/ca\/noticia\/la-historia-de-mary-en-tambura-sudan-del-sur-del-desplazamiento-a-la-autonomia\/#primaryimage"},"thumbnailUrl":"https:\/\/www.entreculturas.org\/wp-content\/uploads\/2025\/07\/4321-2.jpg","datePublished":"2025-07-28T10:38:37+00:00","dateModified":"2025-07-28T10:38:40+00:00","description":"Mary vive en un campamento en Sud\u00e1n del Sur y ha transformado su vida tras recibir apoyo psicosocial y formaci\u00f3n para emprender.","breadcrumb":{"@id":"https:\/\/www.entreculturas.org\/ca\/noticia\/la-historia-de-mary-en-tambura-sudan-del-sur-del-desplazamiento-a-la-autonomia\/#breadcrumb"},"inLanguage":"ca","potentialAction":[{"@type":"ReadAction","target":["https:\/\/www.entreculturas.org\/ca\/noticia\/la-historia-de-mary-en-tambura-sudan-del-sur-del-desplazamiento-a-la-autonomia\/"]}]},{"@type":"ImageObject","inLanguage":"ca","@id":"https:\/\/www.entreculturas.org\/ca\/noticia\/la-historia-de-mary-en-tambura-sudan-del-sur-del-desplazamiento-a-la-autonomia\/#primaryimage","url":"https:\/\/www.entreculturas.org\/wp-content\/uploads\/2025\/07\/4321-2.jpg","contentUrl":"https:\/\/www.entreculturas.org\/wp-content\/uploads\/2025\/07\/4321-2.jpg","width":2068,"height":900,"caption":"Historia de Mary en Tambura"},{"@type":"BreadcrumbList","@id":"https:\/\/www.entreculturas.org\/ca\/noticia\/la-historia-de-mary-en-tambura-sudan-del-sur-del-desplazamiento-a-la-autonomia\/#breadcrumb","itemListElement":[{"@type":"ListItem","position":1,"name":"Home","item":"https:\/\/www.entreculturas.org\/ca\/"},{"@type":"ListItem","position":2,"name":"Noticias","item":"https:\/\/www.entreculturas.org\/ca\/noticias\/"},{"@type":"ListItem","position":3,"name":"La historia de Mary en Tambura, Sud\u00e1n del Sur: del desplazamiento a la autonom\u00eda"}]},{"@type":"WebSite","@id":"https:\/\/www.entreculturas.org\/ca\/#website","url":"https:\/\/www.entreculturas.org\/ca\/","name":"Entreculturas","description":"","publisher":{"@id":"https:\/\/www.entreculturas.org\/ca\/#organization"},"alternateName":"Entreculturas","potentialAction":[{"@type":"SearchAction","target":{"@type":"EntryPoint","urlTemplate":"https:\/\/www.entreculturas.org\/ca\/?s={search_term_string}"},"query-input":{"@type":"PropertyValueSpecification","valueRequired":true,"valueName":"search_term_string"}}],"inLanguage":"ca"},{"@type":"Organization","@id":"https:\/\/www.entreculturas.org\/ca\/#organization","name":"Entreculturas","url":"https:\/\/www.entreculturas.org\/ca\/","logo":{"@type":"ImageObject","inLanguage":"ca","@id":"https:\/\/www.entreculturas.org\/ca\/#\/schema\/logo\/image\/","url":"https:\/\/www.entreculturas.org\/wp-content\/uploads\/2025\/10\/ESP.svg","contentUrl":"https:\/\/www.entreculturas.org\/wp-content\/uploads\/2025\/10\/ESP.svg","caption":"Entreculturas"},"image":{"@id":"https:\/\/www.entreculturas.org\/ca\/#\/schema\/logo\/image\/"},"sameAs":["https:\/\/www.facebook.com\/entreculturas","https:\/\/x.com\/Entreculturas","https:\/\/www.instagram.com\/entreculturas\/","https:\/\/www.youtube.com\/user\/entreculturasvideo","https:\/\/www.linkedin.com\/company\/fundacion-entreculturas-ngdo\/","https:\/\/www.flickr.com\/photos\/98455522@N04\/albums\/"]}]}},"_links":{"self":[{"href":"https:\/\/www.entreculturas.org\/ca\/wp-json\/wp\/v2\/noticia\/41404","targetHints":{"allow":["GET"]}}],"collection":[{"href":"https:\/\/www.entreculturas.org\/ca\/wp-json\/wp\/v2\/noticia"}],"about":[{"href":"https:\/\/www.entreculturas.org\/ca\/wp-json\/wp\/v2\/types\/noticia"}],"wp:featuredmedia":[{"embeddable":true,"href":"https:\/\/www.entreculturas.org\/ca\/wp-json\/wp\/v2\/media\/41406"}],"wp:attachment":[{"href":"https:\/\/www.entreculturas.org\/ca\/wp-json\/wp\/v2\/media?parent=41404"}],"wp:term":[{"taxonomy":"category","embeddable":true,"href":"https:\/\/www.entreculturas.org\/ca\/wp-json\/wp\/v2\/categories?post=41404"},{"taxonomy":"post_tag","embeddable":true,"href":"https:\/\/www.entreculturas.org\/ca\/wp-json\/wp\/v2\/tags?post=41404"},{"taxonomy":"country","embeddable":true,"href":"https:\/\/www.entreculturas.org\/ca\/wp-json\/wp\/v2\/country?post=41404"},{"taxonomy":"cause","embeddable":true,"href":"https:\/\/www.entreculturas.org\/ca\/wp-json\/wp\/v2\/cause?post=41404"}],"curies":[{"name":"wp","href":"https:\/\/api.w.org\/{rel}","templated":true}]}}