{"id":4044,"date":"2019-12-05T08:56:44","date_gmt":"2019-12-05T08:56:44","guid":{"rendered":"https:\/\/entreculturasi.wpenginepowered.com\/?noticias=voluntariado-que-construye-ciudadania-global"},"modified":"2024-03-14T15:03:37","modified_gmt":"2024-03-14T14:03:37","slug":"voluntariado-que-construye-ciudadania-global","status":"publish","type":"noticia","link":"https:\/\/www.entreculturas.org\/ca\/noticia\/voluntariado-que-construye-ciudadania-global\/","title":{"rendered":"VOLUNTARIADO QUE CONSTRUYE CIUDADAN\u00cdA GLOBAL"},"content":{"rendered":"<p>Hoy, D\u00eda Internacional del Voluntariado, ALBOAN y Entreculturas queremos reivindicar la labor del voluntariado en cooperaci\u00f3n internacional como <strong>escuela de participaci\u00f3n ciudadana<\/strong> que lucha por una vida digna para todos los y las habitantes del planeta. En un contexto de crisis de la democracia, el voluntariado es uno de los cauces de participaci\u00f3n pol\u00edtica que sirve para demandar mayores garant\u00edas sociales. Especialmente, ante el auge de discursos de odio y xenofobia que se centra en migrantes, refugiados o simplemente personas en condici\u00f3n de pobreza,<strong> el voluntariado es una expresi\u00f3n de puente y promoci\u00f3n de la cultura de la hospitalidad,<\/strong> reconoci\u00e9ndonos como integrantes de una misma humanidad. Adem\u00e1s, esta expresi\u00f3n de compromiso ciudadano, tiene un papel relevante en la construcci\u00f3n de un mundo m\u00e1s equitativo y justo tal y como pretenden los Objetivos de Desarrollo Sostenible.<\/p>\n<p>El voluntariado que promovemos ALBOAN y Entreculturas se concreta tanto en propuestas de voluntariado en nuestro territorio como en programas de voluntariado internacional de corta (un mes) y larga duraci\u00f3n (uno o dos a\u00f1os).&nbsp;<\/p>\n<\/p>\n<p>Creemos firmemente que el voluntariado no es s\u00f3lo una pr\u00e1ctica, no se reduce a hacer; <strong>es un modo de ser y estar en la vida ante la realidad de nuestro mundo.<\/strong> Con los ojos bien abiertos, las distintas situaciones superan la barrera del propio individuo y afectan, remueven, cuestionan e interpelan. Ante estos movimientos internos, la vida pide expresiones, y es cuando la persona se pone en marcha en una acci\u00f3n colectiva y, a trav\u00e9s de distintas organizaciones, movimientos, plataformas, llega el momento de la acci\u00f3n.<\/p>\n<p>El voluntariado es una de las v\u00edas m\u00e1s completas y comprometidas (por realizarse de manera colectiva y por su gratuidad) para participar activamente en la construcci\u00f3n de sociedades m\u00e1s democr\u00e1ticas y solidarias tanto local como globalmente. La motivaci\u00f3n no es el propio inter\u00e9s (aunque a veces sea \u00e9sa una puerta de entrada), sino el bien com\u00fan.<strong> Dejarse tocar y transformar personalmente para salir al mundo a manifestar<\/strong>, de modos muy diversos, la indignaci\u00f3n, el inconformismo, el hartazgo\u2026 con el objetivo de la transformaci\u00f3n social e institucional. A trav\u00e9s de experiencias de voluntariado en otros pa\u00edses, en centros educativos, en la calle, dialogando con representantes pol\u00edticos e institucionales, en el \u00e1mbito empresarial,&#8230; Entreverados\/as en la trama de la vida all\u00e1 donde se pueda denunciar la injusticia y anunciar, con esperanza, que la alternativa es posible, necesaria y urgente.&nbsp;<\/p>\n<p><img decoding=\"async\" alt=\"\" height=\"1089\" src=\"https:\/\/www.entreculturas.org\/wp-content\/uploads\/2019\/12\/sara_y_jessica_1.jpg\" width=\"800\"><\/p>\n<p>En este d\u00eda, adem\u00e1s, demandamos a las administraciones p\u00fablicas y a nuestra representaci\u00f3n pol\u00edtica la <strong>visibilizaci\u00f3n y el fomento del voluntariado en cooperaci\u00f3n internacional con medidas concretas que promuevan y faciliten la participaci\u00f3n ciudadana<\/strong>. Solicitamos, adem\u00e1s,&nbsp;que se tenga en cuenta especialmente el voluntariado internacional que necesita un <strong>marco legal espec\u00edfico<\/strong> que lo regule acorde al de otras instituciones europeas y que as\u00ed responda a la idiosincrasia de estos programas, as\u00ed como medidas de fomento que lo saquen del ostracismo y que muestren su aporte de valor a la cooperaci\u00f3n internacional espa\u00f1ola. <span style=\"color:#be0102\"><strong>#VoluntariadoEsCooperaci\u00f3n.<\/strong><\/span><\/p>\n<p>Hoy, 5 de diciembre, y todos los d\u00edas, queremos agradecer a los cientos de personas voluntarias que en ALBOAN y Entreculturas demuestran con su compromiso gratuito que la realidad es transformable y que otro mundo m\u00e1s justo y sostenible est\u00e1 hoy un poquito m\u00e1s cerca.&nbsp;<br \/>&nbsp;<\/p>\n<p>&nbsp;<\/p><\/p>\n","protected":false},"excerpt":{"rendered":"<p>Hoy, D\u00eda Internacional del Voluntariado, ALBOAN y Entreculturas queremos reivindicar la labor del voluntariado en cooperaci\u00f3n internacional como escuela de participaci\u00f3n ciudadana que lucha por una vida digna para todos los y las habitantes del planeta. Esta expresi\u00f3n de compromiso ciudadano, tiene un papel relevante en la construcci\u00f3n de un mundo m\u00e1s equitativo y justo tal y como pretenden los Objetivos de Desarrollo Sostenible.<\/p>\n","protected":false},"featured_media":4042,"template":"single-noticia","meta":{"_acf_changed":false},"categories":[7],"tags":[8],"country":[],"cause":[132],"class_list":["post-4044","noticia","type-noticia","status-publish","has-post-thumbnail","hentry","category-noticia","tag-participacion-y-ciudadania-global","cause-participacion-y-ciudadania-global"],"acf":[],"yoast_head":"<!-- This site is optimized with the Yoast SEO Premium plugin v21.6 (Yoast SEO v27.5) - https:\/\/yoast.com\/product\/yoast-seo-premium-wordpress\/ -->\n<title>VOLUNTARIADO QUE CONSTRUYE CIUDADAN\u00cdA GLOBAL - Entreculturas<\/title>\n<meta name=\"robots\" content=\"index, follow, max-snippet:-1, max-image-preview:large, max-video-preview:-1\" \/>\n<link rel=\"canonical\" href=\"https:\/\/www.entreculturas.org\/ca\/noticia\/voluntariado-que-construye-ciudadania-global\/\" \/>\n<meta property=\"og:locale\" content=\"ca_ES\" \/>\n<meta property=\"og:type\" content=\"article\" \/>\n<meta property=\"og:title\" content=\"VOLUNTARIADO QUE CONSTRUYE CIUDADAN\u00cdA GLOBAL\" \/>\n<meta property=\"og:description\" content=\"Hoy, D\u00eda Internacional del Voluntariado, ALBOAN y Entreculturas queremos reivindicar la labor del voluntariado en cooperaci\u00f3n internacional como escuela de participaci\u00f3n ciudadana que lucha por una vida digna para todos los y las habitantes del planeta. Esta expresi\u00f3n de compromiso ciudadano, tiene un papel relevante en la construcci\u00f3n de un mundo m\u00e1s equitativo y justo tal y como pretenden los Objetivos de Desarrollo Sostenible.\" \/>\n<meta property=\"og:url\" content=\"https:\/\/www.entreculturas.org\/ca\/noticia\/voluntariado-que-construye-ciudadania-global\/\" \/>\n<meta property=\"og:site_name\" content=\"Entreculturas\" \/>\n<meta property=\"article:publisher\" content=\"https:\/\/www.facebook.com\/entreculturas\" \/>\n<meta property=\"article:modified_time\" content=\"2024-03-14T14:03:37+00:00\" \/>\n<meta property=\"og:image\" content=\"https:\/\/www.entreculturas.org\/wp-content\/uploads\/2019\/12\/dia-voluntariado.jpg\" \/>\n\t<meta property=\"og:image:width\" content=\"800\" \/>\n\t<meta property=\"og:image:height\" content=\"533\" \/>\n\t<meta property=\"og:image:type\" content=\"image\/jpeg\" \/>\n<meta name=\"twitter:card\" content=\"summary_large_image\" \/>\n<meta name=\"twitter:site\" content=\"@Entreculturas\" \/>\n<script type=\"application\/ld+json\" class=\"yoast-schema-graph\">{\"@context\":\"https:\\\/\\\/schema.org\",\"@graph\":[{\"@type\":\"WebPage\",\"@id\":\"https:\\\/\\\/www.entreculturas.org\\\/ca\\\/noticia\\\/voluntariado-que-construye-ciudadania-global\\\/\",\"url\":\"https:\\\/\\\/www.entreculturas.org\\\/ca\\\/noticia\\\/voluntariado-que-construye-ciudadania-global\\\/\",\"name\":\"VOLUNTARIADO QUE CONSTRUYE CIUDADAN\u00cdA GLOBAL - Entreculturas\",\"isPartOf\":{\"@id\":\"https:\\\/\\\/www.entreculturas.org\\\/ca\\\/#website\"},\"primaryImageOfPage\":{\"@id\":\"https:\\\/\\\/www.entreculturas.org\\\/ca\\\/noticia\\\/voluntariado-que-construye-ciudadania-global\\\/#primaryimage\"},\"image\":{\"@id\":\"https:\\\/\\\/www.entreculturas.org\\\/ca\\\/noticia\\\/voluntariado-que-construye-ciudadania-global\\\/#primaryimage\"},\"thumbnailUrl\":\"https:\\\/\\\/www.entreculturas.org\\\/wp-content\\\/uploads\\\/2019\\\/12\\\/dia-voluntariado.jpg\",\"datePublished\":\"2019-12-05T08:56:44+00:00\",\"dateModified\":\"2024-03-14T14:03:37+00:00\",\"breadcrumb\":{\"@id\":\"https:\\\/\\\/www.entreculturas.org\\\/ca\\\/noticia\\\/voluntariado-que-construye-ciudadania-global\\\/#breadcrumb\"},\"inLanguage\":\"ca\",\"potentialAction\":[{\"@type\":\"ReadAction\",\"target\":[\"https:\\\/\\\/www.entreculturas.org\\\/ca\\\/noticia\\\/voluntariado-que-construye-ciudadania-global\\\/\"]}]},{\"@type\":\"ImageObject\",\"inLanguage\":\"ca\",\"@id\":\"https:\\\/\\\/www.entreculturas.org\\\/ca\\\/noticia\\\/voluntariado-que-construye-ciudadania-global\\\/#primaryimage\",\"url\":\"https:\\\/\\\/www.entreculturas.org\\\/wp-content\\\/uploads\\\/2019\\\/12\\\/dia-voluntariado.jpg\",\"contentUrl\":\"https:\\\/\\\/www.entreculturas.org\\\/wp-content\\\/uploads\\\/2019\\\/12\\\/dia-voluntariado.jpg\",\"width\":800,\"height\":533},{\"@type\":\"BreadcrumbList\",\"@id\":\"https:\\\/\\\/www.entreculturas.org\\\/ca\\\/noticia\\\/voluntariado-que-construye-ciudadania-global\\\/#breadcrumb\",\"itemListElement\":[{\"@type\":\"ListItem\",\"position\":1,\"name\":\"Home\",\"item\":\"https:\\\/\\\/www.entreculturas.org\\\/ca\\\/\"},{\"@type\":\"ListItem\",\"position\":2,\"name\":\"Noticias\",\"item\":\"https:\\\/\\\/www.entreculturas.org\\\/ca\\\/noticias\\\/\"},{\"@type\":\"ListItem\",\"position\":3,\"name\":\"VOLUNTARIADO QUE CONSTRUYE CIUDADAN\u00cdA GLOBAL\"}]},{\"@type\":\"WebSite\",\"@id\":\"https:\\\/\\\/www.entreculturas.org\\\/ca\\\/#website\",\"url\":\"https:\\\/\\\/www.entreculturas.org\\\/ca\\\/\",\"name\":\"Entreculturas\",\"description\":\"\",\"publisher\":{\"@id\":\"https:\\\/\\\/www.entreculturas.org\\\/ca\\\/#organization\"},\"alternateName\":\"Entreculturas\",\"potentialAction\":[{\"@type\":\"SearchAction\",\"target\":{\"@type\":\"EntryPoint\",\"urlTemplate\":\"https:\\\/\\\/www.entreculturas.org\\\/ca\\\/?s={search_term_string}\"},\"query-input\":{\"@type\":\"PropertyValueSpecification\",\"valueRequired\":true,\"valueName\":\"search_term_string\"}}],\"inLanguage\":\"ca\"},{\"@type\":\"Organization\",\"@id\":\"https:\\\/\\\/www.entreculturas.org\\\/ca\\\/#organization\",\"name\":\"Entreculturas\",\"url\":\"https:\\\/\\\/www.entreculturas.org\\\/ca\\\/\",\"logo\":{\"@type\":\"ImageObject\",\"inLanguage\":\"ca\",\"@id\":\"https:\\\/\\\/www.entreculturas.org\\\/ca\\\/#\\\/schema\\\/logo\\\/image\\\/\",\"url\":\"https:\\\/\\\/www.entreculturas.org\\\/wp-content\\\/uploads\\\/2025\\\/10\\\/ESP.svg\",\"contentUrl\":\"https:\\\/\\\/www.entreculturas.org\\\/wp-content\\\/uploads\\\/2025\\\/10\\\/ESP.svg\",\"caption\":\"Entreculturas\"},\"image\":{\"@id\":\"https:\\\/\\\/www.entreculturas.org\\\/ca\\\/#\\\/schema\\\/logo\\\/image\\\/\"},\"sameAs\":[\"https:\\\/\\\/www.facebook.com\\\/entreculturas\",\"https:\\\/\\\/x.com\\\/Entreculturas\",\"https:\\\/\\\/www.instagram.com\\\/entreculturas\\\/\",\"https:\\\/\\\/www.youtube.com\\\/user\\\/entreculturasvideo\",\"https:\\\/\\\/www.linkedin.com\\\/company\\\/fundacion-entreculturas-ngdo\\\/\",\"https:\\\/\\\/www.flickr.com\\\/photos\\\/98455522@N04\\\/albums\\\/\"]}]}<\/script>\n<!-- \/ Yoast SEO Premium plugin. -->","yoast_head_json":{"title":"VOLUNTARIADO QUE CONSTRUYE CIUDADAN\u00cdA GLOBAL - Entreculturas","robots":{"index":"index","follow":"follow","max-snippet":"max-snippet:-1","max-image-preview":"max-image-preview:large","max-video-preview":"max-video-preview:-1"},"canonical":"https:\/\/www.entreculturas.org\/ca\/noticia\/voluntariado-que-construye-ciudadania-global\/","og_locale":"ca_ES","og_type":"article","og_title":"VOLUNTARIADO QUE CONSTRUYE CIUDADAN\u00cdA GLOBAL","og_description":"Hoy, D\u00eda Internacional del Voluntariado, ALBOAN y Entreculturas queremos reivindicar la labor del voluntariado en cooperaci\u00f3n internacional como escuela de participaci\u00f3n ciudadana que lucha por una vida digna para todos los y las habitantes del planeta. Esta expresi\u00f3n de compromiso ciudadano, tiene un papel relevante en la construcci\u00f3n de un mundo m\u00e1s equitativo y justo tal y como pretenden los Objetivos de Desarrollo Sostenible.","og_url":"https:\/\/www.entreculturas.org\/ca\/noticia\/voluntariado-que-construye-ciudadania-global\/","og_site_name":"Entreculturas","article_publisher":"https:\/\/www.facebook.com\/entreculturas","article_modified_time":"2024-03-14T14:03:37+00:00","og_image":[{"width":800,"height":533,"url":"https:\/\/www.entreculturas.org\/wp-content\/uploads\/2019\/12\/dia-voluntariado.jpg","type":"image\/jpeg"}],"twitter_card":"summary_large_image","twitter_site":"@Entreculturas","schema":{"@context":"https:\/\/schema.org","@graph":[{"@type":"WebPage","@id":"https:\/\/www.entreculturas.org\/ca\/noticia\/voluntariado-que-construye-ciudadania-global\/","url":"https:\/\/www.entreculturas.org\/ca\/noticia\/voluntariado-que-construye-ciudadania-global\/","name":"VOLUNTARIADO QUE CONSTRUYE CIUDADAN\u00cdA GLOBAL - Entreculturas","isPartOf":{"@id":"https:\/\/www.entreculturas.org\/ca\/#website"},"primaryImageOfPage":{"@id":"https:\/\/www.entreculturas.org\/ca\/noticia\/voluntariado-que-construye-ciudadania-global\/#primaryimage"},"image":{"@id":"https:\/\/www.entreculturas.org\/ca\/noticia\/voluntariado-que-construye-ciudadania-global\/#primaryimage"},"thumbnailUrl":"https:\/\/www.entreculturas.org\/wp-content\/uploads\/2019\/12\/dia-voluntariado.jpg","datePublished":"2019-12-05T08:56:44+00:00","dateModified":"2024-03-14T14:03:37+00:00","breadcrumb":{"@id":"https:\/\/www.entreculturas.org\/ca\/noticia\/voluntariado-que-construye-ciudadania-global\/#breadcrumb"},"inLanguage":"ca","potentialAction":[{"@type":"ReadAction","target":["https:\/\/www.entreculturas.org\/ca\/noticia\/voluntariado-que-construye-ciudadania-global\/"]}]},{"@type":"ImageObject","inLanguage":"ca","@id":"https:\/\/www.entreculturas.org\/ca\/noticia\/voluntariado-que-construye-ciudadania-global\/#primaryimage","url":"https:\/\/www.entreculturas.org\/wp-content\/uploads\/2019\/12\/dia-voluntariado.jpg","contentUrl":"https:\/\/www.entreculturas.org\/wp-content\/uploads\/2019\/12\/dia-voluntariado.jpg","width":800,"height":533},{"@type":"BreadcrumbList","@id":"https:\/\/www.entreculturas.org\/ca\/noticia\/voluntariado-que-construye-ciudadania-global\/#breadcrumb","itemListElement":[{"@type":"ListItem","position":1,"name":"Home","item":"https:\/\/www.entreculturas.org\/ca\/"},{"@type":"ListItem","position":2,"name":"Noticias","item":"https:\/\/www.entreculturas.org\/ca\/noticias\/"},{"@type":"ListItem","position":3,"name":"VOLUNTARIADO QUE CONSTRUYE CIUDADAN\u00cdA GLOBAL"}]},{"@type":"WebSite","@id":"https:\/\/www.entreculturas.org\/ca\/#website","url":"https:\/\/www.entreculturas.org\/ca\/","name":"Entreculturas","description":"","publisher":{"@id":"https:\/\/www.entreculturas.org\/ca\/#organization"},"alternateName":"Entreculturas","potentialAction":[{"@type":"SearchAction","target":{"@type":"EntryPoint","urlTemplate":"https:\/\/www.entreculturas.org\/ca\/?s={search_term_string}"},"query-input":{"@type":"PropertyValueSpecification","valueRequired":true,"valueName":"search_term_string"}}],"inLanguage":"ca"},{"@type":"Organization","@id":"https:\/\/www.entreculturas.org\/ca\/#organization","name":"Entreculturas","url":"https:\/\/www.entreculturas.org\/ca\/","logo":{"@type":"ImageObject","inLanguage":"ca","@id":"https:\/\/www.entreculturas.org\/ca\/#\/schema\/logo\/image\/","url":"https:\/\/www.entreculturas.org\/wp-content\/uploads\/2025\/10\/ESP.svg","contentUrl":"https:\/\/www.entreculturas.org\/wp-content\/uploads\/2025\/10\/ESP.svg","caption":"Entreculturas"},"image":{"@id":"https:\/\/www.entreculturas.org\/ca\/#\/schema\/logo\/image\/"},"sameAs":["https:\/\/www.facebook.com\/entreculturas","https:\/\/x.com\/Entreculturas","https:\/\/www.instagram.com\/entreculturas\/","https:\/\/www.youtube.com\/user\/entreculturasvideo","https:\/\/www.linkedin.com\/company\/fundacion-entreculturas-ngdo\/","https:\/\/www.flickr.com\/photos\/98455522@N04\/albums\/"]}]}},"_links":{"self":[{"href":"https:\/\/www.entreculturas.org\/ca\/wp-json\/wp\/v2\/noticia\/4044","targetHints":{"allow":["GET"]}}],"collection":[{"href":"https:\/\/www.entreculturas.org\/ca\/wp-json\/wp\/v2\/noticia"}],"about":[{"href":"https:\/\/www.entreculturas.org\/ca\/wp-json\/wp\/v2\/types\/noticia"}],"wp:featuredmedia":[{"embeddable":true,"href":"https:\/\/www.entreculturas.org\/ca\/wp-json\/wp\/v2\/media\/4042"}],"wp:attachment":[{"href":"https:\/\/www.entreculturas.org\/ca\/wp-json\/wp\/v2\/media?parent=4044"}],"wp:term":[{"taxonomy":"category","embeddable":true,"href":"https:\/\/www.entreculturas.org\/ca\/wp-json\/wp\/v2\/categories?post=4044"},{"taxonomy":"post_tag","embeddable":true,"href":"https:\/\/www.entreculturas.org\/ca\/wp-json\/wp\/v2\/tags?post=4044"},{"taxonomy":"country","embeddable":true,"href":"https:\/\/www.entreculturas.org\/ca\/wp-json\/wp\/v2\/country?post=4044"},{"taxonomy":"cause","embeddable":true,"href":"https:\/\/www.entreculturas.org\/ca\/wp-json\/wp\/v2\/cause?post=4044"}],"curies":[{"name":"wp","href":"https:\/\/api.w.org\/{rel}","templated":true}]}}