{"id":40390,"date":"2025-07-09T11:40:50","date_gmt":"2025-07-09T09:40:50","guid":{"rendered":"https:\/\/www.entreculturas.org\/?post_type=noticia&#038;p=40390"},"modified":"2025-07-29T09:55:14","modified_gmt":"2025-07-29T07:55:14","slug":"voluntariado-empresarial-moda-sostenible-en-argentina","status":"publish","type":"noticia","link":"https:\/\/www.entreculturas.org\/ca\/noticia\/voluntariado-empresarial-moda-sostenible-en-argentina\/","title":{"rendered":"Voluntariado corporativo: moda sostenible en Argentina"},"content":{"rendered":"\n<p>La semana pasada, nuestra compa\u00f1era Lydia Caballero Escribano, T\u00e9cnica del \u00e1rea de Relaciones Instituciones y RSC, viaj\u00f3 a Argentina junto a tres personas voluntarias de la empresa textil Sedatex: Paula Abell\u00f3 Carb\u00f3, Gerard Oliver Salvador y Luca Fognini.<\/p>\n\n\n\n<p>Desde el a\u00f1o 2020, Sedatex colabora con distintas l\u00edneas del programa de Formaci\u00f3n para el Trabajo de Fe y Alegr\u00eda, que apoyamos desde Entreculturas, en varios pa\u00edses de Am\u00e9rica Latina, con especial \u00e9nfasis en el \u00e1rea textil. Este a\u00f1o, el voluntariado corporativo tuvo lugar en Argentina, marcando un hito significativo en nuestro compromiso con la educaci\u00f3n y la inclusi\u00f3n laboral. M\u00e1s que una visita institucional, fue una experiencia profundamente enriquecedora que permiti\u00f3 conectar con realidades inspiradoras, conocer de cerca los procesos formativos y compartir momentos que reafirman el poder transformador de la educaci\u00f3n.<\/p>\n\n\n\n<p>Desde Argentina, Lydia nos comparte una cr\u00f3nica que refleja el poder transformador de la educaci\u00f3n cuando llega all\u00ed donde m\u00e1s se necesita.<\/p>\n\n\n\n<h2 class=\"wp-block-heading\" id=\"h-moda-sostenible-encuentros-que-inspiran-y-fortalecen-el-trabajo-conjunto\"><strong><strong>Moda Sostenible: encuentros que inspiran y fortalecen el trabajo conjunto<\/strong><\/strong><\/h2>\n\n\n\n<p>Durante mi estancia en Buenos Aires, junto al equipo de voluntariado, recorrimos el Secundario de Adultos y el Centro de Formaci\u00f3n Profesional de San Miguel, espacios donde el aprendizaje se vive con compromiso y sentido comunitario. Despu\u00e9s, viajamos a Corrientes y de ah\u00ed a Taco Pozo, visitando el Instituto Profesional de Corrientes y la Escuela de Formaci\u00f3n Profesional de Taco Pozo, en la provincia de Chaco..<\/p>\n\n\n\n<p>En estos centros educativos, la formaci\u00f3n no se limita a transmitir conocimientos t\u00e9cnicos: se convierte en una herramienta para fortalecer identidades, abrir oportunidades laborales y generar autonom\u00eda en contextos atravesados por desigualdades. La ense\u00f1anza de oficios como la costura, el dise\u00f1o o el patronaje se vincula con los proyectos de vida del alumnado, especialmente de mujeres, y se teje con valores como la justicia, la sostenibilidad y el arraigo al territorio. All\u00ed donde llegan estas propuestas formativas, tambi\u00e9n llega una posibilidad concreta de futuro.<br><\/p>\n\n\n\n<figure class=\"wp-block-image aligncenter size-large is-resized\"><img decoding=\"async\" width=\"1320\" height=\"743\" src=\"https:\/\/www.entreculturas.org\/wp-content\/uploads\/2025\/07\/IMG_0600-edited.jpg\" alt=\"voluntariado empresarial 1\" class=\"wp-image-40438\" style=\"width:849px;height:auto\" srcset=\"https:\/\/www.entreculturas.org\/wp-content\/uploads\/2025\/07\/IMG_0600-edited.jpg 1320w, https:\/\/www.entreculturas.org\/wp-content\/uploads\/2025\/07\/IMG_0600-edited-300x169.jpg 300w, https:\/\/www.entreculturas.org\/wp-content\/uploads\/2025\/07\/IMG_0600-edited-1024x576.jpg 1024w, https:\/\/www.entreculturas.org\/wp-content\/uploads\/2025\/07\/IMG_0600-edited-768x432.jpg 768w\" sizes=\"(max-width: 1320px) 100vw, 1320px\" \/><\/figure>\n\n\n\n<h2 class=\"wp-block-heading\" id=\"h-la-educacion-es-un-viaje-que-transforma\">La educaci\u00f3n es un viaje que transforma<\/h2>\n\n\n\n<p>Uno de los momentos centrales de la visita fueron los talleres en Dise\u00f1o y Producci\u00f3n de Moda Sostenible, coordinados por las personas voluntarias de Sedatex. Este espacio de formaci\u00f3n fue mucho m\u00e1s que un taller; se convirti\u00f3 en un lugar de intercambio entre la realidad del d\u00eda a d\u00eda y nuevas ideas del mundo de la moda sostenible. Estudiantes y docentes participaron con mucho entusiasmo, demostrando que la moda tambi\u00e9n puede ser una herramienta para cuidar el medio ambiente y generar justicia.<\/p>\n\n\n\n<p>Este tipo de experiencias nos recuerdan que el voluntariado corporativo no es solo una oportunidad para ofrecer, sino tambi\u00e9n para aprender. Cuando quienes vienen del mundo empresarial se encuentran con comunidades educativas comprometidas con el cambio social, se genera un intercambio de saberes, visiones y valores que enriquece a todas las partes. Es en esa reciprocidad donde el voluntariado cobra todo su sentido: no como acci\u00f3n unidireccional, sino como un proceso compartido que fortalece v\u00ednculos, inspira transformaciones y reafirma que otro modelo de relaci\u00f3n empresa-sociedad es posible.<\/p>\n\n\n\n<figure class=\"wp-block-image aligncenter size-large is-resized\"><img decoding=\"async\" width=\"1320\" height=\"743\" src=\"https:\/\/www.entreculturas.org\/wp-content\/uploads\/2025\/07\/321-edited.jpg\" alt=\"voluntariado empresarial 2\n\" class=\"wp-image-40448\" style=\"width:839px;height:auto\" srcset=\"https:\/\/www.entreculturas.org\/wp-content\/uploads\/2025\/07\/321-edited.jpg 1320w, https:\/\/www.entreculturas.org\/wp-content\/uploads\/2025\/07\/321-edited-300x169.jpg 300w, https:\/\/www.entreculturas.org\/wp-content\/uploads\/2025\/07\/321-edited-1024x576.jpg 1024w, https:\/\/www.entreculturas.org\/wp-content\/uploads\/2025\/07\/321-edited-768x432.jpg 768w\" sizes=\"(max-width: 1320px) 100vw, 1320px\" \/><\/figure>\n\n\n\n<h2 class=\"wp-block-heading\" id=\"h-cuando-la-moda-consciente-va-mas-alla-de-la-tecnica-y-es-un-compromiso-social\">Cuando la moda consciente va m\u00e1s all\u00e1 de la t\u00e9cnica y es un compromiso social<\/h2>\n\n\n\n<p>En esos espacios, m\u00e1s all\u00e1 de las telas, el dise\u00f1o y el marketing, se present\u00f3 una nueva manera de entender la moda: una moda consciente del impacto ambiental y social, y justa con quienes la producen. La propuesta de los voluntarios y voluntarias, brind\u00f3 no solo t\u00e9cnicas, sino tambi\u00e9n una mirada cr\u00edtica fomentando el trabajo en equipo y la reflexi\u00f3n.<\/p>\n\n\n\n<p>Cuando se unen esfuerzos con compromiso y visi\u00f3n compartida, es posible construir caminos de cambio a trav\u00e9s de la educaci\u00f3n. Desde Entreculturas agradecemos a Sedatex por su dedicaci\u00f3n, y a Fe y Alegr\u00eda por ser una aliada clave en este proceso de transformaci\u00f3n social. Juntas, seguimos tejiendo redes que inspiran, fortalecen y abren puertas hacia un futuro m\u00e1s justo y sostenible.<br><\/p>\n\n\n\n<div class=\"wp-block-columns is-layout-flex wp-container-core-columns-is-layout-c6a03c77 wp-block-columns-is-layout-flex\" style=\"padding-right:var(--wp--preset--spacing--80);padding-left:var(--wp--preset--spacing--80)\">\n<div class=\"wp-block-column is-layout-flow wp-block-column-is-layout-flow\" style=\"padding-right:var(--wp--preset--spacing--80);padding-left:var(--wp--preset--spacing--80);flex-basis:100%\">\n<figure class=\"wp-block-embed is-type-video is-provider-youtube wp-block-embed-youtube wp-embed-aspect-16-9 wp-has-aspect-ratio\"><div class=\"wp-block-embed__wrapper\">\n<iframe loading=\"lazy\" title=\"Voluntariado empresarial: moda sostenible en Argentina\" width=\"500\" height=\"281\" src=\"https:\/\/www.youtube.com\/embed\/CRbuZEOmtRo?feature=oembed\" frameborder=\"0\" allow=\"accelerometer; autoplay; clipboard-write; encrypted-media; gyroscope; picture-in-picture; web-share\" referrerpolicy=\"strict-origin-when-cross-origin\" allowfullscreen><\/iframe>\n<\/div><\/figure>\n<\/div>\n<\/div>\n","protected":false},"excerpt":{"rendered":"<p>La semana pasada, nuestra compa\u00f1era Lydia Caballero Escribano, T\u00e9cnica del \u00e1rea de Relaciones Instituciones y RSC, viaj\u00f3 a Argentina junto a tres personas voluntarias de la empresa textil Sedatex: Paula Abell\u00f3 Carb\u00f3, Gerard Oliver Salvador y Luca Fognini. Desde el a\u00f1o 2020, Sedatex colabora con distintas l\u00edneas del programa de Formaci\u00f3n para el Trabajo de Fe y Alegr\u00eda, que apoyamos desde Entreculturas, en varios pa\u00edses de Am\u00e9rica Latina, con especial \u00e9nfasis en el \u00e1rea textil. Este a\u00f1o, el voluntariado corporativo tuvo lugar en Argentina, marcando un hito significativo en nuestro compromiso con la educaci\u00f3n y la inclusi\u00f3n laboral. M\u00e1s que una visita institucional, fue una experiencia profundamente enriquecedora que permiti\u00f3 conectar con realidades inspiradoras, conocer de cerca los procesos formativos y compartir momentos que reafirman el poder transformador de la educaci\u00f3n. Desde Argentina, Lydia nos comparte una cr\u00f3nica que refleja el poder transformador de la educaci\u00f3n cuando llega all\u00ed donde [&hellip;]<\/p>\n","protected":false},"featured_media":40423,"template":"","meta":{"_acf_changed":false},"categories":[7],"tags":[191],"country":[],"cause":[],"class_list":["post-40390","noticia","type-noticia","status-publish","has-post-thumbnail","hentry","category-noticia","tag-voluntariado"],"acf":[],"yoast_head":"<!-- This site is optimized with the Yoast SEO Premium plugin v21.6 (Yoast SEO v27.5) - https:\/\/yoast.com\/product\/yoast-seo-premium-wordpress\/ -->\n<title>Voluntariado corporativo: moda sostenible en Argentina - Entreculturas<\/title>\n<meta name=\"description\" content=\"Lydia nos comparte una cr\u00f3nica del voluntariado corporativoque visit\u00f3 el programa de Formaci\u00f3n para el Trabajo de Fe y Alegr\u00eda.\" \/>\n<meta name=\"robots\" content=\"index, follow, max-snippet:-1, max-image-preview:large, max-video-preview:-1\" \/>\n<link rel=\"canonical\" href=\"https:\/\/www.entreculturas.org\/ca\/noticia\/voluntariado-empresarial-moda-sostenible-en-argentina\/\" \/>\n<meta property=\"og:locale\" content=\"ca_ES\" \/>\n<meta property=\"og:type\" content=\"article\" \/>\n<meta property=\"og:title\" content=\"Voluntariado corporativo: moda sostenible en Argentina\" \/>\n<meta property=\"og:description\" content=\"Lydia nos comparte una cr\u00f3nica del voluntariado corporativoque visit\u00f3 el programa de Formaci\u00f3n para el Trabajo de Fe y Alegr\u00eda.\" \/>\n<meta property=\"og:url\" content=\"https:\/\/www.entreculturas.org\/ca\/noticia\/voluntariado-empresarial-moda-sostenible-en-argentina\/\" \/>\n<meta property=\"og:site_name\" content=\"Entreculturas\" \/>\n<meta property=\"article:publisher\" content=\"https:\/\/www.facebook.com\/entreculturas\" \/>\n<meta property=\"article:modified_time\" content=\"2025-07-29T07:55:14+00:00\" \/>\n<meta property=\"og:image\" content=\"https:\/\/www.entreculturas.org\/wp-content\/uploads\/2025\/07\/123.jpg\" \/>\n\t<meta property=\"og:image:width\" content=\"1188\" \/>\n\t<meta property=\"og:image:height\" content=\"450\" \/>\n\t<meta property=\"og:image:type\" content=\"image\/jpeg\" \/>\n<meta name=\"twitter:card\" content=\"summary_large_image\" \/>\n<meta name=\"twitter:site\" content=\"@Entreculturas\" \/>\n<script type=\"application\/ld+json\" class=\"yoast-schema-graph\">{\"@context\":\"https:\\\/\\\/schema.org\",\"@graph\":[{\"@type\":\"WebPage\",\"@id\":\"https:\\\/\\\/www.entreculturas.org\\\/ca\\\/noticia\\\/voluntariado-empresarial-moda-sostenible-en-argentina\\\/\",\"url\":\"https:\\\/\\\/www.entreculturas.org\\\/ca\\\/noticia\\\/voluntariado-empresarial-moda-sostenible-en-argentina\\\/\",\"name\":\"Voluntariado corporativo: moda sostenible en Argentina - Entreculturas\",\"isPartOf\":{\"@id\":\"https:\\\/\\\/www.entreculturas.org\\\/ca\\\/#website\"},\"primaryImageOfPage\":{\"@id\":\"https:\\\/\\\/www.entreculturas.org\\\/ca\\\/noticia\\\/voluntariado-empresarial-moda-sostenible-en-argentina\\\/#primaryimage\"},\"image\":{\"@id\":\"https:\\\/\\\/www.entreculturas.org\\\/ca\\\/noticia\\\/voluntariado-empresarial-moda-sostenible-en-argentina\\\/#primaryimage\"},\"thumbnailUrl\":\"https:\\\/\\\/www.entreculturas.org\\\/wp-content\\\/uploads\\\/2025\\\/07\\\/123.jpg\",\"datePublished\":\"2025-07-09T09:40:50+00:00\",\"dateModified\":\"2025-07-29T07:55:14+00:00\",\"description\":\"Lydia nos comparte una cr\u00f3nica del voluntariado corporativoque visit\u00f3 el programa de Formaci\u00f3n para el Trabajo de Fe y Alegr\u00eda.\",\"breadcrumb\":{\"@id\":\"https:\\\/\\\/www.entreculturas.org\\\/ca\\\/noticia\\\/voluntariado-empresarial-moda-sostenible-en-argentina\\\/#breadcrumb\"},\"inLanguage\":\"ca\",\"potentialAction\":[{\"@type\":\"ReadAction\",\"target\":[\"https:\\\/\\\/www.entreculturas.org\\\/ca\\\/noticia\\\/voluntariado-empresarial-moda-sostenible-en-argentina\\\/\"]}]},{\"@type\":\"ImageObject\",\"inLanguage\":\"ca\",\"@id\":\"https:\\\/\\\/www.entreculturas.org\\\/ca\\\/noticia\\\/voluntariado-empresarial-moda-sostenible-en-argentina\\\/#primaryimage\",\"url\":\"https:\\\/\\\/www.entreculturas.org\\\/wp-content\\\/uploads\\\/2025\\\/07\\\/123.jpg\",\"contentUrl\":\"https:\\\/\\\/www.entreculturas.org\\\/wp-content\\\/uploads\\\/2025\\\/07\\\/123.jpg\",\"width\":1188,\"height\":450,\"caption\":\"voluntariado empresarial\"},{\"@type\":\"BreadcrumbList\",\"@id\":\"https:\\\/\\\/www.entreculturas.org\\\/ca\\\/noticia\\\/voluntariado-empresarial-moda-sostenible-en-argentina\\\/#breadcrumb\",\"itemListElement\":[{\"@type\":\"ListItem\",\"position\":1,\"name\":\"Home\",\"item\":\"https:\\\/\\\/www.entreculturas.org\\\/ca\\\/\"},{\"@type\":\"ListItem\",\"position\":2,\"name\":\"Noticias\",\"item\":\"https:\\\/\\\/www.entreculturas.org\\\/ca\\\/noticias\\\/\"},{\"@type\":\"ListItem\",\"position\":3,\"name\":\"Voluntariado corporativo: moda sostenible en Argentina\"}]},{\"@type\":\"WebSite\",\"@id\":\"https:\\\/\\\/www.entreculturas.org\\\/ca\\\/#website\",\"url\":\"https:\\\/\\\/www.entreculturas.org\\\/ca\\\/\",\"name\":\"Entreculturas\",\"description\":\"\",\"publisher\":{\"@id\":\"https:\\\/\\\/www.entreculturas.org\\\/ca\\\/#organization\"},\"alternateName\":\"Entreculturas\",\"potentialAction\":[{\"@type\":\"SearchAction\",\"target\":{\"@type\":\"EntryPoint\",\"urlTemplate\":\"https:\\\/\\\/www.entreculturas.org\\\/ca\\\/?s={search_term_string}\"},\"query-input\":{\"@type\":\"PropertyValueSpecification\",\"valueRequired\":true,\"valueName\":\"search_term_string\"}}],\"inLanguage\":\"ca\"},{\"@type\":\"Organization\",\"@id\":\"https:\\\/\\\/www.entreculturas.org\\\/ca\\\/#organization\",\"name\":\"Entreculturas\",\"url\":\"https:\\\/\\\/www.entreculturas.org\\\/ca\\\/\",\"logo\":{\"@type\":\"ImageObject\",\"inLanguage\":\"ca\",\"@id\":\"https:\\\/\\\/www.entreculturas.org\\\/ca\\\/#\\\/schema\\\/logo\\\/image\\\/\",\"url\":\"https:\\\/\\\/www.entreculturas.org\\\/wp-content\\\/uploads\\\/2025\\\/10\\\/ESP.svg\",\"contentUrl\":\"https:\\\/\\\/www.entreculturas.org\\\/wp-content\\\/uploads\\\/2025\\\/10\\\/ESP.svg\",\"caption\":\"Entreculturas\"},\"image\":{\"@id\":\"https:\\\/\\\/www.entreculturas.org\\\/ca\\\/#\\\/schema\\\/logo\\\/image\\\/\"},\"sameAs\":[\"https:\\\/\\\/www.facebook.com\\\/entreculturas\",\"https:\\\/\\\/x.com\\\/Entreculturas\",\"https:\\\/\\\/www.instagram.com\\\/entreculturas\\\/\",\"https:\\\/\\\/www.youtube.com\\\/user\\\/entreculturasvideo\",\"https:\\\/\\\/www.linkedin.com\\\/company\\\/fundacion-entreculturas-ngdo\\\/\",\"https:\\\/\\\/www.flickr.com\\\/photos\\\/98455522@N04\\\/albums\\\/\"]}]}<\/script>\n<!-- \/ Yoast SEO Premium plugin. -->","yoast_head_json":{"title":"Voluntariado corporativo: moda sostenible en Argentina - Entreculturas","description":"Lydia nos comparte una cr\u00f3nica del voluntariado corporativoque visit\u00f3 el programa de Formaci\u00f3n para el Trabajo de Fe y Alegr\u00eda.","robots":{"index":"index","follow":"follow","max-snippet":"max-snippet:-1","max-image-preview":"max-image-preview:large","max-video-preview":"max-video-preview:-1"},"canonical":"https:\/\/www.entreculturas.org\/ca\/noticia\/voluntariado-empresarial-moda-sostenible-en-argentina\/","og_locale":"ca_ES","og_type":"article","og_title":"Voluntariado corporativo: moda sostenible en Argentina","og_description":"Lydia nos comparte una cr\u00f3nica del voluntariado corporativoque visit\u00f3 el programa de Formaci\u00f3n para el Trabajo de Fe y Alegr\u00eda.","og_url":"https:\/\/www.entreculturas.org\/ca\/noticia\/voluntariado-empresarial-moda-sostenible-en-argentina\/","og_site_name":"Entreculturas","article_publisher":"https:\/\/www.facebook.com\/entreculturas","article_modified_time":"2025-07-29T07:55:14+00:00","og_image":[{"width":1188,"height":450,"url":"https:\/\/www.entreculturas.org\/wp-content\/uploads\/2025\/07\/123.jpg","type":"image\/jpeg"}],"twitter_card":"summary_large_image","twitter_site":"@Entreculturas","schema":{"@context":"https:\/\/schema.org","@graph":[{"@type":"WebPage","@id":"https:\/\/www.entreculturas.org\/ca\/noticia\/voluntariado-empresarial-moda-sostenible-en-argentina\/","url":"https:\/\/www.entreculturas.org\/ca\/noticia\/voluntariado-empresarial-moda-sostenible-en-argentina\/","name":"Voluntariado corporativo: moda sostenible en Argentina - Entreculturas","isPartOf":{"@id":"https:\/\/www.entreculturas.org\/ca\/#website"},"primaryImageOfPage":{"@id":"https:\/\/www.entreculturas.org\/ca\/noticia\/voluntariado-empresarial-moda-sostenible-en-argentina\/#primaryimage"},"image":{"@id":"https:\/\/www.entreculturas.org\/ca\/noticia\/voluntariado-empresarial-moda-sostenible-en-argentina\/#primaryimage"},"thumbnailUrl":"https:\/\/www.entreculturas.org\/wp-content\/uploads\/2025\/07\/123.jpg","datePublished":"2025-07-09T09:40:50+00:00","dateModified":"2025-07-29T07:55:14+00:00","description":"Lydia nos comparte una cr\u00f3nica del voluntariado corporativoque visit\u00f3 el programa de Formaci\u00f3n para el Trabajo de Fe y Alegr\u00eda.","breadcrumb":{"@id":"https:\/\/www.entreculturas.org\/ca\/noticia\/voluntariado-empresarial-moda-sostenible-en-argentina\/#breadcrumb"},"inLanguage":"ca","potentialAction":[{"@type":"ReadAction","target":["https:\/\/www.entreculturas.org\/ca\/noticia\/voluntariado-empresarial-moda-sostenible-en-argentina\/"]}]},{"@type":"ImageObject","inLanguage":"ca","@id":"https:\/\/www.entreculturas.org\/ca\/noticia\/voluntariado-empresarial-moda-sostenible-en-argentina\/#primaryimage","url":"https:\/\/www.entreculturas.org\/wp-content\/uploads\/2025\/07\/123.jpg","contentUrl":"https:\/\/www.entreculturas.org\/wp-content\/uploads\/2025\/07\/123.jpg","width":1188,"height":450,"caption":"voluntariado empresarial"},{"@type":"BreadcrumbList","@id":"https:\/\/www.entreculturas.org\/ca\/noticia\/voluntariado-empresarial-moda-sostenible-en-argentina\/#breadcrumb","itemListElement":[{"@type":"ListItem","position":1,"name":"Home","item":"https:\/\/www.entreculturas.org\/ca\/"},{"@type":"ListItem","position":2,"name":"Noticias","item":"https:\/\/www.entreculturas.org\/ca\/noticias\/"},{"@type":"ListItem","position":3,"name":"Voluntariado corporativo: moda sostenible en Argentina"}]},{"@type":"WebSite","@id":"https:\/\/www.entreculturas.org\/ca\/#website","url":"https:\/\/www.entreculturas.org\/ca\/","name":"Entreculturas","description":"","publisher":{"@id":"https:\/\/www.entreculturas.org\/ca\/#organization"},"alternateName":"Entreculturas","potentialAction":[{"@type":"SearchAction","target":{"@type":"EntryPoint","urlTemplate":"https:\/\/www.entreculturas.org\/ca\/?s={search_term_string}"},"query-input":{"@type":"PropertyValueSpecification","valueRequired":true,"valueName":"search_term_string"}}],"inLanguage":"ca"},{"@type":"Organization","@id":"https:\/\/www.entreculturas.org\/ca\/#organization","name":"Entreculturas","url":"https:\/\/www.entreculturas.org\/ca\/","logo":{"@type":"ImageObject","inLanguage":"ca","@id":"https:\/\/www.entreculturas.org\/ca\/#\/schema\/logo\/image\/","url":"https:\/\/www.entreculturas.org\/wp-content\/uploads\/2025\/10\/ESP.svg","contentUrl":"https:\/\/www.entreculturas.org\/wp-content\/uploads\/2025\/10\/ESP.svg","caption":"Entreculturas"},"image":{"@id":"https:\/\/www.entreculturas.org\/ca\/#\/schema\/logo\/image\/"},"sameAs":["https:\/\/www.facebook.com\/entreculturas","https:\/\/x.com\/Entreculturas","https:\/\/www.instagram.com\/entreculturas\/","https:\/\/www.youtube.com\/user\/entreculturasvideo","https:\/\/www.linkedin.com\/company\/fundacion-entreculturas-ngdo\/","https:\/\/www.flickr.com\/photos\/98455522@N04\/albums\/"]}]}},"_links":{"self":[{"href":"https:\/\/www.entreculturas.org\/ca\/wp-json\/wp\/v2\/noticia\/40390","targetHints":{"allow":["GET"]}}],"collection":[{"href":"https:\/\/www.entreculturas.org\/ca\/wp-json\/wp\/v2\/noticia"}],"about":[{"href":"https:\/\/www.entreculturas.org\/ca\/wp-json\/wp\/v2\/types\/noticia"}],"wp:featuredmedia":[{"embeddable":true,"href":"https:\/\/www.entreculturas.org\/ca\/wp-json\/wp\/v2\/media\/40423"}],"wp:attachment":[{"href":"https:\/\/www.entreculturas.org\/ca\/wp-json\/wp\/v2\/media?parent=40390"}],"wp:term":[{"taxonomy":"category","embeddable":true,"href":"https:\/\/www.entreculturas.org\/ca\/wp-json\/wp\/v2\/categories?post=40390"},{"taxonomy":"post_tag","embeddable":true,"href":"https:\/\/www.entreculturas.org\/ca\/wp-json\/wp\/v2\/tags?post=40390"},{"taxonomy":"country","embeddable":true,"href":"https:\/\/www.entreculturas.org\/ca\/wp-json\/wp\/v2\/country?post=40390"},{"taxonomy":"cause","embeddable":true,"href":"https:\/\/www.entreculturas.org\/ca\/wp-json\/wp\/v2\/cause?post=40390"}],"curies":[{"name":"wp","href":"https:\/\/api.w.org\/{rel}","templated":true}]}}