{"id":40273,"date":"2025-07-03T17:25:03","date_gmt":"2025-07-03T15:25:03","guid":{"rendered":"https:\/\/www.entreculturas.org\/?post_type=noticia&#038;p=40273"},"modified":"2025-07-03T17:25:06","modified_gmt":"2025-07-03T15:25:06","slug":"se-acabo-la-conferencia-de-sevilla-empieza-el-compromiso-de-sevilla-ha-llegado-la-hora-de-actuar","status":"publish","type":"noticia","link":"https:\/\/www.entreculturas.org\/ca\/noticia\/se-acabo-la-conferencia-de-sevilla-empieza-el-compromiso-de-sevilla-ha-llegado-la-hora-de-actuar\/","title":{"rendered":"Se acab\u00f3 la Conferencia de Sevilla, empieza el Compromiso de Sevilla:\u00a0Ha llegado la hora de actuar"},"content":{"rendered":"\n<p><em>Por Ram\u00f3n Almansa, Director Ejecutivo de Entreculturas<\/em><\/p>\n\n\n\n<p>El 3 de julio se ha clausurado en Sevilla la IV Conferencia Internacional sobre Financiaci\u00f3n para el Desarrollo. Durante varios d\u00edas, la ciudad de Sevilla se ha convertido en un aut\u00e9ntico hervidero de delegaciones de todo el mundo, reunidas para reflexionar, dialogar y proponer medidas concretas para hacer viable el desarrollo humano y sostenible de nuestro planeta.<\/p>\n\n\n\n<p>A la Conferencia se ha llegado con un documento previamente consensuado, llamado simb\u00f3licamente<em> <\/em><a href=\"https:\/\/docs.un.org\/es\/A\/CONF.227\/2025\/L.1\"><em>el compromiso de Sevilla<\/em><\/a>, que establece los principales ejes para una financiaci\u00f3n del desarrollo m\u00e1s justa, inclusiva y sostenible.&nbsp;<\/p>\n\n\n\n<p>Aunque la sociedad civil ya hab\u00eda advertido de que esta declaraci\u00f3n pod\u00eda y deb\u00eda ser m\u00e1s ambiciosa, el solo hecho de alcanzar un consenso, en un contexto internacional tan complejo y tensionado, creo que es un motivo de esperanza y, sin duda, es un logro importante. En tiempos de polarizaci\u00f3n, un mundo que dialoga es un mundo con futuro.<\/p>\n\n\n\n<h3 class=\"wp-block-heading\" id=\"h-multilateralismo-frente-al-individualismo\"><strong>Multilateralismo frente al individualismo<\/strong><\/h3>\n\n\n\n<p>Uno de los mensajes m\u00e1s n\u00edtidos de la Conferencia ha sido la clara apuesta de los l\u00edderes internacionales por el multilateralismo. Quiz\u00e1s este pueda ser un t\u00e9rmino que resulte&nbsp; t\u00e9cnico y lejano, pero en el fondo es un modo de entender el mundo como una aldea global. Frente a propuestas que priorizan los intereses nacionales \u2014el \u201cmy country first\u201d\u2014, el multilateralismo defiende una visi\u00f3n compartida del mundo: \u201cHumanity first\u201d. Supone pensar juntos el futuro sin establecer jerarqu\u00edas entre pa\u00edses o personas. Es un llamado a que no hay pa\u00edses \u2014ni personas\u2014 de primera y de segunda. Es un llamado a que el desarrollo humano es un derecho para todas las personas.<\/p>\n\n\n\n<h3 class=\"wp-block-heading\" id=\"h-la-deuda-entre-obstaculo-y-oportunidad\"><strong>La deuda: entre obst\u00e1culo y oportunidad<\/strong><\/h3>\n\n\n\n<p>Uno de los temas m\u00e1s presentes estos d\u00edas ha sido el peso asfixiante de la deuda en muchos pa\u00edses. Con m\u00e1s de 4 billones de d\u00f3lares pendientes de pago, y el pago de un servicio de alrededor de 920.000 millones de d\u00f3lares anuales la situaci\u00f3n es insostenible. Se ha planteado la necesidad de un redise\u00f1o global del sistema de deuda que incluya, por ejemplo, canjes de deuda por programas sociales (educaci\u00f3n, salud) y ambientales. Actualmente, los pa\u00edses m\u00e1s fr\u00e1giles, que m\u00e1s necesitan financiaci\u00f3n, son precisamente quienes enfrentan las condiciones m\u00e1s duras de acceso y devoluci\u00f3n. Es inadmisible que haya pa\u00edses que gastan m\u00e1s en devoluci\u00f3n de deuda de lo que invierten en educaci\u00f3n y salud. Esta deuda asfixiante es inadmisible y requiere un nuevo marco de revisi\u00f3n de la arquitectura de la deuda.&nbsp;<\/p>\n\n\n\n<p>Pero la deuda es por otro lado un modo de inversi\u00f3n de los pa\u00edses que, bien gestionada, puede ser una palanca y oportunidad para el desarrollo. Por todo ello el sistema de deuda actual requiere una revisi\u00f3n urgente.<\/p>\n\n\n\n<h3 class=\"wp-block-heading\" id=\"h-quien-debe-financiar-el-desarrollo\"><strong>\u00bfQui\u00e9n debe financiar el desarrollo?<\/strong><\/h3>\n\n\n\n<p>Esta ha sido la gran pregunta transversal de todos los debates. La respuesta ha sido clara: la financiaci\u00f3n debe ser corresponsabilidad de m\u00faltiples actores, cada uno con una funci\u00f3n espec\u00edfica, pero complementaria.<\/p>\n\n\n\n<ul class=\"wp-block-list\">\n<li>Financiaci\u00f3n p\u00fablica dom\u00e9stica: Los pa\u00edses deben reforzar su recaudaci\u00f3n y compromiso interno para financiar los derechos b\u00e1sicos de sus ciudadanos y ciudadanas. Los sistemas tributarios justos y equitativos son, sin duda, el mejor\u00a0 modo de redistribuci\u00f3n de riqueza. La financiaci\u00f3n p\u00fablica dom\u00e9stica garantiza que los bienes p\u00fablicos sean accesibles para todos y todas.\u00a0<\/li>\n\n\n\n<li>Ayuda Oficial al Desarrollo (AOD): La mayor parte de los pa\u00edses receptores de AOD han se\u00f1alado que esta ayuda ha sido clave para iniciar procesos de transformaci\u00f3n social en sus pa\u00edses. Se ha reiterado que la AOD es una palanca esencial de desarrollo. Esta conferencia ha sido un clamor hacia los pa\u00edses m\u00e1s desarrollados de que cumplan con sus compromisos de destinar el 0,7\u202f% de su PIB a la AOD. No es caridad: la AOD es palanca de cambio para el desarrollo. En el caso espa\u00f1ol, el Gobierno ha reiterado al m\u00e1s alto nivel su compromiso con la nueva Ley de Cooperaci\u00f3n, que establece alcanzar este objetivo en 2030. La sociedad civil estar\u00e1 atenta a su cumplimiento. No hay tiempo que perder.<\/li>\n\n\n\n<li>Financiaci\u00f3n privada: La financiaci\u00f3n privada es complementaria a la financiaci\u00f3n p\u00fablica tanto local como multilateral. Los mecanismos de participaci\u00f3n de la financiaci\u00f3n privada deben estar debidamente regulados para garantizar el cumplimiento de los derechos humanos y fomentar las transiciones verdes. Se ha insistido en que la financiaci\u00f3n privada nunca puede sustituir a la financiaci\u00f3n p\u00fablica.\u00a0<\/li>\n\n\n\n<li>Bancos Multilaterales de Desarrollo: Se ha subrayado la necesidad de que estas instituciones adapten sus regulaciones y funcionamiento a las necesidades de los pa\u00edses receptores, apoyando con condiciones justas el acceso al cr\u00e9dito, especialmente en los pa\u00edses m\u00e1s vulnerables.<\/li>\n<\/ul>\n\n\n\n<h3 class=\"wp-block-heading\" id=\"h-un-sistema-financiero-internacional-que-necesita-resetearse\"><strong>Un sistema financiero internacional que necesita resetearse<\/strong><\/h3>\n\n\n\n<p>La IV Conferencia ha vuelto a poner en el centro la urgencia de un cambio estructural en el sistema financiero global. Necesitamos una econom\u00eda centrada en el desarrollo humano, no en el lucro; una econom\u00eda&nbsp; justa, de la dignidad, de la paz, de y para las personas.<\/p>\n\n\n\n<p>Para que el desarrollo sea sostenible, no basta con m\u00e1s financiaci\u00f3n: es necesario reformar el sistema econ\u00f3mico global de modo profundo. Algunas de las propuestas debatidas estos d\u00edas son:<\/p>\n\n\n\n<ul class=\"wp-block-list\">\n<li>Reformar profundamente el Fondo Monetario Internacional y otros organismos multilaterales, adapt\u00e1ndose a los desaf\u00edos actuales del desarrollo.<\/li>\n\n\n\n<li>Establecer tasas a grandes fortunas que garanticen una mayor justicia fiscal global.<\/li>\n\n\n\n<li>Abandonar indicadores de acceso a cr\u00e9dito limitados, como el PIB como \u00fanica medida de progreso, por otros \u00edndices m\u00e1s complejos y comprensivos que permitan acompa\u00f1ar a los pa\u00edses de mayor vulnerabilidad de manera eficiente (como es el \u00edndice de vulnerabilidad).<\/li>\n\n\n\n<li>Se ha creado la \u201cPlataforma de Sevilla para la Acci\u00f3n\u201d que articula m\u00e1s de 130 acciones concretas.\u00a0<\/li>\n\n\n\n<li>Apostar por modelos econ\u00f3micos centrados en las personas, la justicia social y la sostenibilidad y no en el lucro.<\/li>\n\n\n\n<li>Se ha subrayado la necesidad de sistemas de gobernanza eficaces, responsables e inclusivos e instituciones democr\u00e1ticas con transparencia para que pueda funcionar la rendici\u00f3n de cuentas, el estado de derecho, la buena gobernanza y pol\u00edticas s\u00f3lidas en todos los niveles.<\/li>\n\n\n\n<li>Se ha insistido en la necesidad de reformar la gobernanza de las instituciones financieras internacionales, exigiendo m\u00e1s transparencia, participaci\u00f3n y rendici\u00f3n de cuentas. Los instrumentos de financiaci\u00f3n deben estar al servicio del desarrollo humano, no al rev\u00e9s.<\/li>\n<\/ul>\n\n\n\n<p>En un contexto global profundamente tensionado en t\u00e9rminos geoestrat\u00e9gicos, es fundamental que el Compromiso de Sevilla no se quede en papel mojado. Es hora de actuar: los gobiernos y los organismos multilaterales deben cumplir lo prometido.&nbsp;<\/p>\n\n\n\n<p>La sociedad civil tiene que mantenerse vigilante. Antes de esta Conferencia, nos reunimos en un <a href=\"https:\/\/csoforffd.org\/resources\/declaracion-del-foro-social-fpd4\/\">foro paralelo de la sociedad civil<\/a> y el <a href=\"https:\/\/coordinadoraongd.org\/wp-content\/uploads\/2025\/07\/Declaracion-del-Foro-Feminista-FFD4-VERSION-FINAL-SPA_FFD4-Feminist-Forum-Declaration-FINAL-SPA.pdf\">Foro Feminista<\/a>. El d\u00eda de la clausura de esta IV Conferencia, volvimos a manifestarnos para exigir reformas del sistema, la cancelaci\u00f3n de la deuda y una econom\u00eda centrada en las personas. La sociedad civil ha hablado alto y claro, ahora debe seguir agitando el sistema para que las personas est\u00e9n siempre en el centro.&nbsp;<\/p>\n\n\n\n<p>La urgencia es cada vez mayor: es tiempo de pasar de las palabras a los hechos, de apostar por un crecimiento inclusivo, justo y sostenible. Esta Conferencia Internacional sobre Financiaci\u00f3n para el Desarrollo, celebrada en Sevilla, ha trazado una hoja de ruta clara: <strong>ha llegado el momento de actuar.<\/strong><\/p>\n\n\n\n<p><\/p>\n","protected":false},"excerpt":{"rendered":"<p>Por Ram\u00f3n Almansa, Director Ejecutivo de Entreculturas El 3 de julio se ha clausurado en Sevilla la IV Conferencia Internacional sobre Financiaci\u00f3n para el Desarrollo. Durante varios d\u00edas, la ciudad de Sevilla se ha convertido en un aut\u00e9ntico hervidero de delegaciones de todo el mundo, reunidas para reflexionar, dialogar y proponer medidas concretas para hacer viable el desarrollo humano y sostenible de nuestro planeta. A la Conferencia se ha llegado con un documento previamente consensuado, llamado simb\u00f3licamente el compromiso de Sevilla, que establece los principales ejes para una financiaci\u00f3n del desarrollo m\u00e1s justa, inclusiva y sostenible.&nbsp; Aunque la sociedad civil ya hab\u00eda advertido de que esta declaraci\u00f3n pod\u00eda y deb\u00eda ser m\u00e1s ambiciosa, el solo hecho de alcanzar un consenso, en un contexto internacional tan complejo y tensionado, creo que es un motivo de esperanza y, sin duda, es un logro importante. En tiempos de polarizaci\u00f3n, un mundo que dialoga [&hellip;]<\/p>\n","protected":false},"featured_media":40275,"template":"","meta":{"_acf_changed":false},"categories":[7],"tags":[8],"country":[],"cause":[],"class_list":["post-40273","noticia","type-noticia","status-publish","has-post-thumbnail","hentry","category-noticia","tag-participacion-y-ciudadania-global"],"acf":[],"yoast_head":"<!-- This site is optimized with the Yoast SEO Premium plugin v21.6 (Yoast SEO v27.5) - https:\/\/yoast.com\/product\/yoast-seo-premium-wordpress\/ -->\n<title>Se acab\u00f3 la Conferencia de Sevilla, empieza el Compromiso de Sevilla:\u00a0Ha llegado la hora de actuar - Entreculturas<\/title>\n<meta name=\"description\" content=\"La Conferencia sobre Financiaci\u00f3n para el Desarrollo en Sevilla deja una hoja de ruta clara: es hora de pasar de las palabras a los hechos.\" \/>\n<meta name=\"robots\" content=\"index, follow, max-snippet:-1, max-image-preview:large, max-video-preview:-1\" \/>\n<link rel=\"canonical\" href=\"https:\/\/www.entreculturas.org\/ca\/noticia\/se-acabo-la-conferencia-de-sevilla-empieza-el-compromiso-de-sevilla-ha-llegado-la-hora-de-actuar\/\" \/>\n<meta property=\"og:locale\" content=\"ca_ES\" \/>\n<meta property=\"og:type\" content=\"article\" \/>\n<meta property=\"og:title\" content=\"Se acab\u00f3 la Conferencia de Sevilla, empieza el Compromiso de Sevilla:\u00a0Ha llegado la hora de actuar\" \/>\n<meta property=\"og:description\" content=\"La Conferencia sobre Financiaci\u00f3n para el Desarrollo en Sevilla deja una hoja de ruta clara: es hora de pasar de las palabras a los hechos.\" \/>\n<meta property=\"og:url\" content=\"https:\/\/www.entreculturas.org\/ca\/noticia\/se-acabo-la-conferencia-de-sevilla-empieza-el-compromiso-de-sevilla-ha-llegado-la-hora-de-actuar\/\" \/>\n<meta property=\"og:site_name\" content=\"Entreculturas\" \/>\n<meta property=\"article:publisher\" content=\"https:\/\/www.facebook.com\/entreculturas\" \/>\n<meta property=\"article:modified_time\" content=\"2025-07-03T15:25:06+00:00\" \/>\n<meta property=\"og:image\" content=\"https:\/\/www.entreculturas.org\/wp-content\/uploads\/2025\/07\/WhatsApp-Image-2025-07-03-at-09.21.00-scaled.jpeg\" \/>\n\t<meta property=\"og:image:width\" content=\"2560\" \/>\n\t<meta property=\"og:image:height\" content=\"1920\" \/>\n\t<meta property=\"og:image:type\" content=\"image\/jpeg\" \/>\n<meta name=\"twitter:card\" content=\"summary_large_image\" \/>\n<meta name=\"twitter:site\" content=\"@Entreculturas\" \/>\n<script type=\"application\/ld+json\" class=\"yoast-schema-graph\">{\"@context\":\"https:\\\/\\\/schema.org\",\"@graph\":[{\"@type\":\"WebPage\",\"@id\":\"https:\\\/\\\/www.entreculturas.org\\\/ca\\\/noticia\\\/se-acabo-la-conferencia-de-sevilla-empieza-el-compromiso-de-sevilla-ha-llegado-la-hora-de-actuar\\\/\",\"url\":\"https:\\\/\\\/www.entreculturas.org\\\/ca\\\/noticia\\\/se-acabo-la-conferencia-de-sevilla-empieza-el-compromiso-de-sevilla-ha-llegado-la-hora-de-actuar\\\/\",\"name\":\"Se acab\u00f3 la Conferencia de Sevilla, empieza el Compromiso de Sevilla:\u00a0Ha llegado la hora de actuar - Entreculturas\",\"isPartOf\":{\"@id\":\"https:\\\/\\\/www.entreculturas.org\\\/ca\\\/#website\"},\"primaryImageOfPage\":{\"@id\":\"https:\\\/\\\/www.entreculturas.org\\\/ca\\\/noticia\\\/se-acabo-la-conferencia-de-sevilla-empieza-el-compromiso-de-sevilla-ha-llegado-la-hora-de-actuar\\\/#primaryimage\"},\"image\":{\"@id\":\"https:\\\/\\\/www.entreculturas.org\\\/ca\\\/noticia\\\/se-acabo-la-conferencia-de-sevilla-empieza-el-compromiso-de-sevilla-ha-llegado-la-hora-de-actuar\\\/#primaryimage\"},\"thumbnailUrl\":\"https:\\\/\\\/www.entreculturas.org\\\/wp-content\\\/uploads\\\/2025\\\/07\\\/WhatsApp-Image-2025-07-03-at-09.21.00-scaled.jpeg\",\"datePublished\":\"2025-07-03T15:25:03+00:00\",\"dateModified\":\"2025-07-03T15:25:06+00:00\",\"description\":\"La Conferencia sobre Financiaci\u00f3n para el Desarrollo en Sevilla deja una hoja de ruta clara: es hora de pasar de las palabras a los hechos.\",\"breadcrumb\":{\"@id\":\"https:\\\/\\\/www.entreculturas.org\\\/ca\\\/noticia\\\/se-acabo-la-conferencia-de-sevilla-empieza-el-compromiso-de-sevilla-ha-llegado-la-hora-de-actuar\\\/#breadcrumb\"},\"inLanguage\":\"ca\",\"potentialAction\":[{\"@type\":\"ReadAction\",\"target\":[\"https:\\\/\\\/www.entreculturas.org\\\/ca\\\/noticia\\\/se-acabo-la-conferencia-de-sevilla-empieza-el-compromiso-de-sevilla-ha-llegado-la-hora-de-actuar\\\/\"]}]},{\"@type\":\"ImageObject\",\"inLanguage\":\"ca\",\"@id\":\"https:\\\/\\\/www.entreculturas.org\\\/ca\\\/noticia\\\/se-acabo-la-conferencia-de-sevilla-empieza-el-compromiso-de-sevilla-ha-llegado-la-hora-de-actuar\\\/#primaryimage\",\"url\":\"https:\\\/\\\/www.entreculturas.org\\\/wp-content\\\/uploads\\\/2025\\\/07\\\/WhatsApp-Image-2025-07-03-at-09.21.00-scaled.jpeg\",\"contentUrl\":\"https:\\\/\\\/www.entreculturas.org\\\/wp-content\\\/uploads\\\/2025\\\/07\\\/WhatsApp-Image-2025-07-03-at-09.21.00-scaled.jpeg\",\"width\":2560,\"height\":1920,\"caption\":\"Conferencia de Sevilla\"},{\"@type\":\"BreadcrumbList\",\"@id\":\"https:\\\/\\\/www.entreculturas.org\\\/ca\\\/noticia\\\/se-acabo-la-conferencia-de-sevilla-empieza-el-compromiso-de-sevilla-ha-llegado-la-hora-de-actuar\\\/#breadcrumb\",\"itemListElement\":[{\"@type\":\"ListItem\",\"position\":1,\"name\":\"Home\",\"item\":\"https:\\\/\\\/www.entreculturas.org\\\/ca\\\/\"},{\"@type\":\"ListItem\",\"position\":2,\"name\":\"Noticias\",\"item\":\"https:\\\/\\\/www.entreculturas.org\\\/ca\\\/noticias\\\/\"},{\"@type\":\"ListItem\",\"position\":3,\"name\":\"Se acab\u00f3 la Conferencia de Sevilla, empieza el Compromiso de Sevilla:\u00a0Ha llegado la hora de actuar\"}]},{\"@type\":\"WebSite\",\"@id\":\"https:\\\/\\\/www.entreculturas.org\\\/ca\\\/#website\",\"url\":\"https:\\\/\\\/www.entreculturas.org\\\/ca\\\/\",\"name\":\"Entreculturas\",\"description\":\"\",\"publisher\":{\"@id\":\"https:\\\/\\\/www.entreculturas.org\\\/ca\\\/#organization\"},\"alternateName\":\"Entreculturas\",\"potentialAction\":[{\"@type\":\"SearchAction\",\"target\":{\"@type\":\"EntryPoint\",\"urlTemplate\":\"https:\\\/\\\/www.entreculturas.org\\\/ca\\\/?s={search_term_string}\"},\"query-input\":{\"@type\":\"PropertyValueSpecification\",\"valueRequired\":true,\"valueName\":\"search_term_string\"}}],\"inLanguage\":\"ca\"},{\"@type\":\"Organization\",\"@id\":\"https:\\\/\\\/www.entreculturas.org\\\/ca\\\/#organization\",\"name\":\"Entreculturas\",\"url\":\"https:\\\/\\\/www.entreculturas.org\\\/ca\\\/\",\"logo\":{\"@type\":\"ImageObject\",\"inLanguage\":\"ca\",\"@id\":\"https:\\\/\\\/www.entreculturas.org\\\/ca\\\/#\\\/schema\\\/logo\\\/image\\\/\",\"url\":\"https:\\\/\\\/www.entreculturas.org\\\/wp-content\\\/uploads\\\/2025\\\/10\\\/ESP.svg\",\"contentUrl\":\"https:\\\/\\\/www.entreculturas.org\\\/wp-content\\\/uploads\\\/2025\\\/10\\\/ESP.svg\",\"caption\":\"Entreculturas\"},\"image\":{\"@id\":\"https:\\\/\\\/www.entreculturas.org\\\/ca\\\/#\\\/schema\\\/logo\\\/image\\\/\"},\"sameAs\":[\"https:\\\/\\\/www.facebook.com\\\/entreculturas\",\"https:\\\/\\\/x.com\\\/Entreculturas\",\"https:\\\/\\\/www.instagram.com\\\/entreculturas\\\/\",\"https:\\\/\\\/www.youtube.com\\\/user\\\/entreculturasvideo\",\"https:\\\/\\\/www.linkedin.com\\\/company\\\/fundacion-entreculturas-ngdo\\\/\",\"https:\\\/\\\/www.flickr.com\\\/photos\\\/98455522@N04\\\/albums\\\/\"]}]}<\/script>\n<!-- \/ Yoast SEO Premium plugin. -->","yoast_head_json":{"title":"Se acab\u00f3 la Conferencia de Sevilla, empieza el Compromiso de Sevilla:\u00a0Ha llegado la hora de actuar - Entreculturas","description":"La Conferencia sobre Financiaci\u00f3n para el Desarrollo en Sevilla deja una hoja de ruta clara: es hora de pasar de las palabras a los hechos.","robots":{"index":"index","follow":"follow","max-snippet":"max-snippet:-1","max-image-preview":"max-image-preview:large","max-video-preview":"max-video-preview:-1"},"canonical":"https:\/\/www.entreculturas.org\/ca\/noticia\/se-acabo-la-conferencia-de-sevilla-empieza-el-compromiso-de-sevilla-ha-llegado-la-hora-de-actuar\/","og_locale":"ca_ES","og_type":"article","og_title":"Se acab\u00f3 la Conferencia de Sevilla, empieza el Compromiso de Sevilla:\u00a0Ha llegado la hora de actuar","og_description":"La Conferencia sobre Financiaci\u00f3n para el Desarrollo en Sevilla deja una hoja de ruta clara: es hora de pasar de las palabras a los hechos.","og_url":"https:\/\/www.entreculturas.org\/ca\/noticia\/se-acabo-la-conferencia-de-sevilla-empieza-el-compromiso-de-sevilla-ha-llegado-la-hora-de-actuar\/","og_site_name":"Entreculturas","article_publisher":"https:\/\/www.facebook.com\/entreculturas","article_modified_time":"2025-07-03T15:25:06+00:00","og_image":[{"width":2560,"height":1920,"url":"https:\/\/www.entreculturas.org\/wp-content\/uploads\/2025\/07\/WhatsApp-Image-2025-07-03-at-09.21.00-scaled.jpeg","type":"image\/jpeg"}],"twitter_card":"summary_large_image","twitter_site":"@Entreculturas","schema":{"@context":"https:\/\/schema.org","@graph":[{"@type":"WebPage","@id":"https:\/\/www.entreculturas.org\/ca\/noticia\/se-acabo-la-conferencia-de-sevilla-empieza-el-compromiso-de-sevilla-ha-llegado-la-hora-de-actuar\/","url":"https:\/\/www.entreculturas.org\/ca\/noticia\/se-acabo-la-conferencia-de-sevilla-empieza-el-compromiso-de-sevilla-ha-llegado-la-hora-de-actuar\/","name":"Se acab\u00f3 la Conferencia de Sevilla, empieza el Compromiso de Sevilla:\u00a0Ha llegado la hora de actuar - Entreculturas","isPartOf":{"@id":"https:\/\/www.entreculturas.org\/ca\/#website"},"primaryImageOfPage":{"@id":"https:\/\/www.entreculturas.org\/ca\/noticia\/se-acabo-la-conferencia-de-sevilla-empieza-el-compromiso-de-sevilla-ha-llegado-la-hora-de-actuar\/#primaryimage"},"image":{"@id":"https:\/\/www.entreculturas.org\/ca\/noticia\/se-acabo-la-conferencia-de-sevilla-empieza-el-compromiso-de-sevilla-ha-llegado-la-hora-de-actuar\/#primaryimage"},"thumbnailUrl":"https:\/\/www.entreculturas.org\/wp-content\/uploads\/2025\/07\/WhatsApp-Image-2025-07-03-at-09.21.00-scaled.jpeg","datePublished":"2025-07-03T15:25:03+00:00","dateModified":"2025-07-03T15:25:06+00:00","description":"La Conferencia sobre Financiaci\u00f3n para el Desarrollo en Sevilla deja una hoja de ruta clara: es hora de pasar de las palabras a los hechos.","breadcrumb":{"@id":"https:\/\/www.entreculturas.org\/ca\/noticia\/se-acabo-la-conferencia-de-sevilla-empieza-el-compromiso-de-sevilla-ha-llegado-la-hora-de-actuar\/#breadcrumb"},"inLanguage":"ca","potentialAction":[{"@type":"ReadAction","target":["https:\/\/www.entreculturas.org\/ca\/noticia\/se-acabo-la-conferencia-de-sevilla-empieza-el-compromiso-de-sevilla-ha-llegado-la-hora-de-actuar\/"]}]},{"@type":"ImageObject","inLanguage":"ca","@id":"https:\/\/www.entreculturas.org\/ca\/noticia\/se-acabo-la-conferencia-de-sevilla-empieza-el-compromiso-de-sevilla-ha-llegado-la-hora-de-actuar\/#primaryimage","url":"https:\/\/www.entreculturas.org\/wp-content\/uploads\/2025\/07\/WhatsApp-Image-2025-07-03-at-09.21.00-scaled.jpeg","contentUrl":"https:\/\/www.entreculturas.org\/wp-content\/uploads\/2025\/07\/WhatsApp-Image-2025-07-03-at-09.21.00-scaled.jpeg","width":2560,"height":1920,"caption":"Conferencia de Sevilla"},{"@type":"BreadcrumbList","@id":"https:\/\/www.entreculturas.org\/ca\/noticia\/se-acabo-la-conferencia-de-sevilla-empieza-el-compromiso-de-sevilla-ha-llegado-la-hora-de-actuar\/#breadcrumb","itemListElement":[{"@type":"ListItem","position":1,"name":"Home","item":"https:\/\/www.entreculturas.org\/ca\/"},{"@type":"ListItem","position":2,"name":"Noticias","item":"https:\/\/www.entreculturas.org\/ca\/noticias\/"},{"@type":"ListItem","position":3,"name":"Se acab\u00f3 la Conferencia de Sevilla, empieza el Compromiso de Sevilla:\u00a0Ha llegado la hora de actuar"}]},{"@type":"WebSite","@id":"https:\/\/www.entreculturas.org\/ca\/#website","url":"https:\/\/www.entreculturas.org\/ca\/","name":"Entreculturas","description":"","publisher":{"@id":"https:\/\/www.entreculturas.org\/ca\/#organization"},"alternateName":"Entreculturas","potentialAction":[{"@type":"SearchAction","target":{"@type":"EntryPoint","urlTemplate":"https:\/\/www.entreculturas.org\/ca\/?s={search_term_string}"},"query-input":{"@type":"PropertyValueSpecification","valueRequired":true,"valueName":"search_term_string"}}],"inLanguage":"ca"},{"@type":"Organization","@id":"https:\/\/www.entreculturas.org\/ca\/#organization","name":"Entreculturas","url":"https:\/\/www.entreculturas.org\/ca\/","logo":{"@type":"ImageObject","inLanguage":"ca","@id":"https:\/\/www.entreculturas.org\/ca\/#\/schema\/logo\/image\/","url":"https:\/\/www.entreculturas.org\/wp-content\/uploads\/2025\/10\/ESP.svg","contentUrl":"https:\/\/www.entreculturas.org\/wp-content\/uploads\/2025\/10\/ESP.svg","caption":"Entreculturas"},"image":{"@id":"https:\/\/www.entreculturas.org\/ca\/#\/schema\/logo\/image\/"},"sameAs":["https:\/\/www.facebook.com\/entreculturas","https:\/\/x.com\/Entreculturas","https:\/\/www.instagram.com\/entreculturas\/","https:\/\/www.youtube.com\/user\/entreculturasvideo","https:\/\/www.linkedin.com\/company\/fundacion-entreculturas-ngdo\/","https:\/\/www.flickr.com\/photos\/98455522@N04\/albums\/"]}]}},"_links":{"self":[{"href":"https:\/\/www.entreculturas.org\/ca\/wp-json\/wp\/v2\/noticia\/40273","targetHints":{"allow":["GET"]}}],"collection":[{"href":"https:\/\/www.entreculturas.org\/ca\/wp-json\/wp\/v2\/noticia"}],"about":[{"href":"https:\/\/www.entreculturas.org\/ca\/wp-json\/wp\/v2\/types\/noticia"}],"wp:featuredmedia":[{"embeddable":true,"href":"https:\/\/www.entreculturas.org\/ca\/wp-json\/wp\/v2\/media\/40275"}],"wp:attachment":[{"href":"https:\/\/www.entreculturas.org\/ca\/wp-json\/wp\/v2\/media?parent=40273"}],"wp:term":[{"taxonomy":"category","embeddable":true,"href":"https:\/\/www.entreculturas.org\/ca\/wp-json\/wp\/v2\/categories?post=40273"},{"taxonomy":"post_tag","embeddable":true,"href":"https:\/\/www.entreculturas.org\/ca\/wp-json\/wp\/v2\/tags?post=40273"},{"taxonomy":"country","embeddable":true,"href":"https:\/\/www.entreculturas.org\/ca\/wp-json\/wp\/v2\/country?post=40273"},{"taxonomy":"cause","embeddable":true,"href":"https:\/\/www.entreculturas.org\/ca\/wp-json\/wp\/v2\/cause?post=40273"}],"curies":[{"name":"wp","href":"https:\/\/api.w.org\/{rel}","templated":true}]}}