{"id":40006,"date":"2025-06-30T15:32:34","date_gmt":"2025-06-30T13:32:34","guid":{"rendered":"https:\/\/www.entreculturas.org\/?post_type=noticia&#038;p=40006"},"modified":"2025-07-01T09:55:30","modified_gmt":"2025-07-01T07:55:30","slug":"organizaciones-de-infancia-denunciamos-en-sevilla-que-una-de-cada-tres-ninas-y-ninos-carece-de-servicios-esenciales","status":"publish","type":"noticia","link":"https:\/\/www.entreculturas.org\/ca\/noticia\/organizaciones-de-infancia-denunciamos-en-sevilla-que-una-de-cada-tres-ninas-y-ninos-carece-de-servicios-esenciales\/","title":{"rendered":"Organizaciones de infancia denunciamos en Sevilla que una de cada tres ni\u00f1as y ni\u00f1os carece de servicios esenciales"},"content":{"rendered":"\n<p>En un momento cr\u00edtico para el planeta, la infancia se enfrenta a una crisis silenciosa. Hoy, uno de cada tres ni\u00f1os y ni\u00f1as en el mundo no tiene acceso a servicios esenciales como salud, educaci\u00f3n o protecci\u00f3n, una realidad que pone en jaque sus derechos fundamentales y amenaza con hipotecar el futuro de generaciones enteras.<\/p>\n\n\n\n<p>\u00a0En este contexto, la <strong>Cuarta Conferencia sobre Financiaci\u00f3n para el Desarrollo (FfD4), que se celebra en Sevilla (30 de junio al 3 de junio),<\/strong> se presenta como una oportunidad hist\u00f3rica para transformar esta realidad. Se trata de mucho m\u00e1s que una cumbre financiera: es un momento decisivo para garantizar que los derechos de la infancia y la juventud est\u00e9n en el centro de la arquitectura econ\u00f3mica global.<\/p>\n\n\n\n<h2 class=\"wp-block-heading\" id=\"h-el-precio-de-la-austeridad-lo-pagan-los-ninos-y-ninas\"><strong>El precio de la austeridad lo pagan los ni\u00f1os y ni\u00f1as<\/strong><\/h2>\n\n\n\n<p>Las pol\u00edticas de austeridad, la creciente carga de la deuda y los recortes en inversi\u00f3n social han golpeado especialmente a ni\u00f1os, ni\u00f1as y adolescentes de los contextos m\u00e1s vulnerables. Mientras se discute la sostenibilidad de la deuda en t\u00e9rminos macroecon\u00f3micos, lo que est\u00e1 en juego es el acceso real de millones de menores a una escuela, a un centro de salud, a un plato de comida.<\/p>\n\n\n\n<p>La infancia no puede seguir siendo el precio que se paga en cada crisis econ\u00f3mica. Necesitamos soluciones concretas, justas y sostenibles. FfD4 debe ser una conferencia con rostro humano.<\/p>\n\n\n\n<h2 class=\"wp-block-heading\" id=\"h-cinco-prioridades-para-garantizar-un-futuro-digno-para-la-infancia\"><strong>Cinco prioridades para garantizar un futuro digno para la infancia<\/strong><\/h2>\n\n\n\n<ol class=\"wp-block-list\">\n<li><strong>Que la financiaci\u00f3n ponga a la infancia en el centro<\/strong><\/li>\n<\/ol>\n\n\n\n<p>Es imprescindible consolidar sistemas p\u00fablicos de salud, educaci\u00f3n y protecci\u00f3n social, inclusivos, equitativos y de calidad, lo m\u00e1s universales posibles. Implica asegurar que estas inversiones lleguen de forma prioritaria a servicios y entornos que afectan directamente su bienestar y desarrollo, como la atenci\u00f3n a la primera infancia, la protecci\u00f3n frente a la violencia o el acceso efectivo a servicios b\u00e1sicos en las comunidades m\u00e1s vulnerables.<\/p>\n\n\n\n<p>Para ello, se requiere una descentralizaci\u00f3n fiscal real, que garantice recursos adecuados all\u00ed donde m\u00e1s se necesitan. El gasto social no puede depender del ciclo econ\u00f3mico: debe ser previsible, sostenido y blindado ante los recortes.<\/p>\n\n\n\n<ol start=\"2\" class=\"wp-block-list\">\n<li><strong>La deuda no puede estar por encima de la infancia<\/strong>\u00a0<\/li>\n<\/ol>\n\n\n\n<p>Uno de cada ocho pa\u00edses gasta m\u00e1s en pagar su deuda que en proteger a su infancia.&nbsp; Proponemos soluciones concretas y que redunden en cancelar deudas, como mecanismos de alivio que permitan a los pa\u00edses invertir en el desarrollo infantil. La deuda no puede seguir comprometiendo el presente ni el futuro de ni\u00f1as y ni\u00f1os.<br><\/p>\n\n\n\n<ol start=\"3\" class=\"wp-block-list\">\n<li><strong>Recuperar y aumentar la Ayuda Oficial al Desarrollo (AOD)<\/strong><\/li>\n<\/ol>\n\n\n\n<p>En un momento en el que la AOD cae dr\u00e1sticamente, urge renovar los compromisos internacionales, empezando por el hist\u00f3rico 0,7% del PIB. Si&nbsp; la AOD se plantea bien, en t\u00e9rminos de cantidad y de calidad, desde una mirada de justicia global, protege a las personas y al planeta, salva vidas y garantiza derechos humanos y acceso a servicios b\u00e1sicos, especialmente en contextos humanitarios y de extrema pobreza.&nbsp;<\/p>\n\n\n\n<ol start=\"4\" class=\"wp-block-list\">\n<li><strong>Una cumbre con participaci\u00f3n de ni\u00f1os, ni\u00f1as y adolescentes<\/strong><\/li>\n<\/ol>\n\n\n\n<p>La FfD4 debe ser una plataforma democr\u00e1tica, transparente y transformadora, en la que los ni\u00f1os, ni\u00f1as y j\u00f3venes participen activamente en la toma de decisiones. Su liderazgo debe ser escuchado y reflejado en los acuerdos finales. Adem\u00e1s, se necesita revisar la gobernanza de las instituciones financieras internacionales y promover una nueva arquitectura financiera democr\u00e1tica, inclusiva, ecol\u00f3gica y centrada en derechos humanos.<\/p>\n\n\n\n<ol start=\"5\" class=\"wp-block-list\">\n<li><strong>Un pacto intergeneracional para proteger a la infancia y al planeta<\/strong><\/li>\n<\/ol>\n\n\n\n<p>La financiaci\u00f3n para el desarrollo debe responder a los desaf\u00edos del siglo XXI: crisis clim\u00e1tica,desigualdades diversas y extremas, hambre, conflictos prolongados y migraciones forzadas. Esto exige integrar la protecci\u00f3n de la infancia en las estrategias de adaptaci\u00f3n clim\u00e1tica, aumentar la transparencia y combatir la evasi\u00f3n fiscal, y garantizar pol\u00edticas y presupuestos p\u00fablicos sensibles a la edad y al g\u00e9nero.<\/p>\n\n\n\n<p>\u201cNo queremos caridad, queremos justicia\u201d, dijo una joven activista en un foro previo a la FfD4. \u201cEstamos aqu\u00ed para construir soluciones, no para ser espectadores.\u201d<\/p>\n\n\n\n<h2 class=\"wp-block-heading\" id=\"h-un-llamamiento-a-los-gobiernos-y-a-la-comunidad-internacional\"><strong>Un llamamiento a los gobiernos y a la comunidad internacional<\/strong><\/h2>\n\n\n\n<p>Desde las organizaciones y plataformas que trabajan por los derechos de la infancia, hacemos un llamamiento urgente: no podemos dar un solo paso atr\u00e1s. La FfD4 debe marcar un punto de inflexi\u00f3n. Si realmente queremos cumplir con la Agenda 2030, los Objetivos de Desarrollo Sostenible, la Agenda de Addis Abeba y el Compromiso de Sevilla, que se adoptar\u00e1 oficialmente en FfD4, necesitamos una financiaci\u00f3n que garantice un mundo donde cada ni\u00f1o y ni\u00f1a pueda crecer sano, seguro y con oportunidades reales.<\/p>\n\n\n\n<p><strong>ORGANIZACIONES FIRMANTES:<\/strong><\/p>\n\n\n\n<div class=\"wp-block-group has-global-padding is-layout-constrained wp-block-group-is-layout-constrained\">\n<p>Coordinadora de ONG para el Desarrollo<\/p>\n\n\n\n<p>Entreculturas<\/p>\n\n\n\n<p>Educo<\/p>\n\n\n\n<p>Plan International<\/p>\n\n\n\n<p>Plataforma de Infancia<\/p>\n\n\n\n<p>Save the Children<\/p>\n\n\n\n<p>Tierra de Hombres Espa\u00f1a<\/p>\n\n\n\n<p>UNICEF Espa\u00f1a<\/p>\n\n\n\n<p>World Vision&nbsp;<\/p>\n\n\n\n<p><\/p>\n<\/div>\n","protected":false},"excerpt":{"rendered":"<p>En un momento cr\u00edtico para el planeta, la infancia se enfrenta a una crisis silenciosa. Hoy, uno de cada tres ni\u00f1os y ni\u00f1as en el mundo no tiene acceso a servicios esenciales como salud, educaci\u00f3n o protecci\u00f3n, una realidad que pone en jaque sus derechos fundamentales y amenaza con hipotecar el futuro de generaciones enteras. \u00a0En este contexto, la Cuarta Conferencia sobre Financiaci\u00f3n para el Desarrollo (FfD4), que se celebra en Sevilla (30 de junio al 3 de junio), se presenta como una oportunidad hist\u00f3rica para transformar esta realidad. Se trata de mucho m\u00e1s que una cumbre financiera: es un momento decisivo para garantizar que los derechos de la infancia y la juventud est\u00e9n en el centro de la arquitectura econ\u00f3mica global. El precio de la austeridad lo pagan los ni\u00f1os y ni\u00f1as Las pol\u00edticas de austeridad, la creciente carga de la deuda y los recortes en inversi\u00f3n social han [&hellip;]<\/p>\n","protected":false},"featured_media":40017,"template":"","meta":{"_acf_changed":false},"categories":[7],"tags":[289],"country":[],"cause":[128],"class_list":["post-40006","noticia","type-noticia","status-publish","has-post-thumbnail","hentry","category-noticia","tag-educacion","cause-educacion"],"acf":[],"yoast_head":"<!-- This site is optimized with the Yoast SEO Premium plugin v21.6 (Yoast SEO v27.5) - https:\/\/yoast.com\/product\/yoast-seo-premium-wordpress\/ -->\n<title>Denuncia: Uno de cada tres ni\u00f1os no accede a servicios esenciales<\/title>\n<meta name=\"description\" content=\"En la 4\u00aa Conferencia sobre Financiaci\u00f3n del Desarrollo incidimos en que los derechos de la infancia est\u00e9n en la arquitectura econ\u00f3mica global\" \/>\n<meta name=\"robots\" content=\"index, follow, max-snippet:-1, max-image-preview:large, max-video-preview:-1\" \/>\n<link rel=\"canonical\" href=\"https:\/\/www.entreculturas.org\/ca\/noticia\/organizaciones-de-infancia-denunciamos-en-sevilla-que-una-de-cada-tres-ninas-y-ninos-carece-de-servicios-esenciales\/\" \/>\n<meta property=\"og:locale\" content=\"ca_ES\" \/>\n<meta property=\"og:type\" content=\"article\" \/>\n<meta property=\"og:title\" content=\"Organizaciones de infancia denunciamos en Sevilla que una de cada tres ni\u00f1as y ni\u00f1os carece de servicios esenciales\" \/>\n<meta property=\"og:description\" content=\"En la 4\u00aa Conferencia sobre Financiaci\u00f3n del Desarrollo incidimos en que los derechos de la infancia est\u00e9n en la arquitectura econ\u00f3mica global\" \/>\n<meta property=\"og:url\" content=\"https:\/\/www.entreculturas.org\/ca\/noticia\/organizaciones-de-infancia-denunciamos-en-sevilla-que-una-de-cada-tres-ninas-y-ninos-carece-de-servicios-esenciales\/\" \/>\n<meta property=\"og:site_name\" content=\"Entreculturas\" \/>\n<meta property=\"article:publisher\" content=\"https:\/\/www.facebook.com\/entreculturas\" \/>\n<meta property=\"article:modified_time\" content=\"2025-07-01T07:55:30+00:00\" \/>\n<meta property=\"og:image\" content=\"https:\/\/www.entreculturas.org\/wp-content\/uploads\/2025\/06\/Copia-de-Potosi-\u00a9-Monteserin-Fotografia-Entreculturas3.jpg\" \/>\n\t<meta property=\"og:image:width\" content=\"800\" \/>\n\t<meta property=\"og:image:height\" content=\"533\" \/>\n\t<meta property=\"og:image:type\" content=\"image\/jpeg\" \/>\n<meta name=\"twitter:card\" content=\"summary_large_image\" \/>\n<meta name=\"twitter:site\" content=\"@Entreculturas\" \/>\n<script type=\"application\/ld+json\" class=\"yoast-schema-graph\">{\"@context\":\"https:\\\/\\\/schema.org\",\"@graph\":[{\"@type\":\"WebPage\",\"@id\":\"https:\\\/\\\/www.entreculturas.org\\\/ca\\\/noticia\\\/organizaciones-de-infancia-denunciamos-en-sevilla-que-una-de-cada-tres-ninas-y-ninos-carece-de-servicios-esenciales\\\/\",\"url\":\"https:\\\/\\\/www.entreculturas.org\\\/ca\\\/noticia\\\/organizaciones-de-infancia-denunciamos-en-sevilla-que-una-de-cada-tres-ninas-y-ninos-carece-de-servicios-esenciales\\\/\",\"name\":\"Denuncia: Uno de cada tres ni\u00f1os no accede a servicios esenciales\",\"isPartOf\":{\"@id\":\"https:\\\/\\\/www.entreculturas.org\\\/ca\\\/#website\"},\"primaryImageOfPage\":{\"@id\":\"https:\\\/\\\/www.entreculturas.org\\\/ca\\\/noticia\\\/organizaciones-de-infancia-denunciamos-en-sevilla-que-una-de-cada-tres-ninas-y-ninos-carece-de-servicios-esenciales\\\/#primaryimage\"},\"image\":{\"@id\":\"https:\\\/\\\/www.entreculturas.org\\\/ca\\\/noticia\\\/organizaciones-de-infancia-denunciamos-en-sevilla-que-una-de-cada-tres-ninas-y-ninos-carece-de-servicios-esenciales\\\/#primaryimage\"},\"thumbnailUrl\":\"https:\\\/\\\/www.entreculturas.org\\\/wp-content\\\/uploads\\\/2025\\\/06\\\/Copia-de-Potosi-\u00a9-Monteserin-Fotografia-Entreculturas3.jpg\",\"datePublished\":\"2025-06-30T13:32:34+00:00\",\"dateModified\":\"2025-07-01T07:55:30+00:00\",\"description\":\"En la 4\u00aa Conferencia sobre Financiaci\u00f3n del Desarrollo incidimos en que los derechos de la infancia est\u00e9n en la arquitectura econ\u00f3mica global\",\"breadcrumb\":{\"@id\":\"https:\\\/\\\/www.entreculturas.org\\\/ca\\\/noticia\\\/organizaciones-de-infancia-denunciamos-en-sevilla-que-una-de-cada-tres-ninas-y-ninos-carece-de-servicios-esenciales\\\/#breadcrumb\"},\"inLanguage\":\"ca\",\"potentialAction\":[{\"@type\":\"ReadAction\",\"target\":[\"https:\\\/\\\/www.entreculturas.org\\\/ca\\\/noticia\\\/organizaciones-de-infancia-denunciamos-en-sevilla-que-una-de-cada-tres-ninas-y-ninos-carece-de-servicios-esenciales\\\/\"]}]},{\"@type\":\"ImageObject\",\"inLanguage\":\"ca\",\"@id\":\"https:\\\/\\\/www.entreculturas.org\\\/ca\\\/noticia\\\/organizaciones-de-infancia-denunciamos-en-sevilla-que-una-de-cada-tres-ninas-y-ninos-carece-de-servicios-esenciales\\\/#primaryimage\",\"url\":\"https:\\\/\\\/www.entreculturas.org\\\/wp-content\\\/uploads\\\/2025\\\/06\\\/Copia-de-Potosi-\u00a9-Monteserin-Fotografia-Entreculturas3.jpg\",\"contentUrl\":\"https:\\\/\\\/www.entreculturas.org\\\/wp-content\\\/uploads\\\/2025\\\/06\\\/Copia-de-Potosi-\u00a9-Monteserin-Fotografia-Entreculturas3.jpg\",\"width\":800,\"height\":533,\"caption\":\"Entreculturas\"},{\"@type\":\"BreadcrumbList\",\"@id\":\"https:\\\/\\\/www.entreculturas.org\\\/ca\\\/noticia\\\/organizaciones-de-infancia-denunciamos-en-sevilla-que-una-de-cada-tres-ninas-y-ninos-carece-de-servicios-esenciales\\\/#breadcrumb\",\"itemListElement\":[{\"@type\":\"ListItem\",\"position\":1,\"name\":\"Home\",\"item\":\"https:\\\/\\\/www.entreculturas.org\\\/ca\\\/\"},{\"@type\":\"ListItem\",\"position\":2,\"name\":\"Noticias\",\"item\":\"https:\\\/\\\/www.entreculturas.org\\\/ca\\\/noticias\\\/\"},{\"@type\":\"ListItem\",\"position\":3,\"name\":\"Organizaciones de infancia denunciamos en Sevilla que una de cada tres ni\u00f1as y ni\u00f1os carece de servicios esenciales\"}]},{\"@type\":\"WebSite\",\"@id\":\"https:\\\/\\\/www.entreculturas.org\\\/ca\\\/#website\",\"url\":\"https:\\\/\\\/www.entreculturas.org\\\/ca\\\/\",\"name\":\"Entreculturas\",\"description\":\"\",\"publisher\":{\"@id\":\"https:\\\/\\\/www.entreculturas.org\\\/ca\\\/#organization\"},\"alternateName\":\"Entreculturas\",\"potentialAction\":[{\"@type\":\"SearchAction\",\"target\":{\"@type\":\"EntryPoint\",\"urlTemplate\":\"https:\\\/\\\/www.entreculturas.org\\\/ca\\\/?s={search_term_string}\"},\"query-input\":{\"@type\":\"PropertyValueSpecification\",\"valueRequired\":true,\"valueName\":\"search_term_string\"}}],\"inLanguage\":\"ca\"},{\"@type\":\"Organization\",\"@id\":\"https:\\\/\\\/www.entreculturas.org\\\/ca\\\/#organization\",\"name\":\"Entreculturas\",\"url\":\"https:\\\/\\\/www.entreculturas.org\\\/ca\\\/\",\"logo\":{\"@type\":\"ImageObject\",\"inLanguage\":\"ca\",\"@id\":\"https:\\\/\\\/www.entreculturas.org\\\/ca\\\/#\\\/schema\\\/logo\\\/image\\\/\",\"url\":\"https:\\\/\\\/www.entreculturas.org\\\/wp-content\\\/uploads\\\/2025\\\/10\\\/ESP.svg\",\"contentUrl\":\"https:\\\/\\\/www.entreculturas.org\\\/wp-content\\\/uploads\\\/2025\\\/10\\\/ESP.svg\",\"caption\":\"Entreculturas\"},\"image\":{\"@id\":\"https:\\\/\\\/www.entreculturas.org\\\/ca\\\/#\\\/schema\\\/logo\\\/image\\\/\"},\"sameAs\":[\"https:\\\/\\\/www.facebook.com\\\/entreculturas\",\"https:\\\/\\\/x.com\\\/Entreculturas\",\"https:\\\/\\\/www.instagram.com\\\/entreculturas\\\/\",\"https:\\\/\\\/www.youtube.com\\\/user\\\/entreculturasvideo\",\"https:\\\/\\\/www.linkedin.com\\\/company\\\/fundacion-entreculturas-ngdo\\\/\",\"https:\\\/\\\/www.flickr.com\\\/photos\\\/98455522@N04\\\/albums\\\/\"]}]}<\/script>\n<!-- \/ Yoast SEO Premium plugin. -->","yoast_head_json":{"title":"Denuncia: Uno de cada tres ni\u00f1os no accede a servicios esenciales","description":"En la 4\u00aa Conferencia sobre Financiaci\u00f3n del Desarrollo incidimos en que los derechos de la infancia est\u00e9n en la arquitectura econ\u00f3mica global","robots":{"index":"index","follow":"follow","max-snippet":"max-snippet:-1","max-image-preview":"max-image-preview:large","max-video-preview":"max-video-preview:-1"},"canonical":"https:\/\/www.entreculturas.org\/ca\/noticia\/organizaciones-de-infancia-denunciamos-en-sevilla-que-una-de-cada-tres-ninas-y-ninos-carece-de-servicios-esenciales\/","og_locale":"ca_ES","og_type":"article","og_title":"Organizaciones de infancia denunciamos en Sevilla que una de cada tres ni\u00f1as y ni\u00f1os carece de servicios esenciales","og_description":"En la 4\u00aa Conferencia sobre Financiaci\u00f3n del Desarrollo incidimos en que los derechos de la infancia est\u00e9n en la arquitectura econ\u00f3mica global","og_url":"https:\/\/www.entreculturas.org\/ca\/noticia\/organizaciones-de-infancia-denunciamos-en-sevilla-que-una-de-cada-tres-ninas-y-ninos-carece-de-servicios-esenciales\/","og_site_name":"Entreculturas","article_publisher":"https:\/\/www.facebook.com\/entreculturas","article_modified_time":"2025-07-01T07:55:30+00:00","og_image":[{"width":800,"height":533,"url":"https:\/\/www.entreculturas.org\/wp-content\/uploads\/2025\/06\/Copia-de-Potosi-\u00a9-Monteserin-Fotografia-Entreculturas3.jpg","type":"image\/jpeg"}],"twitter_card":"summary_large_image","twitter_site":"@Entreculturas","schema":{"@context":"https:\/\/schema.org","@graph":[{"@type":"WebPage","@id":"https:\/\/www.entreculturas.org\/ca\/noticia\/organizaciones-de-infancia-denunciamos-en-sevilla-que-una-de-cada-tres-ninas-y-ninos-carece-de-servicios-esenciales\/","url":"https:\/\/www.entreculturas.org\/ca\/noticia\/organizaciones-de-infancia-denunciamos-en-sevilla-que-una-de-cada-tres-ninas-y-ninos-carece-de-servicios-esenciales\/","name":"Denuncia: Uno de cada tres ni\u00f1os no accede a servicios esenciales","isPartOf":{"@id":"https:\/\/www.entreculturas.org\/ca\/#website"},"primaryImageOfPage":{"@id":"https:\/\/www.entreculturas.org\/ca\/noticia\/organizaciones-de-infancia-denunciamos-en-sevilla-que-una-de-cada-tres-ninas-y-ninos-carece-de-servicios-esenciales\/#primaryimage"},"image":{"@id":"https:\/\/www.entreculturas.org\/ca\/noticia\/organizaciones-de-infancia-denunciamos-en-sevilla-que-una-de-cada-tres-ninas-y-ninos-carece-de-servicios-esenciales\/#primaryimage"},"thumbnailUrl":"https:\/\/www.entreculturas.org\/wp-content\/uploads\/2025\/06\/Copia-de-Potosi-\u00a9-Monteserin-Fotografia-Entreculturas3.jpg","datePublished":"2025-06-30T13:32:34+00:00","dateModified":"2025-07-01T07:55:30+00:00","description":"En la 4\u00aa Conferencia sobre Financiaci\u00f3n del Desarrollo incidimos en que los derechos de la infancia est\u00e9n en la arquitectura econ\u00f3mica global","breadcrumb":{"@id":"https:\/\/www.entreculturas.org\/ca\/noticia\/organizaciones-de-infancia-denunciamos-en-sevilla-que-una-de-cada-tres-ninas-y-ninos-carece-de-servicios-esenciales\/#breadcrumb"},"inLanguage":"ca","potentialAction":[{"@type":"ReadAction","target":["https:\/\/www.entreculturas.org\/ca\/noticia\/organizaciones-de-infancia-denunciamos-en-sevilla-que-una-de-cada-tres-ninas-y-ninos-carece-de-servicios-esenciales\/"]}]},{"@type":"ImageObject","inLanguage":"ca","@id":"https:\/\/www.entreculturas.org\/ca\/noticia\/organizaciones-de-infancia-denunciamos-en-sevilla-que-una-de-cada-tres-ninas-y-ninos-carece-de-servicios-esenciales\/#primaryimage","url":"https:\/\/www.entreculturas.org\/wp-content\/uploads\/2025\/06\/Copia-de-Potosi-\u00a9-Monteserin-Fotografia-Entreculturas3.jpg","contentUrl":"https:\/\/www.entreculturas.org\/wp-content\/uploads\/2025\/06\/Copia-de-Potosi-\u00a9-Monteserin-Fotografia-Entreculturas3.jpg","width":800,"height":533,"caption":"Entreculturas"},{"@type":"BreadcrumbList","@id":"https:\/\/www.entreculturas.org\/ca\/noticia\/organizaciones-de-infancia-denunciamos-en-sevilla-que-una-de-cada-tres-ninas-y-ninos-carece-de-servicios-esenciales\/#breadcrumb","itemListElement":[{"@type":"ListItem","position":1,"name":"Home","item":"https:\/\/www.entreculturas.org\/ca\/"},{"@type":"ListItem","position":2,"name":"Noticias","item":"https:\/\/www.entreculturas.org\/ca\/noticias\/"},{"@type":"ListItem","position":3,"name":"Organizaciones de infancia denunciamos en Sevilla que una de cada tres ni\u00f1as y ni\u00f1os carece de servicios esenciales"}]},{"@type":"WebSite","@id":"https:\/\/www.entreculturas.org\/ca\/#website","url":"https:\/\/www.entreculturas.org\/ca\/","name":"Entreculturas","description":"","publisher":{"@id":"https:\/\/www.entreculturas.org\/ca\/#organization"},"alternateName":"Entreculturas","potentialAction":[{"@type":"SearchAction","target":{"@type":"EntryPoint","urlTemplate":"https:\/\/www.entreculturas.org\/ca\/?s={search_term_string}"},"query-input":{"@type":"PropertyValueSpecification","valueRequired":true,"valueName":"search_term_string"}}],"inLanguage":"ca"},{"@type":"Organization","@id":"https:\/\/www.entreculturas.org\/ca\/#organization","name":"Entreculturas","url":"https:\/\/www.entreculturas.org\/ca\/","logo":{"@type":"ImageObject","inLanguage":"ca","@id":"https:\/\/www.entreculturas.org\/ca\/#\/schema\/logo\/image\/","url":"https:\/\/www.entreculturas.org\/wp-content\/uploads\/2025\/10\/ESP.svg","contentUrl":"https:\/\/www.entreculturas.org\/wp-content\/uploads\/2025\/10\/ESP.svg","caption":"Entreculturas"},"image":{"@id":"https:\/\/www.entreculturas.org\/ca\/#\/schema\/logo\/image\/"},"sameAs":["https:\/\/www.facebook.com\/entreculturas","https:\/\/x.com\/Entreculturas","https:\/\/www.instagram.com\/entreculturas\/","https:\/\/www.youtube.com\/user\/entreculturasvideo","https:\/\/www.linkedin.com\/company\/fundacion-entreculturas-ngdo\/","https:\/\/www.flickr.com\/photos\/98455522@N04\/albums\/"]}]}},"_links":{"self":[{"href":"https:\/\/www.entreculturas.org\/ca\/wp-json\/wp\/v2\/noticia\/40006","targetHints":{"allow":["GET"]}}],"collection":[{"href":"https:\/\/www.entreculturas.org\/ca\/wp-json\/wp\/v2\/noticia"}],"about":[{"href":"https:\/\/www.entreculturas.org\/ca\/wp-json\/wp\/v2\/types\/noticia"}],"wp:featuredmedia":[{"embeddable":true,"href":"https:\/\/www.entreculturas.org\/ca\/wp-json\/wp\/v2\/media\/40017"}],"wp:attachment":[{"href":"https:\/\/www.entreculturas.org\/ca\/wp-json\/wp\/v2\/media?parent=40006"}],"wp:term":[{"taxonomy":"category","embeddable":true,"href":"https:\/\/www.entreculturas.org\/ca\/wp-json\/wp\/v2\/categories?post=40006"},{"taxonomy":"post_tag","embeddable":true,"href":"https:\/\/www.entreculturas.org\/ca\/wp-json\/wp\/v2\/tags?post=40006"},{"taxonomy":"country","embeddable":true,"href":"https:\/\/www.entreculturas.org\/ca\/wp-json\/wp\/v2\/country?post=40006"},{"taxonomy":"cause","embeddable":true,"href":"https:\/\/www.entreculturas.org\/ca\/wp-json\/wp\/v2\/cause?post=40006"}],"curies":[{"name":"wp","href":"https:\/\/api.w.org\/{rel}","templated":true}]}}