{"id":39783,"date":"2025-06-20T13:38:36","date_gmt":"2025-06-20T11:38:36","guid":{"rendered":"https:\/\/www.entreculturas.org\/?post_type=noticia&#038;p=39783"},"modified":"2025-06-24T09:13:09","modified_gmt":"2025-06-24T07:13:09","slug":"dia-de-las-personas-refugiadas-acoger-es-tejer-esperanza","status":"publish","type":"noticia","link":"https:\/\/www.entreculturas.org\/ca\/noticia\/dia-de-las-personas-refugiadas-acoger-es-tejer-esperanza\/","title":{"rendered":"D\u00eda de las Personas Refugiadas: Acoger es tejer esperanza"},"content":{"rendered":"\n<p>Con motivo del <strong>D\u00eda Mundial de las Personas Refugiadas (20 de junio)<\/strong>, las organizaciones <strong>Pueblos Unidos y Entreculturas<\/strong> lanzamos una acci\u00f3n conjunta dentro de la campa\u00f1a <strong>#SoyAcogida<\/strong>, centrada en <strong>visibilizar y fomentar la acogida de personas refugiadas desde lo cotidiano, en los barrios y comunidades de Madrid<\/strong>.<\/p>\n\n\n\n<p>En un contexto en el que el n\u00famero de personas desplazadas forzosamente en el mundo supera ya los <strong>123 millones<\/strong>, esta campa\u00f1a pone el foco en el entorno m\u00e1s cercano: <strong>c\u00f3mo puede la sociedad \u2014vecinas, estudiantes, profesorado, parroquias, asociaciones\u2014 contribuir a una acogida humana y activa<\/strong>.<\/p>\n\n\n\n<h2 class=\"wp-block-heading has-din-font-family has-x-large-font-size\" id=\"h-una-acogida-que-empieza-cerca\"><strong>Una acogida que empieza cerca<\/strong><\/h2>\n\n\n\n<p>Acoger no es solo recibir. Es escuchar, comprender, acompa\u00f1ar, defender y es <em>es tejer esperanza junto a quienes han tenido que dejarlo todo atr\u00e1s<\/em>. Es transformar los espacios que habitamos para que sean verdaderamente inclusivos y seguros para todos. Desde Pueblos Unidos, esto es una premisa desde hace m\u00e1s de 20 a\u00f1os que trabajamos con personas refugiadas y migrantes desde el barrio de La Ventilla, en el norte de Madrid.<\/p>\n\n\n\n<p>En este d\u00eda te invitamos a reflexionar sobre el papel que juega la ciudadan\u00eda en la construcci\u00f3n de una ciudad m\u00e1s hospitalaria. <strong>A trav\u00e9s de materiales gr\u00e1ficos, publicaciones en redes y testimonios reales<\/strong>, promovemos peque\u00f1as acciones que cualquiera puede poner en pr\u00e1ctica: desde saludar y acompa\u00f1ar, hasta formarse, participar o implicarse activamente en espacios comunitarios.<\/p>\n\n\n\n<h2 class=\"wp-block-heading has-din-font-family has-x-large-font-size\" id=\"h-una-campana-con-rostro-humano\"><strong>Una campa\u00f1a con rostro humano<\/strong><\/h2>\n\n\n\n<p><strong>\u201cSoy Acogida\u201d es una campa\u00f1a de sensibilizaci\u00f3n impulsada por Entreculturas y Pueblos Unidos<\/strong>, fruto de una colaboraci\u00f3n sostenida que une el trabajo educativo y de incidencia con la experiencia de acompa\u00f1amiento directo a personas refugiadas en Madrid.<\/p>\n\n\n\n<p>Ambas organizaciones insistimos en que <strong>la acogida es una responsabilidad colectiva<\/strong> y que cada persona tiene un papel importante que desempe\u00f1ar. La acogida se construye en lo cotidiano, en las aulas, en las calles, en las parroquias y en las redes de apoyo barriales\u201d, explican.<\/p>\n\n\n\n<h2 class=\"wp-block-heading has-din-font-family has-x-large-font-size\" id=\"h-20-de-junio-dia-para-sumar-gestos-de-hospitalidad\"><strong>20 de junio: d\u00eda para sumar gestos de hospitalidad<\/strong><\/h2>\n\n\n\n<p>Coincidiendo con el D\u00eda Mundial de las Personas Refugiadas te invitamos a tejer acogida con estas 5 formas de hacerlo desde lo cotidiano:<\/p>\n\n\n\n<ol class=\"wp-block-list\">\n<li><strong>Escucha activa, sin prejuicios<\/strong><strong><br><\/strong>La acogida comienza cuando dejamos de asumir y empezamos a escuchar. Cada historia de refugio es \u00fanica. Abrir el o\u00eddo y el coraz\u00f3n es el primer paso.<\/li>\n\n\n\n<li><strong>Inf\u00f3rmate para transformar miradas<\/strong><strong><br><\/strong>Conocer las causas del desplazamiento nos ayuda a desmontar estereotipos y comprender mejor estas realidades. La informaci\u00f3n tambi\u00e9n es refugio.<\/li>\n\n\n\n<li><strong>Respeta los tiempos y procesos<\/strong><strong><br><\/strong>No todas las personas quieren o pueden contar su historia. La acogida tambi\u00e9n es dar espacio, cuidar los silencios y acompa\u00f1ar sin forzar.<\/li>\n\n\n\n<li><strong>Haz comunidad<\/strong><strong><br><\/strong>La acogida no depende solo de instituciones. Tu barrio, tu colegio, tu grupo&#8230; todos y todas podemos generar espacios seguros, diversos y solidarios.<\/li>\n\n\n\n<li><strong>Revisa tu lenguaje y actitudes<\/strong><strong><br><\/strong>Los peque\u00f1os gestos comunican: una sonrisa, un saludo, una conversaci\u00f3n sin paternalismo. Lo cotidiano tambi\u00e9n puede ser transformador.<\/li>\n<\/ol>\n\n\n\n<p>Te invitamos a compartir este post de Instagram y nuestro mensaje para que con este gesto simb\u00f3lico y pedag\u00f3gico, pongamos<strong> rostro a la acogida<\/strong> y animemos a m\u00e1s personas a implicarse en la construcci\u00f3n de una ciudad m\u00e1s justa y acogedora para quienes llegan buscando refugio. Haz click en la imagen.<br><br><\/p>\n\n\n\n<figure class=\"wp-block-image aligncenter size-large is-resized\"><a href=\"https:\/\/www.instagram.com\/p\/DLHwuYSKvOi\/?img_index=1\"><img decoding=\"async\" src=\"https:\/\/www.entreculturas.org\/wp-content\/uploads\/2025\/06\/Captura-de-pantalla-2025-06-20-a-las-13.47.51-1024x815.png\" alt=\"\" class=\"wp-image-39791\" style=\"width:822px;height:auto\"\/><\/a><\/figure>\n\n\n\n<p><br>S\u00famate al mensaje en redes con el hashtag <strong>#SoyAcogida<\/strong><br><strong><br><\/strong>M\u00e1s informaci\u00f3n en <a href=\"https:\/\/www.soyacogida.org\/\">soyacogida.org<\/a><\/p>\n","protected":false},"excerpt":{"rendered":"<p>Con motivo del D\u00eda Mundial de las Personas Refugiadas (20 de junio), las organizaciones Pueblos Unidos y Entreculturas lanzamos una acci\u00f3n conjunta dentro de la campa\u00f1a #SoyAcogida, centrada en visibilizar y fomentar la acogida de personas refugiadas desde lo cotidiano, en los barrios y comunidades de Madrid. En un contexto en el que el n\u00famero de personas desplazadas forzosamente en el mundo supera ya los 123 millones, esta campa\u00f1a pone el foco en el entorno m\u00e1s cercano: c\u00f3mo puede la sociedad \u2014vecinas, estudiantes, profesorado, parroquias, asociaciones\u2014 contribuir a una acogida humana y activa. Una acogida que empieza cerca Acoger no es solo recibir. Es escuchar, comprender, acompa\u00f1ar, defender y es es tejer esperanza junto a quienes han tenido que dejarlo todo atr\u00e1s. Es transformar los espacios que habitamos para que sean verdaderamente inclusivos y seguros para todos. Desde Pueblos Unidos, esto es una premisa desde hace m\u00e1s de 20 a\u00f1os [&hellip;]<\/p>\n","protected":false},"featured_media":39785,"template":"","meta":{"_acf_changed":false},"categories":[7],"tags":[10],"country":[120],"cause":[129],"class_list":["post-39783","noticia","type-noticia","status-publish","has-post-thumbnail","hentry","category-noticia","tag-migracion-y-refugio","country-espana","cause-migracion-y-refugio"],"acf":[],"yoast_head":"<!-- This site is optimized with the Yoast SEO Premium plugin v21.6 (Yoast SEO v27.5) - https:\/\/yoast.com\/product\/yoast-seo-premium-wordpress\/ -->\n<title>D\u00eda de las Personas Refugiadas: Acoger es tejer esperanza - Entreculturas<\/title>\n<meta name=\"description\" content=\"Entreculturas y Pueblos Unidos lanza una acci\u00f3n dentro de la campa\u00f1a #SoyAcogida, centrada en fomentar la acogida de personas refugiadas.\" \/>\n<meta name=\"robots\" content=\"index, follow, max-snippet:-1, max-image-preview:large, max-video-preview:-1\" \/>\n<link rel=\"canonical\" href=\"https:\/\/www.entreculturas.org\/ca\/noticia\/dia-de-las-personas-refugiadas-acoger-es-tejer-esperanza\/\" \/>\n<meta property=\"og:locale\" content=\"ca_ES\" \/>\n<meta property=\"og:type\" content=\"article\" \/>\n<meta property=\"og:title\" content=\"D\u00eda de las Personas Refugiadas: Acoger es tejer esperanza\" \/>\n<meta property=\"og:description\" content=\"Entreculturas y Pueblos Unidos lanza una acci\u00f3n dentro de la campa\u00f1a #SoyAcogida, centrada en fomentar la acogida de personas refugiadas.\" \/>\n<meta property=\"og:url\" content=\"https:\/\/www.entreculturas.org\/ca\/noticia\/dia-de-las-personas-refugiadas-acoger-es-tejer-esperanza\/\" \/>\n<meta property=\"og:site_name\" content=\"Entreculturas\" \/>\n<meta property=\"article:publisher\" content=\"https:\/\/www.facebook.com\/entreculturas\" \/>\n<meta property=\"article:modified_time\" content=\"2025-06-24T07:13:09+00:00\" \/>\n<meta property=\"og:image\" content=\"https:\/\/www.entreculturas.org\/wp-content\/uploads\/2025\/06\/NOTICIA-EC.jpg\" \/>\n\t<meta property=\"og:image:width\" content=\"1034\" \/>\n\t<meta property=\"og:image:height\" content=\"450\" \/>\n\t<meta property=\"og:image:type\" content=\"image\/jpeg\" \/>\n<meta name=\"twitter:card\" content=\"summary_large_image\" \/>\n<meta name=\"twitter:site\" content=\"@Entreculturas\" \/>\n<script type=\"application\/ld+json\" class=\"yoast-schema-graph\">{\"@context\":\"https:\\\/\\\/schema.org\",\"@graph\":[{\"@type\":\"WebPage\",\"@id\":\"https:\\\/\\\/www.entreculturas.org\\\/ca\\\/noticia\\\/dia-de-las-personas-refugiadas-acoger-es-tejer-esperanza\\\/\",\"url\":\"https:\\\/\\\/www.entreculturas.org\\\/ca\\\/noticia\\\/dia-de-las-personas-refugiadas-acoger-es-tejer-esperanza\\\/\",\"name\":\"D\u00eda de las Personas Refugiadas: Acoger es tejer esperanza - Entreculturas\",\"isPartOf\":{\"@id\":\"https:\\\/\\\/www.entreculturas.org\\\/ca\\\/#website\"},\"primaryImageOfPage\":{\"@id\":\"https:\\\/\\\/www.entreculturas.org\\\/ca\\\/noticia\\\/dia-de-las-personas-refugiadas-acoger-es-tejer-esperanza\\\/#primaryimage\"},\"image\":{\"@id\":\"https:\\\/\\\/www.entreculturas.org\\\/ca\\\/noticia\\\/dia-de-las-personas-refugiadas-acoger-es-tejer-esperanza\\\/#primaryimage\"},\"thumbnailUrl\":\"https:\\\/\\\/www.entreculturas.org\\\/wp-content\\\/uploads\\\/2025\\\/06\\\/NOTICIA-EC.jpg\",\"datePublished\":\"2025-06-20T11:38:36+00:00\",\"dateModified\":\"2025-06-24T07:13:09+00:00\",\"description\":\"Entreculturas y Pueblos Unidos lanza una acci\u00f3n dentro de la campa\u00f1a #SoyAcogida, centrada en fomentar la acogida de personas refugiadas.\",\"breadcrumb\":{\"@id\":\"https:\\\/\\\/www.entreculturas.org\\\/ca\\\/noticia\\\/dia-de-las-personas-refugiadas-acoger-es-tejer-esperanza\\\/#breadcrumb\"},\"inLanguage\":\"ca\",\"potentialAction\":[{\"@type\":\"ReadAction\",\"target\":[\"https:\\\/\\\/www.entreculturas.org\\\/ca\\\/noticia\\\/dia-de-las-personas-refugiadas-acoger-es-tejer-esperanza\\\/\"]}]},{\"@type\":\"ImageObject\",\"inLanguage\":\"ca\",\"@id\":\"https:\\\/\\\/www.entreculturas.org\\\/ca\\\/noticia\\\/dia-de-las-personas-refugiadas-acoger-es-tejer-esperanza\\\/#primaryimage\",\"url\":\"https:\\\/\\\/www.entreculturas.org\\\/wp-content\\\/uploads\\\/2025\\\/06\\\/NOTICIA-EC.jpg\",\"contentUrl\":\"https:\\\/\\\/www.entreculturas.org\\\/wp-content\\\/uploads\\\/2025\\\/06\\\/NOTICIA-EC.jpg\",\"width\":1034,\"height\":450,\"caption\":\"D\u00eda de las Personas Refugiadas-1\"},{\"@type\":\"BreadcrumbList\",\"@id\":\"https:\\\/\\\/www.entreculturas.org\\\/ca\\\/noticia\\\/dia-de-las-personas-refugiadas-acoger-es-tejer-esperanza\\\/#breadcrumb\",\"itemListElement\":[{\"@type\":\"ListItem\",\"position\":1,\"name\":\"Home\",\"item\":\"https:\\\/\\\/www.entreculturas.org\\\/ca\\\/\"},{\"@type\":\"ListItem\",\"position\":2,\"name\":\"Noticias\",\"item\":\"https:\\\/\\\/www.entreculturas.org\\\/ca\\\/noticias\\\/\"},{\"@type\":\"ListItem\",\"position\":3,\"name\":\"D\u00eda de las Personas Refugiadas: Acoger es tejer esperanza\"}]},{\"@type\":\"WebSite\",\"@id\":\"https:\\\/\\\/www.entreculturas.org\\\/ca\\\/#website\",\"url\":\"https:\\\/\\\/www.entreculturas.org\\\/ca\\\/\",\"name\":\"Entreculturas\",\"description\":\"\",\"publisher\":{\"@id\":\"https:\\\/\\\/www.entreculturas.org\\\/ca\\\/#organization\"},\"alternateName\":\"Entreculturas\",\"potentialAction\":[{\"@type\":\"SearchAction\",\"target\":{\"@type\":\"EntryPoint\",\"urlTemplate\":\"https:\\\/\\\/www.entreculturas.org\\\/ca\\\/?s={search_term_string}\"},\"query-input\":{\"@type\":\"PropertyValueSpecification\",\"valueRequired\":true,\"valueName\":\"search_term_string\"}}],\"inLanguage\":\"ca\"},{\"@type\":\"Organization\",\"@id\":\"https:\\\/\\\/www.entreculturas.org\\\/ca\\\/#organization\",\"name\":\"Entreculturas\",\"url\":\"https:\\\/\\\/www.entreculturas.org\\\/ca\\\/\",\"logo\":{\"@type\":\"ImageObject\",\"inLanguage\":\"ca\",\"@id\":\"https:\\\/\\\/www.entreculturas.org\\\/ca\\\/#\\\/schema\\\/logo\\\/image\\\/\",\"url\":\"https:\\\/\\\/www.entreculturas.org\\\/wp-content\\\/uploads\\\/2025\\\/10\\\/ESP.svg\",\"contentUrl\":\"https:\\\/\\\/www.entreculturas.org\\\/wp-content\\\/uploads\\\/2025\\\/10\\\/ESP.svg\",\"caption\":\"Entreculturas\"},\"image\":{\"@id\":\"https:\\\/\\\/www.entreculturas.org\\\/ca\\\/#\\\/schema\\\/logo\\\/image\\\/\"},\"sameAs\":[\"https:\\\/\\\/www.facebook.com\\\/entreculturas\",\"https:\\\/\\\/x.com\\\/Entreculturas\",\"https:\\\/\\\/www.instagram.com\\\/entreculturas\\\/\",\"https:\\\/\\\/www.youtube.com\\\/user\\\/entreculturasvideo\",\"https:\\\/\\\/www.linkedin.com\\\/company\\\/fundacion-entreculturas-ngdo\\\/\",\"https:\\\/\\\/www.flickr.com\\\/photos\\\/98455522@N04\\\/albums\\\/\"]}]}<\/script>\n<!-- \/ Yoast SEO Premium plugin. -->","yoast_head_json":{"title":"D\u00eda de las Personas Refugiadas: Acoger es tejer esperanza - Entreculturas","description":"Entreculturas y Pueblos Unidos lanza una acci\u00f3n dentro de la campa\u00f1a #SoyAcogida, centrada en fomentar la acogida de personas refugiadas.","robots":{"index":"index","follow":"follow","max-snippet":"max-snippet:-1","max-image-preview":"max-image-preview:large","max-video-preview":"max-video-preview:-1"},"canonical":"https:\/\/www.entreculturas.org\/ca\/noticia\/dia-de-las-personas-refugiadas-acoger-es-tejer-esperanza\/","og_locale":"ca_ES","og_type":"article","og_title":"D\u00eda de las Personas Refugiadas: Acoger es tejer esperanza","og_description":"Entreculturas y Pueblos Unidos lanza una acci\u00f3n dentro de la campa\u00f1a #SoyAcogida, centrada en fomentar la acogida de personas refugiadas.","og_url":"https:\/\/www.entreculturas.org\/ca\/noticia\/dia-de-las-personas-refugiadas-acoger-es-tejer-esperanza\/","og_site_name":"Entreculturas","article_publisher":"https:\/\/www.facebook.com\/entreculturas","article_modified_time":"2025-06-24T07:13:09+00:00","og_image":[{"width":1034,"height":450,"url":"https:\/\/www.entreculturas.org\/wp-content\/uploads\/2025\/06\/NOTICIA-EC.jpg","type":"image\/jpeg"}],"twitter_card":"summary_large_image","twitter_site":"@Entreculturas","schema":{"@context":"https:\/\/schema.org","@graph":[{"@type":"WebPage","@id":"https:\/\/www.entreculturas.org\/ca\/noticia\/dia-de-las-personas-refugiadas-acoger-es-tejer-esperanza\/","url":"https:\/\/www.entreculturas.org\/ca\/noticia\/dia-de-las-personas-refugiadas-acoger-es-tejer-esperanza\/","name":"D\u00eda de las Personas Refugiadas: Acoger es tejer esperanza - Entreculturas","isPartOf":{"@id":"https:\/\/www.entreculturas.org\/ca\/#website"},"primaryImageOfPage":{"@id":"https:\/\/www.entreculturas.org\/ca\/noticia\/dia-de-las-personas-refugiadas-acoger-es-tejer-esperanza\/#primaryimage"},"image":{"@id":"https:\/\/www.entreculturas.org\/ca\/noticia\/dia-de-las-personas-refugiadas-acoger-es-tejer-esperanza\/#primaryimage"},"thumbnailUrl":"https:\/\/www.entreculturas.org\/wp-content\/uploads\/2025\/06\/NOTICIA-EC.jpg","datePublished":"2025-06-20T11:38:36+00:00","dateModified":"2025-06-24T07:13:09+00:00","description":"Entreculturas y Pueblos Unidos lanza una acci\u00f3n dentro de la campa\u00f1a #SoyAcogida, centrada en fomentar la acogida de personas refugiadas.","breadcrumb":{"@id":"https:\/\/www.entreculturas.org\/ca\/noticia\/dia-de-las-personas-refugiadas-acoger-es-tejer-esperanza\/#breadcrumb"},"inLanguage":"ca","potentialAction":[{"@type":"ReadAction","target":["https:\/\/www.entreculturas.org\/ca\/noticia\/dia-de-las-personas-refugiadas-acoger-es-tejer-esperanza\/"]}]},{"@type":"ImageObject","inLanguage":"ca","@id":"https:\/\/www.entreculturas.org\/ca\/noticia\/dia-de-las-personas-refugiadas-acoger-es-tejer-esperanza\/#primaryimage","url":"https:\/\/www.entreculturas.org\/wp-content\/uploads\/2025\/06\/NOTICIA-EC.jpg","contentUrl":"https:\/\/www.entreculturas.org\/wp-content\/uploads\/2025\/06\/NOTICIA-EC.jpg","width":1034,"height":450,"caption":"D\u00eda de las Personas Refugiadas-1"},{"@type":"BreadcrumbList","@id":"https:\/\/www.entreculturas.org\/ca\/noticia\/dia-de-las-personas-refugiadas-acoger-es-tejer-esperanza\/#breadcrumb","itemListElement":[{"@type":"ListItem","position":1,"name":"Home","item":"https:\/\/www.entreculturas.org\/ca\/"},{"@type":"ListItem","position":2,"name":"Noticias","item":"https:\/\/www.entreculturas.org\/ca\/noticias\/"},{"@type":"ListItem","position":3,"name":"D\u00eda de las Personas Refugiadas: Acoger es tejer esperanza"}]},{"@type":"WebSite","@id":"https:\/\/www.entreculturas.org\/ca\/#website","url":"https:\/\/www.entreculturas.org\/ca\/","name":"Entreculturas","description":"","publisher":{"@id":"https:\/\/www.entreculturas.org\/ca\/#organization"},"alternateName":"Entreculturas","potentialAction":[{"@type":"SearchAction","target":{"@type":"EntryPoint","urlTemplate":"https:\/\/www.entreculturas.org\/ca\/?s={search_term_string}"},"query-input":{"@type":"PropertyValueSpecification","valueRequired":true,"valueName":"search_term_string"}}],"inLanguage":"ca"},{"@type":"Organization","@id":"https:\/\/www.entreculturas.org\/ca\/#organization","name":"Entreculturas","url":"https:\/\/www.entreculturas.org\/ca\/","logo":{"@type":"ImageObject","inLanguage":"ca","@id":"https:\/\/www.entreculturas.org\/ca\/#\/schema\/logo\/image\/","url":"https:\/\/www.entreculturas.org\/wp-content\/uploads\/2025\/10\/ESP.svg","contentUrl":"https:\/\/www.entreculturas.org\/wp-content\/uploads\/2025\/10\/ESP.svg","caption":"Entreculturas"},"image":{"@id":"https:\/\/www.entreculturas.org\/ca\/#\/schema\/logo\/image\/"},"sameAs":["https:\/\/www.facebook.com\/entreculturas","https:\/\/x.com\/Entreculturas","https:\/\/www.instagram.com\/entreculturas\/","https:\/\/www.youtube.com\/user\/entreculturasvideo","https:\/\/www.linkedin.com\/company\/fundacion-entreculturas-ngdo\/","https:\/\/www.flickr.com\/photos\/98455522@N04\/albums\/"]}]}},"_links":{"self":[{"href":"https:\/\/www.entreculturas.org\/ca\/wp-json\/wp\/v2\/noticia\/39783","targetHints":{"allow":["GET"]}}],"collection":[{"href":"https:\/\/www.entreculturas.org\/ca\/wp-json\/wp\/v2\/noticia"}],"about":[{"href":"https:\/\/www.entreculturas.org\/ca\/wp-json\/wp\/v2\/types\/noticia"}],"wp:featuredmedia":[{"embeddable":true,"href":"https:\/\/www.entreculturas.org\/ca\/wp-json\/wp\/v2\/media\/39785"}],"wp:attachment":[{"href":"https:\/\/www.entreculturas.org\/ca\/wp-json\/wp\/v2\/media?parent=39783"}],"wp:term":[{"taxonomy":"category","embeddable":true,"href":"https:\/\/www.entreculturas.org\/ca\/wp-json\/wp\/v2\/categories?post=39783"},{"taxonomy":"post_tag","embeddable":true,"href":"https:\/\/www.entreculturas.org\/ca\/wp-json\/wp\/v2\/tags?post=39783"},{"taxonomy":"country","embeddable":true,"href":"https:\/\/www.entreculturas.org\/ca\/wp-json\/wp\/v2\/country?post=39783"},{"taxonomy":"cause","embeddable":true,"href":"https:\/\/www.entreculturas.org\/ca\/wp-json\/wp\/v2\/cause?post=39783"}],"curies":[{"name":"wp","href":"https:\/\/api.w.org\/{rel}","templated":true}]}}