{"id":39197,"date":"2025-05-29T11:16:46","date_gmt":"2025-05-29T09:16:46","guid":{"rendered":"https:\/\/www.entreculturas.org\/?post_type=noticia&#038;p=39197"},"modified":"2025-05-29T11:39:52","modified_gmt":"2025-05-29T09:39:52","slug":"empresas-del-ibex-35-y-agenda-2030-avances-importantes-pero-aun-queda-camino","status":"publish","type":"noticia","link":"https:\/\/www.entreculturas.org\/ca\/noticia\/empresas-del-ibex-35-y-agenda-2030-avances-importantes-pero-aun-queda-camino\/","title":{"rendered":"Empresas del IBEX 35 y Agenda 2030: avances importantes, pero a\u00fan queda camino"},"content":{"rendered":"\n<p>En el marco del d\u00e9cimo aniversario de la aprobaci\u00f3n de la Agenda 2030, el foco sobre el papel del sector privado en el cumplimiento de los Objetivos de Desarrollo Sostenible (ODS) es m\u00e1s relevante que nunca. Las empresas del IBEX 35, como punta de lanza del ecosistema econ\u00f3mico espa\u00f1ol, est\u00e1n llamadas a liderar la transici\u00f3n hacia un modelo productivo m\u00e1s justo, inclusivo y sostenible.<br><\/p>\n\n\n\n<p>Dos informes recientes \u2014elaborados por el <strong>Pacto Mundial de la ONU Espa\u00f1a<\/strong> y el <strong>Observatorio de Responsabilidad Social Corporativa<\/strong>, del cual forma parte Entreculturas\u2014 analizan en profundidad c\u00f3mo estas grandes corporaciones est\u00e1n abordando la sostenibilidad desde su estrategia y gesti\u00f3n empresarial.<br><\/p>\n\n\n\n<h2 class=\"wp-block-heading has-din-font-family has-x-large-font-size\" id=\"h-avances-a-destacar\"><strong>Avances a destacar<\/strong><\/h2>\n\n\n\n<p><\/p>\n\n\n\n<ul class=\"wp-block-list\">\n<li>El <strong>97% de las empresas del IBEX 35 ya incorpora los ODS<\/strong> en su estrategia corporativa.<\/li>\n\n\n\n<li>Ha crecido el n\u00famero de compa\u00f1\u00edas que establecen <strong>objetivos concretos<\/strong> (66%) y <strong>miden sus progresos<\/strong> (63%) en sostenibilidad.<\/li>\n\n\n\n<li>La proporci\u00f3n de empresas que <strong>ofrecen productos y servicios alineados con los ODS<\/strong> ha pasado del 26% en 2020 al 57% en 2024.<\/li>\n\n\n\n<li>El <strong>alineamiento de las acciones sociales, voluntariado o cooperaci\u00f3n internacional con los ODS<\/strong> alcanza ya al 77% de las empresas.<\/li>\n\n\n\n<li>Mejora la informaci\u00f3n sobre <strong>emisiones de gases contaminantes<\/strong> y otros indicadores medioambientales clave.<\/li>\n<\/ul>\n\n\n\n<p><\/p>\n\n\n\n<h2 class=\"wp-block-heading has-din-font-family has-x-large-font-size\" id=\"h-nbsp-desafios-pendientes\"><strong>&nbsp;Desaf\u00edos pendientes<\/strong><\/h2>\n\n\n\n<p><\/p>\n\n\n\n<ul class=\"wp-block-list\">\n<li>En 2024, s\u00f3lo el <strong>29% de las empresas emiten declaraciones p\u00fablicas<\/strong> de compromiso con la sostenibilidad desde sus primeros niveles ejecutivos (CEOs), frente al 71% en 2020.<\/li>\n\n\n\n<li>Persisten <strong>lagunas en fiscalidad responsable<\/strong>, transparencia y pol\u00edticas de derechos humanos.<\/li>\n\n\n\n<li>La <strong>formaci\u00f3n interna en sostenibilidad<\/strong> sigue siendo muy limitada: solo el 14% de las compa\u00f1\u00edas capacita a su personal sobre la Agenda 2030.<\/li>\n\n\n\n<li>Siguen faltando <strong>mecanismos s\u00f3lidos frente a la corrupci\u00f3n<\/strong> y pol\u00edticas de auditor\u00eda interna en muchas empresas.<\/li>\n<\/ul>\n\n\n\n<p><\/p>\n\n\n\n<h2 class=\"wp-block-heading has-din-font-family has-x-large-font-size\" id=\"h-una-mirada-critica-y-necesaria\"><strong>Una mirada cr\u00edtica y necesaria<\/strong><\/h2>\n\n\n\n<p><br>Por su parte, el informe del Observatorio de RSC no mide el impacto real de las acciones, sino la <strong>calidad de la informaci\u00f3n<\/strong> que las empresas reportan en siete \u00e1reas clave: buen gobierno, corrupci\u00f3n, fiscalidad, derechos humanos, derechos laborales, medio ambiente y clientes. Entre sus principales hallazgos:<br><\/p>\n\n\n\n<ul class=\"wp-block-list\">\n<li>Muy pocas empresas informan adecuadamente sobre su <strong>presencia en para\u00edsos fiscales<\/strong>.<\/li>\n\n\n\n<li>Aunque la mayor\u00eda tiene pol\u00edticas de derechos humanos, son escasas las que <strong>identifican riesgos reales<\/strong> o auditan su cadena de suministro.<\/li>\n\n\n\n<li>Se detectan <strong>carencias importantes en mecanismos de control anticorrupci\u00f3n<\/strong> y auditor\u00eda externa.<\/li>\n<\/ul>\n\n\n\n<p><\/p>\n\n\n\n<h2 class=\"wp-block-heading has-din-font-family has-x-large-font-size\" id=\"h-llamado-a-la-accion-desde-el-sector-publico-y-civil\"><strong>Llamado a la acci\u00f3n desde el sector p\u00fablico y civil<\/strong><\/h2>\n\n\n\n<p><br><em>\u201cLa sostenibilidad empresarial debe convertirse en una palanca de competitividad y equidad\u201d,<\/em> se\u00f1al\u00f3 <strong>Aicha Belassir<\/strong>, Directora General de Econom\u00eda Social y RSC (Ministerio de Trabajo y Econom\u00eda Social), durante la presentaci\u00f3n del informe.<br><\/p>\n\n\n\n<p>Por su parte, <strong>Cristina S\u00e1nchez<\/strong>, directora ejecutiva del Pacto Mundial de la ONU Espa\u00f1a, record\u00f3 que: \u201cEl conocimiento y la acci\u00f3n han crecido, pero el liderazgo expl\u00edcito y la ambici\u00f3n deben reforzarse\u201d.<br><\/p>\n\n\n\n<h2 class=\"wp-block-heading has-din-font-family has-x-large-font-size\" id=\"h-nuestro-compromiso-desde-entreculturas\"><strong>Nuestro compromiso desde Entreculturas<\/strong><\/h2>\n\n\n\n<p><br>Desde Entreculturas, como parte del Observatorio de RSC, reafirmamos nuestro compromiso con una sostenibilidad que no se quede en lo simb\u00f3lico. Creemos que las empresas deben asumir un rol activo en la defensa de los derechos humanos, la equidad social y la protecci\u00f3n del medioambiente.<br><\/p>\n\n\n\n<p>Aplaudimos los avances, pero tambi\u00e9n se\u00f1alamos con claridad que la transformaci\u00f3n real solo ocurre cuando los compromisos se traducen en pol\u00edticas s\u00f3lidas, acciones medibles y coherencia en toda la cadena de valor. Informar con rigor, asumir responsabilidades y actuar con \u00e9tica no es solo una expectativa social: es un compromiso necesario en el contexto actual.<\/p>\n","protected":false},"excerpt":{"rendered":"<p>En el marco del d\u00e9cimo aniversario de la aprobaci\u00f3n de la Agenda 2030, el foco sobre el papel del sector privado en el cumplimiento de los Objetivos de Desarrollo Sostenible (ODS) es m\u00e1s relevante que nunca. Las empresas del IBEX 35, como punta de lanza del ecosistema econ\u00f3mico espa\u00f1ol, est\u00e1n llamadas a liderar la transici\u00f3n hacia un modelo productivo m\u00e1s justo, inclusivo y sostenible. Dos informes recientes \u2014elaborados por el Pacto Mundial de la ONU Espa\u00f1a y el Observatorio de Responsabilidad Social Corporativa, del cual forma parte Entreculturas\u2014 analizan en profundidad c\u00f3mo estas grandes corporaciones est\u00e1n abordando la sostenibilidad desde su estrategia y gesti\u00f3n empresarial. Avances a destacar &nbsp;Desaf\u00edos pendientes Una mirada cr\u00edtica y necesaria Por su parte, el informe del Observatorio de RSC no mide el impacto real de las acciones, sino la calidad de la informaci\u00f3n que las empresas reportan en siete \u00e1reas clave: buen gobierno, corrupci\u00f3n, fiscalidad, [&hellip;]<\/p>\n","protected":false},"featured_media":39199,"template":"","meta":{"_acf_changed":false},"categories":[7],"tags":[196],"country":[120],"cause":[132],"class_list":["post-39197","noticia","type-noticia","status-publish","has-post-thumbnail","hentry","category-noticia","tag-rsc","country-espana","cause-participacion-y-ciudadania-global"],"acf":[],"yoast_head":"<!-- This site is optimized with the Yoast SEO Premium plugin v21.6 (Yoast SEO v27.5) - https:\/\/yoast.com\/product\/yoast-seo-premium-wordpress\/ -->\n<title>Empresas del IBEX 35 y Agenda 2030: avances importantes, pero a\u00fan queda camino - Entreculturas<\/title>\n<meta name=\"description\" content=\"Las empresas del IBEX 35, est\u00e1n llamadas a liderar la transici\u00f3n hacia un modelo productivo m\u00e1s justo, inclusivo y sostenible.\" \/>\n<meta name=\"robots\" content=\"index, follow, max-snippet:-1, max-image-preview:large, max-video-preview:-1\" \/>\n<link rel=\"canonical\" href=\"https:\/\/www.entreculturas.org\/ca\/noticia\/empresas-del-ibex-35-y-agenda-2030-avances-importantes-pero-aun-queda-camino\/\" \/>\n<meta property=\"og:locale\" content=\"ca_ES\" \/>\n<meta property=\"og:type\" content=\"article\" \/>\n<meta property=\"og:title\" content=\"Empresas del IBEX 35 y Agenda 2030: avances importantes, pero a\u00fan queda camino\" \/>\n<meta property=\"og:description\" content=\"Las empresas del IBEX 35, est\u00e1n llamadas a liderar la transici\u00f3n hacia un modelo productivo m\u00e1s justo, inclusivo y sostenible.\" \/>\n<meta property=\"og:url\" content=\"https:\/\/www.entreculturas.org\/ca\/noticia\/empresas-del-ibex-35-y-agenda-2030-avances-importantes-pero-aun-queda-camino\/\" \/>\n<meta property=\"og:site_name\" content=\"Entreculturas\" \/>\n<meta property=\"article:publisher\" content=\"https:\/\/www.facebook.com\/entreculturas\" \/>\n<meta property=\"article:modified_time\" content=\"2025-05-29T09:39:52+00:00\" \/>\n<meta property=\"og:image\" content=\"https:\/\/www.entreculturas.org\/wp-content\/uploads\/2025\/05\/noticia.jpg\" \/>\n\t<meta property=\"og:image:width\" content=\"1034\" \/>\n\t<meta property=\"og:image:height\" content=\"450\" \/>\n\t<meta property=\"og:image:type\" content=\"image\/jpeg\" \/>\n<meta name=\"twitter:card\" content=\"summary_large_image\" \/>\n<meta name=\"twitter:site\" content=\"@Entreculturas\" \/>\n<script type=\"application\/ld+json\" class=\"yoast-schema-graph\">{\"@context\":\"https:\\\/\\\/schema.org\",\"@graph\":[{\"@type\":\"WebPage\",\"@id\":\"https:\\\/\\\/www.entreculturas.org\\\/ca\\\/noticia\\\/empresas-del-ibex-35-y-agenda-2030-avances-importantes-pero-aun-queda-camino\\\/\",\"url\":\"https:\\\/\\\/www.entreculturas.org\\\/ca\\\/noticia\\\/empresas-del-ibex-35-y-agenda-2030-avances-importantes-pero-aun-queda-camino\\\/\",\"name\":\"Empresas del IBEX 35 y Agenda 2030: avances importantes, pero a\u00fan queda camino - Entreculturas\",\"isPartOf\":{\"@id\":\"https:\\\/\\\/www.entreculturas.org\\\/ca\\\/#website\"},\"primaryImageOfPage\":{\"@id\":\"https:\\\/\\\/www.entreculturas.org\\\/ca\\\/noticia\\\/empresas-del-ibex-35-y-agenda-2030-avances-importantes-pero-aun-queda-camino\\\/#primaryimage\"},\"image\":{\"@id\":\"https:\\\/\\\/www.entreculturas.org\\\/ca\\\/noticia\\\/empresas-del-ibex-35-y-agenda-2030-avances-importantes-pero-aun-queda-camino\\\/#primaryimage\"},\"thumbnailUrl\":\"https:\\\/\\\/www.entreculturas.org\\\/wp-content\\\/uploads\\\/2025\\\/05\\\/noticia.jpg\",\"datePublished\":\"2025-05-29T09:16:46+00:00\",\"dateModified\":\"2025-05-29T09:39:52+00:00\",\"description\":\"Las empresas del IBEX 35, est\u00e1n llamadas a liderar la transici\u00f3n hacia un modelo productivo m\u00e1s justo, inclusivo y sostenible.\",\"breadcrumb\":{\"@id\":\"https:\\\/\\\/www.entreculturas.org\\\/ca\\\/noticia\\\/empresas-del-ibex-35-y-agenda-2030-avances-importantes-pero-aun-queda-camino\\\/#breadcrumb\"},\"inLanguage\":\"ca\",\"potentialAction\":[{\"@type\":\"ReadAction\",\"target\":[\"https:\\\/\\\/www.entreculturas.org\\\/ca\\\/noticia\\\/empresas-del-ibex-35-y-agenda-2030-avances-importantes-pero-aun-queda-camino\\\/\"]}]},{\"@type\":\"ImageObject\",\"inLanguage\":\"ca\",\"@id\":\"https:\\\/\\\/www.entreculturas.org\\\/ca\\\/noticia\\\/empresas-del-ibex-35-y-agenda-2030-avances-importantes-pero-aun-queda-camino\\\/#primaryimage\",\"url\":\"https:\\\/\\\/www.entreculturas.org\\\/wp-content\\\/uploads\\\/2025\\\/05\\\/noticia.jpg\",\"contentUrl\":\"https:\\\/\\\/www.entreculturas.org\\\/wp-content\\\/uploads\\\/2025\\\/05\\\/noticia.jpg\",\"width\":1034,\"height\":450,\"caption\":\"Empresas del IBEX 35\"},{\"@type\":\"BreadcrumbList\",\"@id\":\"https:\\\/\\\/www.entreculturas.org\\\/ca\\\/noticia\\\/empresas-del-ibex-35-y-agenda-2030-avances-importantes-pero-aun-queda-camino\\\/#breadcrumb\",\"itemListElement\":[{\"@type\":\"ListItem\",\"position\":1,\"name\":\"Home\",\"item\":\"https:\\\/\\\/www.entreculturas.org\\\/ca\\\/\"},{\"@type\":\"ListItem\",\"position\":2,\"name\":\"Noticias\",\"item\":\"https:\\\/\\\/www.entreculturas.org\\\/ca\\\/noticias\\\/\"},{\"@type\":\"ListItem\",\"position\":3,\"name\":\"Empresas del IBEX 35 y Agenda 2030: avances importantes, pero a\u00fan queda camino\"}]},{\"@type\":\"WebSite\",\"@id\":\"https:\\\/\\\/www.entreculturas.org\\\/ca\\\/#website\",\"url\":\"https:\\\/\\\/www.entreculturas.org\\\/ca\\\/\",\"name\":\"Entreculturas\",\"description\":\"\",\"publisher\":{\"@id\":\"https:\\\/\\\/www.entreculturas.org\\\/ca\\\/#organization\"},\"alternateName\":\"Entreculturas\",\"potentialAction\":[{\"@type\":\"SearchAction\",\"target\":{\"@type\":\"EntryPoint\",\"urlTemplate\":\"https:\\\/\\\/www.entreculturas.org\\\/ca\\\/?s={search_term_string}\"},\"query-input\":{\"@type\":\"PropertyValueSpecification\",\"valueRequired\":true,\"valueName\":\"search_term_string\"}}],\"inLanguage\":\"ca\"},{\"@type\":\"Organization\",\"@id\":\"https:\\\/\\\/www.entreculturas.org\\\/ca\\\/#organization\",\"name\":\"Entreculturas\",\"url\":\"https:\\\/\\\/www.entreculturas.org\\\/ca\\\/\",\"logo\":{\"@type\":\"ImageObject\",\"inLanguage\":\"ca\",\"@id\":\"https:\\\/\\\/www.entreculturas.org\\\/ca\\\/#\\\/schema\\\/logo\\\/image\\\/\",\"url\":\"https:\\\/\\\/www.entreculturas.org\\\/wp-content\\\/uploads\\\/2025\\\/10\\\/ESP.svg\",\"contentUrl\":\"https:\\\/\\\/www.entreculturas.org\\\/wp-content\\\/uploads\\\/2025\\\/10\\\/ESP.svg\",\"caption\":\"Entreculturas\"},\"image\":{\"@id\":\"https:\\\/\\\/www.entreculturas.org\\\/ca\\\/#\\\/schema\\\/logo\\\/image\\\/\"},\"sameAs\":[\"https:\\\/\\\/www.facebook.com\\\/entreculturas\",\"https:\\\/\\\/x.com\\\/Entreculturas\",\"https:\\\/\\\/www.instagram.com\\\/entreculturas\\\/\",\"https:\\\/\\\/www.youtube.com\\\/user\\\/entreculturasvideo\",\"https:\\\/\\\/www.linkedin.com\\\/company\\\/fundacion-entreculturas-ngdo\\\/\",\"https:\\\/\\\/www.flickr.com\\\/photos\\\/98455522@N04\\\/albums\\\/\"]}]}<\/script>\n<!-- \/ Yoast SEO Premium plugin. -->","yoast_head_json":{"title":"Empresas del IBEX 35 y Agenda 2030: avances importantes, pero a\u00fan queda camino - Entreculturas","description":"Las empresas del IBEX 35, est\u00e1n llamadas a liderar la transici\u00f3n hacia un modelo productivo m\u00e1s justo, inclusivo y sostenible.","robots":{"index":"index","follow":"follow","max-snippet":"max-snippet:-1","max-image-preview":"max-image-preview:large","max-video-preview":"max-video-preview:-1"},"canonical":"https:\/\/www.entreculturas.org\/ca\/noticia\/empresas-del-ibex-35-y-agenda-2030-avances-importantes-pero-aun-queda-camino\/","og_locale":"ca_ES","og_type":"article","og_title":"Empresas del IBEX 35 y Agenda 2030: avances importantes, pero a\u00fan queda camino","og_description":"Las empresas del IBEX 35, est\u00e1n llamadas a liderar la transici\u00f3n hacia un modelo productivo m\u00e1s justo, inclusivo y sostenible.","og_url":"https:\/\/www.entreculturas.org\/ca\/noticia\/empresas-del-ibex-35-y-agenda-2030-avances-importantes-pero-aun-queda-camino\/","og_site_name":"Entreculturas","article_publisher":"https:\/\/www.facebook.com\/entreculturas","article_modified_time":"2025-05-29T09:39:52+00:00","og_image":[{"width":1034,"height":450,"url":"https:\/\/www.entreculturas.org\/wp-content\/uploads\/2025\/05\/noticia.jpg","type":"image\/jpeg"}],"twitter_card":"summary_large_image","twitter_site":"@Entreculturas","schema":{"@context":"https:\/\/schema.org","@graph":[{"@type":"WebPage","@id":"https:\/\/www.entreculturas.org\/ca\/noticia\/empresas-del-ibex-35-y-agenda-2030-avances-importantes-pero-aun-queda-camino\/","url":"https:\/\/www.entreculturas.org\/ca\/noticia\/empresas-del-ibex-35-y-agenda-2030-avances-importantes-pero-aun-queda-camino\/","name":"Empresas del IBEX 35 y Agenda 2030: avances importantes, pero a\u00fan queda camino - Entreculturas","isPartOf":{"@id":"https:\/\/www.entreculturas.org\/ca\/#website"},"primaryImageOfPage":{"@id":"https:\/\/www.entreculturas.org\/ca\/noticia\/empresas-del-ibex-35-y-agenda-2030-avances-importantes-pero-aun-queda-camino\/#primaryimage"},"image":{"@id":"https:\/\/www.entreculturas.org\/ca\/noticia\/empresas-del-ibex-35-y-agenda-2030-avances-importantes-pero-aun-queda-camino\/#primaryimage"},"thumbnailUrl":"https:\/\/www.entreculturas.org\/wp-content\/uploads\/2025\/05\/noticia.jpg","datePublished":"2025-05-29T09:16:46+00:00","dateModified":"2025-05-29T09:39:52+00:00","description":"Las empresas del IBEX 35, est\u00e1n llamadas a liderar la transici\u00f3n hacia un modelo productivo m\u00e1s justo, inclusivo y sostenible.","breadcrumb":{"@id":"https:\/\/www.entreculturas.org\/ca\/noticia\/empresas-del-ibex-35-y-agenda-2030-avances-importantes-pero-aun-queda-camino\/#breadcrumb"},"inLanguage":"ca","potentialAction":[{"@type":"ReadAction","target":["https:\/\/www.entreculturas.org\/ca\/noticia\/empresas-del-ibex-35-y-agenda-2030-avances-importantes-pero-aun-queda-camino\/"]}]},{"@type":"ImageObject","inLanguage":"ca","@id":"https:\/\/www.entreculturas.org\/ca\/noticia\/empresas-del-ibex-35-y-agenda-2030-avances-importantes-pero-aun-queda-camino\/#primaryimage","url":"https:\/\/www.entreculturas.org\/wp-content\/uploads\/2025\/05\/noticia.jpg","contentUrl":"https:\/\/www.entreculturas.org\/wp-content\/uploads\/2025\/05\/noticia.jpg","width":1034,"height":450,"caption":"Empresas del IBEX 35"},{"@type":"BreadcrumbList","@id":"https:\/\/www.entreculturas.org\/ca\/noticia\/empresas-del-ibex-35-y-agenda-2030-avances-importantes-pero-aun-queda-camino\/#breadcrumb","itemListElement":[{"@type":"ListItem","position":1,"name":"Home","item":"https:\/\/www.entreculturas.org\/ca\/"},{"@type":"ListItem","position":2,"name":"Noticias","item":"https:\/\/www.entreculturas.org\/ca\/noticias\/"},{"@type":"ListItem","position":3,"name":"Empresas del IBEX 35 y Agenda 2030: avances importantes, pero a\u00fan queda camino"}]},{"@type":"WebSite","@id":"https:\/\/www.entreculturas.org\/ca\/#website","url":"https:\/\/www.entreculturas.org\/ca\/","name":"Entreculturas","description":"","publisher":{"@id":"https:\/\/www.entreculturas.org\/ca\/#organization"},"alternateName":"Entreculturas","potentialAction":[{"@type":"SearchAction","target":{"@type":"EntryPoint","urlTemplate":"https:\/\/www.entreculturas.org\/ca\/?s={search_term_string}"},"query-input":{"@type":"PropertyValueSpecification","valueRequired":true,"valueName":"search_term_string"}}],"inLanguage":"ca"},{"@type":"Organization","@id":"https:\/\/www.entreculturas.org\/ca\/#organization","name":"Entreculturas","url":"https:\/\/www.entreculturas.org\/ca\/","logo":{"@type":"ImageObject","inLanguage":"ca","@id":"https:\/\/www.entreculturas.org\/ca\/#\/schema\/logo\/image\/","url":"https:\/\/www.entreculturas.org\/wp-content\/uploads\/2025\/10\/ESP.svg","contentUrl":"https:\/\/www.entreculturas.org\/wp-content\/uploads\/2025\/10\/ESP.svg","caption":"Entreculturas"},"image":{"@id":"https:\/\/www.entreculturas.org\/ca\/#\/schema\/logo\/image\/"},"sameAs":["https:\/\/www.facebook.com\/entreculturas","https:\/\/x.com\/Entreculturas","https:\/\/www.instagram.com\/entreculturas\/","https:\/\/www.youtube.com\/user\/entreculturasvideo","https:\/\/www.linkedin.com\/company\/fundacion-entreculturas-ngdo\/","https:\/\/www.flickr.com\/photos\/98455522@N04\/albums\/"]}]}},"_links":{"self":[{"href":"https:\/\/www.entreculturas.org\/ca\/wp-json\/wp\/v2\/noticia\/39197","targetHints":{"allow":["GET"]}}],"collection":[{"href":"https:\/\/www.entreculturas.org\/ca\/wp-json\/wp\/v2\/noticia"}],"about":[{"href":"https:\/\/www.entreculturas.org\/ca\/wp-json\/wp\/v2\/types\/noticia"}],"wp:featuredmedia":[{"embeddable":true,"href":"https:\/\/www.entreculturas.org\/ca\/wp-json\/wp\/v2\/media\/39199"}],"wp:attachment":[{"href":"https:\/\/www.entreculturas.org\/ca\/wp-json\/wp\/v2\/media?parent=39197"}],"wp:term":[{"taxonomy":"category","embeddable":true,"href":"https:\/\/www.entreculturas.org\/ca\/wp-json\/wp\/v2\/categories?post=39197"},{"taxonomy":"post_tag","embeddable":true,"href":"https:\/\/www.entreculturas.org\/ca\/wp-json\/wp\/v2\/tags?post=39197"},{"taxonomy":"country","embeddable":true,"href":"https:\/\/www.entreculturas.org\/ca\/wp-json\/wp\/v2\/country?post=39197"},{"taxonomy":"cause","embeddable":true,"href":"https:\/\/www.entreculturas.org\/ca\/wp-json\/wp\/v2\/cause?post=39197"}],"curies":[{"name":"wp","href":"https:\/\/api.w.org\/{rel}","templated":true}]}}