{"id":3806,"date":"2019-11-14T11:56:32","date_gmt":"2019-11-14T11:56:32","guid":{"rendered":"https:\/\/entreculturasi.wpenginepowered.com\/?noticias=exposicion-manguare-la-amazonia-que-nos-llama"},"modified":"2024-03-19T20:06:17","modified_gmt":"2024-03-19T19:06:17","slug":"exposicion-manguare-la-amazonia-que-nos-llama","status":"publish","type":"noticia","link":"https:\/\/www.entreculturas.org\/ca\/noticia\/exposicion-manguare-la-amazonia-que-nos-llama\/","title":{"rendered":"Exposici\u00f3n \u2018Manguar\u00e9: la Amazon\u00eda que nos llama\u2019"},"content":{"rendered":"<\/p>\n<p>Entre cantos y bailes a la luz de la luna, los pueblos amaz\u00f3nicos constru\u00edan el&nbsp; manguar\u00e9, un instrumento de percusi\u00f3n formado por dos enormes troncos colocados en paralelo, ahuecados y sostenidos en el aire por una cuerda. Los sonidos, que se escuchaban a gran distancia, serv\u00edan para comunicarse con otras poblaciones, un sonido que emanaba de lo m\u00e1s profundo de la selva amaz\u00f3nica y se mezclaba con el rumor del caudaloso r\u00edo, los cantos de los p\u00e1jaros y las hojas movidas por la brisa. M\u00e1s que un instrumento musical, el manguar\u00e9 era un medio de comunicaci\u00f3n y, hoy en d\u00eda, un s\u00edmbolo que recuerda los or\u00edgenes y tradiciones de los m\u00e1s de 33 millones de habitantes que viven en la Amazon\u00eda, 3 millones de ellos, ind\u00edgenas.<\/p>\n<p>Este instrumento nos ha inspirado para crear una exposici\u00f3n fotogr\u00e1fica junto a REPAM, Jesuitas Maldonado y Jesuitas Madrid, con el objetivo de acercar la Amazon\u00eda a la ciudadan\u00eda, poner en valor el cuidado de la Casa Com\u00fan y tomar el relevo de los nuevos caminos tomados por la Iglesia tras el S\u00ednodo Amaz\u00f3nico. A trav\u00e9s de la exposici\u00f3n \u2018Manguar\u00e9: la Amazon\u00eda que nos llama\u2019, queremos mostrar la autenticidad de esta regi\u00f3n, profundizar en su riqueza ambiental, social y cultural y poner a examen nuestro compromiso con la Creaci\u00f3n y la Humanidad.<\/p>\n<p><strong>La exposici\u00f3n est\u00e1 dividida en seis bloques:<\/strong><\/p>\n<ul>\n<li><strong>Manguar\u00e9:<\/strong> explica la oportunidad que representa el S\u00ednodo para el Amazonas en relaci\u00f3n al llamado del Papa Francisco en su enc\u00edclica Laudato Si\u2019.&nbsp;<\/li>\n<li><strong>Ver:<\/strong> es una invitaci\u00f3n a observar la riqueza cultural y medioambiental de la regi\u00f3n amaz\u00f3nica y pararnos un momento a interiorizar los peligros que la amenazan.<\/li>\n<li><strong>Discernir:<\/strong> aborda la necesaria conversi\u00f3n hacia la justicia ecol\u00f3gica y la reconciliaci\u00f3n.<\/li>\n<li><strong>Actuar:<\/strong> ahonda en nuestro trabajo junto con el Servicio jesuitas Panamaz\u00f3nico, el Consejo Indigenista de Brasil (CIMI) y la Red Eclesi\u00e1stica Panamaz\u00f3nica (REPAM).<\/li>\n<li><strong><em>Kair\u00f3s:<\/em><\/strong> es un llamado a cuidar nuestra Casa Com\u00fan como criaturas del mundo y de la Creaci\u00f3n.&nbsp;<\/li>\n<li><strong>Examen ecol\u00f3gico: <\/strong>hacemos una invitaci\u00f3n a aplicar el m\u00e9todo del Examen, creado por San Ignacio de Loyola.<\/li>\n<\/ul>\n<p><span style=\"font-size:16px\"><span style=\"color:#ff0102\"><\/span><\/span><\/p>\n<p><span style=\"font-size:16px\"><span style=\"color:#ff0102\"><strong>Agenda de la exposici\u00f3n:<\/strong><\/span><\/span><br \/><strong>MADRID<\/strong><\/p>\n<p><strong>Del 16\/11 al 07\/01\/2020.<\/strong><br \/>Parroquia de San Francisco Javier y San Luis Gonzaga C\/ M\u00e1rtires de la Ventilla, 34.<br \/><u>Horario:&nbsp;<\/u><br \/>L-S: de 18h a 19h.<br \/>Domingos: 18h a 20h&nbsp;<\/p>\n<p><strong>Del 15\/11 al 13\/12.<\/strong><br \/>C\/ Maldonado, 3. En el claustro de la Iglesia San Francisco de Borja.<br \/><u>Horario:&nbsp;<\/u><br \/>L-V: de 12h a 14h y de 18h a 22h.<br \/>Domingos: 8h a 15h y de 18h a 22h.&nbsp;<\/p>\n","protected":false},"excerpt":{"rendered":"<p>El manguar\u00e9, instrumento musical y medio de comunicaci\u00f3n de los pueblos ind\u00edgenas, nos ha inspirado para crear la exposici\u00f3n fotogr\u00e1fica junto a REPAM, Jesuitas Maldonado y Jesuitas Madrid,  \u2018Manguar\u00e9: la Amazon\u00eda que nos llama\u2019. Con ella queremos acercar la Amazon\u00eda a la ciudadan\u00eda, poner en valor el cuidado de la Casa Com\u00fan y tomar el relevo de los nuevos caminos tomados por la Iglesia tras el S\u00ednodo Amaz\u00f3nico. <\/p>\n","protected":false},"featured_media":3805,"template":"single-noticia","meta":{"_acf_changed":false},"categories":[7],"tags":[256],"country":[],"cause":[],"class_list":["post-3806","noticia","type-noticia","status-publish","has-post-thumbnail","hentry","category-noticia","tag-justicia-socioambiental"],"acf":[],"yoast_head":"<!-- This site is optimized with the Yoast SEO Premium plugin v21.6 (Yoast SEO v27.5) - https:\/\/yoast.com\/product\/yoast-seo-premium-wordpress\/ -->\n<title>Exposici\u00f3n \u2018Manguar\u00e9: la Amazon\u00eda que nos llama\u2019 - Entreculturas<\/title>\n<meta name=\"robots\" content=\"index, follow, max-snippet:-1, max-image-preview:large, max-video-preview:-1\" \/>\n<link rel=\"canonical\" href=\"https:\/\/www.entreculturas.org\/ca\/noticia\/exposicion-manguare-la-amazonia-que-nos-llama\/\" \/>\n<meta property=\"og:locale\" content=\"ca_ES\" \/>\n<meta property=\"og:type\" content=\"article\" \/>\n<meta property=\"og:title\" content=\"Exposici\u00f3n \u2018Manguar\u00e9: la Amazon\u00eda que nos llama\u2019\" \/>\n<meta property=\"og:description\" content=\"El manguar\u00e9, instrumento musical y medio de comunicaci\u00f3n de los pueblos ind\u00edgenas, nos ha inspirado para crear la exposici\u00f3n fotogr\u00e1fica junto a REPAM, Jesuitas Maldonado y Jesuitas Madrid, \u2018Manguar\u00e9: la Amazon\u00eda que nos llama\u2019. Con ella queremos acercar la Amazon\u00eda a la ciudadan\u00eda, poner en valor el cuidado de la Casa Com\u00fan y tomar el relevo de los nuevos caminos tomados por la Iglesia tras el S\u00ednodo Amaz\u00f3nico.\" \/>\n<meta property=\"og:url\" content=\"https:\/\/www.entreculturas.org\/ca\/noticia\/exposicion-manguare-la-amazonia-que-nos-llama\/\" \/>\n<meta property=\"og:site_name\" content=\"Entreculturas\" \/>\n<meta property=\"article:publisher\" content=\"https:\/\/www.facebook.com\/entreculturas\" \/>\n<meta property=\"article:modified_time\" content=\"2024-03-19T19:06:17+00:00\" \/>\n<meta property=\"og:image\" content=\"https:\/\/www.entreculturas.org\/wp-content\/uploads\/2019\/11\/logo-manguare.png\" \/>\n\t<meta property=\"og:image:width\" content=\"764\" \/>\n\t<meta property=\"og:image:height\" content=\"249\" \/>\n\t<meta property=\"og:image:type\" content=\"image\/png\" \/>\n<meta name=\"twitter:card\" content=\"summary_large_image\" \/>\n<meta name=\"twitter:site\" content=\"@Entreculturas\" \/>\n<script type=\"application\/ld+json\" class=\"yoast-schema-graph\">{\"@context\":\"https:\\\/\\\/schema.org\",\"@graph\":[{\"@type\":\"WebPage\",\"@id\":\"https:\\\/\\\/www.entreculturas.org\\\/ca\\\/noticia\\\/exposicion-manguare-la-amazonia-que-nos-llama\\\/\",\"url\":\"https:\\\/\\\/www.entreculturas.org\\\/ca\\\/noticia\\\/exposicion-manguare-la-amazonia-que-nos-llama\\\/\",\"name\":\"Exposici\u00f3n \u2018Manguar\u00e9: la Amazon\u00eda que nos llama\u2019 - Entreculturas\",\"isPartOf\":{\"@id\":\"https:\\\/\\\/www.entreculturas.org\\\/ca\\\/#website\"},\"primaryImageOfPage\":{\"@id\":\"https:\\\/\\\/www.entreculturas.org\\\/ca\\\/noticia\\\/exposicion-manguare-la-amazonia-que-nos-llama\\\/#primaryimage\"},\"image\":{\"@id\":\"https:\\\/\\\/www.entreculturas.org\\\/ca\\\/noticia\\\/exposicion-manguare-la-amazonia-que-nos-llama\\\/#primaryimage\"},\"thumbnailUrl\":\"https:\\\/\\\/www.entreculturas.org\\\/wp-content\\\/uploads\\\/2019\\\/11\\\/logo-manguare.png\",\"datePublished\":\"2019-11-14T11:56:32+00:00\",\"dateModified\":\"2024-03-19T19:06:17+00:00\",\"breadcrumb\":{\"@id\":\"https:\\\/\\\/www.entreculturas.org\\\/ca\\\/noticia\\\/exposicion-manguare-la-amazonia-que-nos-llama\\\/#breadcrumb\"},\"inLanguage\":\"ca\",\"potentialAction\":[{\"@type\":\"ReadAction\",\"target\":[\"https:\\\/\\\/www.entreculturas.org\\\/ca\\\/noticia\\\/exposicion-manguare-la-amazonia-que-nos-llama\\\/\"]}]},{\"@type\":\"ImageObject\",\"inLanguage\":\"ca\",\"@id\":\"https:\\\/\\\/www.entreculturas.org\\\/ca\\\/noticia\\\/exposicion-manguare-la-amazonia-que-nos-llama\\\/#primaryimage\",\"url\":\"https:\\\/\\\/www.entreculturas.org\\\/wp-content\\\/uploads\\\/2019\\\/11\\\/logo-manguare.png\",\"contentUrl\":\"https:\\\/\\\/www.entreculturas.org\\\/wp-content\\\/uploads\\\/2019\\\/11\\\/logo-manguare.png\",\"width\":764,\"height\":249},{\"@type\":\"BreadcrumbList\",\"@id\":\"https:\\\/\\\/www.entreculturas.org\\\/ca\\\/noticia\\\/exposicion-manguare-la-amazonia-que-nos-llama\\\/#breadcrumb\",\"itemListElement\":[{\"@type\":\"ListItem\",\"position\":1,\"name\":\"Home\",\"item\":\"https:\\\/\\\/www.entreculturas.org\\\/ca\\\/\"},{\"@type\":\"ListItem\",\"position\":2,\"name\":\"Noticias\",\"item\":\"https:\\\/\\\/www.entreculturas.org\\\/ca\\\/noticias\\\/\"},{\"@type\":\"ListItem\",\"position\":3,\"name\":\"Exposici\u00f3n \u2018Manguar\u00e9: la Amazon\u00eda que nos llama\u2019\"}]},{\"@type\":\"WebSite\",\"@id\":\"https:\\\/\\\/www.entreculturas.org\\\/ca\\\/#website\",\"url\":\"https:\\\/\\\/www.entreculturas.org\\\/ca\\\/\",\"name\":\"Entreculturas\",\"description\":\"\",\"publisher\":{\"@id\":\"https:\\\/\\\/www.entreculturas.org\\\/ca\\\/#organization\"},\"alternateName\":\"Entreculturas\",\"potentialAction\":[{\"@type\":\"SearchAction\",\"target\":{\"@type\":\"EntryPoint\",\"urlTemplate\":\"https:\\\/\\\/www.entreculturas.org\\\/ca\\\/?s={search_term_string}\"},\"query-input\":{\"@type\":\"PropertyValueSpecification\",\"valueRequired\":true,\"valueName\":\"search_term_string\"}}],\"inLanguage\":\"ca\"},{\"@type\":\"Organization\",\"@id\":\"https:\\\/\\\/www.entreculturas.org\\\/ca\\\/#organization\",\"name\":\"Entreculturas\",\"url\":\"https:\\\/\\\/www.entreculturas.org\\\/ca\\\/\",\"logo\":{\"@type\":\"ImageObject\",\"inLanguage\":\"ca\",\"@id\":\"https:\\\/\\\/www.entreculturas.org\\\/ca\\\/#\\\/schema\\\/logo\\\/image\\\/\",\"url\":\"https:\\\/\\\/www.entreculturas.org\\\/wp-content\\\/uploads\\\/2025\\\/10\\\/ESP.svg\",\"contentUrl\":\"https:\\\/\\\/www.entreculturas.org\\\/wp-content\\\/uploads\\\/2025\\\/10\\\/ESP.svg\",\"caption\":\"Entreculturas\"},\"image\":{\"@id\":\"https:\\\/\\\/www.entreculturas.org\\\/ca\\\/#\\\/schema\\\/logo\\\/image\\\/\"},\"sameAs\":[\"https:\\\/\\\/www.facebook.com\\\/entreculturas\",\"https:\\\/\\\/x.com\\\/Entreculturas\",\"https:\\\/\\\/www.instagram.com\\\/entreculturas\\\/\",\"https:\\\/\\\/www.youtube.com\\\/user\\\/entreculturasvideo\",\"https:\\\/\\\/www.linkedin.com\\\/company\\\/fundacion-entreculturas-ngdo\\\/\",\"https:\\\/\\\/www.flickr.com\\\/photos\\\/98455522@N04\\\/albums\\\/\"]}]}<\/script>\n<!-- \/ Yoast SEO Premium plugin. -->","yoast_head_json":{"title":"Exposici\u00f3n \u2018Manguar\u00e9: la Amazon\u00eda que nos llama\u2019 - Entreculturas","robots":{"index":"index","follow":"follow","max-snippet":"max-snippet:-1","max-image-preview":"max-image-preview:large","max-video-preview":"max-video-preview:-1"},"canonical":"https:\/\/www.entreculturas.org\/ca\/noticia\/exposicion-manguare-la-amazonia-que-nos-llama\/","og_locale":"ca_ES","og_type":"article","og_title":"Exposici\u00f3n \u2018Manguar\u00e9: la Amazon\u00eda que nos llama\u2019","og_description":"El manguar\u00e9, instrumento musical y medio de comunicaci\u00f3n de los pueblos ind\u00edgenas, nos ha inspirado para crear la exposici\u00f3n fotogr\u00e1fica junto a REPAM, Jesuitas Maldonado y Jesuitas Madrid, \u2018Manguar\u00e9: la Amazon\u00eda que nos llama\u2019. Con ella queremos acercar la Amazon\u00eda a la ciudadan\u00eda, poner en valor el cuidado de la Casa Com\u00fan y tomar el relevo de los nuevos caminos tomados por la Iglesia tras el S\u00ednodo Amaz\u00f3nico.","og_url":"https:\/\/www.entreculturas.org\/ca\/noticia\/exposicion-manguare-la-amazonia-que-nos-llama\/","og_site_name":"Entreculturas","article_publisher":"https:\/\/www.facebook.com\/entreculturas","article_modified_time":"2024-03-19T19:06:17+00:00","og_image":[{"width":764,"height":249,"url":"https:\/\/www.entreculturas.org\/wp-content\/uploads\/2019\/11\/logo-manguare.png","type":"image\/png"}],"twitter_card":"summary_large_image","twitter_site":"@Entreculturas","schema":{"@context":"https:\/\/schema.org","@graph":[{"@type":"WebPage","@id":"https:\/\/www.entreculturas.org\/ca\/noticia\/exposicion-manguare-la-amazonia-que-nos-llama\/","url":"https:\/\/www.entreculturas.org\/ca\/noticia\/exposicion-manguare-la-amazonia-que-nos-llama\/","name":"Exposici\u00f3n \u2018Manguar\u00e9: la Amazon\u00eda que nos llama\u2019 - Entreculturas","isPartOf":{"@id":"https:\/\/www.entreculturas.org\/ca\/#website"},"primaryImageOfPage":{"@id":"https:\/\/www.entreculturas.org\/ca\/noticia\/exposicion-manguare-la-amazonia-que-nos-llama\/#primaryimage"},"image":{"@id":"https:\/\/www.entreculturas.org\/ca\/noticia\/exposicion-manguare-la-amazonia-que-nos-llama\/#primaryimage"},"thumbnailUrl":"https:\/\/www.entreculturas.org\/wp-content\/uploads\/2019\/11\/logo-manguare.png","datePublished":"2019-11-14T11:56:32+00:00","dateModified":"2024-03-19T19:06:17+00:00","breadcrumb":{"@id":"https:\/\/www.entreculturas.org\/ca\/noticia\/exposicion-manguare-la-amazonia-que-nos-llama\/#breadcrumb"},"inLanguage":"ca","potentialAction":[{"@type":"ReadAction","target":["https:\/\/www.entreculturas.org\/ca\/noticia\/exposicion-manguare-la-amazonia-que-nos-llama\/"]}]},{"@type":"ImageObject","inLanguage":"ca","@id":"https:\/\/www.entreculturas.org\/ca\/noticia\/exposicion-manguare-la-amazonia-que-nos-llama\/#primaryimage","url":"https:\/\/www.entreculturas.org\/wp-content\/uploads\/2019\/11\/logo-manguare.png","contentUrl":"https:\/\/www.entreculturas.org\/wp-content\/uploads\/2019\/11\/logo-manguare.png","width":764,"height":249},{"@type":"BreadcrumbList","@id":"https:\/\/www.entreculturas.org\/ca\/noticia\/exposicion-manguare-la-amazonia-que-nos-llama\/#breadcrumb","itemListElement":[{"@type":"ListItem","position":1,"name":"Home","item":"https:\/\/www.entreculturas.org\/ca\/"},{"@type":"ListItem","position":2,"name":"Noticias","item":"https:\/\/www.entreculturas.org\/ca\/noticias\/"},{"@type":"ListItem","position":3,"name":"Exposici\u00f3n \u2018Manguar\u00e9: la Amazon\u00eda que nos llama\u2019"}]},{"@type":"WebSite","@id":"https:\/\/www.entreculturas.org\/ca\/#website","url":"https:\/\/www.entreculturas.org\/ca\/","name":"Entreculturas","description":"","publisher":{"@id":"https:\/\/www.entreculturas.org\/ca\/#organization"},"alternateName":"Entreculturas","potentialAction":[{"@type":"SearchAction","target":{"@type":"EntryPoint","urlTemplate":"https:\/\/www.entreculturas.org\/ca\/?s={search_term_string}"},"query-input":{"@type":"PropertyValueSpecification","valueRequired":true,"valueName":"search_term_string"}}],"inLanguage":"ca"},{"@type":"Organization","@id":"https:\/\/www.entreculturas.org\/ca\/#organization","name":"Entreculturas","url":"https:\/\/www.entreculturas.org\/ca\/","logo":{"@type":"ImageObject","inLanguage":"ca","@id":"https:\/\/www.entreculturas.org\/ca\/#\/schema\/logo\/image\/","url":"https:\/\/www.entreculturas.org\/wp-content\/uploads\/2025\/10\/ESP.svg","contentUrl":"https:\/\/www.entreculturas.org\/wp-content\/uploads\/2025\/10\/ESP.svg","caption":"Entreculturas"},"image":{"@id":"https:\/\/www.entreculturas.org\/ca\/#\/schema\/logo\/image\/"},"sameAs":["https:\/\/www.facebook.com\/entreculturas","https:\/\/x.com\/Entreculturas","https:\/\/www.instagram.com\/entreculturas\/","https:\/\/www.youtube.com\/user\/entreculturasvideo","https:\/\/www.linkedin.com\/company\/fundacion-entreculturas-ngdo\/","https:\/\/www.flickr.com\/photos\/98455522@N04\/albums\/"]}]}},"_links":{"self":[{"href":"https:\/\/www.entreculturas.org\/ca\/wp-json\/wp\/v2\/noticia\/3806","targetHints":{"allow":["GET"]}}],"collection":[{"href":"https:\/\/www.entreculturas.org\/ca\/wp-json\/wp\/v2\/noticia"}],"about":[{"href":"https:\/\/www.entreculturas.org\/ca\/wp-json\/wp\/v2\/types\/noticia"}],"wp:featuredmedia":[{"embeddable":true,"href":"https:\/\/www.entreculturas.org\/ca\/wp-json\/wp\/v2\/media\/3805"}],"wp:attachment":[{"href":"https:\/\/www.entreculturas.org\/ca\/wp-json\/wp\/v2\/media?parent=3806"}],"wp:term":[{"taxonomy":"category","embeddable":true,"href":"https:\/\/www.entreculturas.org\/ca\/wp-json\/wp\/v2\/categories?post=3806"},{"taxonomy":"post_tag","embeddable":true,"href":"https:\/\/www.entreculturas.org\/ca\/wp-json\/wp\/v2\/tags?post=3806"},{"taxonomy":"country","embeddable":true,"href":"https:\/\/www.entreculturas.org\/ca\/wp-json\/wp\/v2\/country?post=3806"},{"taxonomy":"cause","embeddable":true,"href":"https:\/\/www.entreculturas.org\/ca\/wp-json\/wp\/v2\/cause?post=3806"}],"curies":[{"name":"wp","href":"https:\/\/api.w.org\/{rel}","templated":true}]}}