{"id":3789,"date":"2019-10-29T11:43:40","date_gmt":"2019-10-29T11:43:40","guid":{"rendered":"https:\/\/entreculturasi.wpenginepowered.com\/?noticias=mexico-una-universidad-indigena-que-pone-en-valor-los-conocimientos-ancestrales-para"},"modified":"2024-03-19T19:57:31","modified_gmt":"2024-03-19T18:57:31","slug":"mexico-una-universidad-indigena-que-pone-en-valor-los-conocimientos-ancestrales-para","status":"publish","type":"noticia","link":"https:\/\/www.entreculturas.org\/ca\/noticia\/mexico-una-universidad-indigena-que-pone-en-valor-los-conocimientos-ancestrales-para\/","title":{"rendered":"M\u00e9xico: una universidad ind\u00edgena que pone en valor los conocimientos ancestrales para afrontar los retos actuales"},"content":{"rendered":"<\/p>\n<p>\u201cLa vinculaci\u00f3n entre desarrollo y cultura es la \u00fanica posibilidad de que, desde la propia visi\u00f3n colectiva, comunitaria y solidaria de desarrollo, cada comunidad contin\u00fae alimentando y fortaleciendo su modo aut\u00e9ntico y propio de ser ind\u00edgena\u201d.<\/p>\n<p>En M\u00e9xico, <strong>el Instituto Superior Intercultural Ayuuk (ISIA) <\/strong>se apoya en los conceptos de \u2018Aamuk\u00ebj jiky\u00e4jt\u00ebn\u2019 o \u2018atu\u00b4kmuk\u00ebj jiky\u00e4jt\u00ebn\u2019, que en lengua ayuuk significa: \u201chacer la vida entre todos y todas juntos\u201d. <strong>Este centro universitario, cuya labor apoyamos desde Entreculturas, lleva a cabo un proyecto educativo con enfoque intercultural en el que participan las comunidades y pueblos ind\u00edgenas del estado de Oaxaca<\/strong> -principalmente el pueblo ayuuk- y del resto del pa\u00eds, orientado la b\u00fasqueda de alternativas para superar la desigualdad y la pobreza.<\/p>\n<p>Y es que muchas comunidades de la zona est\u00e1n viviendo una serie de cambios en los \u00e1mbitos productivos, cultural, econ\u00f3mico, social y pol\u00edtico que est\u00e1n provocando <strong>p\u00e9rdidas en la diversidad biol\u00f3gica-cultural, inestabilidad social e inseguridad alimentaria<\/strong>. Ante estos retos emergentes, trabajamos junto con ISIA para&nbsp; fomentar el desarrollo sostenible y el respeto por la naturaleza, y para poner en marcha procesos de gesti\u00f3n y producci\u00f3n que permitan a las personas satisfacer sus necesidades para alcanzar una adecuada calidad de vida.&nbsp;<\/p>\n<p>En este sentido, a trav\u00e9s de las comunidades ind\u00edgenas y rurales se rescatan los conocimientos locales y comunitarios para crear conocimiento nuevo que se pueda aplicar a los retos y oportunidades que provienen de la realidad actual, tanto a nivel local como regional.<\/p>\n<p><img decoding=\"async\" alt=\"\" height=\"534\" src=\"https:\/\/www.entreculturas.org\/wp-content\/uploads\/2019\/10\/reciclaje.jpg\" width=\"800\"><\/p>\n<p><strong>Apoyando la econom\u00eda solidaria<\/strong><\/p>\n<p>Por un lado, <strong>apoyamos la producci\u00f3n ecol\u00f3gica<\/strong> a trav\u00e9s de la puesta en marcha de un rancho destinado a producir una parte de los alimentos que se consumen diariamente en el centro educativo. Se trata de una propuesta de producci\u00f3n agroecol\u00f3gica integrada, que incorpora elementos y t\u00e9cnicas de las pr\u00e1cticas habituales en la zona, poniendo en valor los sistemas agroecol\u00f3gicos que permitan mayor desarrollo de la soberan\u00eda alimentaria local.<\/p>\n<p>Adem\u00e1s, junto <strong>con un grupo de productores y productoras&nbsp;de lim\u00f3n y caf\u00e9, trabajamos en la mejora de su&nbsp;organizaci\u00f3n, en la introducci\u00f3n de pr\u00e1cticas agroecol\u00f3gicas, la mejora de la calidad del producto, el establecimiento de canales propios de comercializaci\u00f3n<\/strong>, etc. Asimismo, apoyamos el establecimiento de relaciones con otras Universidades mexicanas y empresas con tal de crear un sistema productivo m\u00e1s eficiente y mejorar la comercializaci\u00f3n de los productos.&nbsp;<\/p>\n<p>&#8220;Sin duda se trata de una propuesta que combina el rescate a conocimientos y formas de trabajo ancestrales con elementos de innovaci\u00f3n social productiva y comercial&#8221;, afirma Alejandro Mendiz\u00e1bal, t\u00e9cnico de proyectos de&nbsp;Entreculturas para M\u00e9xico, &#8220;que demuestran que <strong>hay alternativas de producci\u00f3n agropecuaria econ\u00f3micamente y ecol\u00f3gicamente sostenibles<\/strong>&#8220;.<\/p>\n","protected":false},"excerpt":{"rendered":"<p>En M\u00e9xico, el Instituto Superior Intercultural Ayuuk (ISIA), cuya labor apoyamos desde Entreculturas, lleva a cabo un proyecto educativo con enfoque intercultural en el que participan las comunidades y pueblos ind\u00edgenas del estado de Oaxaca y del resto del pa\u00eds, orientado la b\u00fasqueda de alternativas para superar la desigualdad y la pobreza.<\/p>\n","protected":false},"featured_media":3791,"template":"single-noticia","meta":{"_acf_changed":false},"categories":[7],"tags":[185],"country":[],"cause":[],"class_list":["post-3789","noticia","type-noticia","status-publish","has-post-thumbnail","hentry","category-noticia","tag-entreculturas"],"acf":[],"yoast_head":"<!-- This site is optimized with the Yoast SEO Premium plugin v21.6 (Yoast SEO v27.5) - https:\/\/yoast.com\/product\/yoast-seo-premium-wordpress\/ -->\n<title>M\u00e9xico: una universidad ind\u00edgena que pone en valor los conocimientos ancestrales para afrontar los retos actuales - Entreculturas<\/title>\n<meta name=\"robots\" content=\"index, follow, max-snippet:-1, max-image-preview:large, max-video-preview:-1\" \/>\n<link rel=\"canonical\" href=\"https:\/\/www.entreculturas.org\/ca\/noticia\/mexico-una-universidad-indigena-que-pone-en-valor-los-conocimientos-ancestrales-para\/\" \/>\n<meta property=\"og:locale\" content=\"ca_ES\" \/>\n<meta property=\"og:type\" content=\"article\" \/>\n<meta property=\"og:title\" content=\"M\u00e9xico: una universidad ind\u00edgena que pone en valor los conocimientos ancestrales para afrontar los retos actuales\" \/>\n<meta property=\"og:description\" content=\"En M\u00e9xico, el Instituto Superior Intercultural Ayuuk (ISIA), cuya labor apoyamos desde Entreculturas, lleva a cabo un proyecto educativo con enfoque intercultural en el que participan las comunidades y pueblos ind\u00edgenas del estado de Oaxaca y del resto del pa\u00eds, orientado la b\u00fasqueda de alternativas para superar la desigualdad y la pobreza.\" \/>\n<meta property=\"og:url\" content=\"https:\/\/www.entreculturas.org\/ca\/noticia\/mexico-una-universidad-indigena-que-pone-en-valor-los-conocimientos-ancestrales-para\/\" \/>\n<meta property=\"og:site_name\" content=\"Entreculturas\" \/>\n<meta property=\"article:publisher\" content=\"https:\/\/www.facebook.com\/entreculturas\" \/>\n<meta property=\"article:modified_time\" content=\"2024-03-19T18:57:31+00:00\" \/>\n<meta property=\"og:image\" content=\"https:\/\/www.entreculturas.org\/wp-content\/uploads\/2019\/10\/img_2368_0.jpg\" \/>\n\t<meta property=\"og:image:width\" content=\"800\" \/>\n\t<meta property=\"og:image:height\" content=\"533\" \/>\n\t<meta property=\"og:image:type\" content=\"image\/jpeg\" \/>\n<meta name=\"twitter:card\" content=\"summary_large_image\" \/>\n<meta name=\"twitter:site\" content=\"@Entreculturas\" \/>\n<script type=\"application\/ld+json\" class=\"yoast-schema-graph\">{\"@context\":\"https:\\\/\\\/schema.org\",\"@graph\":[{\"@type\":\"WebPage\",\"@id\":\"https:\\\/\\\/www.entreculturas.org\\\/ca\\\/noticia\\\/mexico-una-universidad-indigena-que-pone-en-valor-los-conocimientos-ancestrales-para\\\/\",\"url\":\"https:\\\/\\\/www.entreculturas.org\\\/ca\\\/noticia\\\/mexico-una-universidad-indigena-que-pone-en-valor-los-conocimientos-ancestrales-para\\\/\",\"name\":\"M\u00e9xico: una universidad ind\u00edgena que pone en valor los conocimientos ancestrales para afrontar los retos actuales - Entreculturas\",\"isPartOf\":{\"@id\":\"https:\\\/\\\/www.entreculturas.org\\\/ca\\\/#website\"},\"primaryImageOfPage\":{\"@id\":\"https:\\\/\\\/www.entreculturas.org\\\/ca\\\/noticia\\\/mexico-una-universidad-indigena-que-pone-en-valor-los-conocimientos-ancestrales-para\\\/#primaryimage\"},\"image\":{\"@id\":\"https:\\\/\\\/www.entreculturas.org\\\/ca\\\/noticia\\\/mexico-una-universidad-indigena-que-pone-en-valor-los-conocimientos-ancestrales-para\\\/#primaryimage\"},\"thumbnailUrl\":\"https:\\\/\\\/www.entreculturas.org\\\/wp-content\\\/uploads\\\/2019\\\/10\\\/img_2368_0.jpg\",\"datePublished\":\"2019-10-29T11:43:40+00:00\",\"dateModified\":\"2024-03-19T18:57:31+00:00\",\"breadcrumb\":{\"@id\":\"https:\\\/\\\/www.entreculturas.org\\\/ca\\\/noticia\\\/mexico-una-universidad-indigena-que-pone-en-valor-los-conocimientos-ancestrales-para\\\/#breadcrumb\"},\"inLanguage\":\"ca\",\"potentialAction\":[{\"@type\":\"ReadAction\",\"target\":[\"https:\\\/\\\/www.entreculturas.org\\\/ca\\\/noticia\\\/mexico-una-universidad-indigena-que-pone-en-valor-los-conocimientos-ancestrales-para\\\/\"]}]},{\"@type\":\"ImageObject\",\"inLanguage\":\"ca\",\"@id\":\"https:\\\/\\\/www.entreculturas.org\\\/ca\\\/noticia\\\/mexico-una-universidad-indigena-que-pone-en-valor-los-conocimientos-ancestrales-para\\\/#primaryimage\",\"url\":\"https:\\\/\\\/www.entreculturas.org\\\/wp-content\\\/uploads\\\/2019\\\/10\\\/img_2368_0.jpg\",\"contentUrl\":\"https:\\\/\\\/www.entreculturas.org\\\/wp-content\\\/uploads\\\/2019\\\/10\\\/img_2368_0.jpg\",\"width\":800,\"height\":533,\"caption\":\"img_2368\"},{\"@type\":\"BreadcrumbList\",\"@id\":\"https:\\\/\\\/www.entreculturas.org\\\/ca\\\/noticia\\\/mexico-una-universidad-indigena-que-pone-en-valor-los-conocimientos-ancestrales-para\\\/#breadcrumb\",\"itemListElement\":[{\"@type\":\"ListItem\",\"position\":1,\"name\":\"Home\",\"item\":\"https:\\\/\\\/www.entreculturas.org\\\/ca\\\/\"},{\"@type\":\"ListItem\",\"position\":2,\"name\":\"Noticias\",\"item\":\"https:\\\/\\\/www.entreculturas.org\\\/ca\\\/noticias\\\/\"},{\"@type\":\"ListItem\",\"position\":3,\"name\":\"M\u00e9xico: una universidad ind\u00edgena que pone en valor los conocimientos ancestrales para afrontar los retos actuales\"}]},{\"@type\":\"WebSite\",\"@id\":\"https:\\\/\\\/www.entreculturas.org\\\/ca\\\/#website\",\"url\":\"https:\\\/\\\/www.entreculturas.org\\\/ca\\\/\",\"name\":\"Entreculturas\",\"description\":\"\",\"publisher\":{\"@id\":\"https:\\\/\\\/www.entreculturas.org\\\/ca\\\/#organization\"},\"alternateName\":\"Entreculturas\",\"potentialAction\":[{\"@type\":\"SearchAction\",\"target\":{\"@type\":\"EntryPoint\",\"urlTemplate\":\"https:\\\/\\\/www.entreculturas.org\\\/ca\\\/?s={search_term_string}\"},\"query-input\":{\"@type\":\"PropertyValueSpecification\",\"valueRequired\":true,\"valueName\":\"search_term_string\"}}],\"inLanguage\":\"ca\"},{\"@type\":\"Organization\",\"@id\":\"https:\\\/\\\/www.entreculturas.org\\\/ca\\\/#organization\",\"name\":\"Entreculturas\",\"url\":\"https:\\\/\\\/www.entreculturas.org\\\/ca\\\/\",\"logo\":{\"@type\":\"ImageObject\",\"inLanguage\":\"ca\",\"@id\":\"https:\\\/\\\/www.entreculturas.org\\\/ca\\\/#\\\/schema\\\/logo\\\/image\\\/\",\"url\":\"https:\\\/\\\/www.entreculturas.org\\\/wp-content\\\/uploads\\\/2025\\\/10\\\/ESP.svg\",\"contentUrl\":\"https:\\\/\\\/www.entreculturas.org\\\/wp-content\\\/uploads\\\/2025\\\/10\\\/ESP.svg\",\"caption\":\"Entreculturas\"},\"image\":{\"@id\":\"https:\\\/\\\/www.entreculturas.org\\\/ca\\\/#\\\/schema\\\/logo\\\/image\\\/\"},\"sameAs\":[\"https:\\\/\\\/www.facebook.com\\\/entreculturas\",\"https:\\\/\\\/x.com\\\/Entreculturas\",\"https:\\\/\\\/www.instagram.com\\\/entreculturas\\\/\",\"https:\\\/\\\/www.youtube.com\\\/user\\\/entreculturasvideo\",\"https:\\\/\\\/www.linkedin.com\\\/company\\\/fundacion-entreculturas-ngdo\\\/\",\"https:\\\/\\\/www.flickr.com\\\/photos\\\/98455522@N04\\\/albums\\\/\"]}]}<\/script>\n<!-- \/ Yoast SEO Premium plugin. -->","yoast_head_json":{"title":"M\u00e9xico: una universidad ind\u00edgena que pone en valor los conocimientos ancestrales para afrontar los retos actuales - Entreculturas","robots":{"index":"index","follow":"follow","max-snippet":"max-snippet:-1","max-image-preview":"max-image-preview:large","max-video-preview":"max-video-preview:-1"},"canonical":"https:\/\/www.entreculturas.org\/ca\/noticia\/mexico-una-universidad-indigena-que-pone-en-valor-los-conocimientos-ancestrales-para\/","og_locale":"ca_ES","og_type":"article","og_title":"M\u00e9xico: una universidad ind\u00edgena que pone en valor los conocimientos ancestrales para afrontar los retos actuales","og_description":"En M\u00e9xico, el Instituto Superior Intercultural Ayuuk (ISIA), cuya labor apoyamos desde Entreculturas, lleva a cabo un proyecto educativo con enfoque intercultural en el que participan las comunidades y pueblos ind\u00edgenas del estado de Oaxaca y del resto del pa\u00eds, orientado la b\u00fasqueda de alternativas para superar la desigualdad y la pobreza.","og_url":"https:\/\/www.entreculturas.org\/ca\/noticia\/mexico-una-universidad-indigena-que-pone-en-valor-los-conocimientos-ancestrales-para\/","og_site_name":"Entreculturas","article_publisher":"https:\/\/www.facebook.com\/entreculturas","article_modified_time":"2024-03-19T18:57:31+00:00","og_image":[{"width":800,"height":533,"url":"https:\/\/www.entreculturas.org\/wp-content\/uploads\/2019\/10\/img_2368_0.jpg","type":"image\/jpeg"}],"twitter_card":"summary_large_image","twitter_site":"@Entreculturas","schema":{"@context":"https:\/\/schema.org","@graph":[{"@type":"WebPage","@id":"https:\/\/www.entreculturas.org\/ca\/noticia\/mexico-una-universidad-indigena-que-pone-en-valor-los-conocimientos-ancestrales-para\/","url":"https:\/\/www.entreculturas.org\/ca\/noticia\/mexico-una-universidad-indigena-que-pone-en-valor-los-conocimientos-ancestrales-para\/","name":"M\u00e9xico: una universidad ind\u00edgena que pone en valor los conocimientos ancestrales para afrontar los retos actuales - Entreculturas","isPartOf":{"@id":"https:\/\/www.entreculturas.org\/ca\/#website"},"primaryImageOfPage":{"@id":"https:\/\/www.entreculturas.org\/ca\/noticia\/mexico-una-universidad-indigena-que-pone-en-valor-los-conocimientos-ancestrales-para\/#primaryimage"},"image":{"@id":"https:\/\/www.entreculturas.org\/ca\/noticia\/mexico-una-universidad-indigena-que-pone-en-valor-los-conocimientos-ancestrales-para\/#primaryimage"},"thumbnailUrl":"https:\/\/www.entreculturas.org\/wp-content\/uploads\/2019\/10\/img_2368_0.jpg","datePublished":"2019-10-29T11:43:40+00:00","dateModified":"2024-03-19T18:57:31+00:00","breadcrumb":{"@id":"https:\/\/www.entreculturas.org\/ca\/noticia\/mexico-una-universidad-indigena-que-pone-en-valor-los-conocimientos-ancestrales-para\/#breadcrumb"},"inLanguage":"ca","potentialAction":[{"@type":"ReadAction","target":["https:\/\/www.entreculturas.org\/ca\/noticia\/mexico-una-universidad-indigena-que-pone-en-valor-los-conocimientos-ancestrales-para\/"]}]},{"@type":"ImageObject","inLanguage":"ca","@id":"https:\/\/www.entreculturas.org\/ca\/noticia\/mexico-una-universidad-indigena-que-pone-en-valor-los-conocimientos-ancestrales-para\/#primaryimage","url":"https:\/\/www.entreculturas.org\/wp-content\/uploads\/2019\/10\/img_2368_0.jpg","contentUrl":"https:\/\/www.entreculturas.org\/wp-content\/uploads\/2019\/10\/img_2368_0.jpg","width":800,"height":533,"caption":"img_2368"},{"@type":"BreadcrumbList","@id":"https:\/\/www.entreculturas.org\/ca\/noticia\/mexico-una-universidad-indigena-que-pone-en-valor-los-conocimientos-ancestrales-para\/#breadcrumb","itemListElement":[{"@type":"ListItem","position":1,"name":"Home","item":"https:\/\/www.entreculturas.org\/ca\/"},{"@type":"ListItem","position":2,"name":"Noticias","item":"https:\/\/www.entreculturas.org\/ca\/noticias\/"},{"@type":"ListItem","position":3,"name":"M\u00e9xico: una universidad ind\u00edgena que pone en valor los conocimientos ancestrales para afrontar los retos actuales"}]},{"@type":"WebSite","@id":"https:\/\/www.entreculturas.org\/ca\/#website","url":"https:\/\/www.entreculturas.org\/ca\/","name":"Entreculturas","description":"","publisher":{"@id":"https:\/\/www.entreculturas.org\/ca\/#organization"},"alternateName":"Entreculturas","potentialAction":[{"@type":"SearchAction","target":{"@type":"EntryPoint","urlTemplate":"https:\/\/www.entreculturas.org\/ca\/?s={search_term_string}"},"query-input":{"@type":"PropertyValueSpecification","valueRequired":true,"valueName":"search_term_string"}}],"inLanguage":"ca"},{"@type":"Organization","@id":"https:\/\/www.entreculturas.org\/ca\/#organization","name":"Entreculturas","url":"https:\/\/www.entreculturas.org\/ca\/","logo":{"@type":"ImageObject","inLanguage":"ca","@id":"https:\/\/www.entreculturas.org\/ca\/#\/schema\/logo\/image\/","url":"https:\/\/www.entreculturas.org\/wp-content\/uploads\/2025\/10\/ESP.svg","contentUrl":"https:\/\/www.entreculturas.org\/wp-content\/uploads\/2025\/10\/ESP.svg","caption":"Entreculturas"},"image":{"@id":"https:\/\/www.entreculturas.org\/ca\/#\/schema\/logo\/image\/"},"sameAs":["https:\/\/www.facebook.com\/entreculturas","https:\/\/x.com\/Entreculturas","https:\/\/www.instagram.com\/entreculturas\/","https:\/\/www.youtube.com\/user\/entreculturasvideo","https:\/\/www.linkedin.com\/company\/fundacion-entreculturas-ngdo\/","https:\/\/www.flickr.com\/photos\/98455522@N04\/albums\/"]}]}},"_links":{"self":[{"href":"https:\/\/www.entreculturas.org\/ca\/wp-json\/wp\/v2\/noticia\/3789","targetHints":{"allow":["GET"]}}],"collection":[{"href":"https:\/\/www.entreculturas.org\/ca\/wp-json\/wp\/v2\/noticia"}],"about":[{"href":"https:\/\/www.entreculturas.org\/ca\/wp-json\/wp\/v2\/types\/noticia"}],"wp:featuredmedia":[{"embeddable":true,"href":"https:\/\/www.entreculturas.org\/ca\/wp-json\/wp\/v2\/media\/3791"}],"wp:attachment":[{"href":"https:\/\/www.entreculturas.org\/ca\/wp-json\/wp\/v2\/media?parent=3789"}],"wp:term":[{"taxonomy":"category","embeddable":true,"href":"https:\/\/www.entreculturas.org\/ca\/wp-json\/wp\/v2\/categories?post=3789"},{"taxonomy":"post_tag","embeddable":true,"href":"https:\/\/www.entreculturas.org\/ca\/wp-json\/wp\/v2\/tags?post=3789"},{"taxonomy":"country","embeddable":true,"href":"https:\/\/www.entreculturas.org\/ca\/wp-json\/wp\/v2\/country?post=3789"},{"taxonomy":"cause","embeddable":true,"href":"https:\/\/www.entreculturas.org\/ca\/wp-json\/wp\/v2\/cause?post=3789"}],"curies":[{"name":"wp","href":"https:\/\/api.w.org\/{rel}","templated":true}]}}