{"id":37834,"date":"2025-02-27T10:07:30","date_gmt":"2025-02-27T09:07:30","guid":{"rendered":"https:\/\/www.entreculturas.org\/?post_type=noticia&#038;p=37834"},"modified":"2025-02-27T10:24:37","modified_gmt":"2025-02-27T09:24:37","slug":"alianzas-que-transforman-cuando-la-solidaridad-viaja-en-metro-y-brilla-en-la-ciudad","status":"publish","type":"noticia","link":"https:\/\/www.entreculturas.org\/ca\/noticia\/alianzas-que-transforman-cuando-la-solidaridad-viaja-en-metro-y-brilla-en-la-ciudad\/","title":{"rendered":"Alianzas que transforman: Cuando la solidaridad viaja en Metro y brilla en la ciudad"},"content":{"rendered":"\n<p>En Entreculturas creemos en el poder de la colaboraci\u00f3n y en c\u00f3mo, cuando diferentes actores se unen por una causa com\u00fan, el impacto se multiplica. La reciente carrera Corre por una causa de Madrid este a\u00f1o ha sido un ejemplo perfecto de ello, y hoy queremos destacar el papel fundamental que han jugado tanto <strong>\u00a0Metro <\/strong>como <strong>JCDecaux<\/strong> en la difusi\u00f3n de nuestro mensaje sobre la infancia en emergencia.<br><\/p>\n\n\n\n<p>Gracias a su generosa cesi\u00f3n de espacios publicitarios en sus pantallas, logramos algo que de otro modo hubiera sido imposible: que miles de personas, en su d\u00eda a d\u00eda, se cruzaran con nuestra causa. Durante m\u00e1s de una semana la imagen de la carrera y el mensaje de apoyo a la educaci\u00f3n en contextos de crisis han viajado con los pasajeros del Metro, han brillado en las calles de Madrid y han despertado la curiosidad de quienes quiz\u00e1s nunca antes hab\u00edan o\u00eddo hablar de la educaci\u00f3n en emergencia.<br><br><\/p>\n\n\n\n<figure class=\"wp-block-image aligncenter size-full is-resized\"><img decoding=\"async\" width=\"800\" height=\"553\" src=\"https:\/\/www.entreculturas.org\/wp-content\/uploads\/2025\/02\/Foto-para-empresas-Cxcausa2-ok.jpg\" alt=\"\" class=\"wp-image-37851\" style=\"width:698px;height:auto\" srcset=\"https:\/\/www.entreculturas.org\/wp-content\/uploads\/2025\/02\/Foto-para-empresas-Cxcausa2-ok.jpg 800w, https:\/\/www.entreculturas.org\/wp-content\/uploads\/2025\/02\/Foto-para-empresas-Cxcausa2-ok-300x207.jpg 300w, https:\/\/www.entreculturas.org\/wp-content\/uploads\/2025\/02\/Foto-para-empresas-Cxcausa2-ok-768x531.jpg 768w\" sizes=\"(max-width: 800px) 100vw, 800px\" \/><\/figure>\n\n\n\n<p><br><br>Pero m\u00e1s all\u00e1 del n\u00famero de personas alcanzadas, lo realmente valioso ha sido la conciencia generada. Ver nuestra campa\u00f1a en estos espacios ha permitido que m\u00e1s personas comprendan la urgencia de nuestra misi\u00f3n y se sumen de distintas maneras, ya sea participando en la carrera, acerc\u00e1ndose a nuestra entidad o colaborando con nuestros proyectos.\u00a0<br><\/p>\n\n\n\n<p>Nos emociona haber contado con su apoyo y, sobre todo, nos ilusiona seguir encontrando caminos para que m\u00e1s empresas se sumen a construir un mundo donde la educaci\u00f3n sea un derecho real para todos los ni\u00f1os y ni\u00f1as.<br><br><\/p>\n\n\n\n<figure class=\"wp-block-image aligncenter size-full is-resized\"><img decoding=\"async\" width=\"800\" height=\"553\" src=\"https:\/\/www.entreculturas.org\/wp-content\/uploads\/2025\/02\/Foto-para-empresas-Cxcausa2.jpg\" alt=\"\" class=\"wp-image-37846\" style=\"width:704px;height:auto\" srcset=\"https:\/\/www.entreculturas.org\/wp-content\/uploads\/2025\/02\/Foto-para-empresas-Cxcausa2.jpg 800w, https:\/\/www.entreculturas.org\/wp-content\/uploads\/2025\/02\/Foto-para-empresas-Cxcausa2-300x207.jpg 300w, https:\/\/www.entreculturas.org\/wp-content\/uploads\/2025\/02\/Foto-para-empresas-Cxcausa2-768x531.jpg 768w\" sizes=\"(max-width: 800px) 100vw, 800px\" \/><\/figure>\n\n\n\n<p><br><br><\/p>\n\n\n\n<p>A todos los que formamos parte de Entreculturas, este \u00e9xito nos reafirma en nuestra misi\u00f3n y nos recuerda que cuando las empresas ponen su prop\u00f3sito al servicio de la educaci\u00f3n, el impacto se multiplica.<br><\/p>\n\n\n\n<p>\u00bfTe animas a ser parte de este movimiento? Hablemos y exploremos juntos c\u00f3mo podemos generar impacto.<\/p>\n\n\n\n<p><a href=\"https:\/\/campanas.entreculturas.org\/empresas-por-una-causa\/\">Descubre c\u00f3mo tu empresa puede sumarse<\/a><\/p>\n","protected":false},"excerpt":{"rendered":"<p>En Entreculturas creemos en el poder de la colaboraci\u00f3n y en c\u00f3mo, cuando diferentes actores se unen por una causa com\u00fan, el impacto se multiplica. La reciente carrera Corre por una causa de Madrid este a\u00f1o ha sido un ejemplo perfecto de ello, y hoy queremos destacar el papel fundamental que han jugado tanto \u00a0Metro como JCDecaux en la difusi\u00f3n de nuestro mensaje sobre la infancia en emergencia. Gracias a su generosa cesi\u00f3n de espacios publicitarios en sus pantallas, logramos algo que de otro modo hubiera sido imposible: que miles de personas, en su d\u00eda a d\u00eda, se cruzaran con nuestra causa. Durante m\u00e1s de una semana la imagen de la carrera y el mensaje de apoyo a la educaci\u00f3n en contextos de crisis han viajado con los pasajeros del Metro, han brillado en las calles de Madrid y han despertado la curiosidad de quienes quiz\u00e1s nunca antes hab\u00edan o\u00eddo [&hellip;]<\/p>\n","protected":false},"featured_media":37841,"template":"","meta":{"_acf_changed":false},"categories":[7],"tags":[196],"country":[120],"cause":[132],"class_list":["post-37834","noticia","type-noticia","status-publish","has-post-thumbnail","hentry","category-noticia","tag-rsc","country-espana","cause-participacion-y-ciudadania-global"],"acf":[],"yoast_head":"<!-- This site is optimized with the Yoast SEO Premium plugin v21.6 (Yoast SEO v27.5) - https:\/\/yoast.com\/product\/yoast-seo-premium-wordpress\/ -->\n<title>Alianzas que transforman<\/title>\n<meta name=\"description\" content=\"Alianzas que transforman y permiten que m\u00e1s personas comprendan la urgencia de nuestra misi\u00f3n y se sumen de distintas maneras.\" \/>\n<meta name=\"robots\" content=\"index, follow, max-snippet:-1, max-image-preview:large, max-video-preview:-1\" \/>\n<link rel=\"canonical\" href=\"https:\/\/www.entreculturas.org\/ca\/noticia\/alianzas-que-transforman-cuando-la-solidaridad-viaja-en-metro-y-brilla-en-la-ciudad\/\" \/>\n<meta property=\"og:locale\" content=\"ca_ES\" \/>\n<meta property=\"og:type\" content=\"article\" \/>\n<meta property=\"og:title\" content=\"Alianzas que transforman: Cuando la solidaridad viaja en Metro y brilla en la ciudad\" \/>\n<meta property=\"og:description\" content=\"Alianzas que transforman y permiten que m\u00e1s personas comprendan la urgencia de nuestra misi\u00f3n y se sumen de distintas maneras.\" \/>\n<meta property=\"og:url\" content=\"https:\/\/www.entreculturas.org\/ca\/noticia\/alianzas-que-transforman-cuando-la-solidaridad-viaja-en-metro-y-brilla-en-la-ciudad\/\" \/>\n<meta property=\"og:site_name\" content=\"Entreculturas\" \/>\n<meta property=\"article:publisher\" content=\"https:\/\/www.facebook.com\/entreculturas\" \/>\n<meta property=\"article:modified_time\" content=\"2025-02-27T09:24:37+00:00\" \/>\n<meta property=\"og:image\" content=\"https:\/\/www.entreculturas.org\/wp-content\/uploads\/2025\/02\/Foto-para-empresas-Cxcausa2-3-1.jpg\" \/>\n\t<meta property=\"og:image:width\" content=\"800\" \/>\n\t<meta property=\"og:image:height\" content=\"553\" \/>\n\t<meta property=\"og:image:type\" content=\"image\/jpeg\" \/>\n<meta name=\"twitter:card\" content=\"summary_large_image\" \/>\n<meta name=\"twitter:site\" content=\"@Entreculturas\" \/>\n<script type=\"application\/ld+json\" class=\"yoast-schema-graph\">{\"@context\":\"https:\\\/\\\/schema.org\",\"@graph\":[{\"@type\":\"WebPage\",\"@id\":\"https:\\\/\\\/www.entreculturas.org\\\/ca\\\/noticia\\\/alianzas-que-transforman-cuando-la-solidaridad-viaja-en-metro-y-brilla-en-la-ciudad\\\/\",\"url\":\"https:\\\/\\\/www.entreculturas.org\\\/ca\\\/noticia\\\/alianzas-que-transforman-cuando-la-solidaridad-viaja-en-metro-y-brilla-en-la-ciudad\\\/\",\"name\":\"Alianzas que transforman\",\"isPartOf\":{\"@id\":\"https:\\\/\\\/www.entreculturas.org\\\/ca\\\/#website\"},\"primaryImageOfPage\":{\"@id\":\"https:\\\/\\\/www.entreculturas.org\\\/ca\\\/noticia\\\/alianzas-que-transforman-cuando-la-solidaridad-viaja-en-metro-y-brilla-en-la-ciudad\\\/#primaryimage\"},\"image\":{\"@id\":\"https:\\\/\\\/www.entreculturas.org\\\/ca\\\/noticia\\\/alianzas-que-transforman-cuando-la-solidaridad-viaja-en-metro-y-brilla-en-la-ciudad\\\/#primaryimage\"},\"thumbnailUrl\":\"https:\\\/\\\/www.entreculturas.org\\\/wp-content\\\/uploads\\\/2025\\\/02\\\/Foto-para-empresas-Cxcausa2-3-1.jpg\",\"datePublished\":\"2025-02-27T09:07:30+00:00\",\"dateModified\":\"2025-02-27T09:24:37+00:00\",\"description\":\"Alianzas que transforman y permiten que m\u00e1s personas comprendan la urgencia de nuestra misi\u00f3n y se sumen de distintas maneras.\",\"breadcrumb\":{\"@id\":\"https:\\\/\\\/www.entreculturas.org\\\/ca\\\/noticia\\\/alianzas-que-transforman-cuando-la-solidaridad-viaja-en-metro-y-brilla-en-la-ciudad\\\/#breadcrumb\"},\"inLanguage\":\"ca\",\"potentialAction\":[{\"@type\":\"ReadAction\",\"target\":[\"https:\\\/\\\/www.entreculturas.org\\\/ca\\\/noticia\\\/alianzas-que-transforman-cuando-la-solidaridad-viaja-en-metro-y-brilla-en-la-ciudad\\\/\"]}]},{\"@type\":\"ImageObject\",\"inLanguage\":\"ca\",\"@id\":\"https:\\\/\\\/www.entreculturas.org\\\/ca\\\/noticia\\\/alianzas-que-transforman-cuando-la-solidaridad-viaja-en-metro-y-brilla-en-la-ciudad\\\/#primaryimage\",\"url\":\"https:\\\/\\\/www.entreculturas.org\\\/wp-content\\\/uploads\\\/2025\\\/02\\\/Foto-para-empresas-Cxcausa2-3-1.jpg\",\"contentUrl\":\"https:\\\/\\\/www.entreculturas.org\\\/wp-content\\\/uploads\\\/2025\\\/02\\\/Foto-para-empresas-Cxcausa2-3-1.jpg\",\"width\":800,\"height\":553,\"caption\":\"Alianzas que transforman\"},{\"@type\":\"BreadcrumbList\",\"@id\":\"https:\\\/\\\/www.entreculturas.org\\\/ca\\\/noticia\\\/alianzas-que-transforman-cuando-la-solidaridad-viaja-en-metro-y-brilla-en-la-ciudad\\\/#breadcrumb\",\"itemListElement\":[{\"@type\":\"ListItem\",\"position\":1,\"name\":\"Home\",\"item\":\"https:\\\/\\\/www.entreculturas.org\\\/ca\\\/\"},{\"@type\":\"ListItem\",\"position\":2,\"name\":\"Noticias\",\"item\":\"https:\\\/\\\/www.entreculturas.org\\\/ca\\\/noticias\\\/\"},{\"@type\":\"ListItem\",\"position\":3,\"name\":\"Alianzas que transforman: Cuando la solidaridad viaja en Metro y brilla en la ciudad\"}]},{\"@type\":\"WebSite\",\"@id\":\"https:\\\/\\\/www.entreculturas.org\\\/ca\\\/#website\",\"url\":\"https:\\\/\\\/www.entreculturas.org\\\/ca\\\/\",\"name\":\"Entreculturas\",\"description\":\"\",\"publisher\":{\"@id\":\"https:\\\/\\\/www.entreculturas.org\\\/ca\\\/#organization\"},\"alternateName\":\"Entreculturas\",\"potentialAction\":[{\"@type\":\"SearchAction\",\"target\":{\"@type\":\"EntryPoint\",\"urlTemplate\":\"https:\\\/\\\/www.entreculturas.org\\\/ca\\\/?s={search_term_string}\"},\"query-input\":{\"@type\":\"PropertyValueSpecification\",\"valueRequired\":true,\"valueName\":\"search_term_string\"}}],\"inLanguage\":\"ca\"},{\"@type\":\"Organization\",\"@id\":\"https:\\\/\\\/www.entreculturas.org\\\/ca\\\/#organization\",\"name\":\"Entreculturas\",\"url\":\"https:\\\/\\\/www.entreculturas.org\\\/ca\\\/\",\"logo\":{\"@type\":\"ImageObject\",\"inLanguage\":\"ca\",\"@id\":\"https:\\\/\\\/www.entreculturas.org\\\/ca\\\/#\\\/schema\\\/logo\\\/image\\\/\",\"url\":\"https:\\\/\\\/www.entreculturas.org\\\/wp-content\\\/uploads\\\/2025\\\/10\\\/ESP.svg\",\"contentUrl\":\"https:\\\/\\\/www.entreculturas.org\\\/wp-content\\\/uploads\\\/2025\\\/10\\\/ESP.svg\",\"caption\":\"Entreculturas\"},\"image\":{\"@id\":\"https:\\\/\\\/www.entreculturas.org\\\/ca\\\/#\\\/schema\\\/logo\\\/image\\\/\"},\"sameAs\":[\"https:\\\/\\\/www.facebook.com\\\/entreculturas\",\"https:\\\/\\\/x.com\\\/Entreculturas\",\"https:\\\/\\\/www.instagram.com\\\/entreculturas\\\/\",\"https:\\\/\\\/www.youtube.com\\\/user\\\/entreculturasvideo\",\"https:\\\/\\\/www.linkedin.com\\\/company\\\/fundacion-entreculturas-ngdo\\\/\",\"https:\\\/\\\/www.flickr.com\\\/photos\\\/98455522@N04\\\/albums\\\/\"]}]}<\/script>\n<!-- \/ Yoast SEO Premium plugin. -->","yoast_head_json":{"title":"Alianzas que transforman","description":"Alianzas que transforman y permiten que m\u00e1s personas comprendan la urgencia de nuestra misi\u00f3n y se sumen de distintas maneras.","robots":{"index":"index","follow":"follow","max-snippet":"max-snippet:-1","max-image-preview":"max-image-preview:large","max-video-preview":"max-video-preview:-1"},"canonical":"https:\/\/www.entreculturas.org\/ca\/noticia\/alianzas-que-transforman-cuando-la-solidaridad-viaja-en-metro-y-brilla-en-la-ciudad\/","og_locale":"ca_ES","og_type":"article","og_title":"Alianzas que transforman: Cuando la solidaridad viaja en Metro y brilla en la ciudad","og_description":"Alianzas que transforman y permiten que m\u00e1s personas comprendan la urgencia de nuestra misi\u00f3n y se sumen de distintas maneras.","og_url":"https:\/\/www.entreculturas.org\/ca\/noticia\/alianzas-que-transforman-cuando-la-solidaridad-viaja-en-metro-y-brilla-en-la-ciudad\/","og_site_name":"Entreculturas","article_publisher":"https:\/\/www.facebook.com\/entreculturas","article_modified_time":"2025-02-27T09:24:37+00:00","og_image":[{"width":800,"height":553,"url":"https:\/\/www.entreculturas.org\/wp-content\/uploads\/2025\/02\/Foto-para-empresas-Cxcausa2-3-1.jpg","type":"image\/jpeg"}],"twitter_card":"summary_large_image","twitter_site":"@Entreculturas","schema":{"@context":"https:\/\/schema.org","@graph":[{"@type":"WebPage","@id":"https:\/\/www.entreculturas.org\/ca\/noticia\/alianzas-que-transforman-cuando-la-solidaridad-viaja-en-metro-y-brilla-en-la-ciudad\/","url":"https:\/\/www.entreculturas.org\/ca\/noticia\/alianzas-que-transforman-cuando-la-solidaridad-viaja-en-metro-y-brilla-en-la-ciudad\/","name":"Alianzas que transforman","isPartOf":{"@id":"https:\/\/www.entreculturas.org\/ca\/#website"},"primaryImageOfPage":{"@id":"https:\/\/www.entreculturas.org\/ca\/noticia\/alianzas-que-transforman-cuando-la-solidaridad-viaja-en-metro-y-brilla-en-la-ciudad\/#primaryimage"},"image":{"@id":"https:\/\/www.entreculturas.org\/ca\/noticia\/alianzas-que-transforman-cuando-la-solidaridad-viaja-en-metro-y-brilla-en-la-ciudad\/#primaryimage"},"thumbnailUrl":"https:\/\/www.entreculturas.org\/wp-content\/uploads\/2025\/02\/Foto-para-empresas-Cxcausa2-3-1.jpg","datePublished":"2025-02-27T09:07:30+00:00","dateModified":"2025-02-27T09:24:37+00:00","description":"Alianzas que transforman y permiten que m\u00e1s personas comprendan la urgencia de nuestra misi\u00f3n y se sumen de distintas maneras.","breadcrumb":{"@id":"https:\/\/www.entreculturas.org\/ca\/noticia\/alianzas-que-transforman-cuando-la-solidaridad-viaja-en-metro-y-brilla-en-la-ciudad\/#breadcrumb"},"inLanguage":"ca","potentialAction":[{"@type":"ReadAction","target":["https:\/\/www.entreculturas.org\/ca\/noticia\/alianzas-que-transforman-cuando-la-solidaridad-viaja-en-metro-y-brilla-en-la-ciudad\/"]}]},{"@type":"ImageObject","inLanguage":"ca","@id":"https:\/\/www.entreculturas.org\/ca\/noticia\/alianzas-que-transforman-cuando-la-solidaridad-viaja-en-metro-y-brilla-en-la-ciudad\/#primaryimage","url":"https:\/\/www.entreculturas.org\/wp-content\/uploads\/2025\/02\/Foto-para-empresas-Cxcausa2-3-1.jpg","contentUrl":"https:\/\/www.entreculturas.org\/wp-content\/uploads\/2025\/02\/Foto-para-empresas-Cxcausa2-3-1.jpg","width":800,"height":553,"caption":"Alianzas que transforman"},{"@type":"BreadcrumbList","@id":"https:\/\/www.entreculturas.org\/ca\/noticia\/alianzas-que-transforman-cuando-la-solidaridad-viaja-en-metro-y-brilla-en-la-ciudad\/#breadcrumb","itemListElement":[{"@type":"ListItem","position":1,"name":"Home","item":"https:\/\/www.entreculturas.org\/ca\/"},{"@type":"ListItem","position":2,"name":"Noticias","item":"https:\/\/www.entreculturas.org\/ca\/noticias\/"},{"@type":"ListItem","position":3,"name":"Alianzas que transforman: Cuando la solidaridad viaja en Metro y brilla en la ciudad"}]},{"@type":"WebSite","@id":"https:\/\/www.entreculturas.org\/ca\/#website","url":"https:\/\/www.entreculturas.org\/ca\/","name":"Entreculturas","description":"","publisher":{"@id":"https:\/\/www.entreculturas.org\/ca\/#organization"},"alternateName":"Entreculturas","potentialAction":[{"@type":"SearchAction","target":{"@type":"EntryPoint","urlTemplate":"https:\/\/www.entreculturas.org\/ca\/?s={search_term_string}"},"query-input":{"@type":"PropertyValueSpecification","valueRequired":true,"valueName":"search_term_string"}}],"inLanguage":"ca"},{"@type":"Organization","@id":"https:\/\/www.entreculturas.org\/ca\/#organization","name":"Entreculturas","url":"https:\/\/www.entreculturas.org\/ca\/","logo":{"@type":"ImageObject","inLanguage":"ca","@id":"https:\/\/www.entreculturas.org\/ca\/#\/schema\/logo\/image\/","url":"https:\/\/www.entreculturas.org\/wp-content\/uploads\/2025\/10\/ESP.svg","contentUrl":"https:\/\/www.entreculturas.org\/wp-content\/uploads\/2025\/10\/ESP.svg","caption":"Entreculturas"},"image":{"@id":"https:\/\/www.entreculturas.org\/ca\/#\/schema\/logo\/image\/"},"sameAs":["https:\/\/www.facebook.com\/entreculturas","https:\/\/x.com\/Entreculturas","https:\/\/www.instagram.com\/entreculturas\/","https:\/\/www.youtube.com\/user\/entreculturasvideo","https:\/\/www.linkedin.com\/company\/fundacion-entreculturas-ngdo\/","https:\/\/www.flickr.com\/photos\/98455522@N04\/albums\/"]}]}},"_links":{"self":[{"href":"https:\/\/www.entreculturas.org\/ca\/wp-json\/wp\/v2\/noticia\/37834","targetHints":{"allow":["GET"]}}],"collection":[{"href":"https:\/\/www.entreculturas.org\/ca\/wp-json\/wp\/v2\/noticia"}],"about":[{"href":"https:\/\/www.entreculturas.org\/ca\/wp-json\/wp\/v2\/types\/noticia"}],"wp:featuredmedia":[{"embeddable":true,"href":"https:\/\/www.entreculturas.org\/ca\/wp-json\/wp\/v2\/media\/37841"}],"wp:attachment":[{"href":"https:\/\/www.entreculturas.org\/ca\/wp-json\/wp\/v2\/media?parent=37834"}],"wp:term":[{"taxonomy":"category","embeddable":true,"href":"https:\/\/www.entreculturas.org\/ca\/wp-json\/wp\/v2\/categories?post=37834"},{"taxonomy":"post_tag","embeddable":true,"href":"https:\/\/www.entreculturas.org\/ca\/wp-json\/wp\/v2\/tags?post=37834"},{"taxonomy":"country","embeddable":true,"href":"https:\/\/www.entreculturas.org\/ca\/wp-json\/wp\/v2\/country?post=37834"},{"taxonomy":"cause","embeddable":true,"href":"https:\/\/www.entreculturas.org\/ca\/wp-json\/wp\/v2\/cause?post=37834"}],"curies":[{"name":"wp","href":"https:\/\/api.w.org\/{rel}","templated":true}]}}