{"id":3759,"date":"2019-10-15T12:58:06","date_gmt":"2019-10-15T12:58:06","guid":{"rendered":"https:\/\/entreculturasi.wpenginepowered.com\/?noticias=dia-de-la-alimentacion-cuando-lo-que-comemos-contribuye-cuidar-o-destruir-el-planeta"},"modified":"2024-03-19T19:59:33","modified_gmt":"2024-03-19T18:59:33","slug":"dia-de-la-alimentacion-cuando-lo-que-comemos-contribuye-cuidar-o-destruir-el-planeta","status":"publish","type":"noticia","link":"https:\/\/www.entreculturas.org\/ca\/noticia\/dia-de-la-alimentacion-cuando-lo-que-comemos-contribuye-cuidar-o-destruir-el-planeta\/","title":{"rendered":"D\u00eda de la Alimentaci\u00f3n: cuando lo que comemos contribuye a cuidar o destruir el planeta"},"content":{"rendered":"<p>La celebraci\u00f3n del D\u00eda Mundial de la Alimentaci\u00f3n, que se conmemora hoy, es un momento id\u00f3neo para conocer los <strong>v\u00ednculos, cada vez m\u00e1s estrechos, entre la comida y el medio ambiente<\/strong>.&nbsp; Y es que la alimentaci\u00f3n mundial est\u00e1 siendo uno de los mayores retos de cara al cuidad del planeta y el compromiso ciudadano con el medio ambiente.<\/p>\n<p><strong>Cada vez que decidimos qu\u00e9 comer tambi\u00e9n elegimos cuidar o destruir nuestro planeta<\/strong>. En este d\u00eda, las entidades que impulsamos <strong>la campa\u00f1a \u201cSi Cuidas el Planeta, Combates la Pobreza\u201d y que promueven la iniciativa Enl\u00e1zate por la Justicia<\/strong> -C\u00e1ritas, CEDIS, CONFER, Justicia y Paz, Manos Unidas y REDES (Red de Entidades para el Desarrollo Solidario), de la que formamos parte \u2013 ponemos el foco en la amenaza que supone para la sostenibilidad el uso intensivo que hacemos de los recursos naturales con fines productivos.<\/p>\n<p>Desde Enl\u00e1zate por la Justicia&nbsp; hemos publicado el documento titulado<a href=\"https:\/\/enlazateporlajusticia.org\/_files\/200001924-240e8240eb\/DOC%20ALIMENTACI%C3%93N-8.pdf\" target=\"_blank\" rel=\"noopener\"> \u201cALIMENTACI\u00d3N. Cada vez que decides qu\u00e9 comer tambi\u00e9n eliges cuidar o destruir nuestro planeta\u201d<\/a>, donde repasamos las claves de este problema global y creciente. Entre los retos que debemos afrontar est\u00e1<strong> la necesidad de alimentar a m\u00e1s de 7 mil millones de personas en la actualidad<\/strong> &#8211; m\u00e1s de 9 mil millones en 2050, seg\u00fan previsiones de la ONU-, as\u00ed como el <strong>aumento de la demanda de productos c\u00e1rnicos, l\u00e1cteos y alimentos procesados<\/strong> por parte de pa\u00edses cada vez m\u00e1s pr\u00f3speros, como China o India, est\u00e1n conduciendo a un r\u00e1pido cambio en el uso del suelo disponible.<\/p>\n<p><span style=\"color:#ff0102\"><strong>Claves de un problema global<\/strong><\/span><\/p>\n<p>El espectacular aumento de la producci\u00f3n de cereales y de carne de los \u00faltimos 50 a\u00f1os se ha basado en dos estrategias fundamentales: ampliar la frontera agr\u00edcola talando bosques y selvas, y mejorar la tecnolog\u00eda para producir m\u00e1s en cada kil\u00f3metro de tierra disponible. Si estas tendencias se mantienen, tanto el crecimiento de la poblaci\u00f3n, como el aumento de dietas con mayor consumo de prote\u00edna animal obligar\u00e1n pr\u00e1cticamente a duplicar la producci\u00f3n para 2050.<\/p>\n<p>Este uso intensivo y extensivo de la tierra, aparte de convertirse en uno los factores que m\u00e1s contribuyen al cambio clim\u00e1tico (la producci\u00f3n agropecuaria produce el 30% de los gases de efecto invernadero), afecta muy directamente a las personas m\u00e1s pobres. Seg\u00fan el Banco Mundial, <strong>el 85% de las personas que sufren pobreza extrema vive en zonas rurales.<\/strong><\/p>\n<p>Desde 1960 la producci\u00f3n de cereales se ha triplicado (240%), el volumen de agua para irrigaci\u00f3n se ha duplicado (110%), y la poblaci\u00f3n de ganado vacuno ha aumentado en m\u00e1s de un 60%. En paralelo, la demanda de alimentos ha aumentado de manera constante, al tiempo que han ido cambiando las preferencias alimentarias de los consumidores. Las dietas van cambiando a nivel global para una poblaci\u00f3n cada vez mayor, con un <strong>aumento significativo de productos c\u00e1rnicos y alimentos procesados ricos en grasas e hipercal\u00f3ricos.&nbsp;<\/strong>Adem\u00e1s del enorme impacto ambiental emparejado, ello ha acabado por producir un <strong>problema de salud, contribuyendo&nbsp;a que cerca de 2 mil millones de personas sufran sobrepeso u obesidad.<\/strong><\/p>\n<p>Como denuncimos desde&nbsp;Enl\u00e1zate por la Justicia, seg\u00fan el \u00faltimo informe de la FAO (SOFI 2018) hay <strong>821 millones de personas que sufren desnutrici\u00f3n cr\u00f3nica en el mundo<\/strong>. Y cuando se sabe, a la luz de todos los datos e informes, que existen alimentos suficientes para toda la poblaci\u00f3n actual, la conclusi\u00f3n es que <strong>la persistencia del hambre en el mundo no es un problema de \u201cproducci\u00f3n\u201d de alimentos, sino de accesibilidad a los mismos.&nbsp;<\/strong><\/p>\n<p><img decoding=\"async\" alt=\"\" height=\"533\" src=\"https:\/\/www.entreculturas.org\/wp-content\/uploads\/2019\/10\/41537797111_4856882a41_c.jpg\" width=\"799\"><\/p>\n<p><span style=\"color:#ff0102\"><strong>Parte de la soluci\u00f3n: agricultura, ganader\u00eda y pesca familiar<\/strong><\/span><\/p>\n<p>En este contexto,&nbsp;desde Enl\u00e1zate por la Justicia destacamos el <strong>papel fundamental que tiene la agricultura a peque\u00f1a escala, tanto en la producci\u00f3n de alimentos, como en el sustento de las personas m\u00e1s pobres<\/strong>. Se trata de peque\u00f1as explotaciones unifamilares, que utilizan b\u00e1sicamente su propia mano de obra, y que obtienen de este trabajo una parte considerable, y variable, de sus ingresos. Comprende el cultivo, la cr\u00eda de animales, la actividad forestal y la pesca artesanal.&nbsp;<\/p>\n<p>Seg\u00fan la FAO, m\u00e1s del 80% de todas las explotaciones del mundo tienen menos de dos hect\u00e1reas. Son granjas familiares que ocupan entre el 70% y el 80% de las tierras agr\u00edcolas. Se estima que hay 500 millones de peque\u00f1as explotaciones agr\u00edcolas en los pa\u00edses en desarrollo, que sustentan a casi 2 mil millones de personas. Estas peque\u00f1as granjas producen en torno al 80% de los alimentos consumidos en Asia y el \u00c1frica subsahariana. Adem\u00e1s, unos 500 millones de pastores dependen de la cr\u00eda de ganado para subsistir, y el 90% de los pescadores lo son a peque\u00f1a escala y alcanzan la mitad de la producci\u00f3n de la pesca de captura.<br \/>&nbsp;<\/p>\n<p><span style=\"color:#ff0102\"><strong>Conclusiones de nuestro modelo alimentario<\/strong><\/span><\/p>\n<p>Tras examinar nuestro sistema de producci\u00f3n y consumo de alimentos, constatamos que:<\/p>\n<ul>\n<li>Nuestra manera de alimentarnos es ambientalmente insostenible, ya que el da\u00f1o que produce a la tierra y a sus recursos es cada vez mayor e irreversible. Urge un cambio radical en nuestro sistema alimentario.<\/li>\n<li>Nuestra manera de producir y consumir alimentos, produce, junto una sobreabundancia de los mismos, hambre y malnutrici\u00f3n, que afecta especialmente a los m\u00e1s pobres.<\/li>\n<li>Nuestros h\u00e1bitos de consumo forman parte del sistema alimentario global y, por tanto, cada vez que decidimos qu\u00e9 comer, tambi\u00e9n elegimos cuidar o no nuestro planeta, cuidar o no de las personas m\u00e1s vulnerables.<\/li>\n<li>Tenemos el compromiso de garantizar a las generaciones futuras una tierra f\u00e9rtil y en equilibrio, capaz de satisfacer, entre otras, sus necesidades alimentarias. Para ello, es preciso transformar nuestro sistema global de alimentos.<\/li>\n<\/ul>\n<p><strong><span style=\"color:#ff0102\">\u201cEl alimento que se desecha es como si se robara de la mesa del pobre\u201d.<\/span><\/strong> Desde Enl\u00e1zate por la Justicia proponemos apostar por una alimentaci\u00f3n responsable y sostenible con gestos personales como:<\/p>\n<ul>\n<li>Comer m\u00e1s frutas y verduras, y menos carne y l\u00e1cteos.<\/li>\n<li>Desperdiciar menos alimentos.<\/li>\n<li>Optar por productos de comercio justo y por una alimentaci\u00f3n estacional y de proximidad.&nbsp;<\/li>\n<li>Unirse a grupos de consumo.<\/li>\n<li>Fijarse en el origen de los alimentos que consumimos.<\/li>\n<\/ul>\n<p>&nbsp;<\/p>\n<p><img decoding=\"async\" alt=\"\" src=\"https:\/\/www.entreculturas.org\/wp-content\/uploads\/2019\/10\/alimentacion.jpg\" style=\"width: 800px;height: 1131px\"><\/p>\n","protected":false},"excerpt":{"rendered":"<p>Cada vez que decidimos qu\u00e9 comer tambi\u00e9n elegimos cuidar o destruir nuestro planeta. En este d\u00eda, las entidades que impulsamos la campa\u00f1a \u201cSi Cuidas el Planeta, Combates la Pobreza\u201d y que promueven la iniciativa Enl\u00e1zate por la Justicia -C\u00e1ritas, CEDIS, CONFER, Justicia y Paz, Manos Unidas y REDES (Red de Entidades para el Desarrollo Solidario), de la que formamos parte \u2013 ponemos en la amenaza que supone para la sostenibilidad el uso intensivo que hacemos de los recursos naturales con fines productivos.<\/p>\n","protected":false},"featured_media":3752,"template":"single-noticia","meta":{"_acf_changed":false},"categories":[7],"tags":[256],"country":[],"cause":[131],"class_list":["post-3759","noticia","type-noticia","status-publish","has-post-thumbnail","hentry","category-noticia","tag-justicia-socioambiental","cause-justicia-medioambiental"],"acf":[],"yoast_head":"<!-- This site is optimized with the Yoast SEO Premium plugin v21.6 (Yoast SEO v27.5) - https:\/\/yoast.com\/product\/yoast-seo-premium-wordpress\/ -->\n<title>D\u00eda de la Alimentaci\u00f3n: cuando lo que comemos contribuye a cuidar o destruir el planeta - Entreculturas<\/title>\n<meta name=\"robots\" content=\"index, follow, max-snippet:-1, max-image-preview:large, max-video-preview:-1\" \/>\n<link rel=\"canonical\" href=\"https:\/\/www.entreculturas.org\/ca\/noticia\/dia-de-la-alimentacion-cuando-lo-que-comemos-contribuye-cuidar-o-destruir-el-planeta\/\" \/>\n<meta property=\"og:locale\" content=\"ca_ES\" \/>\n<meta property=\"og:type\" content=\"article\" \/>\n<meta property=\"og:title\" content=\"D\u00eda de la Alimentaci\u00f3n: cuando lo que comemos contribuye a cuidar o destruir el planeta\" \/>\n<meta property=\"og:description\" content=\"Cada vez que decidimos qu\u00e9 comer tambi\u00e9n elegimos cuidar o destruir nuestro planeta. En este d\u00eda, las entidades que impulsamos la campa\u00f1a \u201cSi Cuidas el Planeta, Combates la Pobreza\u201d y que promueven la iniciativa Enl\u00e1zate por la Justicia -C\u00e1ritas, CEDIS, CONFER, Justicia y Paz, Manos Unidas y REDES (Red de Entidades para el Desarrollo Solidario), de la que formamos parte \u2013 ponemos en la amenaza que supone para la sostenibilidad el uso intensivo que hacemos de los recursos naturales con fines productivos.\" \/>\n<meta property=\"og:url\" content=\"https:\/\/www.entreculturas.org\/ca\/noticia\/dia-de-la-alimentacion-cuando-lo-que-comemos-contribuye-cuidar-o-destruir-el-planeta\/\" \/>\n<meta property=\"og:site_name\" content=\"Entreculturas\" \/>\n<meta property=\"article:publisher\" content=\"https:\/\/www.facebook.com\/entreculturas\" \/>\n<meta property=\"article:modified_time\" content=\"2024-03-19T18:59:33+00:00\" \/>\n<meta property=\"og:image\" content=\"https:\/\/www.entreculturas.org\/wp-content\/uploads\/2019\/10\/39728801790_7e93e49c82_c.jpg\" \/>\n\t<meta property=\"og:image:width\" content=\"799\" \/>\n\t<meta property=\"og:image:height\" content=\"533\" \/>\n\t<meta property=\"og:image:type\" content=\"image\/jpeg\" \/>\n<meta name=\"twitter:card\" content=\"summary_large_image\" \/>\n<meta name=\"twitter:site\" content=\"@Entreculturas\" \/>\n<script type=\"application\/ld+json\" class=\"yoast-schema-graph\">{\"@context\":\"https:\\\/\\\/schema.org\",\"@graph\":[{\"@type\":\"WebPage\",\"@id\":\"https:\\\/\\\/www.entreculturas.org\\\/ca\\\/noticia\\\/dia-de-la-alimentacion-cuando-lo-que-comemos-contribuye-cuidar-o-destruir-el-planeta\\\/\",\"url\":\"https:\\\/\\\/www.entreculturas.org\\\/ca\\\/noticia\\\/dia-de-la-alimentacion-cuando-lo-que-comemos-contribuye-cuidar-o-destruir-el-planeta\\\/\",\"name\":\"D\u00eda de la Alimentaci\u00f3n: cuando lo que comemos contribuye a cuidar o destruir el planeta - Entreculturas\",\"isPartOf\":{\"@id\":\"https:\\\/\\\/www.entreculturas.org\\\/ca\\\/#website\"},\"primaryImageOfPage\":{\"@id\":\"https:\\\/\\\/www.entreculturas.org\\\/ca\\\/noticia\\\/dia-de-la-alimentacion-cuando-lo-que-comemos-contribuye-cuidar-o-destruir-el-planeta\\\/#primaryimage\"},\"image\":{\"@id\":\"https:\\\/\\\/www.entreculturas.org\\\/ca\\\/noticia\\\/dia-de-la-alimentacion-cuando-lo-que-comemos-contribuye-cuidar-o-destruir-el-planeta\\\/#primaryimage\"},\"thumbnailUrl\":\"https:\\\/\\\/www.entreculturas.org\\\/wp-content\\\/uploads\\\/2019\\\/10\\\/39728801790_7e93e49c82_c.jpg\",\"datePublished\":\"2019-10-15T12:58:06+00:00\",\"dateModified\":\"2024-03-19T18:59:33+00:00\",\"breadcrumb\":{\"@id\":\"https:\\\/\\\/www.entreculturas.org\\\/ca\\\/noticia\\\/dia-de-la-alimentacion-cuando-lo-que-comemos-contribuye-cuidar-o-destruir-el-planeta\\\/#breadcrumb\"},\"inLanguage\":\"ca\",\"potentialAction\":[{\"@type\":\"ReadAction\",\"target\":[\"https:\\\/\\\/www.entreculturas.org\\\/ca\\\/noticia\\\/dia-de-la-alimentacion-cuando-lo-que-comemos-contribuye-cuidar-o-destruir-el-planeta\\\/\"]}]},{\"@type\":\"ImageObject\",\"inLanguage\":\"ca\",\"@id\":\"https:\\\/\\\/www.entreculturas.org\\\/ca\\\/noticia\\\/dia-de-la-alimentacion-cuando-lo-que-comemos-contribuye-cuidar-o-destruir-el-planeta\\\/#primaryimage\",\"url\":\"https:\\\/\\\/www.entreculturas.org\\\/wp-content\\\/uploads\\\/2019\\\/10\\\/39728801790_7e93e49c82_c.jpg\",\"contentUrl\":\"https:\\\/\\\/www.entreculturas.org\\\/wp-content\\\/uploads\\\/2019\\\/10\\\/39728801790_7e93e49c82_c.jpg\",\"width\":799,\"height\":533},{\"@type\":\"BreadcrumbList\",\"@id\":\"https:\\\/\\\/www.entreculturas.org\\\/ca\\\/noticia\\\/dia-de-la-alimentacion-cuando-lo-que-comemos-contribuye-cuidar-o-destruir-el-planeta\\\/#breadcrumb\",\"itemListElement\":[{\"@type\":\"ListItem\",\"position\":1,\"name\":\"Home\",\"item\":\"https:\\\/\\\/www.entreculturas.org\\\/ca\\\/\"},{\"@type\":\"ListItem\",\"position\":2,\"name\":\"Noticias\",\"item\":\"https:\\\/\\\/www.entreculturas.org\\\/ca\\\/noticias\\\/\"},{\"@type\":\"ListItem\",\"position\":3,\"name\":\"D\u00eda de la Alimentaci\u00f3n: cuando lo que comemos contribuye a cuidar o destruir el planeta\"}]},{\"@type\":\"WebSite\",\"@id\":\"https:\\\/\\\/www.entreculturas.org\\\/ca\\\/#website\",\"url\":\"https:\\\/\\\/www.entreculturas.org\\\/ca\\\/\",\"name\":\"Entreculturas\",\"description\":\"\",\"publisher\":{\"@id\":\"https:\\\/\\\/www.entreculturas.org\\\/ca\\\/#organization\"},\"alternateName\":\"Entreculturas\",\"potentialAction\":[{\"@type\":\"SearchAction\",\"target\":{\"@type\":\"EntryPoint\",\"urlTemplate\":\"https:\\\/\\\/www.entreculturas.org\\\/ca\\\/?s={search_term_string}\"},\"query-input\":{\"@type\":\"PropertyValueSpecification\",\"valueRequired\":true,\"valueName\":\"search_term_string\"}}],\"inLanguage\":\"ca\"},{\"@type\":\"Organization\",\"@id\":\"https:\\\/\\\/www.entreculturas.org\\\/ca\\\/#organization\",\"name\":\"Entreculturas\",\"url\":\"https:\\\/\\\/www.entreculturas.org\\\/ca\\\/\",\"logo\":{\"@type\":\"ImageObject\",\"inLanguage\":\"ca\",\"@id\":\"https:\\\/\\\/www.entreculturas.org\\\/ca\\\/#\\\/schema\\\/logo\\\/image\\\/\",\"url\":\"https:\\\/\\\/www.entreculturas.org\\\/wp-content\\\/uploads\\\/2025\\\/10\\\/ESP.svg\",\"contentUrl\":\"https:\\\/\\\/www.entreculturas.org\\\/wp-content\\\/uploads\\\/2025\\\/10\\\/ESP.svg\",\"caption\":\"Entreculturas\"},\"image\":{\"@id\":\"https:\\\/\\\/www.entreculturas.org\\\/ca\\\/#\\\/schema\\\/logo\\\/image\\\/\"},\"sameAs\":[\"https:\\\/\\\/www.facebook.com\\\/entreculturas\",\"https:\\\/\\\/x.com\\\/Entreculturas\",\"https:\\\/\\\/www.instagram.com\\\/entreculturas\\\/\",\"https:\\\/\\\/www.youtube.com\\\/user\\\/entreculturasvideo\",\"https:\\\/\\\/www.linkedin.com\\\/company\\\/fundacion-entreculturas-ngdo\\\/\",\"https:\\\/\\\/www.flickr.com\\\/photos\\\/98455522@N04\\\/albums\\\/\"]}]}<\/script>\n<!-- \/ Yoast SEO Premium plugin. -->","yoast_head_json":{"title":"D\u00eda de la Alimentaci\u00f3n: cuando lo que comemos contribuye a cuidar o destruir el planeta - Entreculturas","robots":{"index":"index","follow":"follow","max-snippet":"max-snippet:-1","max-image-preview":"max-image-preview:large","max-video-preview":"max-video-preview:-1"},"canonical":"https:\/\/www.entreculturas.org\/ca\/noticia\/dia-de-la-alimentacion-cuando-lo-que-comemos-contribuye-cuidar-o-destruir-el-planeta\/","og_locale":"ca_ES","og_type":"article","og_title":"D\u00eda de la Alimentaci\u00f3n: cuando lo que comemos contribuye a cuidar o destruir el planeta","og_description":"Cada vez que decidimos qu\u00e9 comer tambi\u00e9n elegimos cuidar o destruir nuestro planeta. En este d\u00eda, las entidades que impulsamos la campa\u00f1a \u201cSi Cuidas el Planeta, Combates la Pobreza\u201d y que promueven la iniciativa Enl\u00e1zate por la Justicia -C\u00e1ritas, CEDIS, CONFER, Justicia y Paz, Manos Unidas y REDES (Red de Entidades para el Desarrollo Solidario), de la que formamos parte \u2013 ponemos en la amenaza que supone para la sostenibilidad el uso intensivo que hacemos de los recursos naturales con fines productivos.","og_url":"https:\/\/www.entreculturas.org\/ca\/noticia\/dia-de-la-alimentacion-cuando-lo-que-comemos-contribuye-cuidar-o-destruir-el-planeta\/","og_site_name":"Entreculturas","article_publisher":"https:\/\/www.facebook.com\/entreculturas","article_modified_time":"2024-03-19T18:59:33+00:00","og_image":[{"width":799,"height":533,"url":"https:\/\/www.entreculturas.org\/wp-content\/uploads\/2019\/10\/39728801790_7e93e49c82_c.jpg","type":"image\/jpeg"}],"twitter_card":"summary_large_image","twitter_site":"@Entreculturas","schema":{"@context":"https:\/\/schema.org","@graph":[{"@type":"WebPage","@id":"https:\/\/www.entreculturas.org\/ca\/noticia\/dia-de-la-alimentacion-cuando-lo-que-comemos-contribuye-cuidar-o-destruir-el-planeta\/","url":"https:\/\/www.entreculturas.org\/ca\/noticia\/dia-de-la-alimentacion-cuando-lo-que-comemos-contribuye-cuidar-o-destruir-el-planeta\/","name":"D\u00eda de la Alimentaci\u00f3n: cuando lo que comemos contribuye a cuidar o destruir el planeta - Entreculturas","isPartOf":{"@id":"https:\/\/www.entreculturas.org\/ca\/#website"},"primaryImageOfPage":{"@id":"https:\/\/www.entreculturas.org\/ca\/noticia\/dia-de-la-alimentacion-cuando-lo-que-comemos-contribuye-cuidar-o-destruir-el-planeta\/#primaryimage"},"image":{"@id":"https:\/\/www.entreculturas.org\/ca\/noticia\/dia-de-la-alimentacion-cuando-lo-que-comemos-contribuye-cuidar-o-destruir-el-planeta\/#primaryimage"},"thumbnailUrl":"https:\/\/www.entreculturas.org\/wp-content\/uploads\/2019\/10\/39728801790_7e93e49c82_c.jpg","datePublished":"2019-10-15T12:58:06+00:00","dateModified":"2024-03-19T18:59:33+00:00","breadcrumb":{"@id":"https:\/\/www.entreculturas.org\/ca\/noticia\/dia-de-la-alimentacion-cuando-lo-que-comemos-contribuye-cuidar-o-destruir-el-planeta\/#breadcrumb"},"inLanguage":"ca","potentialAction":[{"@type":"ReadAction","target":["https:\/\/www.entreculturas.org\/ca\/noticia\/dia-de-la-alimentacion-cuando-lo-que-comemos-contribuye-cuidar-o-destruir-el-planeta\/"]}]},{"@type":"ImageObject","inLanguage":"ca","@id":"https:\/\/www.entreculturas.org\/ca\/noticia\/dia-de-la-alimentacion-cuando-lo-que-comemos-contribuye-cuidar-o-destruir-el-planeta\/#primaryimage","url":"https:\/\/www.entreculturas.org\/wp-content\/uploads\/2019\/10\/39728801790_7e93e49c82_c.jpg","contentUrl":"https:\/\/www.entreculturas.org\/wp-content\/uploads\/2019\/10\/39728801790_7e93e49c82_c.jpg","width":799,"height":533},{"@type":"BreadcrumbList","@id":"https:\/\/www.entreculturas.org\/ca\/noticia\/dia-de-la-alimentacion-cuando-lo-que-comemos-contribuye-cuidar-o-destruir-el-planeta\/#breadcrumb","itemListElement":[{"@type":"ListItem","position":1,"name":"Home","item":"https:\/\/www.entreculturas.org\/ca\/"},{"@type":"ListItem","position":2,"name":"Noticias","item":"https:\/\/www.entreculturas.org\/ca\/noticias\/"},{"@type":"ListItem","position":3,"name":"D\u00eda de la Alimentaci\u00f3n: cuando lo que comemos contribuye a cuidar o destruir el planeta"}]},{"@type":"WebSite","@id":"https:\/\/www.entreculturas.org\/ca\/#website","url":"https:\/\/www.entreculturas.org\/ca\/","name":"Entreculturas","description":"","publisher":{"@id":"https:\/\/www.entreculturas.org\/ca\/#organization"},"alternateName":"Entreculturas","potentialAction":[{"@type":"SearchAction","target":{"@type":"EntryPoint","urlTemplate":"https:\/\/www.entreculturas.org\/ca\/?s={search_term_string}"},"query-input":{"@type":"PropertyValueSpecification","valueRequired":true,"valueName":"search_term_string"}}],"inLanguage":"ca"},{"@type":"Organization","@id":"https:\/\/www.entreculturas.org\/ca\/#organization","name":"Entreculturas","url":"https:\/\/www.entreculturas.org\/ca\/","logo":{"@type":"ImageObject","inLanguage":"ca","@id":"https:\/\/www.entreculturas.org\/ca\/#\/schema\/logo\/image\/","url":"https:\/\/www.entreculturas.org\/wp-content\/uploads\/2025\/10\/ESP.svg","contentUrl":"https:\/\/www.entreculturas.org\/wp-content\/uploads\/2025\/10\/ESP.svg","caption":"Entreculturas"},"image":{"@id":"https:\/\/www.entreculturas.org\/ca\/#\/schema\/logo\/image\/"},"sameAs":["https:\/\/www.facebook.com\/entreculturas","https:\/\/x.com\/Entreculturas","https:\/\/www.instagram.com\/entreculturas\/","https:\/\/www.youtube.com\/user\/entreculturasvideo","https:\/\/www.linkedin.com\/company\/fundacion-entreculturas-ngdo\/","https:\/\/www.flickr.com\/photos\/98455522@N04\/albums\/"]}]}},"_links":{"self":[{"href":"https:\/\/www.entreculturas.org\/ca\/wp-json\/wp\/v2\/noticia\/3759","targetHints":{"allow":["GET"]}}],"collection":[{"href":"https:\/\/www.entreculturas.org\/ca\/wp-json\/wp\/v2\/noticia"}],"about":[{"href":"https:\/\/www.entreculturas.org\/ca\/wp-json\/wp\/v2\/types\/noticia"}],"wp:featuredmedia":[{"embeddable":true,"href":"https:\/\/www.entreculturas.org\/ca\/wp-json\/wp\/v2\/media\/3752"}],"wp:attachment":[{"href":"https:\/\/www.entreculturas.org\/ca\/wp-json\/wp\/v2\/media?parent=3759"}],"wp:term":[{"taxonomy":"category","embeddable":true,"href":"https:\/\/www.entreculturas.org\/ca\/wp-json\/wp\/v2\/categories?post=3759"},{"taxonomy":"post_tag","embeddable":true,"href":"https:\/\/www.entreculturas.org\/ca\/wp-json\/wp\/v2\/tags?post=3759"},{"taxonomy":"country","embeddable":true,"href":"https:\/\/www.entreculturas.org\/ca\/wp-json\/wp\/v2\/country?post=3759"},{"taxonomy":"cause","embeddable":true,"href":"https:\/\/www.entreculturas.org\/ca\/wp-json\/wp\/v2\/cause?post=3759"}],"curies":[{"name":"wp","href":"https:\/\/api.w.org\/{rel}","templated":true}]}}