{"id":37574,"date":"2025-02-17T13:30:40","date_gmt":"2025-02-17T12:30:40","guid":{"rendered":"https:\/\/www.entreculturas.org\/?post_type=noticia&#038;p=37574"},"modified":"2025-07-15T12:31:27","modified_gmt":"2025-07-15T10:31:27","slug":"la-incertidumbre-se-apodera-de-rd-congo-que-vive-una-situacion-dramatica","status":"publish","type":"noticia","link":"https:\/\/www.entreculturas.org\/ca\/noticia\/la-incertidumbre-se-apodera-de-rd-congo-que-vive-una-situacion-dramatica\/","title":{"rendered":"Crisis en RD Congo: La incertidumbre se apodera"},"content":{"rendered":"\n<p>La crisis humanitaria en la Rep\u00fablica Democr\u00e1tica del Congo ha alcanzado niveles dram\u00e1ticos. En la ma\u00f1ana del 27 de enero, los rebeldes del 23 de Marzo (M23), apoyados por Ruanda (seg\u00fan varios informes de grupos de expertos de las Naciones Unidas), irrumpieron en Goma, capital de la provincia de Kivu Norte, en el este de la Rep\u00fablica Democr\u00e1tica del Congo, y se hicieron con el control de la ciudad, de un mill\u00f3n de habitantes.&nbsp;<\/p>\n\n\n\n<p>Se trata de una escalada dram\u00e1tica en una crisis de larga duraci\u00f3n. Los combates han desarraigado a m\u00e1s de dos millones de personas de sus hogares, exponiendo a miles de personas de los alrededores de Goma a la depredaci\u00f3n de diversas milicias. El M23 controla ahora pr\u00e1cticamente toda la provincia de Kivu Norte y, por la fuerza de las armas, han forjado una nueva realidad en la regi\u00f3n. Y lo peor podr\u00eda estar por llegar. Los rebeldes este fin de semana se han adentrado en la vecina provincia de Kivu del Sur y su capital, Bukavu, lo que sugiere que tienen ambiciones m\u00e1s all\u00e1 de Goma o que, al menos, pretenden aumentar la presi\u00f3n sobre una debilitada Kinshasa.<\/p>\n\n\n\n<p>Si no se controlan, los combates podr\u00edan extenderse por toda la regi\u00f3n de los Grandes Lagos, recordando los horrores de finales de la d\u00e9cada de 1990 y principios de la de 2000, cuando millones de personas murieron en medio de una guerra multinacional en el Congo.&nbsp;<\/p>\n\n\n\n<h2 class=\"wp-block-heading has-din-font-family has-x-large-font-size\" id=\"h-labor-humanitaria-amenazada-por-la-crisis-en-rd-congo\"><strong><strong>Labor humanitaria, amenazada<\/strong><\/strong> por la crisis en RD Congo<\/h2>\n\n\n\n<p>Debido a esta escalada de violencia desde principios de este a\u00f1o se han ralentizado las actividades que nuestras organizaciones aliadas en terreno llevan a cabo en Kivu Norte y Sur acompa\u00f1ando, sirviendo y defendiendo a muchas personas que viven las consecuencias de a\u00f1os de conflicto armado y que apoyamos desde Alboan y Entreculturas. Tal como nos cuenta JRS RD Congo, la situaci\u00f3n en Goma es muy confusa e incierta. Despu\u00e9s de una semana de combates intensos en la ciudad, las personas que hab\u00edan estado encerradas en sus casas empezaron a salir t\u00edmidamente. Algunos buscan d\u00f3nde conseguir agua y comida; otros buscan noticias de sus seres queridos.<\/p>\n\n\n\n<p>Tambi\u00e9n est\u00e1n seriamente afectadas otras organizaciones locales congole\u00f1as que trabajan por la defensa de los derechos de las mujeres, que viven momentos de mucha inseguridad y graves amenazas a sus equipos. Tanto es as\u00ed que, aunque nos sigue proporcionando informaciones, no quieren ser desveladas como fuentes y prefieren mantenerse en el m\u00e1s estricto anonimato.<\/p>\n\n\n\n<h2 class=\"wp-block-heading has-din-font-family has-x-large-font-size\" id=\"h-balance-provisional\"><strong>Balance provisional<\/strong><\/h2>\n\n\n\n<p>A 6 de febrero el informe provisional de una de nuestra organizaci\u00f3n aliada en RD Congo arroja al menos 3.000 muertos y alrededor de 2.880 heridos ingresados \u200b\u200ben centros de salud.<br>Seg\u00fan informaci\u00f3n de nuestras entidades aliadas, elementos armados aprovecharon la da\u00f1ina situaci\u00f3n para llevar a cabo saqueos en comercios y violaciones en varios barrios; las escuelas y universidades siguen bien cerradas o vac\u00edas debido a la inseguridad; algunas infraestructuras escolares se vieron afectadas por los combates y otras fueron objeto de saqueos;\u00a0 existe riesgo de aumento de la delincuencia en barrios perif\u00e9ricos de la ciudad debido a la cantidad de armas a\u00fan en circulaci\u00f3n y a la fuga de presos de la prisi\u00f3n de Munzenze; muchas infraestructuras humanitarias como cl\u00ednicas m\u00f3viles, oficinas y refugios fueron saqueadas; y el aeropuerto de Goma, principal v\u00eda de acceso de ayuda humanitaria sigue cerrado. Como nota positiva, se va restableciendo lentamente el suministro de Internet, electricidad y agua; y en Goma se est\u00e1 abriendo un corredor humanitario, aunque todav\u00eda limitado.<br><br><\/p>\n\n\n\n<figure class=\"wp-block-image aligncenter size-large is-resized\"><img decoding=\"async\" width=\"1024\" height=\"496\" src=\"https:\/\/www.entreculturas.org\/wp-content\/uploads\/2025\/02\/IMG_4807_BarbaraGil-1024x496.jpg\" alt=\"crisis en RD Congo 2\" class=\"wp-image-37578\" style=\"width:913px;height:auto\" srcset=\"https:\/\/www.entreculturas.org\/wp-content\/uploads\/2025\/02\/IMG_4807_BarbaraGil-1024x496.jpg 1024w, https:\/\/www.entreculturas.org\/wp-content\/uploads\/2025\/02\/IMG_4807_BarbaraGil-300x145.jpg 300w, https:\/\/www.entreculturas.org\/wp-content\/uploads\/2025\/02\/IMG_4807_BarbaraGil-768x372.jpg 768w, https:\/\/www.entreculturas.org\/wp-content\/uploads\/2025\/02\/IMG_4807_BarbaraGil-1536x744.jpg 1536w, https:\/\/www.entreculturas.org\/wp-content\/uploads\/2025\/02\/IMG_4807_BarbaraGil.jpg 2016w\" sizes=\"(max-width: 1024px) 100vw, 1024px\" \/><\/figure>\n\n\n\n<p>Por otra parte, nuestras aliadas nos informan de que el retorno de personas desplazadas que se encontraban en los centros colectivos al norte de Goma es masivo y se estima en m\u00e1s del 90%. Y al mismo tiempo, hay personas que se hab\u00edan desplazado a Goma estas \u00faltimas semanas, porque las carreteras y zonas rurales son todav\u00eda muy inseguras. \u201cPrefiero morir donde me vean que en secreto\u201d.<\/p>\n\n\n\n<h2 class=\"wp-block-heading has-din-font-family has-x-large-font-size\" id=\"h-necesidades-prioritarias\"><strong>Necesidades prioritarias<\/strong><\/h2>\n\n\n\n<p>En cuanto a las primeras necesidades prioritarias que se detectan junto a nuestra aliada JRS RD Congo, se encuentran:<\/p>\n\n\n\n<ul class=\"wp-block-list\">\n<li>Art\u00edculos alimentarios y no alimentarios, especialmente para las personas recientemente desplazadas en el eje Sak\u00e9;<\/li>\n\n\n\n<li>Necesidades de salud mental y apoyo psicosocial de muchas personas heridas en los \u00faltimos enfrentamientos en las ciudades de Goma y Masisi;&nbsp;<\/li>\n\n\n\n<li>Atenci\u00f3n a numerosos casos de violencia sexual;<\/li>\n\n\n\n<li>Algunas escuelas se han visto afectadas por los combates y requerir\u00e1n rehabilitaci\u00f3n y equipamiento;<\/li>\n\n\n\n<li>Protecci\u00f3n de ni\u00f1as y de ni\u00f1os no acompa\u00f1ados y separados;<\/li>\n\n\n\n<li>Medios de vida. Existe la posibilidad de grandes movimientos de retorno libres o forzados; de ah\u00ed la necesidad de tener en cuenta esta realidad en la estrategia de soluciones sostenibles.<\/li>\n<\/ul>\n\n\n\n<p>En definitiva, la violencia ha forzado a miles de personas a huir de sus hogares en Goma, Bukavu y otras localidades de las provincias de Kivu Norte y Kivu Sur. Y quienes optaron por permanecer en sus casas o centros de poblaci\u00f3n desplazada est\u00e1n sufriendo la falta de suministro de bienes b\u00e1sicos como agua, alimentos y electricidad. Y todo ello, de nuevo ante la pasividad de la comunidad internacional, y en un momento donde la solidaridad internacional est\u00e1 sufriendo severos recortes y cuestionamientos, justamente cuando m\u00e1s necesaria es.<\/p>\n","protected":false},"excerpt":{"rendered":"<p>La crisis humanitaria en la Rep\u00fablica Democr\u00e1tica del Congo ha alcanzado niveles dram\u00e1ticos. En la ma\u00f1ana del 27 de enero, los rebeldes del 23 de Marzo (M23), apoyados por Ruanda (seg\u00fan varios informes de grupos de expertos de las Naciones Unidas), irrumpieron en Goma, capital de la provincia de Kivu Norte, en el este de la Rep\u00fablica Democr\u00e1tica del Congo, y se hicieron con el control de la ciudad, de un mill\u00f3n de habitantes.&nbsp; Se trata de una escalada dram\u00e1tica en una crisis de larga duraci\u00f3n. Los combates han desarraigado a m\u00e1s de dos millones de personas de sus hogares, exponiendo a miles de personas de los alrededores de Goma a la depredaci\u00f3n de diversas milicias. El M23 controla ahora pr\u00e1cticamente toda la provincia de Kivu Norte y, por la fuerza de las armas, han forjado una nueva realidad en la regi\u00f3n. Y lo peor podr\u00eda estar por llegar. Los [&hellip;]<\/p>\n","protected":false},"featured_media":37348,"template":"","meta":{"_acf_changed":true},"categories":[7],"tags":[10],"country":[318],"cause":[],"class_list":["post-37574","noticia","type-noticia","status-publish","has-post-thumbnail","hentry","category-noticia","tag-migracion-y-refugio","country-republica-democratica-del-congo"],"acf":[],"yoast_head":"<!-- This site is optimized with the Yoast SEO Premium plugin v21.6 (Yoast SEO v27.5) - https:\/\/yoast.com\/product\/yoast-seo-premium-wordpress\/ -->\n<title>Crisis en RD Congo: La incertidumbre se apodera - Entreculturas<\/title>\n<meta name=\"description\" content=\"La crisis en RD Congo se agrava tras la toma de Goma. Millones de personas desplazadas y la labor humanitaria en riesgo\" \/>\n<meta name=\"robots\" content=\"index, follow, max-snippet:-1, max-image-preview:large, max-video-preview:-1\" \/>\n<link rel=\"canonical\" href=\"https:\/\/www.entreculturas.org\/ca\/noticia\/la-incertidumbre-se-apodera-de-rd-congo-que-vive-una-situacion-dramatica\/\" \/>\n<meta property=\"og:locale\" content=\"ca_ES\" \/>\n<meta property=\"og:type\" content=\"article\" \/>\n<meta property=\"og:title\" content=\"Crisis en RD Congo: La incertidumbre se apodera\" \/>\n<meta property=\"og:description\" content=\"La crisis en RD Congo se agrava tras la toma de Goma. Millones de personas desplazadas y la labor humanitaria en riesgo\" \/>\n<meta property=\"og:url\" content=\"https:\/\/www.entreculturas.org\/ca\/noticia\/la-incertidumbre-se-apodera-de-rd-congo-que-vive-una-situacion-dramatica\/\" \/>\n<meta property=\"og:site_name\" content=\"Entreculturas\" \/>\n<meta property=\"article:publisher\" content=\"https:\/\/www.facebook.com\/entreculturas\" \/>\n<meta property=\"article:modified_time\" content=\"2025-07-15T10:31:27+00:00\" \/>\n<meta property=\"og:image\" content=\"https:\/\/www.entreculturas.org\/wp-content\/uploads\/2025\/02\/lago_kivu_rdcongo_barbara_gil_entreculturas.jpg\" \/>\n\t<meta property=\"og:image:width\" content=\"1500\" \/>\n\t<meta property=\"og:image:height\" content=\"1125\" \/>\n\t<meta property=\"og:image:type\" content=\"image\/jpeg\" \/>\n<meta name=\"twitter:card\" content=\"summary_large_image\" \/>\n<meta name=\"twitter:site\" content=\"@Entreculturas\" \/>\n<script type=\"application\/ld+json\" class=\"yoast-schema-graph\">{\"@context\":\"https:\\\/\\\/schema.org\",\"@graph\":[{\"@type\":\"WebPage\",\"@id\":\"https:\\\/\\\/www.entreculturas.org\\\/ca\\\/noticia\\\/la-incertidumbre-se-apodera-de-rd-congo-que-vive-una-situacion-dramatica\\\/\",\"url\":\"https:\\\/\\\/www.entreculturas.org\\\/ca\\\/noticia\\\/la-incertidumbre-se-apodera-de-rd-congo-que-vive-una-situacion-dramatica\\\/\",\"name\":\"Crisis en RD Congo: La incertidumbre se apodera - Entreculturas\",\"isPartOf\":{\"@id\":\"https:\\\/\\\/www.entreculturas.org\\\/ca\\\/#website\"},\"primaryImageOfPage\":{\"@id\":\"https:\\\/\\\/www.entreculturas.org\\\/ca\\\/noticia\\\/la-incertidumbre-se-apodera-de-rd-congo-que-vive-una-situacion-dramatica\\\/#primaryimage\"},\"image\":{\"@id\":\"https:\\\/\\\/www.entreculturas.org\\\/ca\\\/noticia\\\/la-incertidumbre-se-apodera-de-rd-congo-que-vive-una-situacion-dramatica\\\/#primaryimage\"},\"thumbnailUrl\":\"https:\\\/\\\/www.entreculturas.org\\\/wp-content\\\/uploads\\\/2025\\\/02\\\/lago_kivu_rdcongo_barbara_gil_entreculturas.jpg\",\"datePublished\":\"2025-02-17T12:30:40+00:00\",\"dateModified\":\"2025-07-15T10:31:27+00:00\",\"description\":\"La crisis en RD Congo se agrava tras la toma de Goma. Millones de personas desplazadas y la labor humanitaria en riesgo\",\"breadcrumb\":{\"@id\":\"https:\\\/\\\/www.entreculturas.org\\\/ca\\\/noticia\\\/la-incertidumbre-se-apodera-de-rd-congo-que-vive-una-situacion-dramatica\\\/#breadcrumb\"},\"inLanguage\":\"ca\",\"potentialAction\":[{\"@type\":\"ReadAction\",\"target\":[\"https:\\\/\\\/www.entreculturas.org\\\/ca\\\/noticia\\\/la-incertidumbre-se-apodera-de-rd-congo-que-vive-una-situacion-dramatica\\\/\"]}]},{\"@type\":\"ImageObject\",\"inLanguage\":\"ca\",\"@id\":\"https:\\\/\\\/www.entreculturas.org\\\/ca\\\/noticia\\\/la-incertidumbre-se-apodera-de-rd-congo-que-vive-una-situacion-dramatica\\\/#primaryimage\",\"url\":\"https:\\\/\\\/www.entreculturas.org\\\/wp-content\\\/uploads\\\/2025\\\/02\\\/lago_kivu_rdcongo_barbara_gil_entreculturas.jpg\",\"contentUrl\":\"https:\\\/\\\/www.entreculturas.org\\\/wp-content\\\/uploads\\\/2025\\\/02\\\/lago_kivu_rdcongo_barbara_gil_entreculturas.jpg\",\"width\":1500,\"height\":1125,\"caption\":\"crisis en RD Congo\"},{\"@type\":\"BreadcrumbList\",\"@id\":\"https:\\\/\\\/www.entreculturas.org\\\/ca\\\/noticia\\\/la-incertidumbre-se-apodera-de-rd-congo-que-vive-una-situacion-dramatica\\\/#breadcrumb\",\"itemListElement\":[{\"@type\":\"ListItem\",\"position\":1,\"name\":\"Home\",\"item\":\"https:\\\/\\\/www.entreculturas.org\\\/ca\\\/\"},{\"@type\":\"ListItem\",\"position\":2,\"name\":\"Noticias\",\"item\":\"https:\\\/\\\/www.entreculturas.org\\\/ca\\\/noticias\\\/\"},{\"@type\":\"ListItem\",\"position\":3,\"name\":\"Crisis en RD Congo: La incertidumbre se apodera\"}]},{\"@type\":\"WebSite\",\"@id\":\"https:\\\/\\\/www.entreculturas.org\\\/ca\\\/#website\",\"url\":\"https:\\\/\\\/www.entreculturas.org\\\/ca\\\/\",\"name\":\"Entreculturas\",\"description\":\"\",\"publisher\":{\"@id\":\"https:\\\/\\\/www.entreculturas.org\\\/ca\\\/#organization\"},\"alternateName\":\"Entreculturas\",\"potentialAction\":[{\"@type\":\"SearchAction\",\"target\":{\"@type\":\"EntryPoint\",\"urlTemplate\":\"https:\\\/\\\/www.entreculturas.org\\\/ca\\\/?s={search_term_string}\"},\"query-input\":{\"@type\":\"PropertyValueSpecification\",\"valueRequired\":true,\"valueName\":\"search_term_string\"}}],\"inLanguage\":\"ca\"},{\"@type\":\"Organization\",\"@id\":\"https:\\\/\\\/www.entreculturas.org\\\/ca\\\/#organization\",\"name\":\"Entreculturas\",\"url\":\"https:\\\/\\\/www.entreculturas.org\\\/ca\\\/\",\"logo\":{\"@type\":\"ImageObject\",\"inLanguage\":\"ca\",\"@id\":\"https:\\\/\\\/www.entreculturas.org\\\/ca\\\/#\\\/schema\\\/logo\\\/image\\\/\",\"url\":\"https:\\\/\\\/www.entreculturas.org\\\/wp-content\\\/uploads\\\/2025\\\/10\\\/ESP.svg\",\"contentUrl\":\"https:\\\/\\\/www.entreculturas.org\\\/wp-content\\\/uploads\\\/2025\\\/10\\\/ESP.svg\",\"caption\":\"Entreculturas\"},\"image\":{\"@id\":\"https:\\\/\\\/www.entreculturas.org\\\/ca\\\/#\\\/schema\\\/logo\\\/image\\\/\"},\"sameAs\":[\"https:\\\/\\\/www.facebook.com\\\/entreculturas\",\"https:\\\/\\\/x.com\\\/Entreculturas\",\"https:\\\/\\\/www.instagram.com\\\/entreculturas\\\/\",\"https:\\\/\\\/www.youtube.com\\\/user\\\/entreculturasvideo\",\"https:\\\/\\\/www.linkedin.com\\\/company\\\/fundacion-entreculturas-ngdo\\\/\",\"https:\\\/\\\/www.flickr.com\\\/photos\\\/98455522@N04\\\/albums\\\/\"]}]}<\/script>\n<!-- \/ Yoast SEO Premium plugin. -->","yoast_head_json":{"title":"Crisis en RD Congo: La incertidumbre se apodera - Entreculturas","description":"La crisis en RD Congo se agrava tras la toma de Goma. Millones de personas desplazadas y la labor humanitaria en riesgo","robots":{"index":"index","follow":"follow","max-snippet":"max-snippet:-1","max-image-preview":"max-image-preview:large","max-video-preview":"max-video-preview:-1"},"canonical":"https:\/\/www.entreculturas.org\/ca\/noticia\/la-incertidumbre-se-apodera-de-rd-congo-que-vive-una-situacion-dramatica\/","og_locale":"ca_ES","og_type":"article","og_title":"Crisis en RD Congo: La incertidumbre se apodera","og_description":"La crisis en RD Congo se agrava tras la toma de Goma. Millones de personas desplazadas y la labor humanitaria en riesgo","og_url":"https:\/\/www.entreculturas.org\/ca\/noticia\/la-incertidumbre-se-apodera-de-rd-congo-que-vive-una-situacion-dramatica\/","og_site_name":"Entreculturas","article_publisher":"https:\/\/www.facebook.com\/entreculturas","article_modified_time":"2025-07-15T10:31:27+00:00","og_image":[{"width":1500,"height":1125,"url":"https:\/\/www.entreculturas.org\/wp-content\/uploads\/2025\/02\/lago_kivu_rdcongo_barbara_gil_entreculturas.jpg","type":"image\/jpeg"}],"twitter_card":"summary_large_image","twitter_site":"@Entreculturas","schema":{"@context":"https:\/\/schema.org","@graph":[{"@type":"WebPage","@id":"https:\/\/www.entreculturas.org\/ca\/noticia\/la-incertidumbre-se-apodera-de-rd-congo-que-vive-una-situacion-dramatica\/","url":"https:\/\/www.entreculturas.org\/ca\/noticia\/la-incertidumbre-se-apodera-de-rd-congo-que-vive-una-situacion-dramatica\/","name":"Crisis en RD Congo: La incertidumbre se apodera - Entreculturas","isPartOf":{"@id":"https:\/\/www.entreculturas.org\/ca\/#website"},"primaryImageOfPage":{"@id":"https:\/\/www.entreculturas.org\/ca\/noticia\/la-incertidumbre-se-apodera-de-rd-congo-que-vive-una-situacion-dramatica\/#primaryimage"},"image":{"@id":"https:\/\/www.entreculturas.org\/ca\/noticia\/la-incertidumbre-se-apodera-de-rd-congo-que-vive-una-situacion-dramatica\/#primaryimage"},"thumbnailUrl":"https:\/\/www.entreculturas.org\/wp-content\/uploads\/2025\/02\/lago_kivu_rdcongo_barbara_gil_entreculturas.jpg","datePublished":"2025-02-17T12:30:40+00:00","dateModified":"2025-07-15T10:31:27+00:00","description":"La crisis en RD Congo se agrava tras la toma de Goma. Millones de personas desplazadas y la labor humanitaria en riesgo","breadcrumb":{"@id":"https:\/\/www.entreculturas.org\/ca\/noticia\/la-incertidumbre-se-apodera-de-rd-congo-que-vive-una-situacion-dramatica\/#breadcrumb"},"inLanguage":"ca","potentialAction":[{"@type":"ReadAction","target":["https:\/\/www.entreculturas.org\/ca\/noticia\/la-incertidumbre-se-apodera-de-rd-congo-que-vive-una-situacion-dramatica\/"]}]},{"@type":"ImageObject","inLanguage":"ca","@id":"https:\/\/www.entreculturas.org\/ca\/noticia\/la-incertidumbre-se-apodera-de-rd-congo-que-vive-una-situacion-dramatica\/#primaryimage","url":"https:\/\/www.entreculturas.org\/wp-content\/uploads\/2025\/02\/lago_kivu_rdcongo_barbara_gil_entreculturas.jpg","contentUrl":"https:\/\/www.entreculturas.org\/wp-content\/uploads\/2025\/02\/lago_kivu_rdcongo_barbara_gil_entreculturas.jpg","width":1500,"height":1125,"caption":"crisis en RD Congo"},{"@type":"BreadcrumbList","@id":"https:\/\/www.entreculturas.org\/ca\/noticia\/la-incertidumbre-se-apodera-de-rd-congo-que-vive-una-situacion-dramatica\/#breadcrumb","itemListElement":[{"@type":"ListItem","position":1,"name":"Home","item":"https:\/\/www.entreculturas.org\/ca\/"},{"@type":"ListItem","position":2,"name":"Noticias","item":"https:\/\/www.entreculturas.org\/ca\/noticias\/"},{"@type":"ListItem","position":3,"name":"Crisis en RD Congo: La incertidumbre se apodera"}]},{"@type":"WebSite","@id":"https:\/\/www.entreculturas.org\/ca\/#website","url":"https:\/\/www.entreculturas.org\/ca\/","name":"Entreculturas","description":"","publisher":{"@id":"https:\/\/www.entreculturas.org\/ca\/#organization"},"alternateName":"Entreculturas","potentialAction":[{"@type":"SearchAction","target":{"@type":"EntryPoint","urlTemplate":"https:\/\/www.entreculturas.org\/ca\/?s={search_term_string}"},"query-input":{"@type":"PropertyValueSpecification","valueRequired":true,"valueName":"search_term_string"}}],"inLanguage":"ca"},{"@type":"Organization","@id":"https:\/\/www.entreculturas.org\/ca\/#organization","name":"Entreculturas","url":"https:\/\/www.entreculturas.org\/ca\/","logo":{"@type":"ImageObject","inLanguage":"ca","@id":"https:\/\/www.entreculturas.org\/ca\/#\/schema\/logo\/image\/","url":"https:\/\/www.entreculturas.org\/wp-content\/uploads\/2025\/10\/ESP.svg","contentUrl":"https:\/\/www.entreculturas.org\/wp-content\/uploads\/2025\/10\/ESP.svg","caption":"Entreculturas"},"image":{"@id":"https:\/\/www.entreculturas.org\/ca\/#\/schema\/logo\/image\/"},"sameAs":["https:\/\/www.facebook.com\/entreculturas","https:\/\/x.com\/Entreculturas","https:\/\/www.instagram.com\/entreculturas\/","https:\/\/www.youtube.com\/user\/entreculturasvideo","https:\/\/www.linkedin.com\/company\/fundacion-entreculturas-ngdo\/","https:\/\/www.flickr.com\/photos\/98455522@N04\/albums\/"]}]}},"_links":{"self":[{"href":"https:\/\/www.entreculturas.org\/ca\/wp-json\/wp\/v2\/noticia\/37574","targetHints":{"allow":["GET"]}}],"collection":[{"href":"https:\/\/www.entreculturas.org\/ca\/wp-json\/wp\/v2\/noticia"}],"about":[{"href":"https:\/\/www.entreculturas.org\/ca\/wp-json\/wp\/v2\/types\/noticia"}],"wp:featuredmedia":[{"embeddable":true,"href":"https:\/\/www.entreculturas.org\/ca\/wp-json\/wp\/v2\/media\/37348"}],"wp:attachment":[{"href":"https:\/\/www.entreculturas.org\/ca\/wp-json\/wp\/v2\/media?parent=37574"}],"wp:term":[{"taxonomy":"category","embeddable":true,"href":"https:\/\/www.entreculturas.org\/ca\/wp-json\/wp\/v2\/categories?post=37574"},{"taxonomy":"post_tag","embeddable":true,"href":"https:\/\/www.entreculturas.org\/ca\/wp-json\/wp\/v2\/tags?post=37574"},{"taxonomy":"country","embeddable":true,"href":"https:\/\/www.entreculturas.org\/ca\/wp-json\/wp\/v2\/country?post=37574"},{"taxonomy":"cause","embeddable":true,"href":"https:\/\/www.entreculturas.org\/ca\/wp-json\/wp\/v2\/cause?post=37574"}],"curies":[{"name":"wp","href":"https:\/\/api.w.org\/{rel}","templated":true}]}}