{"id":37346,"date":"2025-02-03T09:51:38","date_gmt":"2025-02-03T08:51:38","guid":{"rendered":"https:\/\/www.entreculturas.org\/?post_type=noticia&#038;p=37346"},"modified":"2025-02-03T10:46:08","modified_gmt":"2025-02-03T09:46:08","slug":"crisis-ante-el-conflicto-armado-en-kivu-norte-en-la-republica-democratica-del-congo","status":"publish","type":"noticia","link":"https:\/\/www.entreculturas.org\/ca\/noticia\/crisis-ante-el-conflicto-armado-en-kivu-norte-en-la-republica-democratica-del-congo\/","title":{"rendered":"Crisis ante el conflicto armado en Kivu Norte en la Rep\u00fablica Democr\u00e1tica del Congo\u00a0"},"content":{"rendered":"\n<h6 class=\"wp-block-heading\" id=\"h-foto-barbara-gil-entreculturas-jrs\">Foto: <em>\u00a9 Barbara Gil \/ Entreculturas &#8211; JRS<\/em><br><br><\/h6>\n\n\n\n<p>En la ma\u00f1ana del 27 de enero, los rebeldes del 23 de Marzo (M23), apoyados por Ruanda, irrumpieron en Goma, capital de la provincia de Kivu Norte, en el este de la Rep\u00fablica Democr\u00e1tica del Congo (RDC), y se hicieron con el control de la ciudad, de un mill\u00f3n de habitantes.\u00a0<br><\/p>\n\n\n\n<p>Se trata de una escalada dram\u00e1tica en una crisis de larga duraci\u00f3n que asola esta zona desde hace demasiado tiempo. Los combates han desarraigado a m\u00e1s de dos millones de personas de sus hogares, exponiendo a miles de personas de los alrededores de Goma a la violencia de diversas milicias. Ruanda y el M23 controlan ahora pr\u00e1cticamente toda la provincia de Kivu Norte y, por la fuerza de las armas, han forjado una nueva realidad en la regi\u00f3n. Y lo peor podr\u00eda estar por llegar. Los rebeldes se est\u00e1n adentrando en la vecina provincia de Kivu del Sur.<br><\/p>\n\n\n\n<p>Debido a esta escalada de violencia desde principios de este a\u00f1o 2025 se han ralentizado las actividades que el Servicio Jesuita a Refugiados lleva a cabo en Kivu Norte acompa\u00f1ando, sirviendo y defendiendo a muchas personas que viven las consecuencias de a\u00f1os de conflicto armado y que apoyamos desde Entreculturas y Alboan.<br><\/p>\n\n\n\n<p>Tal como nos cuenta Victor Setibo Batuzolele, Director Nacional de JRS en RDC, la situaci\u00f3n en Goma es muy confusa, tras varios d\u00edas de violencia, las personas que hab\u00edan estado encerradas en sus casas durante m\u00e1s de 3 d\u00edas empezaron a salir t\u00edmidamente. Algunos buscan d\u00f3nde conseguir agua y comida; otros buscan noticias de sus seres queridos, familiares y amigos; otros buscan noticias sobre lo que estaba ocurriendo. Varios negocios de la ciudad fueron saqueados y el tr\u00e1fico sigue siendo muy lento.<br><\/p>\n\n\n\n<p>Desde el JRS se seguir\u00e1 trabajando para volver a la normalidad tan pronto el contexto lo permita y desde la prioridad de la seguridad de las personas empleadas, las organizaciones socias y las personas a las que sirven.<\/p>\n","protected":false},"excerpt":{"rendered":"<p>Foto: \u00a9 Barbara Gil \/ Entreculturas &#8211; JRS En la ma\u00f1ana del 27 de enero, los rebeldes del 23 de Marzo (M23), apoyados por Ruanda, irrumpieron en Goma, capital de la provincia de Kivu Norte, en el este de la Rep\u00fablica Democr\u00e1tica del Congo (RDC), y se hicieron con el control de la ciudad, de un mill\u00f3n de habitantes.\u00a0 Se trata de una escalada dram\u00e1tica en una crisis de larga duraci\u00f3n que asola esta zona desde hace demasiado tiempo. Los combates han desarraigado a m\u00e1s de dos millones de personas de sus hogares, exponiendo a miles de personas de los alrededores de Goma a la violencia de diversas milicias. Ruanda y el M23 controlan ahora pr\u00e1cticamente toda la provincia de Kivu Norte y, por la fuerza de las armas, han forjado una nueva realidad en la regi\u00f3n. Y lo peor podr\u00eda estar por llegar. Los rebeldes se est\u00e1n adentrando en [&hellip;]<\/p>\n","protected":false},"featured_media":37348,"template":"","meta":{"_acf_changed":false},"categories":[7],"tags":[10],"country":[318],"cause":[129],"class_list":["post-37346","noticia","type-noticia","status-publish","has-post-thumbnail","hentry","category-noticia","tag-migracion-y-refugio","country-republica-democratica-del-congo","cause-migracion-y-refugio"],"acf":[],"yoast_head":"<!-- This site is optimized with the Yoast SEO Premium plugin v21.6 (Yoast SEO v27.5) - https:\/\/yoast.com\/product\/yoast-seo-premium-wordpress\/ -->\n<title>Crisis ante el conflicto en la Rep\u00fablica Democr\u00e1tica del Congo\u00a0<\/title>\n<meta name=\"description\" content=\"Descubre el impacto y la respuesta humanitaria de Entreculturas y JRS ante el conflicto armado en la Rep\u00fablica Democr\u00e1tica del Congo.\" \/>\n<meta name=\"robots\" content=\"index, follow, max-snippet:-1, max-image-preview:large, max-video-preview:-1\" \/>\n<link rel=\"canonical\" href=\"https:\/\/www.entreculturas.org\/ca\/noticia\/crisis-ante-el-conflicto-armado-en-kivu-norte-en-la-republica-democratica-del-congo\/\" \/>\n<meta property=\"og:locale\" content=\"ca_ES\" \/>\n<meta property=\"og:type\" content=\"article\" \/>\n<meta property=\"og:title\" content=\"Crisis ante el conflicto armado en Kivu Norte en la Rep\u00fablica Democr\u00e1tica del Congo\u00a0\" \/>\n<meta property=\"og:description\" content=\"Descubre el impacto y la respuesta humanitaria de Entreculturas y JRS ante el conflicto armado en la Rep\u00fablica Democr\u00e1tica del Congo.\" \/>\n<meta property=\"og:url\" content=\"https:\/\/www.entreculturas.org\/ca\/noticia\/crisis-ante-el-conflicto-armado-en-kivu-norte-en-la-republica-democratica-del-congo\/\" \/>\n<meta property=\"og:site_name\" content=\"Entreculturas\" \/>\n<meta property=\"article:publisher\" content=\"https:\/\/www.facebook.com\/entreculturas\" \/>\n<meta property=\"article:modified_time\" content=\"2025-02-03T09:46:08+00:00\" \/>\n<meta property=\"og:image\" content=\"https:\/\/www.entreculturas.org\/wp-content\/uploads\/2025\/02\/lago_kivu_rdcongo_barbara_gil_entreculturas.jpg\" \/>\n\t<meta property=\"og:image:width\" content=\"1500\" \/>\n\t<meta property=\"og:image:height\" content=\"1125\" \/>\n\t<meta property=\"og:image:type\" content=\"image\/jpeg\" \/>\n<meta name=\"twitter:card\" content=\"summary_large_image\" \/>\n<meta name=\"twitter:site\" content=\"@Entreculturas\" \/>\n<script type=\"application\/ld+json\" class=\"yoast-schema-graph\">{\"@context\":\"https:\\\/\\\/schema.org\",\"@graph\":[{\"@type\":\"WebPage\",\"@id\":\"https:\\\/\\\/www.entreculturas.org\\\/ca\\\/noticia\\\/crisis-ante-el-conflicto-armado-en-kivu-norte-en-la-republica-democratica-del-congo\\\/\",\"url\":\"https:\\\/\\\/www.entreculturas.org\\\/ca\\\/noticia\\\/crisis-ante-el-conflicto-armado-en-kivu-norte-en-la-republica-democratica-del-congo\\\/\",\"name\":\"Crisis ante el conflicto en la Rep\u00fablica Democr\u00e1tica del Congo\u00a0\",\"isPartOf\":{\"@id\":\"https:\\\/\\\/www.entreculturas.org\\\/ca\\\/#website\"},\"primaryImageOfPage\":{\"@id\":\"https:\\\/\\\/www.entreculturas.org\\\/ca\\\/noticia\\\/crisis-ante-el-conflicto-armado-en-kivu-norte-en-la-republica-democratica-del-congo\\\/#primaryimage\"},\"image\":{\"@id\":\"https:\\\/\\\/www.entreculturas.org\\\/ca\\\/noticia\\\/crisis-ante-el-conflicto-armado-en-kivu-norte-en-la-republica-democratica-del-congo\\\/#primaryimage\"},\"thumbnailUrl\":\"https:\\\/\\\/www.entreculturas.org\\\/wp-content\\\/uploads\\\/2025\\\/02\\\/lago_kivu_rdcongo_barbara_gil_entreculturas.jpg\",\"datePublished\":\"2025-02-03T08:51:38+00:00\",\"dateModified\":\"2025-02-03T09:46:08+00:00\",\"description\":\"Descubre el impacto y la respuesta humanitaria de Entreculturas y JRS ante el conflicto armado en la Rep\u00fablica Democr\u00e1tica del Congo.\",\"breadcrumb\":{\"@id\":\"https:\\\/\\\/www.entreculturas.org\\\/ca\\\/noticia\\\/crisis-ante-el-conflicto-armado-en-kivu-norte-en-la-republica-democratica-del-congo\\\/#breadcrumb\"},\"inLanguage\":\"ca\",\"potentialAction\":[{\"@type\":\"ReadAction\",\"target\":[\"https:\\\/\\\/www.entreculturas.org\\\/ca\\\/noticia\\\/crisis-ante-el-conflicto-armado-en-kivu-norte-en-la-republica-democratica-del-congo\\\/\"]}]},{\"@type\":\"ImageObject\",\"inLanguage\":\"ca\",\"@id\":\"https:\\\/\\\/www.entreculturas.org\\\/ca\\\/noticia\\\/crisis-ante-el-conflicto-armado-en-kivu-norte-en-la-republica-democratica-del-congo\\\/#primaryimage\",\"url\":\"https:\\\/\\\/www.entreculturas.org\\\/wp-content\\\/uploads\\\/2025\\\/02\\\/lago_kivu_rdcongo_barbara_gil_entreculturas.jpg\",\"contentUrl\":\"https:\\\/\\\/www.entreculturas.org\\\/wp-content\\\/uploads\\\/2025\\\/02\\\/lago_kivu_rdcongo_barbara_gil_entreculturas.jpg\",\"width\":1500,\"height\":1125,\"caption\":\"crisis en RD Congo\"},{\"@type\":\"BreadcrumbList\",\"@id\":\"https:\\\/\\\/www.entreculturas.org\\\/ca\\\/noticia\\\/crisis-ante-el-conflicto-armado-en-kivu-norte-en-la-republica-democratica-del-congo\\\/#breadcrumb\",\"itemListElement\":[{\"@type\":\"ListItem\",\"position\":1,\"name\":\"Home\",\"item\":\"https:\\\/\\\/www.entreculturas.org\\\/ca\\\/\"},{\"@type\":\"ListItem\",\"position\":2,\"name\":\"Noticias\",\"item\":\"https:\\\/\\\/www.entreculturas.org\\\/ca\\\/noticias\\\/\"},{\"@type\":\"ListItem\",\"position\":3,\"name\":\"Crisis ante el conflicto armado en Kivu Norte en la Rep\u00fablica Democr\u00e1tica del Congo\u00a0\"}]},{\"@type\":\"WebSite\",\"@id\":\"https:\\\/\\\/www.entreculturas.org\\\/ca\\\/#website\",\"url\":\"https:\\\/\\\/www.entreculturas.org\\\/ca\\\/\",\"name\":\"Entreculturas\",\"description\":\"\",\"publisher\":{\"@id\":\"https:\\\/\\\/www.entreculturas.org\\\/ca\\\/#organization\"},\"alternateName\":\"Entreculturas\",\"potentialAction\":[{\"@type\":\"SearchAction\",\"target\":{\"@type\":\"EntryPoint\",\"urlTemplate\":\"https:\\\/\\\/www.entreculturas.org\\\/ca\\\/?s={search_term_string}\"},\"query-input\":{\"@type\":\"PropertyValueSpecification\",\"valueRequired\":true,\"valueName\":\"search_term_string\"}}],\"inLanguage\":\"ca\"},{\"@type\":\"Organization\",\"@id\":\"https:\\\/\\\/www.entreculturas.org\\\/ca\\\/#organization\",\"name\":\"Entreculturas\",\"url\":\"https:\\\/\\\/www.entreculturas.org\\\/ca\\\/\",\"logo\":{\"@type\":\"ImageObject\",\"inLanguage\":\"ca\",\"@id\":\"https:\\\/\\\/www.entreculturas.org\\\/ca\\\/#\\\/schema\\\/logo\\\/image\\\/\",\"url\":\"https:\\\/\\\/www.entreculturas.org\\\/wp-content\\\/uploads\\\/2025\\\/10\\\/ESP.svg\",\"contentUrl\":\"https:\\\/\\\/www.entreculturas.org\\\/wp-content\\\/uploads\\\/2025\\\/10\\\/ESP.svg\",\"caption\":\"Entreculturas\"},\"image\":{\"@id\":\"https:\\\/\\\/www.entreculturas.org\\\/ca\\\/#\\\/schema\\\/logo\\\/image\\\/\"},\"sameAs\":[\"https:\\\/\\\/www.facebook.com\\\/entreculturas\",\"https:\\\/\\\/x.com\\\/Entreculturas\",\"https:\\\/\\\/www.instagram.com\\\/entreculturas\\\/\",\"https:\\\/\\\/www.youtube.com\\\/user\\\/entreculturasvideo\",\"https:\\\/\\\/www.linkedin.com\\\/company\\\/fundacion-entreculturas-ngdo\\\/\",\"https:\\\/\\\/www.flickr.com\\\/photos\\\/98455522@N04\\\/albums\\\/\"]}]}<\/script>\n<!-- \/ Yoast SEO Premium plugin. -->","yoast_head_json":{"title":"Crisis ante el conflicto en la Rep\u00fablica Democr\u00e1tica del Congo\u00a0","description":"Descubre el impacto y la respuesta humanitaria de Entreculturas y JRS ante el conflicto armado en la Rep\u00fablica Democr\u00e1tica del Congo.","robots":{"index":"index","follow":"follow","max-snippet":"max-snippet:-1","max-image-preview":"max-image-preview:large","max-video-preview":"max-video-preview:-1"},"canonical":"https:\/\/www.entreculturas.org\/ca\/noticia\/crisis-ante-el-conflicto-armado-en-kivu-norte-en-la-republica-democratica-del-congo\/","og_locale":"ca_ES","og_type":"article","og_title":"Crisis ante el conflicto armado en Kivu Norte en la Rep\u00fablica Democr\u00e1tica del Congo\u00a0","og_description":"Descubre el impacto y la respuesta humanitaria de Entreculturas y JRS ante el conflicto armado en la Rep\u00fablica Democr\u00e1tica del Congo.","og_url":"https:\/\/www.entreculturas.org\/ca\/noticia\/crisis-ante-el-conflicto-armado-en-kivu-norte-en-la-republica-democratica-del-congo\/","og_site_name":"Entreculturas","article_publisher":"https:\/\/www.facebook.com\/entreculturas","article_modified_time":"2025-02-03T09:46:08+00:00","og_image":[{"width":1500,"height":1125,"url":"https:\/\/www.entreculturas.org\/wp-content\/uploads\/2025\/02\/lago_kivu_rdcongo_barbara_gil_entreculturas.jpg","type":"image\/jpeg"}],"twitter_card":"summary_large_image","twitter_site":"@Entreculturas","schema":{"@context":"https:\/\/schema.org","@graph":[{"@type":"WebPage","@id":"https:\/\/www.entreculturas.org\/ca\/noticia\/crisis-ante-el-conflicto-armado-en-kivu-norte-en-la-republica-democratica-del-congo\/","url":"https:\/\/www.entreculturas.org\/ca\/noticia\/crisis-ante-el-conflicto-armado-en-kivu-norte-en-la-republica-democratica-del-congo\/","name":"Crisis ante el conflicto en la Rep\u00fablica Democr\u00e1tica del Congo\u00a0","isPartOf":{"@id":"https:\/\/www.entreculturas.org\/ca\/#website"},"primaryImageOfPage":{"@id":"https:\/\/www.entreculturas.org\/ca\/noticia\/crisis-ante-el-conflicto-armado-en-kivu-norte-en-la-republica-democratica-del-congo\/#primaryimage"},"image":{"@id":"https:\/\/www.entreculturas.org\/ca\/noticia\/crisis-ante-el-conflicto-armado-en-kivu-norte-en-la-republica-democratica-del-congo\/#primaryimage"},"thumbnailUrl":"https:\/\/www.entreculturas.org\/wp-content\/uploads\/2025\/02\/lago_kivu_rdcongo_barbara_gil_entreculturas.jpg","datePublished":"2025-02-03T08:51:38+00:00","dateModified":"2025-02-03T09:46:08+00:00","description":"Descubre el impacto y la respuesta humanitaria de Entreculturas y JRS ante el conflicto armado en la Rep\u00fablica Democr\u00e1tica del Congo.","breadcrumb":{"@id":"https:\/\/www.entreculturas.org\/ca\/noticia\/crisis-ante-el-conflicto-armado-en-kivu-norte-en-la-republica-democratica-del-congo\/#breadcrumb"},"inLanguage":"ca","potentialAction":[{"@type":"ReadAction","target":["https:\/\/www.entreculturas.org\/ca\/noticia\/crisis-ante-el-conflicto-armado-en-kivu-norte-en-la-republica-democratica-del-congo\/"]}]},{"@type":"ImageObject","inLanguage":"ca","@id":"https:\/\/www.entreculturas.org\/ca\/noticia\/crisis-ante-el-conflicto-armado-en-kivu-norte-en-la-republica-democratica-del-congo\/#primaryimage","url":"https:\/\/www.entreculturas.org\/wp-content\/uploads\/2025\/02\/lago_kivu_rdcongo_barbara_gil_entreculturas.jpg","contentUrl":"https:\/\/www.entreculturas.org\/wp-content\/uploads\/2025\/02\/lago_kivu_rdcongo_barbara_gil_entreculturas.jpg","width":1500,"height":1125,"caption":"crisis en RD Congo"},{"@type":"BreadcrumbList","@id":"https:\/\/www.entreculturas.org\/ca\/noticia\/crisis-ante-el-conflicto-armado-en-kivu-norte-en-la-republica-democratica-del-congo\/#breadcrumb","itemListElement":[{"@type":"ListItem","position":1,"name":"Home","item":"https:\/\/www.entreculturas.org\/ca\/"},{"@type":"ListItem","position":2,"name":"Noticias","item":"https:\/\/www.entreculturas.org\/ca\/noticias\/"},{"@type":"ListItem","position":3,"name":"Crisis ante el conflicto armado en Kivu Norte en la Rep\u00fablica Democr\u00e1tica del Congo\u00a0"}]},{"@type":"WebSite","@id":"https:\/\/www.entreculturas.org\/ca\/#website","url":"https:\/\/www.entreculturas.org\/ca\/","name":"Entreculturas","description":"","publisher":{"@id":"https:\/\/www.entreculturas.org\/ca\/#organization"},"alternateName":"Entreculturas","potentialAction":[{"@type":"SearchAction","target":{"@type":"EntryPoint","urlTemplate":"https:\/\/www.entreculturas.org\/ca\/?s={search_term_string}"},"query-input":{"@type":"PropertyValueSpecification","valueRequired":true,"valueName":"search_term_string"}}],"inLanguage":"ca"},{"@type":"Organization","@id":"https:\/\/www.entreculturas.org\/ca\/#organization","name":"Entreculturas","url":"https:\/\/www.entreculturas.org\/ca\/","logo":{"@type":"ImageObject","inLanguage":"ca","@id":"https:\/\/www.entreculturas.org\/ca\/#\/schema\/logo\/image\/","url":"https:\/\/www.entreculturas.org\/wp-content\/uploads\/2025\/10\/ESP.svg","contentUrl":"https:\/\/www.entreculturas.org\/wp-content\/uploads\/2025\/10\/ESP.svg","caption":"Entreculturas"},"image":{"@id":"https:\/\/www.entreculturas.org\/ca\/#\/schema\/logo\/image\/"},"sameAs":["https:\/\/www.facebook.com\/entreculturas","https:\/\/x.com\/Entreculturas","https:\/\/www.instagram.com\/entreculturas\/","https:\/\/www.youtube.com\/user\/entreculturasvideo","https:\/\/www.linkedin.com\/company\/fundacion-entreculturas-ngdo\/","https:\/\/www.flickr.com\/photos\/98455522@N04\/albums\/"]}]}},"_links":{"self":[{"href":"https:\/\/www.entreculturas.org\/ca\/wp-json\/wp\/v2\/noticia\/37346","targetHints":{"allow":["GET"]}}],"collection":[{"href":"https:\/\/www.entreculturas.org\/ca\/wp-json\/wp\/v2\/noticia"}],"about":[{"href":"https:\/\/www.entreculturas.org\/ca\/wp-json\/wp\/v2\/types\/noticia"}],"wp:featuredmedia":[{"embeddable":true,"href":"https:\/\/www.entreculturas.org\/ca\/wp-json\/wp\/v2\/media\/37348"}],"wp:attachment":[{"href":"https:\/\/www.entreculturas.org\/ca\/wp-json\/wp\/v2\/media?parent=37346"}],"wp:term":[{"taxonomy":"category","embeddable":true,"href":"https:\/\/www.entreculturas.org\/ca\/wp-json\/wp\/v2\/categories?post=37346"},{"taxonomy":"post_tag","embeddable":true,"href":"https:\/\/www.entreculturas.org\/ca\/wp-json\/wp\/v2\/tags?post=37346"},{"taxonomy":"country","embeddable":true,"href":"https:\/\/www.entreculturas.org\/ca\/wp-json\/wp\/v2\/country?post=37346"},{"taxonomy":"cause","embeddable":true,"href":"https:\/\/www.entreculturas.org\/ca\/wp-json\/wp\/v2\/cause?post=37346"}],"curies":[{"name":"wp","href":"https:\/\/api.w.org\/{rel}","templated":true}]}}