{"id":36608,"date":"2024-12-19T13:00:59","date_gmt":"2024-12-19T12:00:59","guid":{"rendered":"https:\/\/www.entreculturas.org\/?post_type=noticia&#038;p=36608"},"modified":"2024-12-19T13:01:39","modified_gmt":"2024-12-19T12:01:39","slug":"alianzas-que-sostienen-esperanza-un-compromiso-compartido-este-2024","status":"publish","type":"noticia","link":"https:\/\/www.entreculturas.org\/ca\/noticia\/alianzas-que-sostienen-esperanza-un-compromiso-compartido-este-2024\/","title":{"rendered":"Alianzas que sostienen esperanza: un compromiso compartido este 2024"},"content":{"rendered":"\n<p>Desde el \u00c1rea de Relaciones Institucionales de Entreculturas, cerramos este 2024 con una profunda sensaci\u00f3n de gratitud y satisfacci\u00f3n por todo lo que hemos logrado, y todo lo que hemos aprendido. Este a\u00f1o ha sido testigo de un <strong>trabajo conjunto y con grandes\u00a0 resultados<\/strong> gracias a la colaboraci\u00f3n de empresas, instituciones y personas voluntarias.<\/p>\n\n\n\n<p><\/p>\n\n\n\n<p>En el <strong>Departamento de Responsabilidad Social Corporativa (RSC),<\/strong> hemos tenido el privilegio de trabajar de la mano de diversas empresas para impulsar iniciativas que promueven la sostenibilidad y el bienestar social. Juntas, hemos llevado adelante proyectos que est\u00e1n marcando una diferencia real en las comunidades y, a su vez, han fortalecido el compromiso de las empresas con la responsabilidad social y el desarrollo sostenible.<\/p>\n\n\n\n<p><\/p>\n\n\n\n<p>Este a\u00f1o, nos hemos enfocado en fortalecer nuestro compromiso con los <strong>derechos humanos, la justicia social y la sostenibilidad,<\/strong> con iniciativas como <a href=\"https:\/\/correporunacausa.org\/\"><em>Corre por una Causa<\/em> <\/a>y <em><a href=\"https:\/\/campanas.entreculturas.org\/empresas-por-una-causa\/\">Empresas por una Causa<\/a><\/em>. Estas iniciativas no solo contribuyen a\u00a0 la continuidad de nuestros proyectos, sino que tambi\u00e9n han permitido crear alianzas clave con empresas que est\u00e1n impulsando cambios duraderos y significativos.<\/p>\n\n\n\n<p><\/p>\n\n\n\n<p>En el \u00e1mbito corporativo, tambi\u00e9n hemos visto un gran crecimiento en nuestras acciones de <strong><a href=\"https:\/\/www.entreculturas.org\/empresas\/\">voluntariado corporativo<\/a><\/strong>. Gracias al apoyo de muchas empresas, hemos podido contar con su participaci\u00f3n en la carrera solidaria, en acciones pro bono y en diversas actividades locales que se vinculan directamente con nuestros proyectos sociales en Espa\u00f1a.<\/p>\n\n\n\n<p><\/p>\n\n\n\n<p>Queremos <strong>terminar este 2024 con un agradecimiento muy especial a todas las empresas e instituciones que nos han apoyado<\/strong> a lo largo de los a\u00f1os, as\u00ed como a aquellas que se han unido a nuestras causas por primera vez este a\u00f1o. Gracias por confiar en nuestra forma de trabajar y transformar la vida de tantas personas en situaci\u00f3n de vulnerabilidad. Gracias por alinear vuestro prop\u00f3sito y acciones de RSC con los nuestros, por implicaros a nivel corporativo y personal. Sin duda, gracias a este esfuerzo conjunto,<strong> seguimos fortaleciendo el impacto positivo de nuestras intervenciones y avanzamos hacia un futuro m\u00e1s justo y equilibrado<\/strong> para todos y todas.<\/p>\n","protected":false},"excerpt":{"rendered":"<p>Desde el \u00c1rea de Relaciones Institucionales de Entreculturas, cerramos este 2024 con una profunda sensaci\u00f3n de gratitud y satisfacci\u00f3n por todo lo que hemos logrado, y todo lo que hemos aprendido. Este a\u00f1o ha sido testigo de un trabajo conjunto y con grandes\u00a0 resultados gracias a la colaboraci\u00f3n de empresas, instituciones y personas voluntarias. En el Departamento de Responsabilidad Social Corporativa (RSC), hemos tenido el privilegio de trabajar de la mano de diversas empresas para impulsar iniciativas que promueven la sostenibilidad y el bienestar social. Juntas, hemos llevado adelante proyectos que est\u00e1n marcando una diferencia real en las comunidades y, a su vez, han fortalecido el compromiso de las empresas con la responsabilidad social y el desarrollo sostenible. Este a\u00f1o, nos hemos enfocado en fortalecer nuestro compromiso con los derechos humanos, la justicia social y la sostenibilidad, con iniciativas como Corre por una Causa y Empresas por una Causa. Estas [&hellip;]<\/p>\n","protected":false},"featured_media":36633,"template":"","meta":{"_acf_changed":false},"categories":[7],"tags":[196],"country":[120],"cause":[],"class_list":["post-36608","noticia","type-noticia","status-publish","has-post-thumbnail","hentry","category-noticia","tag-rsc","country-espana"],"acf":[],"yoast_head":"<!-- This site is optimized with the Yoast SEO Premium plugin v21.6 (Yoast SEO v27.5) - https:\/\/yoast.com\/product\/yoast-seo-premium-wordpress\/ -->\n<title>Alianzas que sostienen esperanza: un compromiso compartido este 2024 - Entreculturas<\/title>\n<meta name=\"description\" content=\"Cerramos este 2024 con una profunda sensaci\u00f3n de gratitud y satisfacci\u00f3n por todo lo que hemos logrado, y todo lo que hemos aprendido\" \/>\n<meta name=\"robots\" content=\"index, follow, max-snippet:-1, max-image-preview:large, max-video-preview:-1\" \/>\n<link rel=\"canonical\" href=\"https:\/\/www.entreculturas.org\/ca\/noticia\/alianzas-que-sostienen-esperanza-un-compromiso-compartido-este-2024\/\" \/>\n<meta property=\"og:locale\" content=\"ca_ES\" \/>\n<meta property=\"og:type\" content=\"article\" \/>\n<meta property=\"og:title\" content=\"Alianzas que sostienen esperanza: un compromiso compartido este 2024\" \/>\n<meta property=\"og:description\" content=\"Cerramos este 2024 con una profunda sensaci\u00f3n de gratitud y satisfacci\u00f3n por todo lo que hemos logrado, y todo lo que hemos aprendido\" \/>\n<meta property=\"og:url\" content=\"https:\/\/www.entreculturas.org\/ca\/noticia\/alianzas-que-sostienen-esperanza-un-compromiso-compartido-este-2024\/\" \/>\n<meta property=\"og:site_name\" content=\"Entreculturas\" \/>\n<meta property=\"article:publisher\" content=\"https:\/\/www.facebook.com\/entreculturas\" \/>\n<meta property=\"article:modified_time\" content=\"2024-12-19T12:01:39+00:00\" \/>\n<meta property=\"og:image\" content=\"https:\/\/www.entreculturas.org\/wp-content\/uploads\/2024\/12\/LDN-HNC-282-scaled.jpg\" \/>\n\t<meta property=\"og:image:width\" content=\"2560\" \/>\n\t<meta property=\"og:image:height\" content=\"1707\" \/>\n\t<meta property=\"og:image:type\" content=\"image\/jpeg\" \/>\n<meta name=\"twitter:card\" content=\"summary_large_image\" \/>\n<meta name=\"twitter:site\" content=\"@Entreculturas\" \/>\n<script type=\"application\/ld+json\" class=\"yoast-schema-graph\">{\"@context\":\"https:\\\/\\\/schema.org\",\"@graph\":[{\"@type\":\"WebPage\",\"@id\":\"https:\\\/\\\/www.entreculturas.org\\\/ca\\\/noticia\\\/alianzas-que-sostienen-esperanza-un-compromiso-compartido-este-2024\\\/\",\"url\":\"https:\\\/\\\/www.entreculturas.org\\\/ca\\\/noticia\\\/alianzas-que-sostienen-esperanza-un-compromiso-compartido-este-2024\\\/\",\"name\":\"Alianzas que sostienen esperanza: un compromiso compartido este 2024 - Entreculturas\",\"isPartOf\":{\"@id\":\"https:\\\/\\\/www.entreculturas.org\\\/ca\\\/#website\"},\"primaryImageOfPage\":{\"@id\":\"https:\\\/\\\/www.entreculturas.org\\\/ca\\\/noticia\\\/alianzas-que-sostienen-esperanza-un-compromiso-compartido-este-2024\\\/#primaryimage\"},\"image\":{\"@id\":\"https:\\\/\\\/www.entreculturas.org\\\/ca\\\/noticia\\\/alianzas-que-sostienen-esperanza-un-compromiso-compartido-este-2024\\\/#primaryimage\"},\"thumbnailUrl\":\"https:\\\/\\\/www.entreculturas.org\\\/wp-content\\\/uploads\\\/2024\\\/12\\\/LDN-HNC-282-scaled.jpg\",\"datePublished\":\"2024-12-19T12:00:59+00:00\",\"dateModified\":\"2024-12-19T12:01:39+00:00\",\"description\":\"Cerramos este 2024 con una profunda sensaci\u00f3n de gratitud y satisfacci\u00f3n por todo lo que hemos logrado, y todo lo que hemos aprendido\",\"breadcrumb\":{\"@id\":\"https:\\\/\\\/www.entreculturas.org\\\/ca\\\/noticia\\\/alianzas-que-sostienen-esperanza-un-compromiso-compartido-este-2024\\\/#breadcrumb\"},\"inLanguage\":\"ca\",\"potentialAction\":[{\"@type\":\"ReadAction\",\"target\":[\"https:\\\/\\\/www.entreculturas.org\\\/ca\\\/noticia\\\/alianzas-que-sostienen-esperanza-un-compromiso-compartido-este-2024\\\/\"]}]},{\"@type\":\"ImageObject\",\"inLanguage\":\"ca\",\"@id\":\"https:\\\/\\\/www.entreculturas.org\\\/ca\\\/noticia\\\/alianzas-que-sostienen-esperanza-un-compromiso-compartido-este-2024\\\/#primaryimage\",\"url\":\"https:\\\/\\\/www.entreculturas.org\\\/wp-content\\\/uploads\\\/2024\\\/12\\\/LDN-HNC-282-scaled.jpg\",\"contentUrl\":\"https:\\\/\\\/www.entreculturas.org\\\/wp-content\\\/uploads\\\/2024\\\/12\\\/LDN-HNC-282-scaled.jpg\",\"width\":2560,\"height\":1707},{\"@type\":\"BreadcrumbList\",\"@id\":\"https:\\\/\\\/www.entreculturas.org\\\/ca\\\/noticia\\\/alianzas-que-sostienen-esperanza-un-compromiso-compartido-este-2024\\\/#breadcrumb\",\"itemListElement\":[{\"@type\":\"ListItem\",\"position\":1,\"name\":\"Home\",\"item\":\"https:\\\/\\\/www.entreculturas.org\\\/ca\\\/\"},{\"@type\":\"ListItem\",\"position\":2,\"name\":\"Noticias\",\"item\":\"https:\\\/\\\/www.entreculturas.org\\\/ca\\\/noticias\\\/\"},{\"@type\":\"ListItem\",\"position\":3,\"name\":\"Alianzas que sostienen esperanza: un compromiso compartido este 2024\"}]},{\"@type\":\"WebSite\",\"@id\":\"https:\\\/\\\/www.entreculturas.org\\\/ca\\\/#website\",\"url\":\"https:\\\/\\\/www.entreculturas.org\\\/ca\\\/\",\"name\":\"Entreculturas\",\"description\":\"\",\"publisher\":{\"@id\":\"https:\\\/\\\/www.entreculturas.org\\\/ca\\\/#organization\"},\"alternateName\":\"Entreculturas\",\"potentialAction\":[{\"@type\":\"SearchAction\",\"target\":{\"@type\":\"EntryPoint\",\"urlTemplate\":\"https:\\\/\\\/www.entreculturas.org\\\/ca\\\/?s={search_term_string}\"},\"query-input\":{\"@type\":\"PropertyValueSpecification\",\"valueRequired\":true,\"valueName\":\"search_term_string\"}}],\"inLanguage\":\"ca\"},{\"@type\":\"Organization\",\"@id\":\"https:\\\/\\\/www.entreculturas.org\\\/ca\\\/#organization\",\"name\":\"Entreculturas\",\"url\":\"https:\\\/\\\/www.entreculturas.org\\\/ca\\\/\",\"logo\":{\"@type\":\"ImageObject\",\"inLanguage\":\"ca\",\"@id\":\"https:\\\/\\\/www.entreculturas.org\\\/ca\\\/#\\\/schema\\\/logo\\\/image\\\/\",\"url\":\"https:\\\/\\\/www.entreculturas.org\\\/wp-content\\\/uploads\\\/2025\\\/10\\\/ESP.svg\",\"contentUrl\":\"https:\\\/\\\/www.entreculturas.org\\\/wp-content\\\/uploads\\\/2025\\\/10\\\/ESP.svg\",\"caption\":\"Entreculturas\"},\"image\":{\"@id\":\"https:\\\/\\\/www.entreculturas.org\\\/ca\\\/#\\\/schema\\\/logo\\\/image\\\/\"},\"sameAs\":[\"https:\\\/\\\/www.facebook.com\\\/entreculturas\",\"https:\\\/\\\/x.com\\\/Entreculturas\",\"https:\\\/\\\/www.instagram.com\\\/entreculturas\\\/\",\"https:\\\/\\\/www.youtube.com\\\/user\\\/entreculturasvideo\",\"https:\\\/\\\/www.linkedin.com\\\/company\\\/fundacion-entreculturas-ngdo\\\/\",\"https:\\\/\\\/www.flickr.com\\\/photos\\\/98455522@N04\\\/albums\\\/\"]}]}<\/script>\n<!-- \/ Yoast SEO Premium plugin. -->","yoast_head_json":{"title":"Alianzas que sostienen esperanza: un compromiso compartido este 2024 - Entreculturas","description":"Cerramos este 2024 con una profunda sensaci\u00f3n de gratitud y satisfacci\u00f3n por todo lo que hemos logrado, y todo lo que hemos aprendido","robots":{"index":"index","follow":"follow","max-snippet":"max-snippet:-1","max-image-preview":"max-image-preview:large","max-video-preview":"max-video-preview:-1"},"canonical":"https:\/\/www.entreculturas.org\/ca\/noticia\/alianzas-que-sostienen-esperanza-un-compromiso-compartido-este-2024\/","og_locale":"ca_ES","og_type":"article","og_title":"Alianzas que sostienen esperanza: un compromiso compartido este 2024","og_description":"Cerramos este 2024 con una profunda sensaci\u00f3n de gratitud y satisfacci\u00f3n por todo lo que hemos logrado, y todo lo que hemos aprendido","og_url":"https:\/\/www.entreculturas.org\/ca\/noticia\/alianzas-que-sostienen-esperanza-un-compromiso-compartido-este-2024\/","og_site_name":"Entreculturas","article_publisher":"https:\/\/www.facebook.com\/entreculturas","article_modified_time":"2024-12-19T12:01:39+00:00","og_image":[{"width":2560,"height":1707,"url":"https:\/\/www.entreculturas.org\/wp-content\/uploads\/2024\/12\/LDN-HNC-282-scaled.jpg","type":"image\/jpeg"}],"twitter_card":"summary_large_image","twitter_site":"@Entreculturas","schema":{"@context":"https:\/\/schema.org","@graph":[{"@type":"WebPage","@id":"https:\/\/www.entreculturas.org\/ca\/noticia\/alianzas-que-sostienen-esperanza-un-compromiso-compartido-este-2024\/","url":"https:\/\/www.entreculturas.org\/ca\/noticia\/alianzas-que-sostienen-esperanza-un-compromiso-compartido-este-2024\/","name":"Alianzas que sostienen esperanza: un compromiso compartido este 2024 - Entreculturas","isPartOf":{"@id":"https:\/\/www.entreculturas.org\/ca\/#website"},"primaryImageOfPage":{"@id":"https:\/\/www.entreculturas.org\/ca\/noticia\/alianzas-que-sostienen-esperanza-un-compromiso-compartido-este-2024\/#primaryimage"},"image":{"@id":"https:\/\/www.entreculturas.org\/ca\/noticia\/alianzas-que-sostienen-esperanza-un-compromiso-compartido-este-2024\/#primaryimage"},"thumbnailUrl":"https:\/\/www.entreculturas.org\/wp-content\/uploads\/2024\/12\/LDN-HNC-282-scaled.jpg","datePublished":"2024-12-19T12:00:59+00:00","dateModified":"2024-12-19T12:01:39+00:00","description":"Cerramos este 2024 con una profunda sensaci\u00f3n de gratitud y satisfacci\u00f3n por todo lo que hemos logrado, y todo lo que hemos aprendido","breadcrumb":{"@id":"https:\/\/www.entreculturas.org\/ca\/noticia\/alianzas-que-sostienen-esperanza-un-compromiso-compartido-este-2024\/#breadcrumb"},"inLanguage":"ca","potentialAction":[{"@type":"ReadAction","target":["https:\/\/www.entreculturas.org\/ca\/noticia\/alianzas-que-sostienen-esperanza-un-compromiso-compartido-este-2024\/"]}]},{"@type":"ImageObject","inLanguage":"ca","@id":"https:\/\/www.entreculturas.org\/ca\/noticia\/alianzas-que-sostienen-esperanza-un-compromiso-compartido-este-2024\/#primaryimage","url":"https:\/\/www.entreculturas.org\/wp-content\/uploads\/2024\/12\/LDN-HNC-282-scaled.jpg","contentUrl":"https:\/\/www.entreculturas.org\/wp-content\/uploads\/2024\/12\/LDN-HNC-282-scaled.jpg","width":2560,"height":1707},{"@type":"BreadcrumbList","@id":"https:\/\/www.entreculturas.org\/ca\/noticia\/alianzas-que-sostienen-esperanza-un-compromiso-compartido-este-2024\/#breadcrumb","itemListElement":[{"@type":"ListItem","position":1,"name":"Home","item":"https:\/\/www.entreculturas.org\/ca\/"},{"@type":"ListItem","position":2,"name":"Noticias","item":"https:\/\/www.entreculturas.org\/ca\/noticias\/"},{"@type":"ListItem","position":3,"name":"Alianzas que sostienen esperanza: un compromiso compartido este 2024"}]},{"@type":"WebSite","@id":"https:\/\/www.entreculturas.org\/ca\/#website","url":"https:\/\/www.entreculturas.org\/ca\/","name":"Entreculturas","description":"","publisher":{"@id":"https:\/\/www.entreculturas.org\/ca\/#organization"},"alternateName":"Entreculturas","potentialAction":[{"@type":"SearchAction","target":{"@type":"EntryPoint","urlTemplate":"https:\/\/www.entreculturas.org\/ca\/?s={search_term_string}"},"query-input":{"@type":"PropertyValueSpecification","valueRequired":true,"valueName":"search_term_string"}}],"inLanguage":"ca"},{"@type":"Organization","@id":"https:\/\/www.entreculturas.org\/ca\/#organization","name":"Entreculturas","url":"https:\/\/www.entreculturas.org\/ca\/","logo":{"@type":"ImageObject","inLanguage":"ca","@id":"https:\/\/www.entreculturas.org\/ca\/#\/schema\/logo\/image\/","url":"https:\/\/www.entreculturas.org\/wp-content\/uploads\/2025\/10\/ESP.svg","contentUrl":"https:\/\/www.entreculturas.org\/wp-content\/uploads\/2025\/10\/ESP.svg","caption":"Entreculturas"},"image":{"@id":"https:\/\/www.entreculturas.org\/ca\/#\/schema\/logo\/image\/"},"sameAs":["https:\/\/www.facebook.com\/entreculturas","https:\/\/x.com\/Entreculturas","https:\/\/www.instagram.com\/entreculturas\/","https:\/\/www.youtube.com\/user\/entreculturasvideo","https:\/\/www.linkedin.com\/company\/fundacion-entreculturas-ngdo\/","https:\/\/www.flickr.com\/photos\/98455522@N04\/albums\/"]}]}},"_links":{"self":[{"href":"https:\/\/www.entreculturas.org\/ca\/wp-json\/wp\/v2\/noticia\/36608","targetHints":{"allow":["GET"]}}],"collection":[{"href":"https:\/\/www.entreculturas.org\/ca\/wp-json\/wp\/v2\/noticia"}],"about":[{"href":"https:\/\/www.entreculturas.org\/ca\/wp-json\/wp\/v2\/types\/noticia"}],"wp:featuredmedia":[{"embeddable":true,"href":"https:\/\/www.entreculturas.org\/ca\/wp-json\/wp\/v2\/media\/36633"}],"wp:attachment":[{"href":"https:\/\/www.entreculturas.org\/ca\/wp-json\/wp\/v2\/media?parent=36608"}],"wp:term":[{"taxonomy":"category","embeddable":true,"href":"https:\/\/www.entreculturas.org\/ca\/wp-json\/wp\/v2\/categories?post=36608"},{"taxonomy":"post_tag","embeddable":true,"href":"https:\/\/www.entreculturas.org\/ca\/wp-json\/wp\/v2\/tags?post=36608"},{"taxonomy":"country","embeddable":true,"href":"https:\/\/www.entreculturas.org\/ca\/wp-json\/wp\/v2\/country?post=36608"},{"taxonomy":"cause","embeddable":true,"href":"https:\/\/www.entreculturas.org\/ca\/wp-json\/wp\/v2\/cause?post=36608"}],"curies":[{"name":"wp","href":"https:\/\/api.w.org\/{rel}","templated":true}]}}