{"id":36331,"date":"2024-12-03T14:39:13","date_gmt":"2024-12-03T13:39:13","guid":{"rendered":"https:\/\/www.entreculturas.org\/?post_type=noticia&#038;p=36331"},"modified":"2024-12-04T09:59:05","modified_gmt":"2024-12-04T08:59:05","slug":"javier-muruzabal-garrido-volpa-en-peru","status":"publish","type":"noticia","link":"https:\/\/www.entreculturas.org\/ca\/noticia\/javier-muruzabal-garrido-volpa-en-peru\/","title":{"rendered":"Javier Muruz\u00e1bal Garrido &#8211; VOLPA en Per\u00fa"},"content":{"rendered":"\n<p><strong>\u00bfC\u00f3mo supiste de VOLPA? \u00bfPor qu\u00e9 te apuntaste?<\/strong><br><\/p>\n\n\n\n<p>Una amiga del Centro Loyola Valladolid me habl\u00f3 del VOLPA y siempre he tenido en la cabeza la idea de poder hacer un voluntariado internacional de larga estancia, pero creo que todo tiene su momento. Estando en Espa\u00f1a, estuve colaborando en diferentes voluntariados tanto en Valladolid como en Madrid, y cuando volv\u00ed de Irlanda sent\u00ed que hab\u00eda llegado mi momento. En realidad, fueron un conjunto de razones las que me empujaron a formar parte de VOLPA: abrir los ojos a otras realidades, poder salir de mi zona de confort, poner al pr\u00f3jimo en el centro de mis decisiones, luchar por un mundo m\u00e1s justo, discernir y reenfocar hacia donde quiero dirigir mi vida, intentar ayudar y apoyar a aquellas personas que no han tenido las mismas oportunidades que he tenido yo. En resumen, porque quer\u00eda darme a los dem\u00e1s y poder aportar mi granito de arena.<br><\/p>\n\n\n\n<p><strong>\u00bfC\u00f3mo fue el proceso de formaci\u00f3n?<\/strong><\/p>\n\n\n\n<p>El proceso de formaci\u00f3n VOLPA ha sido un periodo intenso y transformador basado en la confianza. Ha sido un tiempo de realizar un ejercicio personal para conocerme mejor, identificar mis motivaciones, y desarrollar las herramientas necesarias para poder dar lo mejor de m\u00ed mismo. Pero, sobre todo, ha sido un proceso guiado y acompa\u00f1ado en el que he ido de la mano de un equipo de personas generosas, trabajadoras y luchadoras.<br><\/p>\n\n\n\n<p><strong>\u00bfQu\u00e9 es lo que m\u00e1s destacar\u00edas de ese proceso y que fue lo que m\u00e1s te gust\u00f3?<\/strong><br><\/p>\n\n\n\n<p>Lo que m\u00e1s destacar\u00eda del proceso es el cari\u00f1o y la dedicaci\u00f3n con el que se gestiona el proyecto VOLPA por parte del equipo Entreculturas, as\u00ed como el recibiendo tan cercano y humano con el que acogen y cuidan a cada uno de los voluntarios. Lo que m\u00e1s me ha gustado ha sido poder hacer parte del camino con personas que comparten tus mismas inquietudes, que tienen tus mismos sue\u00f1os y deseos, y que est\u00e1n dispuestas a dar un paso adelante para cambiar las cosas.<br><\/p>\n\n\n\n<p><strong>\u00bfA qu\u00e9 pa\u00eds\/ciudad fuiste destinado? \u00bfCon qu\u00e9 organizaci\u00f3n est\u00e1s actualmente trabajando?<\/strong><\/p>\n\n\n\n<p><br>Me han destinado a Andahuaylillas, Per\u00fa Estoy apoyando en el colegio San Ignacio de Loyola Fe y Alegr\u00eda 44, y en la Parroquia de San Pedro Ap\u00f3stol de Andahuaylillas.<br><\/p>\n\n\n\n<p><strong>\u00bfCu\u00e1les son tus funciones en el voluntariado que haces? \u00bfC\u00f3mo es tu d\u00eda a d\u00eda?<\/strong><br><\/p>\n\n\n\n<p>Por las ma\u00f1anas estoy en el colegio F y A 44 donde apoyo en el nivel de secundaria en \u00e1reas como ingl\u00e9s y Educaci\u00f3n para el Trabajo. Tambi\u00e9n hago tutor\u00edas y acompa\u00f1amiento con alumnos en situaciones de vulnerabilidad y dificultad. Por las tardes estoy en la parroquia, donde ayudamos a ni\u00f1os de primaria a hacer sus tareas, leer, refuerzo escolar, as\u00ed como juegos, manualidades, tiempo de ocio y entretenimiento. A parte de eso, estoy un poco de \u201ccomod\u00edn del p\u00fablico\u201d, es decir, me voy moviendo de un proyecto a otro intentando dar soporte donde m\u00e1s ayuda se necesite.<br><\/p>\n\n\n\n<p><strong>\u00bfBajo qu\u00e9 contexto social realizas esta funci\u00f3n? \u00bfCu\u00e1l es la situaci\u00f3n social\/econ\u00f3mica actual del pa\u00eds en el que te encuentras? \u00bfAfecta de alguna manera tu trabajo? \u00bfVes dificultades en la poblaci\u00f3n de participar en los proyectos en los que est\u00e1s trabajando?<\/strong><br><\/p>\n\n\n\n<p>Andahuaylillas est\u00e1 ubicado en la provincia de Quispicanchi, en el departamento de Cuzco. Est\u00e1 situado en la sierra andina a 3.100 metros de altitud, donde gran parte de la poblaci\u00f3n es quechua hablante. Es una zona humilde y rural donde se trabaja por ayudar a los grupos m\u00e1s marginados y las comunidades m\u00e1s apartadas, haciendo hincapi\u00e9 en la educaci\u00f3n de los m\u00e1s j\u00f3venes para que tengan acceso a un futuro mejor. La agricultura es la principal fuente de ingresos de la mayor\u00eda de las familias, en las que la violencia intrafamiliar y el alcoholismo son, por desgracia, problemas muy presentes en el d\u00eda a d\u00eda. En muchas ocasiones resulta muy dif\u00edcil acercarse a realidades tan complejas en las que la falta de recursos, la ausencia de cari\u00f1o y la escasez de oportunidades son las que rigen las reglas del juego. Hablamos de una zona en la que, bajo la sonrisa de la gente, los uniformes de los estudiantes y sus brillantes campos, se esconden vidas humanas con historias de constante trabajo y superaci\u00f3n. Y, sin embargo, son una comunidad muy unida que siempre encuentra razones para seguir super\u00e1ndose y celebrar la vida.<br><\/p>\n\n\n\n<p><strong>\u00bfRecomendar\u00edas a m\u00e1s personas hacer VOLPA o un voluntariado en general? \u00bfPor qu\u00e9?<\/strong><br><\/p>\n\n\n\n<p>Por supuesto que lo recomendar\u00eda. Hacer un voluntariado internacional de larga estancia como VOLPA es una experiencia \u00fanica y s\u00faper enriquecedora que te cambia la vida. S\u00e9 que irse un a\u00f1o fuera de tu pa\u00eds y lejos de tu familia y amigos puede dar v\u00e9rtigo, inseguridades y miedo, pero todo lo que recibes estando en terreno es mucho m\u00e1s potente e inigualable a todas las barreras que nos puedan frenan. Sin embargo, no creo que sea necesario cambiarse de continente para poder ayudar. Todos podemos colaborar en voluntariados en nuestras ciudades y en nuestros entornos m\u00e1s cercanos. Tan solo hay que estar dispuesto a dedicar parte de nuestro tiempo a una causa que nos mueva y nos motive a trabajar por un mundo mejor.<\/p>\n","protected":false},"excerpt":{"rendered":"<p>\u00bfC\u00f3mo supiste de VOLPA? \u00bfPor qu\u00e9 te apuntaste? Una amiga del Centro Loyola Valladolid me habl\u00f3 del VOLPA y siempre he tenido en la cabeza la idea de poder hacer un voluntariado internacional de larga estancia, pero creo que todo tiene su momento. Estando en Espa\u00f1a, estuve colaborando en diferentes voluntariados tanto en Valladolid como en Madrid, y cuando volv\u00ed de Irlanda sent\u00ed que hab\u00eda llegado mi momento. En realidad, fueron un conjunto de razones las que me empujaron a formar parte de VOLPA: abrir los ojos a otras realidades, poder salir de mi zona de confort, poner al pr\u00f3jimo en el centro de mis decisiones, luchar por un mundo m\u00e1s justo, discernir y reenfocar hacia donde quiero dirigir mi vida, intentar ayudar y apoyar a aquellas personas que no han tenido las mismas oportunidades que he tenido yo. En resumen, porque quer\u00eda darme a los dem\u00e1s y poder aportar [&hellip;]<\/p>\n","protected":false},"featured_media":36333,"template":"","meta":{"_acf_changed":false},"categories":[7],"tags":[191],"country":[],"cause":[132],"class_list":["post-36331","noticia","type-noticia","status-publish","has-post-thumbnail","hentry","category-noticia","tag-voluntariado","cause-participacion-y-ciudadania-global"],"acf":[],"yoast_head":"<!-- This site is optimized with the Yoast SEO Premium plugin v21.6 (Yoast SEO v27.5) - https:\/\/yoast.com\/product\/yoast-seo-premium-wordpress\/ -->\n<title>Javier Muruz\u00e1bal Garrido - VOLPA en Per\u00fa - Entreculturas<\/title>\n<meta name=\"description\" content=\"Javier es voluntario en Per\u00fa, donde est\u00e1 viviendo una experiencia transformadora que le permite conectar con otras realidades.\" \/>\n<meta name=\"robots\" content=\"index, follow, max-snippet:-1, max-image-preview:large, max-video-preview:-1\" \/>\n<link rel=\"canonical\" href=\"https:\/\/www.entreculturas.org\/ca\/noticia\/javier-muruzabal-garrido-volpa-en-peru\/\" \/>\n<meta property=\"og:locale\" content=\"ca_ES\" \/>\n<meta property=\"og:type\" content=\"article\" \/>\n<meta property=\"og:title\" content=\"Javier Muruz\u00e1bal Garrido - VOLPA en Per\u00fa\" \/>\n<meta property=\"og:description\" content=\"Javier es voluntario en Per\u00fa, donde est\u00e1 viviendo una experiencia transformadora que le permite conectar con otras realidades.\" \/>\n<meta property=\"og:url\" content=\"https:\/\/www.entreculturas.org\/ca\/noticia\/javier-muruzabal-garrido-volpa-en-peru\/\" \/>\n<meta property=\"og:site_name\" content=\"Entreculturas\" \/>\n<meta property=\"article:publisher\" content=\"https:\/\/www.facebook.com\/entreculturas\" \/>\n<meta property=\"article:modified_time\" content=\"2024-12-04T08:59:05+00:00\" \/>\n<meta property=\"og:image\" content=\"https:\/\/www.entreculturas.org\/wp-content\/uploads\/2024\/12\/VOLPA-4-scaled-e1733302729766.jpg\" \/>\n\t<meta property=\"og:image:width\" content=\"2560\" \/>\n\t<meta property=\"og:image:height\" content=\"1092\" \/>\n\t<meta property=\"og:image:type\" content=\"image\/jpeg\" \/>\n<meta name=\"twitter:card\" content=\"summary_large_image\" \/>\n<meta name=\"twitter:site\" content=\"@Entreculturas\" \/>\n<script type=\"application\/ld+json\" class=\"yoast-schema-graph\">{\"@context\":\"https:\\\/\\\/schema.org\",\"@graph\":[{\"@type\":\"WebPage\",\"@id\":\"https:\\\/\\\/www.entreculturas.org\\\/ca\\\/noticia\\\/javier-muruzabal-garrido-volpa-en-peru\\\/\",\"url\":\"https:\\\/\\\/www.entreculturas.org\\\/ca\\\/noticia\\\/javier-muruzabal-garrido-volpa-en-peru\\\/\",\"name\":\"Javier Muruz\u00e1bal Garrido - VOLPA en Per\u00fa - Entreculturas\",\"isPartOf\":{\"@id\":\"https:\\\/\\\/www.entreculturas.org\\\/ca\\\/#website\"},\"primaryImageOfPage\":{\"@id\":\"https:\\\/\\\/www.entreculturas.org\\\/ca\\\/noticia\\\/javier-muruzabal-garrido-volpa-en-peru\\\/#primaryimage\"},\"image\":{\"@id\":\"https:\\\/\\\/www.entreculturas.org\\\/ca\\\/noticia\\\/javier-muruzabal-garrido-volpa-en-peru\\\/#primaryimage\"},\"thumbnailUrl\":\"https:\\\/\\\/www.entreculturas.org\\\/wp-content\\\/uploads\\\/2024\\\/12\\\/VOLPA-4-scaled-e1733302729766.jpg\",\"datePublished\":\"2024-12-03T13:39:13+00:00\",\"dateModified\":\"2024-12-04T08:59:05+00:00\",\"description\":\"Javier es voluntario en Per\u00fa, donde est\u00e1 viviendo una experiencia transformadora que le permite conectar con otras realidades.\",\"breadcrumb\":{\"@id\":\"https:\\\/\\\/www.entreculturas.org\\\/ca\\\/noticia\\\/javier-muruzabal-garrido-volpa-en-peru\\\/#breadcrumb\"},\"inLanguage\":\"ca\",\"potentialAction\":[{\"@type\":\"ReadAction\",\"target\":[\"https:\\\/\\\/www.entreculturas.org\\\/ca\\\/noticia\\\/javier-muruzabal-garrido-volpa-en-peru\\\/\"]}]},{\"@type\":\"ImageObject\",\"inLanguage\":\"ca\",\"@id\":\"https:\\\/\\\/www.entreculturas.org\\\/ca\\\/noticia\\\/javier-muruzabal-garrido-volpa-en-peru\\\/#primaryimage\",\"url\":\"https:\\\/\\\/www.entreculturas.org\\\/wp-content\\\/uploads\\\/2024\\\/12\\\/VOLPA-4-scaled-e1733302729766.jpg\",\"contentUrl\":\"https:\\\/\\\/www.entreculturas.org\\\/wp-content\\\/uploads\\\/2024\\\/12\\\/VOLPA-4-scaled-e1733302729766.jpg\",\"width\":2560,\"height\":1092},{\"@type\":\"BreadcrumbList\",\"@id\":\"https:\\\/\\\/www.entreculturas.org\\\/ca\\\/noticia\\\/javier-muruzabal-garrido-volpa-en-peru\\\/#breadcrumb\",\"itemListElement\":[{\"@type\":\"ListItem\",\"position\":1,\"name\":\"Home\",\"item\":\"https:\\\/\\\/www.entreculturas.org\\\/ca\\\/\"},{\"@type\":\"ListItem\",\"position\":2,\"name\":\"Noticias\",\"item\":\"https:\\\/\\\/www.entreculturas.org\\\/ca\\\/noticias\\\/\"},{\"@type\":\"ListItem\",\"position\":3,\"name\":\"Javier Muruz\u00e1bal Garrido &#8211; VOLPA en Per\u00fa\"}]},{\"@type\":\"WebSite\",\"@id\":\"https:\\\/\\\/www.entreculturas.org\\\/ca\\\/#website\",\"url\":\"https:\\\/\\\/www.entreculturas.org\\\/ca\\\/\",\"name\":\"Entreculturas\",\"description\":\"\",\"publisher\":{\"@id\":\"https:\\\/\\\/www.entreculturas.org\\\/ca\\\/#organization\"},\"alternateName\":\"Entreculturas\",\"potentialAction\":[{\"@type\":\"SearchAction\",\"target\":{\"@type\":\"EntryPoint\",\"urlTemplate\":\"https:\\\/\\\/www.entreculturas.org\\\/ca\\\/?s={search_term_string}\"},\"query-input\":{\"@type\":\"PropertyValueSpecification\",\"valueRequired\":true,\"valueName\":\"search_term_string\"}}],\"inLanguage\":\"ca\"},{\"@type\":\"Organization\",\"@id\":\"https:\\\/\\\/www.entreculturas.org\\\/ca\\\/#organization\",\"name\":\"Entreculturas\",\"url\":\"https:\\\/\\\/www.entreculturas.org\\\/ca\\\/\",\"logo\":{\"@type\":\"ImageObject\",\"inLanguage\":\"ca\",\"@id\":\"https:\\\/\\\/www.entreculturas.org\\\/ca\\\/#\\\/schema\\\/logo\\\/image\\\/\",\"url\":\"https:\\\/\\\/www.entreculturas.org\\\/wp-content\\\/uploads\\\/2025\\\/10\\\/ESP.svg\",\"contentUrl\":\"https:\\\/\\\/www.entreculturas.org\\\/wp-content\\\/uploads\\\/2025\\\/10\\\/ESP.svg\",\"caption\":\"Entreculturas\"},\"image\":{\"@id\":\"https:\\\/\\\/www.entreculturas.org\\\/ca\\\/#\\\/schema\\\/logo\\\/image\\\/\"},\"sameAs\":[\"https:\\\/\\\/www.facebook.com\\\/entreculturas\",\"https:\\\/\\\/x.com\\\/Entreculturas\",\"https:\\\/\\\/www.instagram.com\\\/entreculturas\\\/\",\"https:\\\/\\\/www.youtube.com\\\/user\\\/entreculturasvideo\",\"https:\\\/\\\/www.linkedin.com\\\/company\\\/fundacion-entreculturas-ngdo\\\/\",\"https:\\\/\\\/www.flickr.com\\\/photos\\\/98455522@N04\\\/albums\\\/\"]}]}<\/script>\n<!-- \/ Yoast SEO Premium plugin. -->","yoast_head_json":{"title":"Javier Muruz\u00e1bal Garrido - VOLPA en Per\u00fa - Entreculturas","description":"Javier es voluntario en Per\u00fa, donde est\u00e1 viviendo una experiencia transformadora que le permite conectar con otras realidades.","robots":{"index":"index","follow":"follow","max-snippet":"max-snippet:-1","max-image-preview":"max-image-preview:large","max-video-preview":"max-video-preview:-1"},"canonical":"https:\/\/www.entreculturas.org\/ca\/noticia\/javier-muruzabal-garrido-volpa-en-peru\/","og_locale":"ca_ES","og_type":"article","og_title":"Javier Muruz\u00e1bal Garrido - VOLPA en Per\u00fa","og_description":"Javier es voluntario en Per\u00fa, donde est\u00e1 viviendo una experiencia transformadora que le permite conectar con otras realidades.","og_url":"https:\/\/www.entreculturas.org\/ca\/noticia\/javier-muruzabal-garrido-volpa-en-peru\/","og_site_name":"Entreculturas","article_publisher":"https:\/\/www.facebook.com\/entreculturas","article_modified_time":"2024-12-04T08:59:05+00:00","og_image":[{"width":2560,"height":1092,"url":"https:\/\/www.entreculturas.org\/wp-content\/uploads\/2024\/12\/VOLPA-4-scaled-e1733302729766.jpg","type":"image\/jpeg"}],"twitter_card":"summary_large_image","twitter_site":"@Entreculturas","schema":{"@context":"https:\/\/schema.org","@graph":[{"@type":"WebPage","@id":"https:\/\/www.entreculturas.org\/ca\/noticia\/javier-muruzabal-garrido-volpa-en-peru\/","url":"https:\/\/www.entreculturas.org\/ca\/noticia\/javier-muruzabal-garrido-volpa-en-peru\/","name":"Javier Muruz\u00e1bal Garrido - VOLPA en Per\u00fa - Entreculturas","isPartOf":{"@id":"https:\/\/www.entreculturas.org\/ca\/#website"},"primaryImageOfPage":{"@id":"https:\/\/www.entreculturas.org\/ca\/noticia\/javier-muruzabal-garrido-volpa-en-peru\/#primaryimage"},"image":{"@id":"https:\/\/www.entreculturas.org\/ca\/noticia\/javier-muruzabal-garrido-volpa-en-peru\/#primaryimage"},"thumbnailUrl":"https:\/\/www.entreculturas.org\/wp-content\/uploads\/2024\/12\/VOLPA-4-scaled-e1733302729766.jpg","datePublished":"2024-12-03T13:39:13+00:00","dateModified":"2024-12-04T08:59:05+00:00","description":"Javier es voluntario en Per\u00fa, donde est\u00e1 viviendo una experiencia transformadora que le permite conectar con otras realidades.","breadcrumb":{"@id":"https:\/\/www.entreculturas.org\/ca\/noticia\/javier-muruzabal-garrido-volpa-en-peru\/#breadcrumb"},"inLanguage":"ca","potentialAction":[{"@type":"ReadAction","target":["https:\/\/www.entreculturas.org\/ca\/noticia\/javier-muruzabal-garrido-volpa-en-peru\/"]}]},{"@type":"ImageObject","inLanguage":"ca","@id":"https:\/\/www.entreculturas.org\/ca\/noticia\/javier-muruzabal-garrido-volpa-en-peru\/#primaryimage","url":"https:\/\/www.entreculturas.org\/wp-content\/uploads\/2024\/12\/VOLPA-4-scaled-e1733302729766.jpg","contentUrl":"https:\/\/www.entreculturas.org\/wp-content\/uploads\/2024\/12\/VOLPA-4-scaled-e1733302729766.jpg","width":2560,"height":1092},{"@type":"BreadcrumbList","@id":"https:\/\/www.entreculturas.org\/ca\/noticia\/javier-muruzabal-garrido-volpa-en-peru\/#breadcrumb","itemListElement":[{"@type":"ListItem","position":1,"name":"Home","item":"https:\/\/www.entreculturas.org\/ca\/"},{"@type":"ListItem","position":2,"name":"Noticias","item":"https:\/\/www.entreculturas.org\/ca\/noticias\/"},{"@type":"ListItem","position":3,"name":"Javier Muruz\u00e1bal Garrido &#8211; VOLPA en Per\u00fa"}]},{"@type":"WebSite","@id":"https:\/\/www.entreculturas.org\/ca\/#website","url":"https:\/\/www.entreculturas.org\/ca\/","name":"Entreculturas","description":"","publisher":{"@id":"https:\/\/www.entreculturas.org\/ca\/#organization"},"alternateName":"Entreculturas","potentialAction":[{"@type":"SearchAction","target":{"@type":"EntryPoint","urlTemplate":"https:\/\/www.entreculturas.org\/ca\/?s={search_term_string}"},"query-input":{"@type":"PropertyValueSpecification","valueRequired":true,"valueName":"search_term_string"}}],"inLanguage":"ca"},{"@type":"Organization","@id":"https:\/\/www.entreculturas.org\/ca\/#organization","name":"Entreculturas","url":"https:\/\/www.entreculturas.org\/ca\/","logo":{"@type":"ImageObject","inLanguage":"ca","@id":"https:\/\/www.entreculturas.org\/ca\/#\/schema\/logo\/image\/","url":"https:\/\/www.entreculturas.org\/wp-content\/uploads\/2025\/10\/ESP.svg","contentUrl":"https:\/\/www.entreculturas.org\/wp-content\/uploads\/2025\/10\/ESP.svg","caption":"Entreculturas"},"image":{"@id":"https:\/\/www.entreculturas.org\/ca\/#\/schema\/logo\/image\/"},"sameAs":["https:\/\/www.facebook.com\/entreculturas","https:\/\/x.com\/Entreculturas","https:\/\/www.instagram.com\/entreculturas\/","https:\/\/www.youtube.com\/user\/entreculturasvideo","https:\/\/www.linkedin.com\/company\/fundacion-entreculturas-ngdo\/","https:\/\/www.flickr.com\/photos\/98455522@N04\/albums\/"]}]}},"_links":{"self":[{"href":"https:\/\/www.entreculturas.org\/ca\/wp-json\/wp\/v2\/noticia\/36331","targetHints":{"allow":["GET"]}}],"collection":[{"href":"https:\/\/www.entreculturas.org\/ca\/wp-json\/wp\/v2\/noticia"}],"about":[{"href":"https:\/\/www.entreculturas.org\/ca\/wp-json\/wp\/v2\/types\/noticia"}],"wp:featuredmedia":[{"embeddable":true,"href":"https:\/\/www.entreculturas.org\/ca\/wp-json\/wp\/v2\/media\/36333"}],"wp:attachment":[{"href":"https:\/\/www.entreculturas.org\/ca\/wp-json\/wp\/v2\/media?parent=36331"}],"wp:term":[{"taxonomy":"category","embeddable":true,"href":"https:\/\/www.entreculturas.org\/ca\/wp-json\/wp\/v2\/categories?post=36331"},{"taxonomy":"post_tag","embeddable":true,"href":"https:\/\/www.entreculturas.org\/ca\/wp-json\/wp\/v2\/tags?post=36331"},{"taxonomy":"country","embeddable":true,"href":"https:\/\/www.entreculturas.org\/ca\/wp-json\/wp\/v2\/country?post=36331"},{"taxonomy":"cause","embeddable":true,"href":"https:\/\/www.entreculturas.org\/ca\/wp-json\/wp\/v2\/cause?post=36331"}],"curies":[{"name":"wp","href":"https:\/\/api.w.org\/{rel}","templated":true}]}}