{"id":36121,"date":"2024-11-28T15:04:09","date_gmt":"2024-11-28T14:04:09","guid":{"rendered":"https:\/\/www.entreculturas.org\/?post_type=noticia&#038;p=36121"},"modified":"2024-11-28T15:04:12","modified_gmt":"2024-11-28T14:04:12","slug":"entreculturas-participa-en-el-acto-de-entrega-de-ayudas-2024-de-fundacion-ibercaja","status":"publish","type":"noticia","link":"https:\/\/www.entreculturas.org\/ca\/noticia\/entreculturas-participa-en-el-acto-de-entrega-de-ayudas-2024-de-fundacion-ibercaja\/","title":{"rendered":"Entreculturas participa en el Acto de Entrega de Ayudas 2024 de Fundaci\u00f3n Ibercaja"},"content":{"rendered":"\n<p>El pasado 14 de noviembre, Entreculturas tuvo el honor de participar en el acto de entrega de ayudas sociales de Fundaci\u00f3n Ibercaja, que tuvo lugar en el Auditorio del Colegio Oficial de Arquitectos de Madrid (COAM). Este evento reconoci\u00f3 a las 47 entidades seleccionadas en la Comunidad de Madrid como beneficiarias de su decimonovena convocatoria de Proyectos Sociales, entre las cuales se encuentra nuestro proyecto \u201c<a href=\"https:\/\/www.soycometa.org\/\"><strong>Soy Cometa<\/strong><\/a>\u201d desarrollado en colaboraci\u00f3n con la Fundaci\u00f3n Amoverse. Este proyecto brinda acompa\u00f1amiento tanto familiar como individual y diversas actividades l\u00fadicas a 150 ni\u00f1os y ni\u00f1as que participan en los centros de d\u00eda de los barrios madrile\u00f1os de El Pozo del T\u00edo Raimundo y La Ventilla, impulsando la participaci\u00f3n y su desarrollo f\u00edsico y emocional.<\/p>\n\n\n\n<p><\/p>\n\n\n\n<p>El evento fue presidido por diferentes personas destacadas de Fundaci\u00f3n Ibercaja como Jos\u00e9 Luis Rodrigo, \u00cd\u00f1igo Aguirre y Jos\u00e9 Vicente Marco, el acto reflej\u00f3 el compromiso de la entidad con la reducci\u00f3n de desigualdades y el impulso a la inclusi\u00f3n social. Asimismo, la jornada cont\u00f3 con la inspiradora conferencia titulada <strong>\u201cEl aprendizaje de la valent\u00eda\u201d<\/strong>, impartida por el fil\u00f3sofo y divulgador Jos\u00e9 Antonio Marina, haciendo \u00e9nfasis en c\u00f3mo la verdadera valent\u00eda est\u00e1 en el buscar \u201chacer el bien\u201d.<\/p>\n\n\n\n<p><\/p>\n\n\n\n<p>Esta convocatoria de ayudas representa un modelo ejemplar de colaboraci\u00f3n con el tejido social, apoyando iniciativas que promueven la inserci\u00f3n laboral, la mejora educativa y el desarrollo personal de colectivos en riesgo de exclusi\u00f3n. Para Entreculturas, ser parte de esta red no solo significa recibir apoyo econ\u00f3mico, sino tambi\u00e9n fortalecer la visi\u00f3n compartida de transformar vidas a trav\u00e9s de la educaci\u00f3n y la igualdad de oportunidades, siempre buscando fomentar el trabajo en red.&nbsp;&nbsp;<\/p>\n\n\n\n<p><\/p>\n\n\n\n<p>Aprovechamos esta ocasi\u00f3n para invitar a m\u00e1s empresas y organizaciones a sumarse a este tipo de iniciativas. La colaboraci\u00f3n entre el sector privado y las entidades sociales potencia el impacto de cada proyecto y crea un modelo de responsabilidad compartida que genera cambios sostenibles y profundos en nuestra sociedad.<\/p>\n\n\n\n<p><\/p>\n\n\n\n<figure class=\"wp-block-image size-large\"><img decoding=\"async\" width=\"1024\" height=\"404\" src=\"https:\/\/www.entreculturas.org\/wp-content\/uploads\/2024\/11\/Acto-entrega-Ibercaja-1024x404.jpg\" alt=\"Fundaci\u00f3n Ibercaja\" class=\"wp-image-36111\" srcset=\"https:\/\/www.entreculturas.org\/wp-content\/uploads\/2024\/11\/Acto-entrega-Ibercaja-1024x404.jpg 1024w, https:\/\/www.entreculturas.org\/wp-content\/uploads\/2024\/11\/Acto-entrega-Ibercaja-300x118.jpg 300w, https:\/\/www.entreculturas.org\/wp-content\/uploads\/2024\/11\/Acto-entrega-Ibercaja-768x303.jpg 768w, https:\/\/www.entreculturas.org\/wp-content\/uploads\/2024\/11\/Acto-entrega-Ibercaja-1536x605.jpg 1536w, https:\/\/www.entreculturas.org\/wp-content\/uploads\/2024\/11\/Acto-entrega-Ibercaja.jpg 1700w\" sizes=\"(max-width: 1024px) 100vw, 1024px\" \/><\/figure>\n","protected":false},"excerpt":{"rendered":"<p>El pasado 14 de noviembre, Entreculturas tuvo el honor de participar en el acto de entrega de ayudas sociales de Fundaci\u00f3n Ibercaja, que tuvo lugar en el Auditorio del Colegio Oficial de Arquitectos de Madrid (COAM). Este evento reconoci\u00f3 a las 47 entidades seleccionadas en la Comunidad de Madrid como beneficiarias de su decimonovena convocatoria de Proyectos Sociales, entre las cuales se encuentra nuestro proyecto \u201cSoy Cometa\u201d desarrollado en colaboraci\u00f3n con la Fundaci\u00f3n Amoverse. Este proyecto brinda acompa\u00f1amiento tanto familiar como individual y diversas actividades l\u00fadicas a 150 ni\u00f1os y ni\u00f1as que participan en los centros de d\u00eda de los barrios madrile\u00f1os de El Pozo del T\u00edo Raimundo y La Ventilla, impulsando la participaci\u00f3n y su desarrollo f\u00edsico y emocional. El evento fue presidido por diferentes personas destacadas de Fundaci\u00f3n Ibercaja como Jos\u00e9 Luis Rodrigo, \u00cd\u00f1igo Aguirre y Jos\u00e9 Vicente Marco, el acto reflej\u00f3 el compromiso de la entidad con [&hellip;]<\/p>\n","protected":false},"featured_media":36116,"template":"","meta":{"_acf_changed":false},"categories":[7],"tags":[196],"country":[],"cause":[],"class_list":["post-36121","noticia","type-noticia","status-publish","has-post-thumbnail","hentry","category-noticia","tag-rsc"],"acf":[],"yoast_head":"<!-- This site is optimized with the Yoast SEO Premium plugin v21.6 (Yoast SEO v27.5) - https:\/\/yoast.com\/product\/yoast-seo-premium-wordpress\/ -->\n<title>Entreculturas en la Entrega de Ayudas 2024 de Fundaci\u00f3n Ibercaja<\/title>\n<meta name=\"description\" content=\"El 14 de noviembre Entreculturas tuvo el honor de participar en el acto de entrega de ayudas sociales de Fundaci\u00f3n Ibercaja\" \/>\n<meta name=\"robots\" content=\"index, follow, max-snippet:-1, max-image-preview:large, max-video-preview:-1\" \/>\n<link rel=\"canonical\" href=\"https:\/\/www.entreculturas.org\/ca\/noticia\/entreculturas-participa-en-el-acto-de-entrega-de-ayudas-2024-de-fundacion-ibercaja\/\" \/>\n<meta property=\"og:locale\" content=\"ca_ES\" \/>\n<meta property=\"og:type\" content=\"article\" \/>\n<meta property=\"og:title\" content=\"Entreculturas participa en el Acto de Entrega de Ayudas 2024 de Fundaci\u00f3n Ibercaja\" \/>\n<meta property=\"og:description\" content=\"El 14 de noviembre Entreculturas tuvo el honor de participar en el acto de entrega de ayudas sociales de Fundaci\u00f3n Ibercaja\" \/>\n<meta property=\"og:url\" content=\"https:\/\/www.entreculturas.org\/ca\/noticia\/entreculturas-participa-en-el-acto-de-entrega-de-ayudas-2024-de-fundacion-ibercaja\/\" \/>\n<meta property=\"og:site_name\" content=\"Entreculturas\" \/>\n<meta property=\"article:publisher\" content=\"https:\/\/www.facebook.com\/entreculturas\" \/>\n<meta property=\"article:modified_time\" content=\"2024-11-28T14:04:12+00:00\" \/>\n<meta property=\"og:image\" content=\"https:\/\/www.entreculturas.org\/wp-content\/uploads\/2024\/11\/Acto-Ibercaja.jpg\" \/>\n\t<meta property=\"og:image:width\" content=\"1600\" \/>\n\t<meta property=\"og:image:height\" content=\"1066\" \/>\n\t<meta property=\"og:image:type\" content=\"image\/jpeg\" \/>\n<meta name=\"twitter:card\" content=\"summary_large_image\" \/>\n<meta name=\"twitter:site\" content=\"@Entreculturas\" \/>\n<script type=\"application\/ld+json\" class=\"yoast-schema-graph\">{\"@context\":\"https:\\\/\\\/schema.org\",\"@graph\":[{\"@type\":\"WebPage\",\"@id\":\"https:\\\/\\\/www.entreculturas.org\\\/ca\\\/noticia\\\/entreculturas-participa-en-el-acto-de-entrega-de-ayudas-2024-de-fundacion-ibercaja\\\/\",\"url\":\"https:\\\/\\\/www.entreculturas.org\\\/ca\\\/noticia\\\/entreculturas-participa-en-el-acto-de-entrega-de-ayudas-2024-de-fundacion-ibercaja\\\/\",\"name\":\"Entreculturas en la Entrega de Ayudas 2024 de Fundaci\u00f3n Ibercaja\",\"isPartOf\":{\"@id\":\"https:\\\/\\\/www.entreculturas.org\\\/ca\\\/#website\"},\"primaryImageOfPage\":{\"@id\":\"https:\\\/\\\/www.entreculturas.org\\\/ca\\\/noticia\\\/entreculturas-participa-en-el-acto-de-entrega-de-ayudas-2024-de-fundacion-ibercaja\\\/#primaryimage\"},\"image\":{\"@id\":\"https:\\\/\\\/www.entreculturas.org\\\/ca\\\/noticia\\\/entreculturas-participa-en-el-acto-de-entrega-de-ayudas-2024-de-fundacion-ibercaja\\\/#primaryimage\"},\"thumbnailUrl\":\"https:\\\/\\\/www.entreculturas.org\\\/wp-content\\\/uploads\\\/2024\\\/11\\\/Acto-Ibercaja.jpg\",\"datePublished\":\"2024-11-28T14:04:09+00:00\",\"dateModified\":\"2024-11-28T14:04:12+00:00\",\"description\":\"El 14 de noviembre Entreculturas tuvo el honor de participar en el acto de entrega de ayudas sociales de Fundaci\u00f3n Ibercaja\",\"breadcrumb\":{\"@id\":\"https:\\\/\\\/www.entreculturas.org\\\/ca\\\/noticia\\\/entreculturas-participa-en-el-acto-de-entrega-de-ayudas-2024-de-fundacion-ibercaja\\\/#breadcrumb\"},\"inLanguage\":\"ca\",\"potentialAction\":[{\"@type\":\"ReadAction\",\"target\":[\"https:\\\/\\\/www.entreculturas.org\\\/ca\\\/noticia\\\/entreculturas-participa-en-el-acto-de-entrega-de-ayudas-2024-de-fundacion-ibercaja\\\/\"]}]},{\"@type\":\"ImageObject\",\"inLanguage\":\"ca\",\"@id\":\"https:\\\/\\\/www.entreculturas.org\\\/ca\\\/noticia\\\/entreculturas-participa-en-el-acto-de-entrega-de-ayudas-2024-de-fundacion-ibercaja\\\/#primaryimage\",\"url\":\"https:\\\/\\\/www.entreculturas.org\\\/wp-content\\\/uploads\\\/2024\\\/11\\\/Acto-Ibercaja.jpg\",\"contentUrl\":\"https:\\\/\\\/www.entreculturas.org\\\/wp-content\\\/uploads\\\/2024\\\/11\\\/Acto-Ibercaja.jpg\",\"width\":1600,\"height\":1066,\"caption\":\"Fundacion Ibercaja\"},{\"@type\":\"BreadcrumbList\",\"@id\":\"https:\\\/\\\/www.entreculturas.org\\\/ca\\\/noticia\\\/entreculturas-participa-en-el-acto-de-entrega-de-ayudas-2024-de-fundacion-ibercaja\\\/#breadcrumb\",\"itemListElement\":[{\"@type\":\"ListItem\",\"position\":1,\"name\":\"Home\",\"item\":\"https:\\\/\\\/www.entreculturas.org\\\/ca\\\/\"},{\"@type\":\"ListItem\",\"position\":2,\"name\":\"Noticias\",\"item\":\"https:\\\/\\\/www.entreculturas.org\\\/ca\\\/noticias\\\/\"},{\"@type\":\"ListItem\",\"position\":3,\"name\":\"Entreculturas participa en el Acto de Entrega de Ayudas 2024 de Fundaci\u00f3n Ibercaja\"}]},{\"@type\":\"WebSite\",\"@id\":\"https:\\\/\\\/www.entreculturas.org\\\/ca\\\/#website\",\"url\":\"https:\\\/\\\/www.entreculturas.org\\\/ca\\\/\",\"name\":\"Entreculturas\",\"description\":\"\",\"publisher\":{\"@id\":\"https:\\\/\\\/www.entreculturas.org\\\/ca\\\/#organization\"},\"alternateName\":\"Entreculturas\",\"potentialAction\":[{\"@type\":\"SearchAction\",\"target\":{\"@type\":\"EntryPoint\",\"urlTemplate\":\"https:\\\/\\\/www.entreculturas.org\\\/ca\\\/?s={search_term_string}\"},\"query-input\":{\"@type\":\"PropertyValueSpecification\",\"valueRequired\":true,\"valueName\":\"search_term_string\"}}],\"inLanguage\":\"ca\"},{\"@type\":\"Organization\",\"@id\":\"https:\\\/\\\/www.entreculturas.org\\\/ca\\\/#organization\",\"name\":\"Entreculturas\",\"url\":\"https:\\\/\\\/www.entreculturas.org\\\/ca\\\/\",\"logo\":{\"@type\":\"ImageObject\",\"inLanguage\":\"ca\",\"@id\":\"https:\\\/\\\/www.entreculturas.org\\\/ca\\\/#\\\/schema\\\/logo\\\/image\\\/\",\"url\":\"https:\\\/\\\/www.entreculturas.org\\\/wp-content\\\/uploads\\\/2025\\\/10\\\/ESP.svg\",\"contentUrl\":\"https:\\\/\\\/www.entreculturas.org\\\/wp-content\\\/uploads\\\/2025\\\/10\\\/ESP.svg\",\"caption\":\"Entreculturas\"},\"image\":{\"@id\":\"https:\\\/\\\/www.entreculturas.org\\\/ca\\\/#\\\/schema\\\/logo\\\/image\\\/\"},\"sameAs\":[\"https:\\\/\\\/www.facebook.com\\\/entreculturas\",\"https:\\\/\\\/x.com\\\/Entreculturas\",\"https:\\\/\\\/www.instagram.com\\\/entreculturas\\\/\",\"https:\\\/\\\/www.youtube.com\\\/user\\\/entreculturasvideo\",\"https:\\\/\\\/www.linkedin.com\\\/company\\\/fundacion-entreculturas-ngdo\\\/\",\"https:\\\/\\\/www.flickr.com\\\/photos\\\/98455522@N04\\\/albums\\\/\"]}]}<\/script>\n<!-- \/ Yoast SEO Premium plugin. -->","yoast_head_json":{"title":"Entreculturas en la Entrega de Ayudas 2024 de Fundaci\u00f3n Ibercaja","description":"El 14 de noviembre Entreculturas tuvo el honor de participar en el acto de entrega de ayudas sociales de Fundaci\u00f3n Ibercaja","robots":{"index":"index","follow":"follow","max-snippet":"max-snippet:-1","max-image-preview":"max-image-preview:large","max-video-preview":"max-video-preview:-1"},"canonical":"https:\/\/www.entreculturas.org\/ca\/noticia\/entreculturas-participa-en-el-acto-de-entrega-de-ayudas-2024-de-fundacion-ibercaja\/","og_locale":"ca_ES","og_type":"article","og_title":"Entreculturas participa en el Acto de Entrega de Ayudas 2024 de Fundaci\u00f3n Ibercaja","og_description":"El 14 de noviembre Entreculturas tuvo el honor de participar en el acto de entrega de ayudas sociales de Fundaci\u00f3n Ibercaja","og_url":"https:\/\/www.entreculturas.org\/ca\/noticia\/entreculturas-participa-en-el-acto-de-entrega-de-ayudas-2024-de-fundacion-ibercaja\/","og_site_name":"Entreculturas","article_publisher":"https:\/\/www.facebook.com\/entreculturas","article_modified_time":"2024-11-28T14:04:12+00:00","og_image":[{"width":1600,"height":1066,"url":"https:\/\/www.entreculturas.org\/wp-content\/uploads\/2024\/11\/Acto-Ibercaja.jpg","type":"image\/jpeg"}],"twitter_card":"summary_large_image","twitter_site":"@Entreculturas","schema":{"@context":"https:\/\/schema.org","@graph":[{"@type":"WebPage","@id":"https:\/\/www.entreculturas.org\/ca\/noticia\/entreculturas-participa-en-el-acto-de-entrega-de-ayudas-2024-de-fundacion-ibercaja\/","url":"https:\/\/www.entreculturas.org\/ca\/noticia\/entreculturas-participa-en-el-acto-de-entrega-de-ayudas-2024-de-fundacion-ibercaja\/","name":"Entreculturas en la Entrega de Ayudas 2024 de Fundaci\u00f3n Ibercaja","isPartOf":{"@id":"https:\/\/www.entreculturas.org\/ca\/#website"},"primaryImageOfPage":{"@id":"https:\/\/www.entreculturas.org\/ca\/noticia\/entreculturas-participa-en-el-acto-de-entrega-de-ayudas-2024-de-fundacion-ibercaja\/#primaryimage"},"image":{"@id":"https:\/\/www.entreculturas.org\/ca\/noticia\/entreculturas-participa-en-el-acto-de-entrega-de-ayudas-2024-de-fundacion-ibercaja\/#primaryimage"},"thumbnailUrl":"https:\/\/www.entreculturas.org\/wp-content\/uploads\/2024\/11\/Acto-Ibercaja.jpg","datePublished":"2024-11-28T14:04:09+00:00","dateModified":"2024-11-28T14:04:12+00:00","description":"El 14 de noviembre Entreculturas tuvo el honor de participar en el acto de entrega de ayudas sociales de Fundaci\u00f3n Ibercaja","breadcrumb":{"@id":"https:\/\/www.entreculturas.org\/ca\/noticia\/entreculturas-participa-en-el-acto-de-entrega-de-ayudas-2024-de-fundacion-ibercaja\/#breadcrumb"},"inLanguage":"ca","potentialAction":[{"@type":"ReadAction","target":["https:\/\/www.entreculturas.org\/ca\/noticia\/entreculturas-participa-en-el-acto-de-entrega-de-ayudas-2024-de-fundacion-ibercaja\/"]}]},{"@type":"ImageObject","inLanguage":"ca","@id":"https:\/\/www.entreculturas.org\/ca\/noticia\/entreculturas-participa-en-el-acto-de-entrega-de-ayudas-2024-de-fundacion-ibercaja\/#primaryimage","url":"https:\/\/www.entreculturas.org\/wp-content\/uploads\/2024\/11\/Acto-Ibercaja.jpg","contentUrl":"https:\/\/www.entreculturas.org\/wp-content\/uploads\/2024\/11\/Acto-Ibercaja.jpg","width":1600,"height":1066,"caption":"Fundacion Ibercaja"},{"@type":"BreadcrumbList","@id":"https:\/\/www.entreculturas.org\/ca\/noticia\/entreculturas-participa-en-el-acto-de-entrega-de-ayudas-2024-de-fundacion-ibercaja\/#breadcrumb","itemListElement":[{"@type":"ListItem","position":1,"name":"Home","item":"https:\/\/www.entreculturas.org\/ca\/"},{"@type":"ListItem","position":2,"name":"Noticias","item":"https:\/\/www.entreculturas.org\/ca\/noticias\/"},{"@type":"ListItem","position":3,"name":"Entreculturas participa en el Acto de Entrega de Ayudas 2024 de Fundaci\u00f3n Ibercaja"}]},{"@type":"WebSite","@id":"https:\/\/www.entreculturas.org\/ca\/#website","url":"https:\/\/www.entreculturas.org\/ca\/","name":"Entreculturas","description":"","publisher":{"@id":"https:\/\/www.entreculturas.org\/ca\/#organization"},"alternateName":"Entreculturas","potentialAction":[{"@type":"SearchAction","target":{"@type":"EntryPoint","urlTemplate":"https:\/\/www.entreculturas.org\/ca\/?s={search_term_string}"},"query-input":{"@type":"PropertyValueSpecification","valueRequired":true,"valueName":"search_term_string"}}],"inLanguage":"ca"},{"@type":"Organization","@id":"https:\/\/www.entreculturas.org\/ca\/#organization","name":"Entreculturas","url":"https:\/\/www.entreculturas.org\/ca\/","logo":{"@type":"ImageObject","inLanguage":"ca","@id":"https:\/\/www.entreculturas.org\/ca\/#\/schema\/logo\/image\/","url":"https:\/\/www.entreculturas.org\/wp-content\/uploads\/2025\/10\/ESP.svg","contentUrl":"https:\/\/www.entreculturas.org\/wp-content\/uploads\/2025\/10\/ESP.svg","caption":"Entreculturas"},"image":{"@id":"https:\/\/www.entreculturas.org\/ca\/#\/schema\/logo\/image\/"},"sameAs":["https:\/\/www.facebook.com\/entreculturas","https:\/\/x.com\/Entreculturas","https:\/\/www.instagram.com\/entreculturas\/","https:\/\/www.youtube.com\/user\/entreculturasvideo","https:\/\/www.linkedin.com\/company\/fundacion-entreculturas-ngdo\/","https:\/\/www.flickr.com\/photos\/98455522@N04\/albums\/"]}]}},"_links":{"self":[{"href":"https:\/\/www.entreculturas.org\/ca\/wp-json\/wp\/v2\/noticia\/36121","targetHints":{"allow":["GET"]}}],"collection":[{"href":"https:\/\/www.entreculturas.org\/ca\/wp-json\/wp\/v2\/noticia"}],"about":[{"href":"https:\/\/www.entreculturas.org\/ca\/wp-json\/wp\/v2\/types\/noticia"}],"wp:featuredmedia":[{"embeddable":true,"href":"https:\/\/www.entreculturas.org\/ca\/wp-json\/wp\/v2\/media\/36116"}],"wp:attachment":[{"href":"https:\/\/www.entreculturas.org\/ca\/wp-json\/wp\/v2\/media?parent=36121"}],"wp:term":[{"taxonomy":"category","embeddable":true,"href":"https:\/\/www.entreculturas.org\/ca\/wp-json\/wp\/v2\/categories?post=36121"},{"taxonomy":"post_tag","embeddable":true,"href":"https:\/\/www.entreculturas.org\/ca\/wp-json\/wp\/v2\/tags?post=36121"},{"taxonomy":"country","embeddable":true,"href":"https:\/\/www.entreculturas.org\/ca\/wp-json\/wp\/v2\/country?post=36121"},{"taxonomy":"cause","embeddable":true,"href":"https:\/\/www.entreculturas.org\/ca\/wp-json\/wp\/v2\/cause?post=36121"}],"curies":[{"name":"wp","href":"https:\/\/api.w.org\/{rel}","templated":true}]}}