{"id":3573,"date":"2019-09-25T14:17:06","date_gmt":"2019-09-25T14:17:06","guid":{"rendered":"https:\/\/entreculturasi.wpenginepowered.com\/?noticias=construyendo-puentes-de-ciudadania-global-la-red-solidaria-de-jovenes-viaja-argentina"},"modified":"2024-03-20T10:43:36","modified_gmt":"2024-03-20T09:43:36","slug":"construyendo-puentes-de-ciudadania-global-la-red-solidaria-de-jovenes-viaja-argentina","status":"publish","type":"noticia","link":"https:\/\/www.entreculturas.org\/ca\/noticia\/construyendo-puentes-de-ciudadania-global-la-red-solidaria-de-jovenes-viaja-argentina\/","title":{"rendered":"Construyendo puentes de Ciudadan\u00eda Global: La Red Solidaria de J\u00f3venes viaja a Argentina"},"content":{"rendered":"<p style=\"text-align: justify\">\n<p>&#8220;Fui a Argentina en b\u00fasqueda de nuevas experiencias, personas, aprendizajes\u2026, pero nunca me imagin\u00e9 que me iba a encontrar lo que all\u00ed me encontr\u00e9: uni\u00f3n, indignaci\u00f3n, fuerza, protagonismo, esperanza, fe&nbsp;en todos y cada uno de ellos, hospitalidad, amistad, familia, felicidad plena en m\u00ed y much\u00edsimo aprendizaje, m\u00e1s del que a\u00fan me puedo dar cuenta. Por ejemplo, no sab\u00eda lo que realmente era compartir hasta que llegu\u00e9 all\u00ed, no hab\u00eda d\u00eda en el que no pudieras sentirlo. <span style=\"color:#FF0000\"><strong>Compartir el ritmo, la m\u00fasica, la risa, la sonrisa, la comida, la experiencia, el imprescindible mate, las peque\u00f1as y grandes cosas; compartir lo poco que tengas, pero compartir.<\/strong><\/span>&nbsp; En caso de que tuviera que describir mi experiencia en dos palabras ser\u00edan: crecimiento y evoluci\u00f3n. Y como bien dec\u00edan los chicos tenemos que dejar claro que: SOMOS ARTE, SOMOS VIDA, SOMOS J\u00d3VENES PROTAGONISTAS&#8221;.&nbsp; Elvira Rodr\u00edguez Tenoro, Joven participante en la Red Solidaria de J\u00f3venes de Andaluc\u00eda. IES Juan de Mairena, Sevilla.&nbsp;<\/p>\n<p style=\"text-align: justify\">Desde el 31 de agosto hasta el 9 de septiembre, <strong>j\u00f3venes y docentes de la Red Solidaria de J\u00f3venes han viajado a Argentina, <\/strong>para conocerse y compartir con j\u00f3venes, educadoras, educadores de las regiones de Salta, Embarcaci\u00f3n y Taco Pozo de Fe y Alegr\u00eda Argentina. En este intercambio han participado un total de 8 j\u00f3venes y docentes de centros educativos participantes en la <strong>Red Solidaria de J\u00f3venes de Galicia, Extremadura y Andaluc\u00eda.&nbsp;&nbsp;<\/strong><img decoding=\"async\" alt=\"\" src=\"https:\/\/www.entreculturas.org\/wp-content\/uploads\/2019\/09\/whatsapp_image_2019-09-05_at_06.30.55.jpeg\" style=\"width: 400px;margin: 10px;float: left;height: 300px\"><\/p>\n<p style=\"text-align: justify\">El grupo viaj\u00f3 el pasado s\u00e1bado 31 de agosto a Salta, en el norte de Argentina, donde les recibieron las facilitadoras y el grupo de j\u00f3venes de <strong>Participaci\u00f3n Juvenil Organizada<\/strong> del barrio Solidaridad de Salta.&nbsp;<br \/>La semana de trabajo estuvo llena de ilusionantes espacios de encuentro y trabajo conjunto con alumnado, j\u00f3venes, docentes y las comunidades que han acogido al grupo de la RSJ, tanto en los centros de primaria y secundaria del barrio de Solidaridad de la ciudad de Salta, como en las regiones de Embarcaci\u00f3n y Taco Pozo.&nbsp; En los distintos espacios, los y las participantes de la Red Solidaria de J\u00f3venes espa\u00f1ola y del movimiento argentino de Protagonismo Juvenil Organizado han intercambiado experiencias y horizontes de futuro, recogiendo aprendizajes sobre sus formas de trabajo y consolidando el movimiento internacional de j\u00f3venes al que contribuyen desde sus distintas regiones: <strong>la Red Generaci\u00f3n 21+.&nbsp;<\/strong><\/p>\n<p><strong>Celia Mart\u00ednez,<\/strong> joven participante en la Red Solidaria de J\u00f3venes de Andaluc\u00eda. IES Juan de Mairena, Sevilla. hace balance de vuelta con su grupo de compa\u00f1er@s que \u201ccuando se me present\u00f3 esta oportunidad, cuando conoc\u00ed en la otra parte del mundo unas mentes tan maravillosas, me d\u00ed cuenta de que no est\u00e1bamos solos, de que la Red Generaci\u00f3n 21 es algo m\u00e1s que 3 adolescentes con sensibilidad y esperanza, sino que somos el mundo y sobretodo su fuerza. La fuerza de la estampida. <span style=\"color:#FF0000\"><strong>La voz del mundo es lo primero que me llevo de all\u00ed, esperanzas, ilusi\u00f3n y mi coraz\u00f3n en mayores dimensiones. Este viaje, ha tocado corazones, ha tocado cerebros y ha tocado vidas.<\/strong><\/span> Ha alimentado las ganas de mejorar nuestro mundo. Fuimos a un barrio donde conocimos su nombre en todos los sentidos, solidaridad. No me llevo solo alegr\u00eda, me llevo conmigo Argentina\u201d.<\/p>\n<p><img decoding=\"async\" alt=\"\" src=\"https:\/\/www.entreculturas.org\/wp-content\/uploads\/2019\/09\/whatsapp_image_2019-09-07_at_23.55.16_1.jpeg\" style=\"width: 400px;float: right;margin: 10px;height: 300px\">Durante el viaje, hubo ocasi\u00f3n de compartir acciones de movilizaci\u00f3n, como la organizada durante la celebraci\u00f3n en Salta del D\u00eda de las Juventudes Indignadas, o la participaci\u00f3n en el&nbsp; Encuentro Nacional de Facilitadores <strong>\u201cJuventudes Protagonistas por la Igualdad de G\u00e9nero\u201d, <\/strong>en el que las y los j\u00f3venes y el profesorado de la RSJ facilitaron talleres y una gymkhana sobre g\u00e9nero y coeducaci\u00f3n, adem\u00e1s de participar en talleres organizados por los grupos de j\u00f3venes facilitadoras\/es de todas las regiones del Programa Juventud Organizada en Argentina.&nbsp;<\/p>\n<p style=\"text-align: justify\"><strong>La experiencia enriquecedora de aprendizaje y compartir desde distintas miradas y con una meta com\u00fan impuls\u00f3 que pudiesen alinear agendas, movilizarse y generar horizontes de trabajo en conjunto para actuar localmente sobre los desaf\u00edos globales que les interpelan.&nbsp;<\/strong><\/p>\n<p><strong>Laura Gago<\/strong> es una joven participante en la Red Solidaria de J\u00f3venes de Extremadura. IES Albarregas, M\u00e9rida y reflexiona <span style=\"color:#FF0000\"><strong>\u201cMe traigo una maleta llena de aprendizajes que espero transmitir de la mejor forma posible, junto con valores que me han ense\u00f1ado all\u00ed, todos ellos desde peque\u00f1as acciones o detalles, como compartir, ayudar, preocuparse, acompa\u00f1ar, dar la mano,&#8230; Todos estamos de acuerdo en que son valores universales, pero son muy distintos dependiendo de la situaci\u00f3n de cada persona\u201d.<\/strong><\/span><\/p>\n<p>Por su parte, la profesora de la Red Solidaria de J\u00f3venes de Badajoz, Extremadura, <strong>Mar\u00eda Jos\u00e9 Le\u00f3n<\/strong>, es una firme convencida de las posibilidades que ha brindado este encuentro: <strong><span style=\"color:#FF0000\">\u201cTener la oportunidad de asistir al encuentro con otros j\u00f3venes y profesorado de la Red Generaci\u00f3n 21 nos interroga y a la vez nos anima y conforta a seguir comprometidos\/as en la Educaci\u00f3n para la ciudadan\u00eda mundial.&nbsp; Trabajar durante el encuentro una tem\u00e1tica globalizante hace que afinemos la mirada y tomemos conciencia sobre la importancia de una cultura de paz, los derechos humanos o el desarrollo sostenible.&nbsp;<\/span><\/strong> Ha sido muy gratificante poner rostro a tantos j\u00f3venes trabajando por unos mismos objetivos, una juventud que siente, reflexiona y aprende para alzar la voz, actuar y as\u00ed lograr transformar cada entorno, siempre&nbsp; desde la capacidad que tiene la educaci\u00f3n como instrumento fundamental y promotora de cambio.&nbsp; Es nuestra tarea seguir tendiendo puentes, porque las relaciones y los v\u00ednculos con personas tan distintas y con las mismas inquietudes, nos lleva al compartir conocimientos, capacidades y experiencias \u00fanicas encaminadas a transformar el mundo\u201d.<\/p>\n<p>Al ser todas y todos participantes de la Red 21+ en Argentina y Espa\u00f1a, los encuentros abrieron un mundo de posibilidades para compartir ideas, proyectos, formas de organizarse y herramientas para seguir trabajando en red, sin importar las distancias geogr\u00e1ficas. <strong>Una oportunidad \u00fanica de ciudadan\u00eda global, en la que tejer redes internacionales entre j\u00f3venes y profesorado, <\/strong>y seguir consolidando el movimiento internacional de j\u00f3venes por la transformaci\u00f3n social Red Generaci\u00f3n 21+. \u00a1Seguimos trabajando!<\/p>\n<p style=\"text-align: justify\">&nbsp;<\/p>\n<p style=\"text-align: justify\"><img decoding=\"async\" alt=\"\" src=\"https:\/\/www.entreculturas.org\/wp-content\/uploads\/2019\/09\/whatsapp_image_2019-09-05_at_06.28.35.jpeg\" style=\"width: 900px;height: 675px;margin: 10px\"><\/p>\n","protected":false},"excerpt":{"rendered":"<p>&#8220;Fui a Argentina en b\u00fasqueda de nuevas experiencias, personas, aprendizajes\u2026, pero nunca me imagin\u00e9 que me iba a encontrar lo que all\u00ed me encontr\u00e9: uni\u00f3n, indignaci\u00f3n, fuerza, protagonismo, esperanza, fe&nbsp;en todos y cada uno de ellos, hospitalidad, amistad, familia, felicidad plena en m\u00ed y much\u00edsimo aprendizaje, m\u00e1s del que a\u00fan me puedo dar cuenta. Por ejemplo, no sab\u00eda lo que realmente era compartir hasta que llegu\u00e9 all\u00ed, no hab\u00eda d\u00eda en el que no pudieras sentirlo. Compartir el ritmo, la m\u00fasica, la risa, la sonrisa, la comida, la experiencia, el imprescindible mate, las peque\u00f1as y grandes cosas; compartir lo poco que tengas, pero compartir.&nbsp; En caso de que tuviera que describir mi experiencia en dos palabras ser\u00edan: crecimiento y evoluci\u00f3n. Y como bien dec\u00edan los chicos tenemos que dejar claro que: SOMOS ARTE, SOMOS VIDA, SOMOS J\u00d3VENES PROTAGONISTAS&#8221;.&nbsp; Elvira Rodr\u00edguez Tenoro, Joven participante en la Red Solidaria de J\u00f3venes de [&hellip;]<\/p>\n","protected":false},"featured_media":3574,"template":"single-noticia","meta":{"_acf_changed":false},"categories":[7],"tags":[8],"country":[],"cause":[132],"class_list":["post-3573","noticia","type-noticia","status-publish","has-post-thumbnail","hentry","category-noticia","tag-participacion-y-ciudadania-global","cause-participacion-y-ciudadania-global"],"acf":[],"yoast_head":"<!-- This site is optimized with the Yoast SEO Premium plugin v21.6 (Yoast SEO v27.5) - https:\/\/yoast.com\/product\/yoast-seo-premium-wordpress\/ -->\n<title>Construyendo puentes de Ciudadan\u00eda Global: La Red Solidaria de J\u00f3venes viaja a Argentina - Entreculturas<\/title>\n<meta name=\"robots\" content=\"index, follow, max-snippet:-1, max-image-preview:large, max-video-preview:-1\" \/>\n<link rel=\"canonical\" href=\"https:\/\/www.entreculturas.org\/ca\/noticia\/construyendo-puentes-de-ciudadania-global-la-red-solidaria-de-jovenes-viaja-argentina\/\" \/>\n<meta property=\"og:locale\" content=\"ca_ES\" \/>\n<meta property=\"og:type\" content=\"article\" \/>\n<meta property=\"og:title\" content=\"Construyendo puentes de Ciudadan\u00eda Global: La Red Solidaria de J\u00f3venes viaja a Argentina\" \/>\n<meta property=\"og:description\" content=\"&#8220;Fui a Argentina en b\u00fasqueda de nuevas experiencias, personas, aprendizajes\u2026, pero nunca me imagin\u00e9 que me iba a encontrar lo que all\u00ed me encontr\u00e9: uni\u00f3n, indignaci\u00f3n, fuerza, protagonismo, esperanza, fe&nbsp;en todos y cada uno de ellos, hospitalidad, amistad, familia, felicidad plena en m\u00ed y much\u00edsimo aprendizaje, m\u00e1s del que a\u00fan me puedo dar cuenta. Por ejemplo, no sab\u00eda lo que realmente era compartir hasta que llegu\u00e9 all\u00ed, no hab\u00eda d\u00eda en el que no pudieras sentirlo. Compartir el ritmo, la m\u00fasica, la risa, la sonrisa, la comida, la experiencia, el imprescindible mate, las peque\u00f1as y grandes cosas; compartir lo poco que tengas, pero compartir.&nbsp; En caso de que tuviera que describir mi experiencia en dos palabras ser\u00edan: crecimiento y evoluci\u00f3n. Y como bien dec\u00edan los chicos tenemos que dejar claro que: SOMOS ARTE, SOMOS VIDA, SOMOS J\u00d3VENES PROTAGONISTAS&#8221;.&nbsp; Elvira Rodr\u00edguez Tenoro, Joven participante en la Red Solidaria de J\u00f3venes de [&hellip;]\" \/>\n<meta property=\"og:url\" content=\"https:\/\/www.entreculturas.org\/ca\/noticia\/construyendo-puentes-de-ciudadania-global-la-red-solidaria-de-jovenes-viaja-argentina\/\" \/>\n<meta property=\"og:site_name\" content=\"Entreculturas\" \/>\n<meta property=\"article:publisher\" content=\"https:\/\/www.facebook.com\/entreculturas\" \/>\n<meta property=\"article:modified_time\" content=\"2024-03-20T09:43:36+00:00\" \/>\n<meta property=\"og:image\" content=\"https:\/\/www.entreculturas.org\/wp-content\/uploads\/2019\/09\/20190903_155948.jpg\" \/>\n\t<meta property=\"og:image:width\" content=\"400\" \/>\n\t<meta property=\"og:image:height\" content=\"400\" \/>\n\t<meta property=\"og:image:type\" content=\"image\/jpeg\" \/>\n<meta name=\"twitter:card\" content=\"summary_large_image\" \/>\n<meta name=\"twitter:site\" content=\"@Entreculturas\" \/>\n<script type=\"application\/ld+json\" class=\"yoast-schema-graph\">{\"@context\":\"https:\\\/\\\/schema.org\",\"@graph\":[{\"@type\":\"WebPage\",\"@id\":\"https:\\\/\\\/www.entreculturas.org\\\/ca\\\/noticia\\\/construyendo-puentes-de-ciudadania-global-la-red-solidaria-de-jovenes-viaja-argentina\\\/\",\"url\":\"https:\\\/\\\/www.entreculturas.org\\\/ca\\\/noticia\\\/construyendo-puentes-de-ciudadania-global-la-red-solidaria-de-jovenes-viaja-argentina\\\/\",\"name\":\"Construyendo puentes de Ciudadan\u00eda Global: La Red Solidaria de J\u00f3venes viaja a Argentina - Entreculturas\",\"isPartOf\":{\"@id\":\"https:\\\/\\\/www.entreculturas.org\\\/ca\\\/#website\"},\"primaryImageOfPage\":{\"@id\":\"https:\\\/\\\/www.entreculturas.org\\\/ca\\\/noticia\\\/construyendo-puentes-de-ciudadania-global-la-red-solidaria-de-jovenes-viaja-argentina\\\/#primaryimage\"},\"image\":{\"@id\":\"https:\\\/\\\/www.entreculturas.org\\\/ca\\\/noticia\\\/construyendo-puentes-de-ciudadania-global-la-red-solidaria-de-jovenes-viaja-argentina\\\/#primaryimage\"},\"thumbnailUrl\":\"https:\\\/\\\/www.entreculturas.org\\\/wp-content\\\/uploads\\\/2019\\\/09\\\/20190903_155948.jpg\",\"datePublished\":\"2019-09-25T14:17:06+00:00\",\"dateModified\":\"2024-03-20T09:43:36+00:00\",\"breadcrumb\":{\"@id\":\"https:\\\/\\\/www.entreculturas.org\\\/ca\\\/noticia\\\/construyendo-puentes-de-ciudadania-global-la-red-solidaria-de-jovenes-viaja-argentina\\\/#breadcrumb\"},\"inLanguage\":\"ca\",\"potentialAction\":[{\"@type\":\"ReadAction\",\"target\":[\"https:\\\/\\\/www.entreculturas.org\\\/ca\\\/noticia\\\/construyendo-puentes-de-ciudadania-global-la-red-solidaria-de-jovenes-viaja-argentina\\\/\"]}]},{\"@type\":\"ImageObject\",\"inLanguage\":\"ca\",\"@id\":\"https:\\\/\\\/www.entreculturas.org\\\/ca\\\/noticia\\\/construyendo-puentes-de-ciudadania-global-la-red-solidaria-de-jovenes-viaja-argentina\\\/#primaryimage\",\"url\":\"https:\\\/\\\/www.entreculturas.org\\\/wp-content\\\/uploads\\\/2019\\\/09\\\/20190903_155948.jpg\",\"contentUrl\":\"https:\\\/\\\/www.entreculturas.org\\\/wp-content\\\/uploads\\\/2019\\\/09\\\/20190903_155948.jpg\",\"width\":400,\"height\":400,\"caption\":\"20190903_155948\"},{\"@type\":\"BreadcrumbList\",\"@id\":\"https:\\\/\\\/www.entreculturas.org\\\/ca\\\/noticia\\\/construyendo-puentes-de-ciudadania-global-la-red-solidaria-de-jovenes-viaja-argentina\\\/#breadcrumb\",\"itemListElement\":[{\"@type\":\"ListItem\",\"position\":1,\"name\":\"Home\",\"item\":\"https:\\\/\\\/www.entreculturas.org\\\/ca\\\/\"},{\"@type\":\"ListItem\",\"position\":2,\"name\":\"Noticias\",\"item\":\"https:\\\/\\\/www.entreculturas.org\\\/ca\\\/noticias\\\/\"},{\"@type\":\"ListItem\",\"position\":3,\"name\":\"Construyendo puentes de Ciudadan\u00eda Global: La Red Solidaria de J\u00f3venes viaja a Argentina\"}]},{\"@type\":\"WebSite\",\"@id\":\"https:\\\/\\\/www.entreculturas.org\\\/ca\\\/#website\",\"url\":\"https:\\\/\\\/www.entreculturas.org\\\/ca\\\/\",\"name\":\"Entreculturas\",\"description\":\"\",\"publisher\":{\"@id\":\"https:\\\/\\\/www.entreculturas.org\\\/ca\\\/#organization\"},\"alternateName\":\"Entreculturas\",\"potentialAction\":[{\"@type\":\"SearchAction\",\"target\":{\"@type\":\"EntryPoint\",\"urlTemplate\":\"https:\\\/\\\/www.entreculturas.org\\\/ca\\\/?s={search_term_string}\"},\"query-input\":{\"@type\":\"PropertyValueSpecification\",\"valueRequired\":true,\"valueName\":\"search_term_string\"}}],\"inLanguage\":\"ca\"},{\"@type\":\"Organization\",\"@id\":\"https:\\\/\\\/www.entreculturas.org\\\/ca\\\/#organization\",\"name\":\"Entreculturas\",\"url\":\"https:\\\/\\\/www.entreculturas.org\\\/ca\\\/\",\"logo\":{\"@type\":\"ImageObject\",\"inLanguage\":\"ca\",\"@id\":\"https:\\\/\\\/www.entreculturas.org\\\/ca\\\/#\\\/schema\\\/logo\\\/image\\\/\",\"url\":\"https:\\\/\\\/www.entreculturas.org\\\/wp-content\\\/uploads\\\/2025\\\/10\\\/ESP.svg\",\"contentUrl\":\"https:\\\/\\\/www.entreculturas.org\\\/wp-content\\\/uploads\\\/2025\\\/10\\\/ESP.svg\",\"caption\":\"Entreculturas\"},\"image\":{\"@id\":\"https:\\\/\\\/www.entreculturas.org\\\/ca\\\/#\\\/schema\\\/logo\\\/image\\\/\"},\"sameAs\":[\"https:\\\/\\\/www.facebook.com\\\/entreculturas\",\"https:\\\/\\\/x.com\\\/Entreculturas\",\"https:\\\/\\\/www.instagram.com\\\/entreculturas\\\/\",\"https:\\\/\\\/www.youtube.com\\\/user\\\/entreculturasvideo\",\"https:\\\/\\\/www.linkedin.com\\\/company\\\/fundacion-entreculturas-ngdo\\\/\",\"https:\\\/\\\/www.flickr.com\\\/photos\\\/98455522@N04\\\/albums\\\/\"]}]}<\/script>\n<!-- \/ Yoast SEO Premium plugin. -->","yoast_head_json":{"title":"Construyendo puentes de Ciudadan\u00eda Global: La Red Solidaria de J\u00f3venes viaja a Argentina - Entreculturas","robots":{"index":"index","follow":"follow","max-snippet":"max-snippet:-1","max-image-preview":"max-image-preview:large","max-video-preview":"max-video-preview:-1"},"canonical":"https:\/\/www.entreculturas.org\/ca\/noticia\/construyendo-puentes-de-ciudadania-global-la-red-solidaria-de-jovenes-viaja-argentina\/","og_locale":"ca_ES","og_type":"article","og_title":"Construyendo puentes de Ciudadan\u00eda Global: La Red Solidaria de J\u00f3venes viaja a Argentina","og_description":"&#8220;Fui a Argentina en b\u00fasqueda de nuevas experiencias, personas, aprendizajes\u2026, pero nunca me imagin\u00e9 que me iba a encontrar lo que all\u00ed me encontr\u00e9: uni\u00f3n, indignaci\u00f3n, fuerza, protagonismo, esperanza, fe&nbsp;en todos y cada uno de ellos, hospitalidad, amistad, familia, felicidad plena en m\u00ed y much\u00edsimo aprendizaje, m\u00e1s del que a\u00fan me puedo dar cuenta. Por ejemplo, no sab\u00eda lo que realmente era compartir hasta que llegu\u00e9 all\u00ed, no hab\u00eda d\u00eda en el que no pudieras sentirlo. Compartir el ritmo, la m\u00fasica, la risa, la sonrisa, la comida, la experiencia, el imprescindible mate, las peque\u00f1as y grandes cosas; compartir lo poco que tengas, pero compartir.&nbsp; En caso de que tuviera que describir mi experiencia en dos palabras ser\u00edan: crecimiento y evoluci\u00f3n. Y como bien dec\u00edan los chicos tenemos que dejar claro que: SOMOS ARTE, SOMOS VIDA, SOMOS J\u00d3VENES PROTAGONISTAS&#8221;.&nbsp; Elvira Rodr\u00edguez Tenoro, Joven participante en la Red Solidaria de J\u00f3venes de [&hellip;]","og_url":"https:\/\/www.entreculturas.org\/ca\/noticia\/construyendo-puentes-de-ciudadania-global-la-red-solidaria-de-jovenes-viaja-argentina\/","og_site_name":"Entreculturas","article_publisher":"https:\/\/www.facebook.com\/entreculturas","article_modified_time":"2024-03-20T09:43:36+00:00","og_image":[{"width":400,"height":400,"url":"https:\/\/www.entreculturas.org\/wp-content\/uploads\/2019\/09\/20190903_155948.jpg","type":"image\/jpeg"}],"twitter_card":"summary_large_image","twitter_site":"@Entreculturas","schema":{"@context":"https:\/\/schema.org","@graph":[{"@type":"WebPage","@id":"https:\/\/www.entreculturas.org\/ca\/noticia\/construyendo-puentes-de-ciudadania-global-la-red-solidaria-de-jovenes-viaja-argentina\/","url":"https:\/\/www.entreculturas.org\/ca\/noticia\/construyendo-puentes-de-ciudadania-global-la-red-solidaria-de-jovenes-viaja-argentina\/","name":"Construyendo puentes de Ciudadan\u00eda Global: La Red Solidaria de J\u00f3venes viaja a Argentina - Entreculturas","isPartOf":{"@id":"https:\/\/www.entreculturas.org\/ca\/#website"},"primaryImageOfPage":{"@id":"https:\/\/www.entreculturas.org\/ca\/noticia\/construyendo-puentes-de-ciudadania-global-la-red-solidaria-de-jovenes-viaja-argentina\/#primaryimage"},"image":{"@id":"https:\/\/www.entreculturas.org\/ca\/noticia\/construyendo-puentes-de-ciudadania-global-la-red-solidaria-de-jovenes-viaja-argentina\/#primaryimage"},"thumbnailUrl":"https:\/\/www.entreculturas.org\/wp-content\/uploads\/2019\/09\/20190903_155948.jpg","datePublished":"2019-09-25T14:17:06+00:00","dateModified":"2024-03-20T09:43:36+00:00","breadcrumb":{"@id":"https:\/\/www.entreculturas.org\/ca\/noticia\/construyendo-puentes-de-ciudadania-global-la-red-solidaria-de-jovenes-viaja-argentina\/#breadcrumb"},"inLanguage":"ca","potentialAction":[{"@type":"ReadAction","target":["https:\/\/www.entreculturas.org\/ca\/noticia\/construyendo-puentes-de-ciudadania-global-la-red-solidaria-de-jovenes-viaja-argentina\/"]}]},{"@type":"ImageObject","inLanguage":"ca","@id":"https:\/\/www.entreculturas.org\/ca\/noticia\/construyendo-puentes-de-ciudadania-global-la-red-solidaria-de-jovenes-viaja-argentina\/#primaryimage","url":"https:\/\/www.entreculturas.org\/wp-content\/uploads\/2019\/09\/20190903_155948.jpg","contentUrl":"https:\/\/www.entreculturas.org\/wp-content\/uploads\/2019\/09\/20190903_155948.jpg","width":400,"height":400,"caption":"20190903_155948"},{"@type":"BreadcrumbList","@id":"https:\/\/www.entreculturas.org\/ca\/noticia\/construyendo-puentes-de-ciudadania-global-la-red-solidaria-de-jovenes-viaja-argentina\/#breadcrumb","itemListElement":[{"@type":"ListItem","position":1,"name":"Home","item":"https:\/\/www.entreculturas.org\/ca\/"},{"@type":"ListItem","position":2,"name":"Noticias","item":"https:\/\/www.entreculturas.org\/ca\/noticias\/"},{"@type":"ListItem","position":3,"name":"Construyendo puentes de Ciudadan\u00eda Global: La Red Solidaria de J\u00f3venes viaja a Argentina"}]},{"@type":"WebSite","@id":"https:\/\/www.entreculturas.org\/ca\/#website","url":"https:\/\/www.entreculturas.org\/ca\/","name":"Entreculturas","description":"","publisher":{"@id":"https:\/\/www.entreculturas.org\/ca\/#organization"},"alternateName":"Entreculturas","potentialAction":[{"@type":"SearchAction","target":{"@type":"EntryPoint","urlTemplate":"https:\/\/www.entreculturas.org\/ca\/?s={search_term_string}"},"query-input":{"@type":"PropertyValueSpecification","valueRequired":true,"valueName":"search_term_string"}}],"inLanguage":"ca"},{"@type":"Organization","@id":"https:\/\/www.entreculturas.org\/ca\/#organization","name":"Entreculturas","url":"https:\/\/www.entreculturas.org\/ca\/","logo":{"@type":"ImageObject","inLanguage":"ca","@id":"https:\/\/www.entreculturas.org\/ca\/#\/schema\/logo\/image\/","url":"https:\/\/www.entreculturas.org\/wp-content\/uploads\/2025\/10\/ESP.svg","contentUrl":"https:\/\/www.entreculturas.org\/wp-content\/uploads\/2025\/10\/ESP.svg","caption":"Entreculturas"},"image":{"@id":"https:\/\/www.entreculturas.org\/ca\/#\/schema\/logo\/image\/"},"sameAs":["https:\/\/www.facebook.com\/entreculturas","https:\/\/x.com\/Entreculturas","https:\/\/www.instagram.com\/entreculturas\/","https:\/\/www.youtube.com\/user\/entreculturasvideo","https:\/\/www.linkedin.com\/company\/fundacion-entreculturas-ngdo\/","https:\/\/www.flickr.com\/photos\/98455522@N04\/albums\/"]}]}},"_links":{"self":[{"href":"https:\/\/www.entreculturas.org\/ca\/wp-json\/wp\/v2\/noticia\/3573","targetHints":{"allow":["GET"]}}],"collection":[{"href":"https:\/\/www.entreculturas.org\/ca\/wp-json\/wp\/v2\/noticia"}],"about":[{"href":"https:\/\/www.entreculturas.org\/ca\/wp-json\/wp\/v2\/types\/noticia"}],"wp:featuredmedia":[{"embeddable":true,"href":"https:\/\/www.entreculturas.org\/ca\/wp-json\/wp\/v2\/media\/3574"}],"wp:attachment":[{"href":"https:\/\/www.entreculturas.org\/ca\/wp-json\/wp\/v2\/media?parent=3573"}],"wp:term":[{"taxonomy":"category","embeddable":true,"href":"https:\/\/www.entreculturas.org\/ca\/wp-json\/wp\/v2\/categories?post=3573"},{"taxonomy":"post_tag","embeddable":true,"href":"https:\/\/www.entreculturas.org\/ca\/wp-json\/wp\/v2\/tags?post=3573"},{"taxonomy":"country","embeddable":true,"href":"https:\/\/www.entreculturas.org\/ca\/wp-json\/wp\/v2\/country?post=3573"},{"taxonomy":"cause","embeddable":true,"href":"https:\/\/www.entreculturas.org\/ca\/wp-json\/wp\/v2\/cause?post=3573"}],"curies":[{"name":"wp","href":"https:\/\/api.w.org\/{rel}","templated":true}]}}