{"id":3558,"date":"2019-09-12T15:16:17","date_gmt":"2019-09-12T15:16:17","guid":{"rendered":"https:\/\/entreculturasi.wpenginepowered.com\/?noticias=la-alfabetizacion-el-primer-paso-para-lograr-el-derecho-una-educacion-de-calidad"},"modified":"2024-03-19T20:11:45","modified_gmt":"2024-03-19T19:11:45","slug":"la-alfabetizacion-el-primer-paso-para-lograr-el-derecho-una-educacion-de-calidad","status":"publish","type":"noticia","link":"https:\/\/www.entreculturas.org\/ca\/noticia\/la-alfabetizacion-el-primer-paso-para-lograr-el-derecho-una-educacion-de-calidad\/","title":{"rendered":"La alfabetizaci\u00f3n, el primer paso para lograr el derecho a una educaci\u00f3n de calidad"},"content":{"rendered":"<p>En el D\u00eda Mundial de la Alfabetizaci\u00f3n, que se conmemora cada 8 de septiembre, desde&nbsp;Entreculturas queremos recordar a los <strong>m\u00e1s de 750 millones de personas adultas sin alfabetizaci\u00f3n que hay en el mundo<\/strong> y llamar la atenci\u00f3n sobre la <strong>necesidad de poner en marcha los mecanismos adecuados para cumplir con los Objetivos de Desarrollo Sostenible (ODS)<\/strong> y especialmente, el Objetivo 4.6, centrado en garantizar que todos los j\u00f3venes, y la mayor\u00eda de los adultos, alcancen la alfabetizaci\u00f3n y la aritm\u00e9tica para 2030.<\/p>\n<p><strong>Para que el derecho a la educaci\u00f3n est\u00e9 garantizado, tiene que ser asequible, accesible, aceptable y adaptable<\/strong>, tal y como desarroll\u00f3 la primera Relatora Especial de la ONU para el derecho a la educaci\u00f3n, Katatina Tomasevsky, mediante lo que llam\u00f3 \u201clas 4 A del derecho a la educaci\u00f3n\u201d. La primera de ellas, asequible, hace referencia precisamente a que el derecho a la educaci\u00f3n se aplica a todas las personas y a todas las edades, y a lo largo de la vida, a trav\u00e9s de una educaci\u00f3n permanente, programas de alfabetizaci\u00f3n y aprendizaje a lo largo de la vida.&nbsp;<\/p>\n<p>A mediados del siglo XIX, solamente una de cada diez personas en todo el mundo sab\u00eda leer y escribir. Ese prodigioso instrumento de comunicaci\u00f3n que es la lengua escrita, el cual ha moldeado la cultura humana desde hace seis milenios, fue un privilegio de muy pocos hasta hace apenas dos siglos. Sin embargo, en los albores del siglo XXI, la alfabetizaci\u00f3n sigue siendo una tarea pendiente para millones de personas, comprometiendo el bienestar de regiones enteras del planeta. Adem\u00e1s, m\u00e1s de 617 millones de ni\u00f1as, ni\u00f1os y adolescentes no est\u00e1n alcanzando los niveles m\u00ednimos de competencia en lectura y matem\u00e1ticas seg\u00fan el Instituto de Estad\u00edstica de la UNESCO.&nbsp;<\/p>\n<p><strong>La alfabetizaci\u00f3n, como la educaci\u00f3n de calidad para todas y todos, conforma el primer paso en el ejercicio del derecho individual de cada ser humano<\/strong> y es, a su vez, un derecho global que nos interpela a todas las personas. No solamente tenemos derecho a ser alfabetizados, adem\u00e1s, tenemos derecho a vivir en sociedades alfabetizadas y educadas, puesto que sobre la educaci\u00f3n se asientan las bases de una convivencia fruct\u00edfera y plenamente humana a la que leg\u00edtimamente aspiramos.&nbsp;<\/p>\n<p><span style=\"color:#FF0000\"><strong>Alfabetizaci\u00f3n por radio&nbsp;<\/strong><\/span><\/p>\n<p>En contextos en los que ir al colegio no est\u00e1 garantizado,<strong> la radio, adem\u00e1s de un medio de comunicaci\u00f3n, se convierte en una herramienta de educaci\u00f3n, desarrollo y aprendizaje<\/strong>. Por ejemplo en Rep\u00fablica Democr\u00e1tica del Congo, Entreculturas, junto a Fe y Alegr\u00eda, apoya a un total de 32 escuelas en tres zonas del sudeste de la Rep\u00fablica Democr\u00e1tica del Congo: Kisantu, Kimwenza y Kikwit. All\u00ed lleva a cabo cuatro l\u00edneas de acci\u00f3n, entre la que destaca la alfabetizaci\u00f3n por radio, a trav\u00e9s de un programa de educaci\u00f3n para personas adultas.<\/p>\n<\/p>\n<p><em>Emisi\u00f3n del programa de alfabetizaci\u00f3n por radio en Kisantu.<\/em><\/p>\n<p><strong>Micheline Kwango, profesora y Coordinadora del programa de alfabetizaci\u00f3n por radio de la ciudad de Kisantu afirma que \u201chay muchas personas que tienen problemas de escritura y lectura y a trav\u00e9s de la radio pueden recibir una ense\u00f1anza que les ayude a salir el analfabetismo\u201d<\/strong>. As\u00ed mismo, Urben Kumutina, Coordinador del programa en Kikwit cuenta que \u201cen la escuela primaria se ense\u00f1a el franc\u00e9s y la lengua local se deja siempre de lado. Por lo tanto, hay muchos ni\u00f1os, ni\u00f1as, padres y madres que no saben leer ni escribir. A trav\u00e9s de las emisiones que hacemos ayudamos a la gente\u201d.&nbsp;&nbsp;<\/p>\n<p><img decoding=\"async\" alt=\"\" src=\"https:\/\/www.entreculturas.org\/wp-content\/uploads\/2019\/09\/img_1069.jpg\" style=\"width: 800px;height: 533px\"><\/p>\n<p><em>El equipo del programa de alfabetizaci\u00f3n por radio en Kikwit. De izquierda a derecha: Achille, Urben, Slove, Pascal, Olivier y Vicent.<\/em><\/p>\n<p>Jerome Bonheur es oyente de la radio de Kikwit. \u201cSigo siempre la emisi\u00f3n de alfabetizaci\u00f3n. Lo que me interesa es que se educa a trav\u00e9s de la radio, es una educaci\u00f3n muy popular, todo el mundo puede seguir la emisi\u00f3n. Tenemos dificultad a la hora de pronunciar palabras en kikongo, en franc\u00e9s tenemos facilidad pero en kikongo tenemos dificultad pero a trav\u00e9s del programa aprendemos y completamos la formaci\u00f3n que hemos recibido\u201d. Jerome explica que dado el problema de que no todo el mundo puede acceder a la educaci\u00f3n por falta de medios econ\u00f3micos, la educaci\u00f3n por radio al ser gratuita puede beneficiar a muchas personas.&nbsp;<\/p>\n<p><strong>\u201cHay lecciones que son muy bonitas. Algunas explican temas que no conoc\u00eda. Con la emisi\u00f3n del programa aprendo mucho. Sin educaci\u00f3n no podr\u00eda aprender, sin educaci\u00f3n estar\u00eda desorientada. Si logr\u00e9 sacarme mi diploma de secundaria fue gracias a la educaci\u00f3n\u201d, cuenta Godelive Munguku, oyente de la radio de Kikwit.<\/strong><\/p>\n<p><img decoding=\"async\" alt=\"\" src=\"https:\/\/www.entreculturas.org\/wp-content\/uploads\/2019\/09\/img_0612.jpg\" style=\"width: 800px;height: 533px\"><\/p>\n<p><em>Jerome y Godelive prepar\u00e1ndose para escuchar la retransmisi\u00f3n del programa de alfabetizaci\u00f3n por radio de Fe y Alegr\u00eda.<\/em><\/p>\n<p><strong>Como dec\u00eda Paulo Freire, la alfabetizaci\u00f3n es m\u00e1s, mucho m\u00e1s que leer y escribir.<\/strong> Es la habilidad de leer el mundo. Es la habilidad de continuar aprendiendo y es la llave de la puerta del conocimiento.&nbsp;<\/p>\n<p style=\"text-align: center\">[video:youtu.be\/k7mh_YTg6HQ width:800 align:center]<\/p>\n","protected":false},"excerpt":{"rendered":"<p>En el D\u00eda Mundial de la Alfabetizaci\u00f3n queremos recordar a los m\u00e1s de 750 millones de personas adultas sin alfabetizaci\u00f3n que hay en el mundo y llamar la atenci\u00f3n sobre la necesidad de poner en marcha los mecanismos adecuados para cumplir con los ODS y especialmente, el 4.6, centrado en garantizar que todos los j\u00f3venes, y la mayor\u00eda de los adultos, alcancen la alfabetizaci\u00f3n y la aritm\u00e9tica para 2030.<\/p>\n","protected":false},"featured_media":3552,"template":"single-noticia","meta":{"_acf_changed":false},"categories":[7],"tags":[289],"country":[],"cause":[],"class_list":["post-3558","noticia","type-noticia","status-publish","has-post-thumbnail","hentry","category-noticia","tag-educacion"],"acf":[],"yoast_head":"<!-- This site is optimized with the Yoast SEO Premium plugin v21.6 (Yoast SEO v27.5) - https:\/\/yoast.com\/product\/yoast-seo-premium-wordpress\/ -->\n<title>La alfabetizaci\u00f3n, el primer paso para lograr el derecho a una educaci\u00f3n de calidad - Entreculturas<\/title>\n<meta name=\"robots\" content=\"index, follow, max-snippet:-1, max-image-preview:large, max-video-preview:-1\" \/>\n<link rel=\"canonical\" href=\"https:\/\/www.entreculturas.org\/ca\/noticia\/la-alfabetizacion-el-primer-paso-para-lograr-el-derecho-una-educacion-de-calidad\/\" \/>\n<meta property=\"og:locale\" content=\"ca_ES\" \/>\n<meta property=\"og:type\" content=\"article\" \/>\n<meta property=\"og:title\" content=\"La alfabetizaci\u00f3n, el primer paso para lograr el derecho a una educaci\u00f3n de calidad\" \/>\n<meta property=\"og:description\" content=\"En el D\u00eda Mundial de la Alfabetizaci\u00f3n queremos recordar a los m\u00e1s de 750 millones de personas adultas sin alfabetizaci\u00f3n que hay en el mundo y llamar la atenci\u00f3n sobre la necesidad de poner en marcha los mecanismos adecuados para cumplir con los ODS y especialmente, el 4.6, centrado en garantizar que todos los j\u00f3venes, y la mayor\u00eda de los adultos, alcancen la alfabetizaci\u00f3n y la aritm\u00e9tica para 2030.\" \/>\n<meta property=\"og:url\" content=\"https:\/\/www.entreculturas.org\/ca\/noticia\/la-alfabetizacion-el-primer-paso-para-lograr-el-derecho-una-educacion-de-calidad\/\" \/>\n<meta property=\"og:site_name\" content=\"Entreculturas\" \/>\n<meta property=\"article:publisher\" content=\"https:\/\/www.facebook.com\/entreculturas\" \/>\n<meta property=\"article:modified_time\" content=\"2024-03-19T19:11:45+00:00\" \/>\n<meta property=\"og:image\" content=\"https:\/\/www.entreculturas.org\/wp-content\/uploads\/2019\/09\/img_1069.jpg\" \/>\n\t<meta property=\"og:image:width\" content=\"800\" \/>\n\t<meta property=\"og:image:height\" content=\"533\" \/>\n\t<meta property=\"og:image:type\" content=\"image\/jpeg\" \/>\n<meta name=\"twitter:card\" content=\"summary_large_image\" \/>\n<meta name=\"twitter:site\" content=\"@Entreculturas\" \/>\n<script type=\"application\/ld+json\" class=\"yoast-schema-graph\">{\"@context\":\"https:\\\/\\\/schema.org\",\"@graph\":[{\"@type\":\"WebPage\",\"@id\":\"https:\\\/\\\/www.entreculturas.org\\\/ca\\\/noticia\\\/la-alfabetizacion-el-primer-paso-para-lograr-el-derecho-una-educacion-de-calidad\\\/\",\"url\":\"https:\\\/\\\/www.entreculturas.org\\\/ca\\\/noticia\\\/la-alfabetizacion-el-primer-paso-para-lograr-el-derecho-una-educacion-de-calidad\\\/\",\"name\":\"La alfabetizaci\u00f3n, el primer paso para lograr el derecho a una educaci\u00f3n de calidad - Entreculturas\",\"isPartOf\":{\"@id\":\"https:\\\/\\\/www.entreculturas.org\\\/ca\\\/#website\"},\"primaryImageOfPage\":{\"@id\":\"https:\\\/\\\/www.entreculturas.org\\\/ca\\\/noticia\\\/la-alfabetizacion-el-primer-paso-para-lograr-el-derecho-una-educacion-de-calidad\\\/#primaryimage\"},\"image\":{\"@id\":\"https:\\\/\\\/www.entreculturas.org\\\/ca\\\/noticia\\\/la-alfabetizacion-el-primer-paso-para-lograr-el-derecho-una-educacion-de-calidad\\\/#primaryimage\"},\"thumbnailUrl\":\"https:\\\/\\\/www.entreculturas.org\\\/wp-content\\\/uploads\\\/2019\\\/09\\\/img_1069.jpg\",\"datePublished\":\"2019-09-12T15:16:17+00:00\",\"dateModified\":\"2024-03-19T19:11:45+00:00\",\"breadcrumb\":{\"@id\":\"https:\\\/\\\/www.entreculturas.org\\\/ca\\\/noticia\\\/la-alfabetizacion-el-primer-paso-para-lograr-el-derecho-una-educacion-de-calidad\\\/#breadcrumb\"},\"inLanguage\":\"ca\",\"potentialAction\":[{\"@type\":\"ReadAction\",\"target\":[\"https:\\\/\\\/www.entreculturas.org\\\/ca\\\/noticia\\\/la-alfabetizacion-el-primer-paso-para-lograr-el-derecho-una-educacion-de-calidad\\\/\"]}]},{\"@type\":\"ImageObject\",\"inLanguage\":\"ca\",\"@id\":\"https:\\\/\\\/www.entreculturas.org\\\/ca\\\/noticia\\\/la-alfabetizacion-el-primer-paso-para-lograr-el-derecho-una-educacion-de-calidad\\\/#primaryimage\",\"url\":\"https:\\\/\\\/www.entreculturas.org\\\/wp-content\\\/uploads\\\/2019\\\/09\\\/img_1069.jpg\",\"contentUrl\":\"https:\\\/\\\/www.entreculturas.org\\\/wp-content\\\/uploads\\\/2019\\\/09\\\/img_1069.jpg\",\"width\":800,\"height\":533},{\"@type\":\"BreadcrumbList\",\"@id\":\"https:\\\/\\\/www.entreculturas.org\\\/ca\\\/noticia\\\/la-alfabetizacion-el-primer-paso-para-lograr-el-derecho-una-educacion-de-calidad\\\/#breadcrumb\",\"itemListElement\":[{\"@type\":\"ListItem\",\"position\":1,\"name\":\"Home\",\"item\":\"https:\\\/\\\/www.entreculturas.org\\\/ca\\\/\"},{\"@type\":\"ListItem\",\"position\":2,\"name\":\"Noticias\",\"item\":\"https:\\\/\\\/www.entreculturas.org\\\/ca\\\/noticias\\\/\"},{\"@type\":\"ListItem\",\"position\":3,\"name\":\"La alfabetizaci\u00f3n, el primer paso para lograr el derecho a una educaci\u00f3n de calidad\"}]},{\"@type\":\"WebSite\",\"@id\":\"https:\\\/\\\/www.entreculturas.org\\\/ca\\\/#website\",\"url\":\"https:\\\/\\\/www.entreculturas.org\\\/ca\\\/\",\"name\":\"Entreculturas\",\"description\":\"\",\"publisher\":{\"@id\":\"https:\\\/\\\/www.entreculturas.org\\\/ca\\\/#organization\"},\"alternateName\":\"Entreculturas\",\"potentialAction\":[{\"@type\":\"SearchAction\",\"target\":{\"@type\":\"EntryPoint\",\"urlTemplate\":\"https:\\\/\\\/www.entreculturas.org\\\/ca\\\/?s={search_term_string}\"},\"query-input\":{\"@type\":\"PropertyValueSpecification\",\"valueRequired\":true,\"valueName\":\"search_term_string\"}}],\"inLanguage\":\"ca\"},{\"@type\":\"Organization\",\"@id\":\"https:\\\/\\\/www.entreculturas.org\\\/ca\\\/#organization\",\"name\":\"Entreculturas\",\"url\":\"https:\\\/\\\/www.entreculturas.org\\\/ca\\\/\",\"logo\":{\"@type\":\"ImageObject\",\"inLanguage\":\"ca\",\"@id\":\"https:\\\/\\\/www.entreculturas.org\\\/ca\\\/#\\\/schema\\\/logo\\\/image\\\/\",\"url\":\"https:\\\/\\\/www.entreculturas.org\\\/wp-content\\\/uploads\\\/2025\\\/10\\\/ESP.svg\",\"contentUrl\":\"https:\\\/\\\/www.entreculturas.org\\\/wp-content\\\/uploads\\\/2025\\\/10\\\/ESP.svg\",\"caption\":\"Entreculturas\"},\"image\":{\"@id\":\"https:\\\/\\\/www.entreculturas.org\\\/ca\\\/#\\\/schema\\\/logo\\\/image\\\/\"},\"sameAs\":[\"https:\\\/\\\/www.facebook.com\\\/entreculturas\",\"https:\\\/\\\/x.com\\\/Entreculturas\",\"https:\\\/\\\/www.instagram.com\\\/entreculturas\\\/\",\"https:\\\/\\\/www.youtube.com\\\/user\\\/entreculturasvideo\",\"https:\\\/\\\/www.linkedin.com\\\/company\\\/fundacion-entreculturas-ngdo\\\/\",\"https:\\\/\\\/www.flickr.com\\\/photos\\\/98455522@N04\\\/albums\\\/\"]}]}<\/script>\n<!-- \/ Yoast SEO Premium plugin. -->","yoast_head_json":{"title":"La alfabetizaci\u00f3n, el primer paso para lograr el derecho a una educaci\u00f3n de calidad - Entreculturas","robots":{"index":"index","follow":"follow","max-snippet":"max-snippet:-1","max-image-preview":"max-image-preview:large","max-video-preview":"max-video-preview:-1"},"canonical":"https:\/\/www.entreculturas.org\/ca\/noticia\/la-alfabetizacion-el-primer-paso-para-lograr-el-derecho-una-educacion-de-calidad\/","og_locale":"ca_ES","og_type":"article","og_title":"La alfabetizaci\u00f3n, el primer paso para lograr el derecho a una educaci\u00f3n de calidad","og_description":"En el D\u00eda Mundial de la Alfabetizaci\u00f3n queremos recordar a los m\u00e1s de 750 millones de personas adultas sin alfabetizaci\u00f3n que hay en el mundo y llamar la atenci\u00f3n sobre la necesidad de poner en marcha los mecanismos adecuados para cumplir con los ODS y especialmente, el 4.6, centrado en garantizar que todos los j\u00f3venes, y la mayor\u00eda de los adultos, alcancen la alfabetizaci\u00f3n y la aritm\u00e9tica para 2030.","og_url":"https:\/\/www.entreculturas.org\/ca\/noticia\/la-alfabetizacion-el-primer-paso-para-lograr-el-derecho-una-educacion-de-calidad\/","og_site_name":"Entreculturas","article_publisher":"https:\/\/www.facebook.com\/entreculturas","article_modified_time":"2024-03-19T19:11:45+00:00","og_image":[{"width":800,"height":533,"url":"https:\/\/www.entreculturas.org\/wp-content\/uploads\/2019\/09\/img_1069.jpg","type":"image\/jpeg"}],"twitter_card":"summary_large_image","twitter_site":"@Entreculturas","schema":{"@context":"https:\/\/schema.org","@graph":[{"@type":"WebPage","@id":"https:\/\/www.entreculturas.org\/ca\/noticia\/la-alfabetizacion-el-primer-paso-para-lograr-el-derecho-una-educacion-de-calidad\/","url":"https:\/\/www.entreculturas.org\/ca\/noticia\/la-alfabetizacion-el-primer-paso-para-lograr-el-derecho-una-educacion-de-calidad\/","name":"La alfabetizaci\u00f3n, el primer paso para lograr el derecho a una educaci\u00f3n de calidad - Entreculturas","isPartOf":{"@id":"https:\/\/www.entreculturas.org\/ca\/#website"},"primaryImageOfPage":{"@id":"https:\/\/www.entreculturas.org\/ca\/noticia\/la-alfabetizacion-el-primer-paso-para-lograr-el-derecho-una-educacion-de-calidad\/#primaryimage"},"image":{"@id":"https:\/\/www.entreculturas.org\/ca\/noticia\/la-alfabetizacion-el-primer-paso-para-lograr-el-derecho-una-educacion-de-calidad\/#primaryimage"},"thumbnailUrl":"https:\/\/www.entreculturas.org\/wp-content\/uploads\/2019\/09\/img_1069.jpg","datePublished":"2019-09-12T15:16:17+00:00","dateModified":"2024-03-19T19:11:45+00:00","breadcrumb":{"@id":"https:\/\/www.entreculturas.org\/ca\/noticia\/la-alfabetizacion-el-primer-paso-para-lograr-el-derecho-una-educacion-de-calidad\/#breadcrumb"},"inLanguage":"ca","potentialAction":[{"@type":"ReadAction","target":["https:\/\/www.entreculturas.org\/ca\/noticia\/la-alfabetizacion-el-primer-paso-para-lograr-el-derecho-una-educacion-de-calidad\/"]}]},{"@type":"ImageObject","inLanguage":"ca","@id":"https:\/\/www.entreculturas.org\/ca\/noticia\/la-alfabetizacion-el-primer-paso-para-lograr-el-derecho-una-educacion-de-calidad\/#primaryimage","url":"https:\/\/www.entreculturas.org\/wp-content\/uploads\/2019\/09\/img_1069.jpg","contentUrl":"https:\/\/www.entreculturas.org\/wp-content\/uploads\/2019\/09\/img_1069.jpg","width":800,"height":533},{"@type":"BreadcrumbList","@id":"https:\/\/www.entreculturas.org\/ca\/noticia\/la-alfabetizacion-el-primer-paso-para-lograr-el-derecho-una-educacion-de-calidad\/#breadcrumb","itemListElement":[{"@type":"ListItem","position":1,"name":"Home","item":"https:\/\/www.entreculturas.org\/ca\/"},{"@type":"ListItem","position":2,"name":"Noticias","item":"https:\/\/www.entreculturas.org\/ca\/noticias\/"},{"@type":"ListItem","position":3,"name":"La alfabetizaci\u00f3n, el primer paso para lograr el derecho a una educaci\u00f3n de calidad"}]},{"@type":"WebSite","@id":"https:\/\/www.entreculturas.org\/ca\/#website","url":"https:\/\/www.entreculturas.org\/ca\/","name":"Entreculturas","description":"","publisher":{"@id":"https:\/\/www.entreculturas.org\/ca\/#organization"},"alternateName":"Entreculturas","potentialAction":[{"@type":"SearchAction","target":{"@type":"EntryPoint","urlTemplate":"https:\/\/www.entreculturas.org\/ca\/?s={search_term_string}"},"query-input":{"@type":"PropertyValueSpecification","valueRequired":true,"valueName":"search_term_string"}}],"inLanguage":"ca"},{"@type":"Organization","@id":"https:\/\/www.entreculturas.org\/ca\/#organization","name":"Entreculturas","url":"https:\/\/www.entreculturas.org\/ca\/","logo":{"@type":"ImageObject","inLanguage":"ca","@id":"https:\/\/www.entreculturas.org\/ca\/#\/schema\/logo\/image\/","url":"https:\/\/www.entreculturas.org\/wp-content\/uploads\/2025\/10\/ESP.svg","contentUrl":"https:\/\/www.entreculturas.org\/wp-content\/uploads\/2025\/10\/ESP.svg","caption":"Entreculturas"},"image":{"@id":"https:\/\/www.entreculturas.org\/ca\/#\/schema\/logo\/image\/"},"sameAs":["https:\/\/www.facebook.com\/entreculturas","https:\/\/x.com\/Entreculturas","https:\/\/www.instagram.com\/entreculturas\/","https:\/\/www.youtube.com\/user\/entreculturasvideo","https:\/\/www.linkedin.com\/company\/fundacion-entreculturas-ngdo\/","https:\/\/www.flickr.com\/photos\/98455522@N04\/albums\/"]}]}},"_links":{"self":[{"href":"https:\/\/www.entreculturas.org\/ca\/wp-json\/wp\/v2\/noticia\/3558","targetHints":{"allow":["GET"]}}],"collection":[{"href":"https:\/\/www.entreculturas.org\/ca\/wp-json\/wp\/v2\/noticia"}],"about":[{"href":"https:\/\/www.entreculturas.org\/ca\/wp-json\/wp\/v2\/types\/noticia"}],"wp:featuredmedia":[{"embeddable":true,"href":"https:\/\/www.entreculturas.org\/ca\/wp-json\/wp\/v2\/media\/3552"}],"wp:attachment":[{"href":"https:\/\/www.entreculturas.org\/ca\/wp-json\/wp\/v2\/media?parent=3558"}],"wp:term":[{"taxonomy":"category","embeddable":true,"href":"https:\/\/www.entreculturas.org\/ca\/wp-json\/wp\/v2\/categories?post=3558"},{"taxonomy":"post_tag","embeddable":true,"href":"https:\/\/www.entreculturas.org\/ca\/wp-json\/wp\/v2\/tags?post=3558"},{"taxonomy":"country","embeddable":true,"href":"https:\/\/www.entreculturas.org\/ca\/wp-json\/wp\/v2\/country?post=3558"},{"taxonomy":"cause","embeddable":true,"href":"https:\/\/www.entreculturas.org\/ca\/wp-json\/wp\/v2\/cause?post=3558"}],"curies":[{"name":"wp","href":"https:\/\/api.w.org\/{rel}","templated":true}]}}