{"id":3523,"date":"2019-08-26T08:37:41","date_gmt":"2019-08-26T08:37:41","guid":{"rendered":"https:\/\/entreculturasi.wpenginepowered.com\/?noticias=10-anos-del-programa-colombia-y-sus-fronteras"},"modified":"2024-03-19T20:09:47","modified_gmt":"2024-03-19T19:09:47","slug":"10-anos-del-programa-colombia-y-sus-fronteras","status":"publish","type":"noticia","link":"https:\/\/www.entreculturas.org\/ca\/noticia\/10-anos-del-programa-colombia-y-sus-fronteras\/","title":{"rendered":"10 a\u00f1os del programa Colombia y sus fronteras"},"content":{"rendered":"<p>Desde 2009, Entreculturas apoya la presencia del Servicio Jesuita a Refugiados (JRS) en Colombia y pa\u00edses lim\u00edtrofes. Al tr\u00e1gico conflicto colombiano, se ha unido en los \u00faltimos a\u00f1os, el desplazamiento masivo de la poblaci\u00f3n venezolana.&nbsp;&nbsp;<\/p>\n<p>El JRS acompa\u00f1a integralmente a la poblaci\u00f3n refugiada y desplazados internos a trav\u00e9s de atenci\u00f3n psicosocial, atenci\u00f3n jur\u00eddica para su regularizaci\u00f3n, el programa de medios de vida y el trabajo comunitario (reconstrucci\u00f3n del tejido social y fortalecimiento comunitario). A trav\u00e9s de esas l\u00edneas de trabajo, JRS acompa\u00f1a a las personas en las relaciones que tienen que establecer con sus comunidades de acogida.<\/p>\n<\/p>\n<p>Adem\u00e1s, JRS hace incidencia pol\u00edtica e incidencia comunicativa para mejorara las leyes y contribuir a los procesos de construcci\u00f3n de paz.<\/p>\n<p>Se trata de un trabajo amplio, complejo y dilatado en el tiempo. En estos a\u00f1os, hemos realizado dos evaluaciones del programa para validar sus resultados cient\u00edficamente, evaluar el impacto logrado e identificar tanto los puntos fuertes del programa como los que precisan mejora. El pdf adjunto muestra de forma muy breve y divulgativa el trabajo realizado y los resultados de dichas evaluaciones.&nbsp;&nbsp;<\/p>\n<p>El Papa Francisco nos invita a encarnar en nuestra propia realidad lo que significa acoger, proteger, promover e integrar a la poblaci\u00f3n migrante y desplazada. JRS mira de frente esta realidad, da respuestas valientes y muestra que es posible ofrecer respuestas a la poblaci\u00f3n en situaci\u00f3n de refugio y desplazamiento en la regi\u00f3n de Colombia y pa\u00edses lim\u00edtrofes.<\/p>\n","protected":false},"excerpt":{"rendered":"<p>Desde 2009, Entreculturas apoya la presencia del Servicio Jesuita a Refugiados (JRS) en Colombia y pa\u00edses lim\u00edtrofes. Al tr\u00e1gico conflicto colombiano, se ha unido en los \u00faltimos a\u00f1os, el desplazamiento masivo de la poblaci\u00f3n venezolana.&nbsp;&nbsp; El JRS acompa\u00f1a integralmente a la poblaci\u00f3n refugiada y desplazados internos a trav\u00e9s de atenci\u00f3n psicosocial, atenci\u00f3n jur\u00eddica para su regularizaci\u00f3n, el programa de medios de vida y el trabajo comunitario (reconstrucci\u00f3n del tejido social y fortalecimiento comunitario). A trav\u00e9s de esas l\u00edneas de trabajo, JRS acompa\u00f1a a las personas en las relaciones que tienen que establecer con sus comunidades de acogida. Adem\u00e1s, JRS hace incidencia pol\u00edtica e incidencia comunicativa para mejorara las leyes y contribuir a los procesos de construcci\u00f3n de paz. Se trata de un trabajo amplio, complejo y dilatado en el tiempo. En estos a\u00f1os, hemos realizado dos evaluaciones del programa para validar sus resultados cient\u00edficamente, evaluar el impacto logrado e identificar [&hellip;]<\/p>\n","protected":false},"featured_media":3519,"template":"single-noticia","meta":{"_acf_changed":false},"categories":[7],"tags":[10],"country":[],"cause":[],"class_list":["post-3523","noticia","type-noticia","status-publish","has-post-thumbnail","hentry","category-noticia","tag-migracion-y-refugio"],"acf":[],"yoast_head":"<!-- This site is optimized with the Yoast SEO Premium plugin v21.6 (Yoast SEO v27.5) - https:\/\/yoast.com\/product\/yoast-seo-premium-wordpress\/ -->\n<title>10 a\u00f1os del programa Colombia y sus fronteras - Entreculturas<\/title>\n<meta name=\"robots\" content=\"index, follow, max-snippet:-1, max-image-preview:large, max-video-preview:-1\" \/>\n<link rel=\"canonical\" href=\"https:\/\/www.entreculturas.org\/ca\/noticia\/10-anos-del-programa-colombia-y-sus-fronteras\/\" \/>\n<meta property=\"og:locale\" content=\"ca_ES\" \/>\n<meta property=\"og:type\" content=\"article\" \/>\n<meta property=\"og:title\" content=\"10 a\u00f1os del programa Colombia y sus fronteras\" \/>\n<meta property=\"og:description\" content=\"Desde 2009, Entreculturas apoya la presencia del Servicio Jesuita a Refugiados (JRS) en Colombia y pa\u00edses lim\u00edtrofes. Al tr\u00e1gico conflicto colombiano, se ha unido en los \u00faltimos a\u00f1os, el desplazamiento masivo de la poblaci\u00f3n venezolana.&nbsp;&nbsp; El JRS acompa\u00f1a integralmente a la poblaci\u00f3n refugiada y desplazados internos a trav\u00e9s de atenci\u00f3n psicosocial, atenci\u00f3n jur\u00eddica para su regularizaci\u00f3n, el programa de medios de vida y el trabajo comunitario (reconstrucci\u00f3n del tejido social y fortalecimiento comunitario). A trav\u00e9s de esas l\u00edneas de trabajo, JRS acompa\u00f1a a las personas en las relaciones que tienen que establecer con sus comunidades de acogida. Adem\u00e1s, JRS hace incidencia pol\u00edtica e incidencia comunicativa para mejorara las leyes y contribuir a los procesos de construcci\u00f3n de paz. Se trata de un trabajo amplio, complejo y dilatado en el tiempo. En estos a\u00f1os, hemos realizado dos evaluaciones del programa para validar sus resultados cient\u00edficamente, evaluar el impacto logrado e identificar [&hellip;]\" \/>\n<meta property=\"og:url\" content=\"https:\/\/www.entreculturas.org\/ca\/noticia\/10-anos-del-programa-colombia-y-sus-fronteras\/\" \/>\n<meta property=\"og:site_name\" content=\"Entreculturas\" \/>\n<meta property=\"article:publisher\" content=\"https:\/\/www.facebook.com\/entreculturas\" \/>\n<meta property=\"article:modified_time\" content=\"2024-03-19T19:09:47+00:00\" \/>\n<meta property=\"og:image\" content=\"https:\/\/www.entreculturas.org\/wp-content\/uploads\/2019\/08\/noticia-manzanedo.png\" \/>\n\t<meta property=\"og:image:width\" content=\"559\" \/>\n\t<meta property=\"og:image:height\" content=\"737\" \/>\n\t<meta property=\"og:image:type\" content=\"image\/png\" \/>\n<meta name=\"twitter:card\" content=\"summary_large_image\" \/>\n<meta name=\"twitter:site\" content=\"@Entreculturas\" \/>\n<script type=\"application\/ld+json\" class=\"yoast-schema-graph\">{\"@context\":\"https:\\\/\\\/schema.org\",\"@graph\":[{\"@type\":\"WebPage\",\"@id\":\"https:\\\/\\\/www.entreculturas.org\\\/ca\\\/noticia\\\/10-anos-del-programa-colombia-y-sus-fronteras\\\/\",\"url\":\"https:\\\/\\\/www.entreculturas.org\\\/ca\\\/noticia\\\/10-anos-del-programa-colombia-y-sus-fronteras\\\/\",\"name\":\"10 a\u00f1os del programa Colombia y sus fronteras - Entreculturas\",\"isPartOf\":{\"@id\":\"https:\\\/\\\/www.entreculturas.org\\\/ca\\\/#website\"},\"primaryImageOfPage\":{\"@id\":\"https:\\\/\\\/www.entreculturas.org\\\/ca\\\/noticia\\\/10-anos-del-programa-colombia-y-sus-fronteras\\\/#primaryimage\"},\"image\":{\"@id\":\"https:\\\/\\\/www.entreculturas.org\\\/ca\\\/noticia\\\/10-anos-del-programa-colombia-y-sus-fronteras\\\/#primaryimage\"},\"thumbnailUrl\":\"https:\\\/\\\/www.entreculturas.org\\\/wp-content\\\/uploads\\\/2019\\\/08\\\/noticia-manzanedo.png\",\"datePublished\":\"2019-08-26T08:37:41+00:00\",\"dateModified\":\"2024-03-19T19:09:47+00:00\",\"breadcrumb\":{\"@id\":\"https:\\\/\\\/www.entreculturas.org\\\/ca\\\/noticia\\\/10-anos-del-programa-colombia-y-sus-fronteras\\\/#breadcrumb\"},\"inLanguage\":\"ca\",\"potentialAction\":[{\"@type\":\"ReadAction\",\"target\":[\"https:\\\/\\\/www.entreculturas.org\\\/ca\\\/noticia\\\/10-anos-del-programa-colombia-y-sus-fronteras\\\/\"]}]},{\"@type\":\"ImageObject\",\"inLanguage\":\"ca\",\"@id\":\"https:\\\/\\\/www.entreculturas.org\\\/ca\\\/noticia\\\/10-anos-del-programa-colombia-y-sus-fronteras\\\/#primaryimage\",\"url\":\"https:\\\/\\\/www.entreculturas.org\\\/wp-content\\\/uploads\\\/2019\\\/08\\\/noticia-manzanedo.png\",\"contentUrl\":\"https:\\\/\\\/www.entreculturas.org\\\/wp-content\\\/uploads\\\/2019\\\/08\\\/noticia-manzanedo.png\",\"width\":559,\"height\":737},{\"@type\":\"BreadcrumbList\",\"@id\":\"https:\\\/\\\/www.entreculturas.org\\\/ca\\\/noticia\\\/10-anos-del-programa-colombia-y-sus-fronteras\\\/#breadcrumb\",\"itemListElement\":[{\"@type\":\"ListItem\",\"position\":1,\"name\":\"Home\",\"item\":\"https:\\\/\\\/www.entreculturas.org\\\/ca\\\/\"},{\"@type\":\"ListItem\",\"position\":2,\"name\":\"Noticias\",\"item\":\"https:\\\/\\\/www.entreculturas.org\\\/ca\\\/noticias\\\/\"},{\"@type\":\"ListItem\",\"position\":3,\"name\":\"10 a\u00f1os del programa Colombia y sus fronteras\"}]},{\"@type\":\"WebSite\",\"@id\":\"https:\\\/\\\/www.entreculturas.org\\\/ca\\\/#website\",\"url\":\"https:\\\/\\\/www.entreculturas.org\\\/ca\\\/\",\"name\":\"Entreculturas\",\"description\":\"\",\"publisher\":{\"@id\":\"https:\\\/\\\/www.entreculturas.org\\\/ca\\\/#organization\"},\"alternateName\":\"Entreculturas\",\"potentialAction\":[{\"@type\":\"SearchAction\",\"target\":{\"@type\":\"EntryPoint\",\"urlTemplate\":\"https:\\\/\\\/www.entreculturas.org\\\/ca\\\/?s={search_term_string}\"},\"query-input\":{\"@type\":\"PropertyValueSpecification\",\"valueRequired\":true,\"valueName\":\"search_term_string\"}}],\"inLanguage\":\"ca\"},{\"@type\":\"Organization\",\"@id\":\"https:\\\/\\\/www.entreculturas.org\\\/ca\\\/#organization\",\"name\":\"Entreculturas\",\"url\":\"https:\\\/\\\/www.entreculturas.org\\\/ca\\\/\",\"logo\":{\"@type\":\"ImageObject\",\"inLanguage\":\"ca\",\"@id\":\"https:\\\/\\\/www.entreculturas.org\\\/ca\\\/#\\\/schema\\\/logo\\\/image\\\/\",\"url\":\"https:\\\/\\\/www.entreculturas.org\\\/wp-content\\\/uploads\\\/2025\\\/10\\\/ESP.svg\",\"contentUrl\":\"https:\\\/\\\/www.entreculturas.org\\\/wp-content\\\/uploads\\\/2025\\\/10\\\/ESP.svg\",\"caption\":\"Entreculturas\"},\"image\":{\"@id\":\"https:\\\/\\\/www.entreculturas.org\\\/ca\\\/#\\\/schema\\\/logo\\\/image\\\/\"},\"sameAs\":[\"https:\\\/\\\/www.facebook.com\\\/entreculturas\",\"https:\\\/\\\/x.com\\\/Entreculturas\",\"https:\\\/\\\/www.instagram.com\\\/entreculturas\\\/\",\"https:\\\/\\\/www.youtube.com\\\/user\\\/entreculturasvideo\",\"https:\\\/\\\/www.linkedin.com\\\/company\\\/fundacion-entreculturas-ngdo\\\/\",\"https:\\\/\\\/www.flickr.com\\\/photos\\\/98455522@N04\\\/albums\\\/\"]}]}<\/script>\n<!-- \/ Yoast SEO Premium plugin. -->","yoast_head_json":{"title":"10 a\u00f1os del programa Colombia y sus fronteras - Entreculturas","robots":{"index":"index","follow":"follow","max-snippet":"max-snippet:-1","max-image-preview":"max-image-preview:large","max-video-preview":"max-video-preview:-1"},"canonical":"https:\/\/www.entreculturas.org\/ca\/noticia\/10-anos-del-programa-colombia-y-sus-fronteras\/","og_locale":"ca_ES","og_type":"article","og_title":"10 a\u00f1os del programa Colombia y sus fronteras","og_description":"Desde 2009, Entreculturas apoya la presencia del Servicio Jesuita a Refugiados (JRS) en Colombia y pa\u00edses lim\u00edtrofes. Al tr\u00e1gico conflicto colombiano, se ha unido en los \u00faltimos a\u00f1os, el desplazamiento masivo de la poblaci\u00f3n venezolana.&nbsp;&nbsp; El JRS acompa\u00f1a integralmente a la poblaci\u00f3n refugiada y desplazados internos a trav\u00e9s de atenci\u00f3n psicosocial, atenci\u00f3n jur\u00eddica para su regularizaci\u00f3n, el programa de medios de vida y el trabajo comunitario (reconstrucci\u00f3n del tejido social y fortalecimiento comunitario). A trav\u00e9s de esas l\u00edneas de trabajo, JRS acompa\u00f1a a las personas en las relaciones que tienen que establecer con sus comunidades de acogida. Adem\u00e1s, JRS hace incidencia pol\u00edtica e incidencia comunicativa para mejorara las leyes y contribuir a los procesos de construcci\u00f3n de paz. Se trata de un trabajo amplio, complejo y dilatado en el tiempo. En estos a\u00f1os, hemos realizado dos evaluaciones del programa para validar sus resultados cient\u00edficamente, evaluar el impacto logrado e identificar [&hellip;]","og_url":"https:\/\/www.entreculturas.org\/ca\/noticia\/10-anos-del-programa-colombia-y-sus-fronteras\/","og_site_name":"Entreculturas","article_publisher":"https:\/\/www.facebook.com\/entreculturas","article_modified_time":"2024-03-19T19:09:47+00:00","og_image":[{"width":559,"height":737,"url":"https:\/\/www.entreculturas.org\/wp-content\/uploads\/2019\/08\/noticia-manzanedo.png","type":"image\/png"}],"twitter_card":"summary_large_image","twitter_site":"@Entreculturas","schema":{"@context":"https:\/\/schema.org","@graph":[{"@type":"WebPage","@id":"https:\/\/www.entreculturas.org\/ca\/noticia\/10-anos-del-programa-colombia-y-sus-fronteras\/","url":"https:\/\/www.entreculturas.org\/ca\/noticia\/10-anos-del-programa-colombia-y-sus-fronteras\/","name":"10 a\u00f1os del programa Colombia y sus fronteras - Entreculturas","isPartOf":{"@id":"https:\/\/www.entreculturas.org\/ca\/#website"},"primaryImageOfPage":{"@id":"https:\/\/www.entreculturas.org\/ca\/noticia\/10-anos-del-programa-colombia-y-sus-fronteras\/#primaryimage"},"image":{"@id":"https:\/\/www.entreculturas.org\/ca\/noticia\/10-anos-del-programa-colombia-y-sus-fronteras\/#primaryimage"},"thumbnailUrl":"https:\/\/www.entreculturas.org\/wp-content\/uploads\/2019\/08\/noticia-manzanedo.png","datePublished":"2019-08-26T08:37:41+00:00","dateModified":"2024-03-19T19:09:47+00:00","breadcrumb":{"@id":"https:\/\/www.entreculturas.org\/ca\/noticia\/10-anos-del-programa-colombia-y-sus-fronteras\/#breadcrumb"},"inLanguage":"ca","potentialAction":[{"@type":"ReadAction","target":["https:\/\/www.entreculturas.org\/ca\/noticia\/10-anos-del-programa-colombia-y-sus-fronteras\/"]}]},{"@type":"ImageObject","inLanguage":"ca","@id":"https:\/\/www.entreculturas.org\/ca\/noticia\/10-anos-del-programa-colombia-y-sus-fronteras\/#primaryimage","url":"https:\/\/www.entreculturas.org\/wp-content\/uploads\/2019\/08\/noticia-manzanedo.png","contentUrl":"https:\/\/www.entreculturas.org\/wp-content\/uploads\/2019\/08\/noticia-manzanedo.png","width":559,"height":737},{"@type":"BreadcrumbList","@id":"https:\/\/www.entreculturas.org\/ca\/noticia\/10-anos-del-programa-colombia-y-sus-fronteras\/#breadcrumb","itemListElement":[{"@type":"ListItem","position":1,"name":"Home","item":"https:\/\/www.entreculturas.org\/ca\/"},{"@type":"ListItem","position":2,"name":"Noticias","item":"https:\/\/www.entreculturas.org\/ca\/noticias\/"},{"@type":"ListItem","position":3,"name":"10 a\u00f1os del programa Colombia y sus fronteras"}]},{"@type":"WebSite","@id":"https:\/\/www.entreculturas.org\/ca\/#website","url":"https:\/\/www.entreculturas.org\/ca\/","name":"Entreculturas","description":"","publisher":{"@id":"https:\/\/www.entreculturas.org\/ca\/#organization"},"alternateName":"Entreculturas","potentialAction":[{"@type":"SearchAction","target":{"@type":"EntryPoint","urlTemplate":"https:\/\/www.entreculturas.org\/ca\/?s={search_term_string}"},"query-input":{"@type":"PropertyValueSpecification","valueRequired":true,"valueName":"search_term_string"}}],"inLanguage":"ca"},{"@type":"Organization","@id":"https:\/\/www.entreculturas.org\/ca\/#organization","name":"Entreculturas","url":"https:\/\/www.entreculturas.org\/ca\/","logo":{"@type":"ImageObject","inLanguage":"ca","@id":"https:\/\/www.entreculturas.org\/ca\/#\/schema\/logo\/image\/","url":"https:\/\/www.entreculturas.org\/wp-content\/uploads\/2025\/10\/ESP.svg","contentUrl":"https:\/\/www.entreculturas.org\/wp-content\/uploads\/2025\/10\/ESP.svg","caption":"Entreculturas"},"image":{"@id":"https:\/\/www.entreculturas.org\/ca\/#\/schema\/logo\/image\/"},"sameAs":["https:\/\/www.facebook.com\/entreculturas","https:\/\/x.com\/Entreculturas","https:\/\/www.instagram.com\/entreculturas\/","https:\/\/www.youtube.com\/user\/entreculturasvideo","https:\/\/www.linkedin.com\/company\/fundacion-entreculturas-ngdo\/","https:\/\/www.flickr.com\/photos\/98455522@N04\/albums\/"]}]}},"_links":{"self":[{"href":"https:\/\/www.entreculturas.org\/ca\/wp-json\/wp\/v2\/noticia\/3523","targetHints":{"allow":["GET"]}}],"collection":[{"href":"https:\/\/www.entreculturas.org\/ca\/wp-json\/wp\/v2\/noticia"}],"about":[{"href":"https:\/\/www.entreculturas.org\/ca\/wp-json\/wp\/v2\/types\/noticia"}],"wp:featuredmedia":[{"embeddable":true,"href":"https:\/\/www.entreculturas.org\/ca\/wp-json\/wp\/v2\/media\/3519"}],"wp:attachment":[{"href":"https:\/\/www.entreculturas.org\/ca\/wp-json\/wp\/v2\/media?parent=3523"}],"wp:term":[{"taxonomy":"category","embeddable":true,"href":"https:\/\/www.entreculturas.org\/ca\/wp-json\/wp\/v2\/categories?post=3523"},{"taxonomy":"post_tag","embeddable":true,"href":"https:\/\/www.entreculturas.org\/ca\/wp-json\/wp\/v2\/tags?post=3523"},{"taxonomy":"country","embeddable":true,"href":"https:\/\/www.entreculturas.org\/ca\/wp-json\/wp\/v2\/country?post=3523"},{"taxonomy":"cause","embeddable":true,"href":"https:\/\/www.entreculturas.org\/ca\/wp-json\/wp\/v2\/cause?post=3523"}],"curies":[{"name":"wp","href":"https:\/\/api.w.org\/{rel}","templated":true}]}}