{"id":30224,"date":"2018-08-27T10:03:00","date_gmt":"2018-08-27T08:03:00","guid":{"rendered":"https:\/\/www.entreculturas.org\/?post_type=noticia&#038;p=30224"},"modified":"2024-09-03T11:15:47","modified_gmt":"2024-09-03T09:15:47","slug":"3-aulas-rehabilitadas-en-republica-centroafricana","status":"publish","type":"noticia","link":"https:\/\/www.entreculturas.org\/ca\/noticia\/3-aulas-rehabilitadas-en-republica-centroafricana\/","title":{"rendered":"3 aulas rehabilitadas en Rep\u00fablica Centroafricana"},"content":{"rendered":"\n<p><\/p>\n\n\n\n<p><\/p>\n\n\n\n<h2 class=\"wp-block-heading\" id=\"h-contexto\">Contexto:<\/h2>\n\n\n\n<p><\/p>\n\n\n\n<p>Entre los antiguos alumnos y alumnas que formamos parte de Contigo en la Misi\u00f3n, hemos colaborado con el Servicio Jesuita a Refugiados en el proyecto que desarrollan en Bambari, Rep\u00fablica Centroafricana.<\/p>\n\n\n\n<p><\/p>\n\n\n\n<p><strong>a) Rehabilitaci\u00f3n de 3 escuelas de preescolar en la ciudad.<\/strong><\/p>\n\n\n\n<p>En este contexto de extrema violencia, la educaci\u00f3n es imprescindible para los ni\u00f1os y ni\u00f1as de edades tempranas.<\/p>\n\n\n\n<p><\/p>\n\n\n\n<p><strong>b) Rehabilitaci\u00f3n de casa de acogida de menores desmovilizados y acondicionamiento de terrenos de deporte.<\/strong><\/p>\n\n\n\n<p><\/p>\n\n\n\n<p>Los menores que han sido desmovilizados como soldados necesitan atenci\u00f3n psicosocial y educativa y los espacios de juego <\/p>\n\n\n\n<p>son fundamentales en su proceso de reinserci\u00f3n.<\/p>\n\n\n\n<p><\/p>\n\n\n\n<figure class=\"wp-block-image aligncenter size-large is-resized\"><img decoding=\"async\" src=\"https:\/\/www.entreculturas.org\/wp-content\/uploads\/2024\/08\/Captura-de-Pantalla-2024-08-27-a-las-9.50.23.png\" alt=\"\" style=\"width:828px;height:auto\"\/><\/figure>\n\n\n\n<p><\/p>\n\n\n\n<p><\/p>\n\n\n\n<h2 class=\"wp-block-heading\" id=\"h-por-que-actuar\">\u00bfPor qu\u00e9 actuar?<\/h2>\n\n\n\n<p>Rep\u00fablica Centroafricana (RCA) es uno de los pa\u00edses m\u00e1s vulnerables del mundo. El pa\u00eds sufre una crisis de extrema pobreza ligada a carencias estructurales<br>y a conflictos armados sucesivos. Seg\u00fan el \u00edndice de desarrollo humano de 2016, RCA se encuentra en el \u00faltimo lugar de la clasificaci\u00f3n mundial, tras pa\u00edses tales como Siria, Sud\u00e1n del Sur y N\u00edger, y m\u00e1s de la mitad de la poblaci\u00f3n del pa\u00eds necesita de la ayuda humanitaria para sobrevivir.<\/p>\n\n\n\n<p><\/p>\n\n\n\n<p>La totalidad de la poblaci\u00f3n, 4,6 millones de personas de las que el 50% son ni\u00f1os\/as, ha sido v\u00edctima de una espiral de violencia que comenz\u00f3 en 2012, que ha sumido al pa\u00eds en una de las mayores crisis humanitarias de los \u00faltimos a\u00f1os.<\/p>\n\n\n\n<p><\/p>\n\n\n\n<p>Los combates entre grupos armados y los abusos han obligado a las poblaciones a desplazarse tanto fuera como dentro del pa\u00eds: en mayo de 2017, una quinta parte de la poblaci\u00f3n total de la RCA era desplazada.<\/p>\n\n\n\n<p><\/p>\n\n\n\n<div style=\"height:48px\" aria-hidden=\"true\" class=\"wp-block-spacer\"><\/div>\n\n\n\n<p><\/p>\n\n\n\n<figure class=\"wp-block-image aligncenter size-large is-resized\"><img decoding=\"async\" src=\"https:\/\/www.entreculturas.org\/wp-content\/uploads\/2024\/08\/DATOS-CLAVES.png\" alt=\"\" style=\"width:787px;height:auto\"\/><\/figure>\n\n\n\n<div style=\"height:48px\" aria-hidden=\"true\" class=\"wp-block-spacer\"><\/div>\n\n\n\n<figure class=\"wp-block-image aligncenter size-large\"><img decoding=\"async\" src=\"https:\/\/www.entreculturas.org\/wp-content\/uploads\/2024\/08\/IMPACTOS-.png\" alt=\"\"\/><\/figure>\n\n\n\n<p><\/p>\n\n\n\n<p><strong>\u00a1Gracias a todos y todas los que hab\u00e9is hecho posible esta Misi\u00f3n!<\/strong><\/p>\n\n\n\n<p><\/p>\n\n\n\n<p>&gt;&gt; <a href=\"https:\/\/www.entreculturas.org\/wp-content\/uploads\/2024\/07\/CierreProyecto_ContigoenlaMision_Peru.pdf\" target=\"_blank\" rel=\"noreferrer noopener\"><strong>De<\/strong><\/a><a href=\"https:\/\/www.entreculturas.org\/wp-content\/uploads\/2024\/08\/Proyecto_RCA_Contigo2018.pdf\"><strong>scargar el informe del proyecto<\/strong><\/a><\/p>\n\n\n\n<p><\/p>\n\n\n\n<p><\/p>\n\n\n\n<p><\/p>\n","protected":false},"excerpt":{"rendered":"<p>Contexto: Entre los antiguos alumnos y alumnas que formamos parte de Contigo en la Misi\u00f3n, hemos colaborado con el Servicio Jesuita a Refugiados en el proyecto que desarrollan en Bambari, Rep\u00fablica Centroafricana. a) Rehabilitaci\u00f3n de 3 escuelas de preescolar en la ciudad. En este contexto de extrema violencia, la educaci\u00f3n es imprescindible para los ni\u00f1os y ni\u00f1as de edades tempranas. b) Rehabilitaci\u00f3n de casa de acogida de menores desmovilizados y acondicionamiento de terrenos de deporte. Los menores que han sido desmovilizados como soldados necesitan atenci\u00f3n psicosocial y educativa y los espacios de juego son fundamentales en su proceso de reinserci\u00f3n. \u00bfPor qu\u00e9 actuar? Rep\u00fablica Centroafricana (RCA) es uno de los pa\u00edses m\u00e1s vulnerables del mundo. El pa\u00eds sufre una crisis de extrema pobreza ligada a carencias estructuralesy a conflictos armados sucesivos. Seg\u00fan el \u00edndice de desarrollo humano de 2016, RCA se encuentra en el \u00faltimo lugar de la clasificaci\u00f3n mundial, [&hellip;]<\/p>\n","protected":false},"featured_media":30635,"template":"","meta":{"_acf_changed":false},"categories":[7],"tags":[],"country":[],"cause":[128],"class_list":["post-30224","noticia","type-noticia","status-publish","has-post-thumbnail","hentry","category-noticia","cause-educacion"],"acf":[],"yoast_head":"<!-- This site is optimized with the Yoast SEO Premium plugin v21.6 (Yoast SEO v27.5) - https:\/\/yoast.com\/product\/yoast-seo-premium-wordpress\/ -->\n<title>3 aulas rehabilitadas en Rep\u00fablica Centroafricana - Entreculturas<\/title>\n<meta name=\"robots\" content=\"index, follow, max-snippet:-1, max-image-preview:large, max-video-preview:-1\" \/>\n<link rel=\"canonical\" href=\"https:\/\/www.entreculturas.org\/ca\/noticia\/3-aulas-rehabilitadas-en-republica-centroafricana\/\" \/>\n<meta property=\"og:locale\" content=\"ca_ES\" \/>\n<meta property=\"og:type\" content=\"article\" \/>\n<meta property=\"og:title\" content=\"3 aulas rehabilitadas en Rep\u00fablica Centroafricana\" \/>\n<meta property=\"og:description\" content=\"Contexto: Entre los antiguos alumnos y alumnas que formamos parte de Contigo en la Misi\u00f3n, hemos colaborado con el Servicio Jesuita a Refugiados en el proyecto que desarrollan en Bambari, Rep\u00fablica Centroafricana. a) Rehabilitaci\u00f3n de 3 escuelas de preescolar en la ciudad. En este contexto de extrema violencia, la educaci\u00f3n es imprescindible para los ni\u00f1os y ni\u00f1as de edades tempranas. b) Rehabilitaci\u00f3n de casa de acogida de menores desmovilizados y acondicionamiento de terrenos de deporte. Los menores que han sido desmovilizados como soldados necesitan atenci\u00f3n psicosocial y educativa y los espacios de juego son fundamentales en su proceso de reinserci\u00f3n. \u00bfPor qu\u00e9 actuar? Rep\u00fablica Centroafricana (RCA) es uno de los pa\u00edses m\u00e1s vulnerables del mundo. El pa\u00eds sufre una crisis de extrema pobreza ligada a carencias estructuralesy a conflictos armados sucesivos. Seg\u00fan el \u00edndice de desarrollo humano de 2016, RCA se encuentra en el \u00faltimo lugar de la clasificaci\u00f3n mundial, [&hellip;]\" \/>\n<meta property=\"og:url\" content=\"https:\/\/www.entreculturas.org\/ca\/noticia\/3-aulas-rehabilitadas-en-republica-centroafricana\/\" \/>\n<meta property=\"og:site_name\" content=\"Entreculturas\" \/>\n<meta property=\"article:publisher\" content=\"https:\/\/www.facebook.com\/entreculturas\" \/>\n<meta property=\"article:modified_time\" content=\"2024-09-03T09:15:47+00:00\" \/>\n<meta property=\"og:image\" content=\"https:\/\/www.entreculturas.org\/wp-content\/uploads\/2024\/08\/Captura-de-Pantalla-2024-08-27-a-las-9.50.23.png\" \/>\n\t<meta property=\"og:image:width\" content=\"736\" \/>\n\t<meta property=\"og:image:height\" content=\"359\" \/>\n\t<meta property=\"og:image:type\" content=\"image\/png\" \/>\n<meta name=\"twitter:card\" content=\"summary_large_image\" \/>\n<meta name=\"twitter:site\" content=\"@Entreculturas\" \/>\n<script type=\"application\/ld+json\" class=\"yoast-schema-graph\">{\"@context\":\"https:\\\/\\\/schema.org\",\"@graph\":[{\"@type\":\"WebPage\",\"@id\":\"https:\\\/\\\/www.entreculturas.org\\\/ca\\\/noticia\\\/3-aulas-rehabilitadas-en-republica-centroafricana\\\/\",\"url\":\"https:\\\/\\\/www.entreculturas.org\\\/ca\\\/noticia\\\/3-aulas-rehabilitadas-en-republica-centroafricana\\\/\",\"name\":\"3 aulas rehabilitadas en Rep\u00fablica Centroafricana - Entreculturas\",\"isPartOf\":{\"@id\":\"https:\\\/\\\/www.entreculturas.org\\\/ca\\\/#website\"},\"primaryImageOfPage\":{\"@id\":\"https:\\\/\\\/www.entreculturas.org\\\/ca\\\/noticia\\\/3-aulas-rehabilitadas-en-republica-centroafricana\\\/#primaryimage\"},\"image\":{\"@id\":\"https:\\\/\\\/www.entreculturas.org\\\/ca\\\/noticia\\\/3-aulas-rehabilitadas-en-republica-centroafricana\\\/#primaryimage\"},\"thumbnailUrl\":\"https:\\\/\\\/www.entreculturas.org\\\/wp-content\\\/uploads\\\/2024\\\/08\\\/Captura-de-Pantalla-2024-08-27-a-las-9.50.23.png\",\"datePublished\":\"2018-08-27T08:03:00+00:00\",\"dateModified\":\"2024-09-03T09:15:47+00:00\",\"breadcrumb\":{\"@id\":\"https:\\\/\\\/www.entreculturas.org\\\/ca\\\/noticia\\\/3-aulas-rehabilitadas-en-republica-centroafricana\\\/#breadcrumb\"},\"inLanguage\":\"ca\",\"potentialAction\":[{\"@type\":\"ReadAction\",\"target\":[\"https:\\\/\\\/www.entreculturas.org\\\/ca\\\/noticia\\\/3-aulas-rehabilitadas-en-republica-centroafricana\\\/\"]}]},{\"@type\":\"ImageObject\",\"inLanguage\":\"ca\",\"@id\":\"https:\\\/\\\/www.entreculturas.org\\\/ca\\\/noticia\\\/3-aulas-rehabilitadas-en-republica-centroafricana\\\/#primaryimage\",\"url\":\"https:\\\/\\\/www.entreculturas.org\\\/wp-content\\\/uploads\\\/2024\\\/08\\\/Captura-de-Pantalla-2024-08-27-a-las-9.50.23.png\",\"contentUrl\":\"https:\\\/\\\/www.entreculturas.org\\\/wp-content\\\/uploads\\\/2024\\\/08\\\/Captura-de-Pantalla-2024-08-27-a-las-9.50.23.png\",\"width\":736,\"height\":359},{\"@type\":\"BreadcrumbList\",\"@id\":\"https:\\\/\\\/www.entreculturas.org\\\/ca\\\/noticia\\\/3-aulas-rehabilitadas-en-republica-centroafricana\\\/#breadcrumb\",\"itemListElement\":[{\"@type\":\"ListItem\",\"position\":1,\"name\":\"Home\",\"item\":\"https:\\\/\\\/www.entreculturas.org\\\/ca\\\/\"},{\"@type\":\"ListItem\",\"position\":2,\"name\":\"Noticias\",\"item\":\"https:\\\/\\\/www.entreculturas.org\\\/ca\\\/noticias\\\/\"},{\"@type\":\"ListItem\",\"position\":3,\"name\":\"3 aulas rehabilitadas en Rep\u00fablica Centroafricana\"}]},{\"@type\":\"WebSite\",\"@id\":\"https:\\\/\\\/www.entreculturas.org\\\/ca\\\/#website\",\"url\":\"https:\\\/\\\/www.entreculturas.org\\\/ca\\\/\",\"name\":\"Entreculturas\",\"description\":\"\",\"publisher\":{\"@id\":\"https:\\\/\\\/www.entreculturas.org\\\/ca\\\/#organization\"},\"alternateName\":\"Entreculturas\",\"potentialAction\":[{\"@type\":\"SearchAction\",\"target\":{\"@type\":\"EntryPoint\",\"urlTemplate\":\"https:\\\/\\\/www.entreculturas.org\\\/ca\\\/?s={search_term_string}\"},\"query-input\":{\"@type\":\"PropertyValueSpecification\",\"valueRequired\":true,\"valueName\":\"search_term_string\"}}],\"inLanguage\":\"ca\"},{\"@type\":\"Organization\",\"@id\":\"https:\\\/\\\/www.entreculturas.org\\\/ca\\\/#organization\",\"name\":\"Entreculturas\",\"url\":\"https:\\\/\\\/www.entreculturas.org\\\/ca\\\/\",\"logo\":{\"@type\":\"ImageObject\",\"inLanguage\":\"ca\",\"@id\":\"https:\\\/\\\/www.entreculturas.org\\\/ca\\\/#\\\/schema\\\/logo\\\/image\\\/\",\"url\":\"https:\\\/\\\/www.entreculturas.org\\\/wp-content\\\/uploads\\\/2025\\\/10\\\/ESP.svg\",\"contentUrl\":\"https:\\\/\\\/www.entreculturas.org\\\/wp-content\\\/uploads\\\/2025\\\/10\\\/ESP.svg\",\"caption\":\"Entreculturas\"},\"image\":{\"@id\":\"https:\\\/\\\/www.entreculturas.org\\\/ca\\\/#\\\/schema\\\/logo\\\/image\\\/\"},\"sameAs\":[\"https:\\\/\\\/www.facebook.com\\\/entreculturas\",\"https:\\\/\\\/x.com\\\/Entreculturas\",\"https:\\\/\\\/www.instagram.com\\\/entreculturas\\\/\",\"https:\\\/\\\/www.youtube.com\\\/user\\\/entreculturasvideo\",\"https:\\\/\\\/www.linkedin.com\\\/company\\\/fundacion-entreculturas-ngdo\\\/\",\"https:\\\/\\\/www.flickr.com\\\/photos\\\/98455522@N04\\\/albums\\\/\"]}]}<\/script>\n<!-- \/ Yoast SEO Premium plugin. -->","yoast_head_json":{"title":"3 aulas rehabilitadas en Rep\u00fablica Centroafricana - Entreculturas","robots":{"index":"index","follow":"follow","max-snippet":"max-snippet:-1","max-image-preview":"max-image-preview:large","max-video-preview":"max-video-preview:-1"},"canonical":"https:\/\/www.entreculturas.org\/ca\/noticia\/3-aulas-rehabilitadas-en-republica-centroafricana\/","og_locale":"ca_ES","og_type":"article","og_title":"3 aulas rehabilitadas en Rep\u00fablica Centroafricana","og_description":"Contexto: Entre los antiguos alumnos y alumnas que formamos parte de Contigo en la Misi\u00f3n, hemos colaborado con el Servicio Jesuita a Refugiados en el proyecto que desarrollan en Bambari, Rep\u00fablica Centroafricana. a) Rehabilitaci\u00f3n de 3 escuelas de preescolar en la ciudad. En este contexto de extrema violencia, la educaci\u00f3n es imprescindible para los ni\u00f1os y ni\u00f1as de edades tempranas. b) Rehabilitaci\u00f3n de casa de acogida de menores desmovilizados y acondicionamiento de terrenos de deporte. Los menores que han sido desmovilizados como soldados necesitan atenci\u00f3n psicosocial y educativa y los espacios de juego son fundamentales en su proceso de reinserci\u00f3n. \u00bfPor qu\u00e9 actuar? Rep\u00fablica Centroafricana (RCA) es uno de los pa\u00edses m\u00e1s vulnerables del mundo. El pa\u00eds sufre una crisis de extrema pobreza ligada a carencias estructuralesy a conflictos armados sucesivos. Seg\u00fan el \u00edndice de desarrollo humano de 2016, RCA se encuentra en el \u00faltimo lugar de la clasificaci\u00f3n mundial, [&hellip;]","og_url":"https:\/\/www.entreculturas.org\/ca\/noticia\/3-aulas-rehabilitadas-en-republica-centroafricana\/","og_site_name":"Entreculturas","article_publisher":"https:\/\/www.facebook.com\/entreculturas","article_modified_time":"2024-09-03T09:15:47+00:00","og_image":[{"width":736,"height":359,"url":"https:\/\/www.entreculturas.org\/wp-content\/uploads\/2024\/08\/Captura-de-Pantalla-2024-08-27-a-las-9.50.23.png","type":"image\/png"}],"twitter_card":"summary_large_image","twitter_site":"@Entreculturas","schema":{"@context":"https:\/\/schema.org","@graph":[{"@type":"WebPage","@id":"https:\/\/www.entreculturas.org\/ca\/noticia\/3-aulas-rehabilitadas-en-republica-centroafricana\/","url":"https:\/\/www.entreculturas.org\/ca\/noticia\/3-aulas-rehabilitadas-en-republica-centroafricana\/","name":"3 aulas rehabilitadas en Rep\u00fablica Centroafricana - Entreculturas","isPartOf":{"@id":"https:\/\/www.entreculturas.org\/ca\/#website"},"primaryImageOfPage":{"@id":"https:\/\/www.entreculturas.org\/ca\/noticia\/3-aulas-rehabilitadas-en-republica-centroafricana\/#primaryimage"},"image":{"@id":"https:\/\/www.entreculturas.org\/ca\/noticia\/3-aulas-rehabilitadas-en-republica-centroafricana\/#primaryimage"},"thumbnailUrl":"https:\/\/www.entreculturas.org\/wp-content\/uploads\/2024\/08\/Captura-de-Pantalla-2024-08-27-a-las-9.50.23.png","datePublished":"2018-08-27T08:03:00+00:00","dateModified":"2024-09-03T09:15:47+00:00","breadcrumb":{"@id":"https:\/\/www.entreculturas.org\/ca\/noticia\/3-aulas-rehabilitadas-en-republica-centroafricana\/#breadcrumb"},"inLanguage":"ca","potentialAction":[{"@type":"ReadAction","target":["https:\/\/www.entreculturas.org\/ca\/noticia\/3-aulas-rehabilitadas-en-republica-centroafricana\/"]}]},{"@type":"ImageObject","inLanguage":"ca","@id":"https:\/\/www.entreculturas.org\/ca\/noticia\/3-aulas-rehabilitadas-en-republica-centroafricana\/#primaryimage","url":"https:\/\/www.entreculturas.org\/wp-content\/uploads\/2024\/08\/Captura-de-Pantalla-2024-08-27-a-las-9.50.23.png","contentUrl":"https:\/\/www.entreculturas.org\/wp-content\/uploads\/2024\/08\/Captura-de-Pantalla-2024-08-27-a-las-9.50.23.png","width":736,"height":359},{"@type":"BreadcrumbList","@id":"https:\/\/www.entreculturas.org\/ca\/noticia\/3-aulas-rehabilitadas-en-republica-centroafricana\/#breadcrumb","itemListElement":[{"@type":"ListItem","position":1,"name":"Home","item":"https:\/\/www.entreculturas.org\/ca\/"},{"@type":"ListItem","position":2,"name":"Noticias","item":"https:\/\/www.entreculturas.org\/ca\/noticias\/"},{"@type":"ListItem","position":3,"name":"3 aulas rehabilitadas en Rep\u00fablica Centroafricana"}]},{"@type":"WebSite","@id":"https:\/\/www.entreculturas.org\/ca\/#website","url":"https:\/\/www.entreculturas.org\/ca\/","name":"Entreculturas","description":"","publisher":{"@id":"https:\/\/www.entreculturas.org\/ca\/#organization"},"alternateName":"Entreculturas","potentialAction":[{"@type":"SearchAction","target":{"@type":"EntryPoint","urlTemplate":"https:\/\/www.entreculturas.org\/ca\/?s={search_term_string}"},"query-input":{"@type":"PropertyValueSpecification","valueRequired":true,"valueName":"search_term_string"}}],"inLanguage":"ca"},{"@type":"Organization","@id":"https:\/\/www.entreculturas.org\/ca\/#organization","name":"Entreculturas","url":"https:\/\/www.entreculturas.org\/ca\/","logo":{"@type":"ImageObject","inLanguage":"ca","@id":"https:\/\/www.entreculturas.org\/ca\/#\/schema\/logo\/image\/","url":"https:\/\/www.entreculturas.org\/wp-content\/uploads\/2025\/10\/ESP.svg","contentUrl":"https:\/\/www.entreculturas.org\/wp-content\/uploads\/2025\/10\/ESP.svg","caption":"Entreculturas"},"image":{"@id":"https:\/\/www.entreculturas.org\/ca\/#\/schema\/logo\/image\/"},"sameAs":["https:\/\/www.facebook.com\/entreculturas","https:\/\/x.com\/Entreculturas","https:\/\/www.instagram.com\/entreculturas\/","https:\/\/www.youtube.com\/user\/entreculturasvideo","https:\/\/www.linkedin.com\/company\/fundacion-entreculturas-ngdo\/","https:\/\/www.flickr.com\/photos\/98455522@N04\/albums\/"]}]}},"_links":{"self":[{"href":"https:\/\/www.entreculturas.org\/ca\/wp-json\/wp\/v2\/noticia\/30224","targetHints":{"allow":["GET"]}}],"collection":[{"href":"https:\/\/www.entreculturas.org\/ca\/wp-json\/wp\/v2\/noticia"}],"about":[{"href":"https:\/\/www.entreculturas.org\/ca\/wp-json\/wp\/v2\/types\/noticia"}],"wp:featuredmedia":[{"embeddable":true,"href":"https:\/\/www.entreculturas.org\/ca\/wp-json\/wp\/v2\/media\/30635"}],"wp:attachment":[{"href":"https:\/\/www.entreculturas.org\/ca\/wp-json\/wp\/v2\/media?parent=30224"}],"wp:term":[{"taxonomy":"category","embeddable":true,"href":"https:\/\/www.entreculturas.org\/ca\/wp-json\/wp\/v2\/categories?post=30224"},{"taxonomy":"post_tag","embeddable":true,"href":"https:\/\/www.entreculturas.org\/ca\/wp-json\/wp\/v2\/tags?post=30224"},{"taxonomy":"country","embeddable":true,"href":"https:\/\/www.entreculturas.org\/ca\/wp-json\/wp\/v2\/country?post=30224"},{"taxonomy":"cause","embeddable":true,"href":"https:\/\/www.entreculturas.org\/ca\/wp-json\/wp\/v2\/cause?post=30224"}],"curies":[{"name":"wp","href":"https:\/\/api.w.org\/{rel}","templated":true}]}}