{"id":28921,"date":"2024-07-23T10:45:28","date_gmt":"2024-07-23T08:45:28","guid":{"rendered":"https:\/\/www.entreculturas.org\/?post_type=testimonios&#038;p=28921"},"modified":"2024-09-17T12:37:13","modified_gmt":"2024-09-17T10:37:13","slug":"carlos-ruiz-diez-volpa-en-chad","status":"publish","type":"noticia","link":"https:\/\/www.entreculturas.org\/ca\/noticia\/carlos-ruiz-diez-volpa-en-chad\/","title":{"rendered":"Carlos Ruiz D\u00edez &#8211; VOLPA en Chad"},"content":{"rendered":"\n<p><strong>Carlos Ruiz D\u00edez &#8211; VOLPA en Chad<\/strong><\/p>\n\n\n\n<p>Me llamo Carlos, tengo 27 a\u00f1os y soy ingeniero. Antes trabajaba como investigador en la Universidad Aut\u00f3noma de Barcelona y el Centro Nacional de Microelectr\u00f3nica del CSIC, pero actualmente estoy realizando mi voluntariado VOLPA en Fe y Alegr\u00eda Chad. Llevo aqu\u00ed unos 13 meses y estar\u00e9 aqu\u00ed dos a\u00f1os en total.&nbsp;<\/p>\n\n\n\n<p>Aunque mis tareas var\u00edan seg\u00fan las necesidades de la organizaci\u00f3n, en este segundo a\u00f1o se centran principalmente en ense\u00f1ar F\u00edsica en secundaria. Tambi\u00e9n apoyo en el taller de soldadura, ayudando con mejoras del material de trabajo agr\u00edcola.<br>&nbsp;&nbsp;&nbsp;<\/p>\n\n\n\n<p>Chad es un contexto complejo. Este a\u00f1o ha habido muchos levantamientos militares anti-franceses en la franja del Sahel (Mal\u00ed, Burkina Faso, N\u00edger\u2026). La guerra en Sud\u00e1n tambi\u00e9n ha afectado mucho, tanto en la seguridad de ciertas zonas, como al comercio. La pol\u00edtica interna se resume en un gobierno de transici\u00f3n regido por un l\u00edder no electo que ha eliminado a sus opositores del tablero a lo largo del a\u00f1o que lleva en el poder, generando incertidumbre acerca del futuro pol\u00edtico de la regi\u00f3n.&nbsp;<\/p>\n\n\n\n<p>En este contexto tan duro, a m\u00ed personalmente me impacta la fortaleza de muchas personas que luchan con alegr\u00eda por un futuro digno. Madres y padres que trabajan con mucho esfuerzo para cuidar de sus familias y asegurar que sus hijos e hijas puedan ir a la escuela. Tambi\u00e9n ver a chicas adolescentes reivindicando sus derechos como mujeres\u2026 Conocer estas situaciones me hace plantearme c\u00f3mo quiero estar en el mundo y me hace consciente de mis privilegios.<\/p>\n\n\n\n<p>Considero que el voluntariado internacional es un intercambio muy positivo para todas las partes, aunque no creo que haya que idealizar la tarea ni creer que se pueda hacer de cualquier manera. VOLPA es una opci\u00f3n muy s\u00f3lida para hacerlo con sentido, coherencia y seguridad. Si te quieres unir, mi consejo es: trae unas buenas sandalias y no dejes que el miedo decida por ti.&nbsp;<\/p>\n\n\n\n<p><\/p>\n\n\n\n<figure class=\"wp-block-image size-full\"><img decoding=\"async\" src=\"https:\/\/www.entreculturas.org\/wp-content\/uploads\/2023\/12\/carlos_somos_volpa_entreculturas.jpg\" alt=\"\" class=\"wp-image-9759\"\/><\/figure>\n","protected":false},"excerpt":{"rendered":"<p>Carlos Ruiz D\u00edez &#8211; VOLPA en Chad Me llamo Carlos, tengo 27 a\u00f1os y soy ingeniero. Antes trabajaba como investigador en la Universidad Aut\u00f3noma de Barcelona y el Centro Nacional de Microelectr\u00f3nica del CSIC, pero actualmente estoy realizando mi voluntariado VOLPA en Fe y Alegr\u00eda Chad. Llevo aqu\u00ed unos 13 meses y estar\u00e9 aqu\u00ed dos a\u00f1os en total.&nbsp; Aunque mis tareas var\u00edan seg\u00fan las necesidades de la organizaci\u00f3n, en este segundo a\u00f1o se centran principalmente en ense\u00f1ar F\u00edsica en secundaria. Tambi\u00e9n apoyo en el taller de soldadura, ayudando con mejoras del material de trabajo agr\u00edcola.&nbsp;&nbsp;&nbsp; Chad es un contexto complejo. Este a\u00f1o ha habido muchos levantamientos militares anti-franceses en la franja del Sahel (Mal\u00ed, Burkina Faso, N\u00edger\u2026). La guerra en Sud\u00e1n tambi\u00e9n ha afectado mucho, tanto en la seguridad de ciertas zonas, como al comercio. La pol\u00edtica interna se resume en un gobierno de transici\u00f3n regido por un l\u00edder no [&hellip;]<\/p>\n","protected":false},"featured_media":9759,"template":"single-noticia","meta":{"_acf_changed":false},"categories":[7,15],"tags":[],"country":[],"cause":[],"class_list":["post-28921","noticia","type-noticia","status-publish","has-post-thumbnail","hentry","category-noticia","category-testimonio"],"acf":[],"yoast_head":"<!-- This site is optimized with the Yoast SEO Premium plugin v21.6 (Yoast SEO v27.5) - https:\/\/yoast.com\/product\/yoast-seo-premium-wordpress\/ -->\n<title>Carlos Ruiz D\u00edez - VOLPA en Chad - Entreculturas<\/title>\n<meta name=\"robots\" content=\"index, follow, max-snippet:-1, max-image-preview:large, max-video-preview:-1\" \/>\n<link rel=\"canonical\" href=\"https:\/\/www.entreculturas.org\/ca\/noticia\/carlos-ruiz-diez-volpa-en-chad\/\" \/>\n<meta property=\"og:locale\" content=\"ca_ES\" \/>\n<meta property=\"og:type\" content=\"article\" \/>\n<meta property=\"og:title\" content=\"Carlos Ruiz D\u00edez - VOLPA en Chad\" \/>\n<meta property=\"og:description\" content=\"Carlos Ruiz D\u00edez &#8211; VOLPA en Chad Me llamo Carlos, tengo 27 a\u00f1os y soy ingeniero. Antes trabajaba como investigador en la Universidad Aut\u00f3noma de Barcelona y el Centro Nacional de Microelectr\u00f3nica del CSIC, pero actualmente estoy realizando mi voluntariado VOLPA en Fe y Alegr\u00eda Chad. Llevo aqu\u00ed unos 13 meses y estar\u00e9 aqu\u00ed dos a\u00f1os en total.&nbsp; Aunque mis tareas var\u00edan seg\u00fan las necesidades de la organizaci\u00f3n, en este segundo a\u00f1o se centran principalmente en ense\u00f1ar F\u00edsica en secundaria. Tambi\u00e9n apoyo en el taller de soldadura, ayudando con mejoras del material de trabajo agr\u00edcola.&nbsp;&nbsp;&nbsp; Chad es un contexto complejo. Este a\u00f1o ha habido muchos levantamientos militares anti-franceses en la franja del Sahel (Mal\u00ed, Burkina Faso, N\u00edger\u2026). La guerra en Sud\u00e1n tambi\u00e9n ha afectado mucho, tanto en la seguridad de ciertas zonas, como al comercio. La pol\u00edtica interna se resume en un gobierno de transici\u00f3n regido por un l\u00edder no [&hellip;]\" \/>\n<meta property=\"og:url\" content=\"https:\/\/www.entreculturas.org\/ca\/noticia\/carlos-ruiz-diez-volpa-en-chad\/\" \/>\n<meta property=\"og:site_name\" content=\"Entreculturas\" \/>\n<meta property=\"article:publisher\" content=\"https:\/\/www.facebook.com\/entreculturas\" \/>\n<meta property=\"article:modified_time\" content=\"2024-09-17T10:37:13+00:00\" \/>\n<meta property=\"og:image\" content=\"https:\/\/www.entreculturas.org\/wp-content\/uploads\/2023\/12\/carlos_somos_volpa_entreculturas-e1726747542898.jpg\" \/>\n\t<meta property=\"og:image:width\" content=\"750\" \/>\n\t<meta property=\"og:image:height\" content=\"375\" \/>\n\t<meta property=\"og:image:type\" content=\"image\/jpeg\" \/>\n<meta name=\"twitter:card\" content=\"summary_large_image\" \/>\n<meta name=\"twitter:site\" content=\"@Entreculturas\" \/>\n<script type=\"application\/ld+json\" class=\"yoast-schema-graph\">{\"@context\":\"https:\\\/\\\/schema.org\",\"@graph\":[{\"@type\":\"WebPage\",\"@id\":\"https:\\\/\\\/www.entreculturas.org\\\/ca\\\/noticia\\\/carlos-ruiz-diez-volpa-en-chad\\\/\",\"url\":\"https:\\\/\\\/www.entreculturas.org\\\/ca\\\/noticia\\\/carlos-ruiz-diez-volpa-en-chad\\\/\",\"name\":\"Carlos Ruiz D\u00edez - VOLPA en Chad - Entreculturas\",\"isPartOf\":{\"@id\":\"https:\\\/\\\/www.entreculturas.org\\\/ca\\\/#website\"},\"primaryImageOfPage\":{\"@id\":\"https:\\\/\\\/www.entreculturas.org\\\/ca\\\/noticia\\\/carlos-ruiz-diez-volpa-en-chad\\\/#primaryimage\"},\"image\":{\"@id\":\"https:\\\/\\\/www.entreculturas.org\\\/ca\\\/noticia\\\/carlos-ruiz-diez-volpa-en-chad\\\/#primaryimage\"},\"thumbnailUrl\":\"https:\\\/\\\/www.entreculturas.org\\\/wp-content\\\/uploads\\\/2023\\\/12\\\/carlos_somos_volpa_entreculturas-e1726747542898.jpg\",\"datePublished\":\"2024-07-23T08:45:28+00:00\",\"dateModified\":\"2024-09-17T10:37:13+00:00\",\"breadcrumb\":{\"@id\":\"https:\\\/\\\/www.entreculturas.org\\\/ca\\\/noticia\\\/carlos-ruiz-diez-volpa-en-chad\\\/#breadcrumb\"},\"inLanguage\":\"ca\",\"potentialAction\":[{\"@type\":\"ReadAction\",\"target\":[\"https:\\\/\\\/www.entreculturas.org\\\/ca\\\/noticia\\\/carlos-ruiz-diez-volpa-en-chad\\\/\"]}]},{\"@type\":\"ImageObject\",\"inLanguage\":\"ca\",\"@id\":\"https:\\\/\\\/www.entreculturas.org\\\/ca\\\/noticia\\\/carlos-ruiz-diez-volpa-en-chad\\\/#primaryimage\",\"url\":\"https:\\\/\\\/www.entreculturas.org\\\/wp-content\\\/uploads\\\/2023\\\/12\\\/carlos_somos_volpa_entreculturas-e1726747542898.jpg\",\"contentUrl\":\"https:\\\/\\\/www.entreculturas.org\\\/wp-content\\\/uploads\\\/2023\\\/12\\\/carlos_somos_volpa_entreculturas-e1726747542898.jpg\",\"width\":750,\"height\":375},{\"@type\":\"BreadcrumbList\",\"@id\":\"https:\\\/\\\/www.entreculturas.org\\\/ca\\\/noticia\\\/carlos-ruiz-diez-volpa-en-chad\\\/#breadcrumb\",\"itemListElement\":[{\"@type\":\"ListItem\",\"position\":1,\"name\":\"Home\",\"item\":\"https:\\\/\\\/www.entreculturas.org\\\/ca\\\/\"},{\"@type\":\"ListItem\",\"position\":2,\"name\":\"Noticias\",\"item\":\"https:\\\/\\\/www.entreculturas.org\\\/ca\\\/noticias\\\/\"},{\"@type\":\"ListItem\",\"position\":3,\"name\":\"Carlos Ruiz D\u00edez &#8211; VOLPA en Chad\"}]},{\"@type\":\"WebSite\",\"@id\":\"https:\\\/\\\/www.entreculturas.org\\\/ca\\\/#website\",\"url\":\"https:\\\/\\\/www.entreculturas.org\\\/ca\\\/\",\"name\":\"Entreculturas\",\"description\":\"\",\"publisher\":{\"@id\":\"https:\\\/\\\/www.entreculturas.org\\\/ca\\\/#organization\"},\"alternateName\":\"Entreculturas\",\"potentialAction\":[{\"@type\":\"SearchAction\",\"target\":{\"@type\":\"EntryPoint\",\"urlTemplate\":\"https:\\\/\\\/www.entreculturas.org\\\/ca\\\/?s={search_term_string}\"},\"query-input\":{\"@type\":\"PropertyValueSpecification\",\"valueRequired\":true,\"valueName\":\"search_term_string\"}}],\"inLanguage\":\"ca\"},{\"@type\":\"Organization\",\"@id\":\"https:\\\/\\\/www.entreculturas.org\\\/ca\\\/#organization\",\"name\":\"Entreculturas\",\"url\":\"https:\\\/\\\/www.entreculturas.org\\\/ca\\\/\",\"logo\":{\"@type\":\"ImageObject\",\"inLanguage\":\"ca\",\"@id\":\"https:\\\/\\\/www.entreculturas.org\\\/ca\\\/#\\\/schema\\\/logo\\\/image\\\/\",\"url\":\"https:\\\/\\\/www.entreculturas.org\\\/wp-content\\\/uploads\\\/2025\\\/10\\\/ESP.svg\",\"contentUrl\":\"https:\\\/\\\/www.entreculturas.org\\\/wp-content\\\/uploads\\\/2025\\\/10\\\/ESP.svg\",\"caption\":\"Entreculturas\"},\"image\":{\"@id\":\"https:\\\/\\\/www.entreculturas.org\\\/ca\\\/#\\\/schema\\\/logo\\\/image\\\/\"},\"sameAs\":[\"https:\\\/\\\/www.facebook.com\\\/entreculturas\",\"https:\\\/\\\/x.com\\\/Entreculturas\",\"https:\\\/\\\/www.instagram.com\\\/entreculturas\\\/\",\"https:\\\/\\\/www.youtube.com\\\/user\\\/entreculturasvideo\",\"https:\\\/\\\/www.linkedin.com\\\/company\\\/fundacion-entreculturas-ngdo\\\/\",\"https:\\\/\\\/www.flickr.com\\\/photos\\\/98455522@N04\\\/albums\\\/\"]}]}<\/script>\n<!-- \/ Yoast SEO Premium plugin. -->","yoast_head_json":{"title":"Carlos Ruiz D\u00edez - VOLPA en Chad - Entreculturas","robots":{"index":"index","follow":"follow","max-snippet":"max-snippet:-1","max-image-preview":"max-image-preview:large","max-video-preview":"max-video-preview:-1"},"canonical":"https:\/\/www.entreculturas.org\/ca\/noticia\/carlos-ruiz-diez-volpa-en-chad\/","og_locale":"ca_ES","og_type":"article","og_title":"Carlos Ruiz D\u00edez - VOLPA en Chad","og_description":"Carlos Ruiz D\u00edez &#8211; VOLPA en Chad Me llamo Carlos, tengo 27 a\u00f1os y soy ingeniero. Antes trabajaba como investigador en la Universidad Aut\u00f3noma de Barcelona y el Centro Nacional de Microelectr\u00f3nica del CSIC, pero actualmente estoy realizando mi voluntariado VOLPA en Fe y Alegr\u00eda Chad. Llevo aqu\u00ed unos 13 meses y estar\u00e9 aqu\u00ed dos a\u00f1os en total.&nbsp; Aunque mis tareas var\u00edan seg\u00fan las necesidades de la organizaci\u00f3n, en este segundo a\u00f1o se centran principalmente en ense\u00f1ar F\u00edsica en secundaria. Tambi\u00e9n apoyo en el taller de soldadura, ayudando con mejoras del material de trabajo agr\u00edcola.&nbsp;&nbsp;&nbsp; Chad es un contexto complejo. Este a\u00f1o ha habido muchos levantamientos militares anti-franceses en la franja del Sahel (Mal\u00ed, Burkina Faso, N\u00edger\u2026). La guerra en Sud\u00e1n tambi\u00e9n ha afectado mucho, tanto en la seguridad de ciertas zonas, como al comercio. La pol\u00edtica interna se resume en un gobierno de transici\u00f3n regido por un l\u00edder no [&hellip;]","og_url":"https:\/\/www.entreculturas.org\/ca\/noticia\/carlos-ruiz-diez-volpa-en-chad\/","og_site_name":"Entreculturas","article_publisher":"https:\/\/www.facebook.com\/entreculturas","article_modified_time":"2024-09-17T10:37:13+00:00","og_image":[{"width":750,"height":375,"url":"https:\/\/www.entreculturas.org\/wp-content\/uploads\/2023\/12\/carlos_somos_volpa_entreculturas-e1726747542898.jpg","type":"image\/jpeg"}],"twitter_card":"summary_large_image","twitter_site":"@Entreculturas","schema":{"@context":"https:\/\/schema.org","@graph":[{"@type":"WebPage","@id":"https:\/\/www.entreculturas.org\/ca\/noticia\/carlos-ruiz-diez-volpa-en-chad\/","url":"https:\/\/www.entreculturas.org\/ca\/noticia\/carlos-ruiz-diez-volpa-en-chad\/","name":"Carlos Ruiz D\u00edez - VOLPA en Chad - Entreculturas","isPartOf":{"@id":"https:\/\/www.entreculturas.org\/ca\/#website"},"primaryImageOfPage":{"@id":"https:\/\/www.entreculturas.org\/ca\/noticia\/carlos-ruiz-diez-volpa-en-chad\/#primaryimage"},"image":{"@id":"https:\/\/www.entreculturas.org\/ca\/noticia\/carlos-ruiz-diez-volpa-en-chad\/#primaryimage"},"thumbnailUrl":"https:\/\/www.entreculturas.org\/wp-content\/uploads\/2023\/12\/carlos_somos_volpa_entreculturas-e1726747542898.jpg","datePublished":"2024-07-23T08:45:28+00:00","dateModified":"2024-09-17T10:37:13+00:00","breadcrumb":{"@id":"https:\/\/www.entreculturas.org\/ca\/noticia\/carlos-ruiz-diez-volpa-en-chad\/#breadcrumb"},"inLanguage":"ca","potentialAction":[{"@type":"ReadAction","target":["https:\/\/www.entreculturas.org\/ca\/noticia\/carlos-ruiz-diez-volpa-en-chad\/"]}]},{"@type":"ImageObject","inLanguage":"ca","@id":"https:\/\/www.entreculturas.org\/ca\/noticia\/carlos-ruiz-diez-volpa-en-chad\/#primaryimage","url":"https:\/\/www.entreculturas.org\/wp-content\/uploads\/2023\/12\/carlos_somos_volpa_entreculturas-e1726747542898.jpg","contentUrl":"https:\/\/www.entreculturas.org\/wp-content\/uploads\/2023\/12\/carlos_somos_volpa_entreculturas-e1726747542898.jpg","width":750,"height":375},{"@type":"BreadcrumbList","@id":"https:\/\/www.entreculturas.org\/ca\/noticia\/carlos-ruiz-diez-volpa-en-chad\/#breadcrumb","itemListElement":[{"@type":"ListItem","position":1,"name":"Home","item":"https:\/\/www.entreculturas.org\/ca\/"},{"@type":"ListItem","position":2,"name":"Noticias","item":"https:\/\/www.entreculturas.org\/ca\/noticias\/"},{"@type":"ListItem","position":3,"name":"Carlos Ruiz D\u00edez &#8211; VOLPA en Chad"}]},{"@type":"WebSite","@id":"https:\/\/www.entreculturas.org\/ca\/#website","url":"https:\/\/www.entreculturas.org\/ca\/","name":"Entreculturas","description":"","publisher":{"@id":"https:\/\/www.entreculturas.org\/ca\/#organization"},"alternateName":"Entreculturas","potentialAction":[{"@type":"SearchAction","target":{"@type":"EntryPoint","urlTemplate":"https:\/\/www.entreculturas.org\/ca\/?s={search_term_string}"},"query-input":{"@type":"PropertyValueSpecification","valueRequired":true,"valueName":"search_term_string"}}],"inLanguage":"ca"},{"@type":"Organization","@id":"https:\/\/www.entreculturas.org\/ca\/#organization","name":"Entreculturas","url":"https:\/\/www.entreculturas.org\/ca\/","logo":{"@type":"ImageObject","inLanguage":"ca","@id":"https:\/\/www.entreculturas.org\/ca\/#\/schema\/logo\/image\/","url":"https:\/\/www.entreculturas.org\/wp-content\/uploads\/2025\/10\/ESP.svg","contentUrl":"https:\/\/www.entreculturas.org\/wp-content\/uploads\/2025\/10\/ESP.svg","caption":"Entreculturas"},"image":{"@id":"https:\/\/www.entreculturas.org\/ca\/#\/schema\/logo\/image\/"},"sameAs":["https:\/\/www.facebook.com\/entreculturas","https:\/\/x.com\/Entreculturas","https:\/\/www.instagram.com\/entreculturas\/","https:\/\/www.youtube.com\/user\/entreculturasvideo","https:\/\/www.linkedin.com\/company\/fundacion-entreculturas-ngdo\/","https:\/\/www.flickr.com\/photos\/98455522@N04\/albums\/"]}]}},"_links":{"self":[{"href":"https:\/\/www.entreculturas.org\/ca\/wp-json\/wp\/v2\/noticia\/28921","targetHints":{"allow":["GET"]}}],"collection":[{"href":"https:\/\/www.entreculturas.org\/ca\/wp-json\/wp\/v2\/noticia"}],"about":[{"href":"https:\/\/www.entreculturas.org\/ca\/wp-json\/wp\/v2\/types\/noticia"}],"wp:featuredmedia":[{"embeddable":true,"href":"https:\/\/www.entreculturas.org\/ca\/wp-json\/wp\/v2\/media\/9759"}],"wp:attachment":[{"href":"https:\/\/www.entreculturas.org\/ca\/wp-json\/wp\/v2\/media?parent=28921"}],"wp:term":[{"taxonomy":"category","embeddable":true,"href":"https:\/\/www.entreculturas.org\/ca\/wp-json\/wp\/v2\/categories?post=28921"},{"taxonomy":"post_tag","embeddable":true,"href":"https:\/\/www.entreculturas.org\/ca\/wp-json\/wp\/v2\/tags?post=28921"},{"taxonomy":"country","embeddable":true,"href":"https:\/\/www.entreculturas.org\/ca\/wp-json\/wp\/v2\/country?post=28921"},{"taxonomy":"cause","embeddable":true,"href":"https:\/\/www.entreculturas.org\/ca\/wp-json\/wp\/v2\/cause?post=28921"}],"curies":[{"name":"wp","href":"https:\/\/api.w.org\/{rel}","templated":true}]}}