{"id":2716,"date":"2019-02-12T15:43:11","date_gmt":"2019-02-12T15:43:11","guid":{"rendered":"https:\/\/entreculturasi.wpenginepowered.com\/?noticias=exito-rotundo-en-la-primera-edicion-del-european-migration-film-festival-de-salamanca"},"modified":"2024-03-20T11:21:38","modified_gmt":"2024-03-20T10:21:38","slug":"exito-rotundo-en-la-primera-edicion-del-european-migration-film-festival-de-salamanca","status":"publish","type":"noticia","link":"https:\/\/www.entreculturas.org\/ca\/noticia\/exito-rotundo-en-la-primera-edicion-del-european-migration-film-festival-de-salamanca\/","title":{"rendered":"\u00c9xito rotundo en la primera edici\u00f3n del \u2018European Migration Film Festival\u2019 de Salamanca"},"content":{"rendered":"<p>El pasado s\u00e1bado, 9 de febrero, m\u00e1s de 100 personas se congregaron en la sala de exhibiciones de la Biblioteca P\u00fablica \u201cCasa de las Conchas\u201d, en Salamanca, para asistir a la primera edici\u00f3n del \u2018European Migration Film Festival\u2019, un&nbsp;proyecto coordinado por Biderbost, Boscan &amp; Rochin (BB&amp;R Espa\u00f1a), Human Rights Youth Organization (Italia), Academy of Entrepreneurship (Grecia) y NCFutureNow (Bulgaria),&nbsp;co-financiado por el Programa Erasmus+ de la Comisi\u00f3n Europea y apoyado por el Instituto de la Juventud de Espa\u00f1a (INJUVE) y el Instituto de la Juventud de Castilla y Le\u00f3n. En Salamanca, el festival estuvo organizado por&nbsp;Entreculturas, la Biblioteca P\u00fablica \u201cCasa se las Conchas\u201d y Biderbost, Boscan &amp; Rochin.&nbsp;<\/p>\n<p><strong>Sandra Marcos, Delegada de Entreculturas<\/strong> en la ciudad, destac\u00f3 que el festival \u201cbusca generar nuevas narrativas migratorias, destacando los aspectos positivos de la migraci\u00f3n y las contribuciones que han hecho las personas migrantes a la sociedad europea\u201d.<\/p>\n<\/p>\n<p>\u201cEste es un festival at\u00edpico\u201d, subray\u00f3 <strong>Alonso Escamilla, Coordinador de Proyectos de BB&amp;R<\/strong>, \u201cya que los directores invitados tuvieron el reto de producir dos cortometrajes en tan solo un d\u00eda y medio para el festival\u201d. Adem\u00e1s, Escamilla resalt\u00f3 que de esta manera \u201ctambi\u00e9n el festival pone de manifiesto que, sin importar las nacionalidades, los idiomas o las culturas de los directores&nbsp;se pueden entender, comunicar y trabajar en conjunto por un bien com\u00fan\u201d.<\/p>\n<p><strong>Teresa Mart\u00edn, Responsable de Comunicaci\u00f3n de Entreculturas Salamanca<\/strong>, enfatiz\u00f3 que \u201ctodos en alg\u00fan momento de nuestras vidas hemos sido o nos hemos sentido migrantes\u201d. En ese sentido, Mart\u00edn a\u00f1adi\u00f3 que \u201ceste festival reivindica los aspectos que unen a las personas y no las que las separan, de cara a que podamos construir una sociedad y un mundo m\u00e1s inclusivo\u201d.<\/p>\n<p>Entre otros cortometrajes, los organizadores destacaron los dos que se produjeron \u00edntegramente en Salamanca: \u201cVolar\u201d y \u201cGames that bridge\u201d. El primero es una historia de amor entre dos personas migrantes, que transcurre por los sitios m\u00e1s emblem\u00e1ticos de la ciudad. El segundo, por su parte, narra c\u00f3mo los juegos de la infancia son los mismos en todos los pa\u00edses y culturas.<\/p>\n<p>Marcos, durante el turno de preguntas y respuestas, explic\u00f3 que \u201clos cortometrajes proyectan espontaneidad y frescura\u201d. Por lo que \u201cseguiremos apostando por este tipo de iniciativas y ya estamos preparando la segunda edici\u00f3n del festival\u201d.<\/p>\n<p>Los <strong>directores de los cortometrajes<\/strong> fueron: Lora Ivanova Abadjieva, Ilyan Dimitrov Parigvozdev, Chiara Sellitto, Nahid Mikelis Bshara, Daniele Sampieri, Teresa Mart\u00edn, Vanessa Semprun y Sandra Marcos.<\/p>\n","protected":false},"excerpt":{"rendered":"<p>El pasado s\u00e1bado, 9 de febrero, m\u00e1s de 100 personas se congregaron en la sala de exhibiciones de la Biblioteca P\u00fablica \u201cCasa de las Conchas\u201d, en Salamanca, para asistir a la primera edici\u00f3n del \u2018European Migration Film Festival\u2019, un&nbsp;proyecto coordinado por Biderbost, Boscan &amp; Rochin (BB&amp;R Espa\u00f1a), Human Rights Youth Organization (Italia), Academy of Entrepreneurship (Grecia) y NCFutureNow (Bulgaria),&nbsp;co-financiado por el Programa Erasmus+ de la Comisi\u00f3n Europea y apoyado por el Instituto de la Juventud de Espa\u00f1a (INJUVE) y el Instituto de la Juventud de Castilla y Le\u00f3n. En Salamanca, el festival estuvo organizado por&nbsp;Entreculturas, la Biblioteca P\u00fablica \u201cCasa se las Conchas\u201d y Biderbost, Boscan &amp; Rochin.&nbsp; Sandra Marcos, Delegada de Entreculturas en la ciudad, destac\u00f3 que el festival \u201cbusca generar nuevas narrativas migratorias, destacando los aspectos positivos de la migraci\u00f3n y las contribuciones que han hecho las personas migrantes a la sociedad europea\u201d. \u201cEste es un festival at\u00edpico\u201d, subray\u00f3 [&hellip;]<\/p>\n","protected":false},"featured_media":2719,"template":"single-noticia","meta":{"_acf_changed":false},"categories":[7],"tags":[10],"country":[120],"cause":[129],"class_list":["post-2716","noticia","type-noticia","status-publish","has-post-thumbnail","hentry","category-noticia","tag-migracion-y-refugio","country-espana","cause-migracion-y-refugio"],"acf":[],"yoast_head":"<!-- This site is optimized with the Yoast SEO Premium plugin v21.6 (Yoast SEO v27.5) - https:\/\/yoast.com\/product\/yoast-seo-premium-wordpress\/ -->\n<title>\u00c9xito rotundo en la primera edici\u00f3n del \u2018European Migration Film Festival\u2019 de Salamanca - Entreculturas<\/title>\n<meta name=\"robots\" content=\"index, follow, max-snippet:-1, max-image-preview:large, max-video-preview:-1\" \/>\n<link rel=\"canonical\" href=\"https:\/\/www.entreculturas.org\/ca\/noticia\/exito-rotundo-en-la-primera-edicion-del-european-migration-film-festival-de-salamanca\/\" \/>\n<meta property=\"og:locale\" content=\"ca_ES\" \/>\n<meta property=\"og:type\" content=\"article\" \/>\n<meta property=\"og:title\" content=\"\u00c9xito rotundo en la primera edici\u00f3n del \u2018European Migration Film Festival\u2019 de Salamanca\" \/>\n<meta property=\"og:description\" content=\"El pasado s\u00e1bado, 9 de febrero, m\u00e1s de 100 personas se congregaron en la sala de exhibiciones de la Biblioteca P\u00fablica \u201cCasa de las Conchas\u201d, en Salamanca, para asistir a la primera edici\u00f3n del \u2018European Migration Film Festival\u2019, un&nbsp;proyecto coordinado por Biderbost, Boscan &amp; Rochin (BB&amp;R Espa\u00f1a), Human Rights Youth Organization (Italia), Academy of Entrepreneurship (Grecia) y NCFutureNow (Bulgaria),&nbsp;co-financiado por el Programa Erasmus+ de la Comisi\u00f3n Europea y apoyado por el Instituto de la Juventud de Espa\u00f1a (INJUVE) y el Instituto de la Juventud de Castilla y Le\u00f3n. En Salamanca, el festival estuvo organizado por&nbsp;Entreculturas, la Biblioteca P\u00fablica \u201cCasa se las Conchas\u201d y Biderbost, Boscan &amp; Rochin.&nbsp; Sandra Marcos, Delegada de Entreculturas en la ciudad, destac\u00f3 que el festival \u201cbusca generar nuevas narrativas migratorias, destacando los aspectos positivos de la migraci\u00f3n y las contribuciones que han hecho las personas migrantes a la sociedad europea\u201d. \u201cEste es un festival at\u00edpico\u201d, subray\u00f3 [&hellip;]\" \/>\n<meta property=\"og:url\" content=\"https:\/\/www.entreculturas.org\/ca\/noticia\/exito-rotundo-en-la-primera-edicion-del-european-migration-film-festival-de-salamanca\/\" \/>\n<meta property=\"og:site_name\" content=\"Entreculturas\" \/>\n<meta property=\"article:publisher\" content=\"https:\/\/www.facebook.com\/entreculturas\" \/>\n<meta property=\"article:modified_time\" content=\"2024-03-20T10:21:38+00:00\" \/>\n<meta property=\"og:image\" content=\"https:\/\/www.entreculturas.org\/wp-content\/uploads\/2019\/02\/emff-salamanca-2019.jpg\" \/>\n\t<meta property=\"og:image:width\" content=\"800\" \/>\n\t<meta property=\"og:image:height\" content=\"490\" \/>\n\t<meta property=\"og:image:type\" content=\"image\/jpeg\" \/>\n<meta name=\"twitter:card\" content=\"summary_large_image\" \/>\n<meta name=\"twitter:site\" content=\"@Entreculturas\" \/>\n<script type=\"application\/ld+json\" class=\"yoast-schema-graph\">{\"@context\":\"https:\\\/\\\/schema.org\",\"@graph\":[{\"@type\":\"WebPage\",\"@id\":\"https:\\\/\\\/www.entreculturas.org\\\/ca\\\/noticia\\\/exito-rotundo-en-la-primera-edicion-del-european-migration-film-festival-de-salamanca\\\/\",\"url\":\"https:\\\/\\\/www.entreculturas.org\\\/ca\\\/noticia\\\/exito-rotundo-en-la-primera-edicion-del-european-migration-film-festival-de-salamanca\\\/\",\"name\":\"\u00c9xito rotundo en la primera edici\u00f3n del \u2018European Migration Film Festival\u2019 de Salamanca - Entreculturas\",\"isPartOf\":{\"@id\":\"https:\\\/\\\/www.entreculturas.org\\\/ca\\\/#website\"},\"primaryImageOfPage\":{\"@id\":\"https:\\\/\\\/www.entreculturas.org\\\/ca\\\/noticia\\\/exito-rotundo-en-la-primera-edicion-del-european-migration-film-festival-de-salamanca\\\/#primaryimage\"},\"image\":{\"@id\":\"https:\\\/\\\/www.entreculturas.org\\\/ca\\\/noticia\\\/exito-rotundo-en-la-primera-edicion-del-european-migration-film-festival-de-salamanca\\\/#primaryimage\"},\"thumbnailUrl\":\"https:\\\/\\\/www.entreculturas.org\\\/wp-content\\\/uploads\\\/2019\\\/02\\\/emff-salamanca-2019.jpg\",\"datePublished\":\"2019-02-12T15:43:11+00:00\",\"dateModified\":\"2024-03-20T10:21:38+00:00\",\"breadcrumb\":{\"@id\":\"https:\\\/\\\/www.entreculturas.org\\\/ca\\\/noticia\\\/exito-rotundo-en-la-primera-edicion-del-european-migration-film-festival-de-salamanca\\\/#breadcrumb\"},\"inLanguage\":\"ca\",\"potentialAction\":[{\"@type\":\"ReadAction\",\"target\":[\"https:\\\/\\\/www.entreculturas.org\\\/ca\\\/noticia\\\/exito-rotundo-en-la-primera-edicion-del-european-migration-film-festival-de-salamanca\\\/\"]}]},{\"@type\":\"ImageObject\",\"inLanguage\":\"ca\",\"@id\":\"https:\\\/\\\/www.entreculturas.org\\\/ca\\\/noticia\\\/exito-rotundo-en-la-primera-edicion-del-european-migration-film-festival-de-salamanca\\\/#primaryimage\",\"url\":\"https:\\\/\\\/www.entreculturas.org\\\/wp-content\\\/uploads\\\/2019\\\/02\\\/emff-salamanca-2019.jpg\",\"contentUrl\":\"https:\\\/\\\/www.entreculturas.org\\\/wp-content\\\/uploads\\\/2019\\\/02\\\/emff-salamanca-2019.jpg\",\"width\":800,\"height\":490,\"caption\":\"emff-salamanca-2019\"},{\"@type\":\"BreadcrumbList\",\"@id\":\"https:\\\/\\\/www.entreculturas.org\\\/ca\\\/noticia\\\/exito-rotundo-en-la-primera-edicion-del-european-migration-film-festival-de-salamanca\\\/#breadcrumb\",\"itemListElement\":[{\"@type\":\"ListItem\",\"position\":1,\"name\":\"Home\",\"item\":\"https:\\\/\\\/www.entreculturas.org\\\/ca\\\/\"},{\"@type\":\"ListItem\",\"position\":2,\"name\":\"Noticias\",\"item\":\"https:\\\/\\\/www.entreculturas.org\\\/ca\\\/noticias\\\/\"},{\"@type\":\"ListItem\",\"position\":3,\"name\":\"\u00c9xito rotundo en la primera edici\u00f3n del \u2018European Migration Film Festival\u2019 de Salamanca\"}]},{\"@type\":\"WebSite\",\"@id\":\"https:\\\/\\\/www.entreculturas.org\\\/ca\\\/#website\",\"url\":\"https:\\\/\\\/www.entreculturas.org\\\/ca\\\/\",\"name\":\"Entreculturas\",\"description\":\"\",\"publisher\":{\"@id\":\"https:\\\/\\\/www.entreculturas.org\\\/ca\\\/#organization\"},\"alternateName\":\"Entreculturas\",\"potentialAction\":[{\"@type\":\"SearchAction\",\"target\":{\"@type\":\"EntryPoint\",\"urlTemplate\":\"https:\\\/\\\/www.entreculturas.org\\\/ca\\\/?s={search_term_string}\"},\"query-input\":{\"@type\":\"PropertyValueSpecification\",\"valueRequired\":true,\"valueName\":\"search_term_string\"}}],\"inLanguage\":\"ca\"},{\"@type\":\"Organization\",\"@id\":\"https:\\\/\\\/www.entreculturas.org\\\/ca\\\/#organization\",\"name\":\"Entreculturas\",\"url\":\"https:\\\/\\\/www.entreculturas.org\\\/ca\\\/\",\"logo\":{\"@type\":\"ImageObject\",\"inLanguage\":\"ca\",\"@id\":\"https:\\\/\\\/www.entreculturas.org\\\/ca\\\/#\\\/schema\\\/logo\\\/image\\\/\",\"url\":\"https:\\\/\\\/www.entreculturas.org\\\/wp-content\\\/uploads\\\/2025\\\/10\\\/ESP.svg\",\"contentUrl\":\"https:\\\/\\\/www.entreculturas.org\\\/wp-content\\\/uploads\\\/2025\\\/10\\\/ESP.svg\",\"caption\":\"Entreculturas\"},\"image\":{\"@id\":\"https:\\\/\\\/www.entreculturas.org\\\/ca\\\/#\\\/schema\\\/logo\\\/image\\\/\"},\"sameAs\":[\"https:\\\/\\\/www.facebook.com\\\/entreculturas\",\"https:\\\/\\\/x.com\\\/Entreculturas\",\"https:\\\/\\\/www.instagram.com\\\/entreculturas\\\/\",\"https:\\\/\\\/www.youtube.com\\\/user\\\/entreculturasvideo\",\"https:\\\/\\\/www.linkedin.com\\\/company\\\/fundacion-entreculturas-ngdo\\\/\",\"https:\\\/\\\/www.flickr.com\\\/photos\\\/98455522@N04\\\/albums\\\/\"]}]}<\/script>\n<!-- \/ Yoast SEO Premium plugin. -->","yoast_head_json":{"title":"\u00c9xito rotundo en la primera edici\u00f3n del \u2018European Migration Film Festival\u2019 de Salamanca - Entreculturas","robots":{"index":"index","follow":"follow","max-snippet":"max-snippet:-1","max-image-preview":"max-image-preview:large","max-video-preview":"max-video-preview:-1"},"canonical":"https:\/\/www.entreculturas.org\/ca\/noticia\/exito-rotundo-en-la-primera-edicion-del-european-migration-film-festival-de-salamanca\/","og_locale":"ca_ES","og_type":"article","og_title":"\u00c9xito rotundo en la primera edici\u00f3n del \u2018European Migration Film Festival\u2019 de Salamanca","og_description":"El pasado s\u00e1bado, 9 de febrero, m\u00e1s de 100 personas se congregaron en la sala de exhibiciones de la Biblioteca P\u00fablica \u201cCasa de las Conchas\u201d, en Salamanca, para asistir a la primera edici\u00f3n del \u2018European Migration Film Festival\u2019, un&nbsp;proyecto coordinado por Biderbost, Boscan &amp; Rochin (BB&amp;R Espa\u00f1a), Human Rights Youth Organization (Italia), Academy of Entrepreneurship (Grecia) y NCFutureNow (Bulgaria),&nbsp;co-financiado por el Programa Erasmus+ de la Comisi\u00f3n Europea y apoyado por el Instituto de la Juventud de Espa\u00f1a (INJUVE) y el Instituto de la Juventud de Castilla y Le\u00f3n. En Salamanca, el festival estuvo organizado por&nbsp;Entreculturas, la Biblioteca P\u00fablica \u201cCasa se las Conchas\u201d y Biderbost, Boscan &amp; Rochin.&nbsp; Sandra Marcos, Delegada de Entreculturas en la ciudad, destac\u00f3 que el festival \u201cbusca generar nuevas narrativas migratorias, destacando los aspectos positivos de la migraci\u00f3n y las contribuciones que han hecho las personas migrantes a la sociedad europea\u201d. \u201cEste es un festival at\u00edpico\u201d, subray\u00f3 [&hellip;]","og_url":"https:\/\/www.entreculturas.org\/ca\/noticia\/exito-rotundo-en-la-primera-edicion-del-european-migration-film-festival-de-salamanca\/","og_site_name":"Entreculturas","article_publisher":"https:\/\/www.facebook.com\/entreculturas","article_modified_time":"2024-03-20T10:21:38+00:00","og_image":[{"width":800,"height":490,"url":"https:\/\/www.entreculturas.org\/wp-content\/uploads\/2019\/02\/emff-salamanca-2019.jpg","type":"image\/jpeg"}],"twitter_card":"summary_large_image","twitter_site":"@Entreculturas","schema":{"@context":"https:\/\/schema.org","@graph":[{"@type":"WebPage","@id":"https:\/\/www.entreculturas.org\/ca\/noticia\/exito-rotundo-en-la-primera-edicion-del-european-migration-film-festival-de-salamanca\/","url":"https:\/\/www.entreculturas.org\/ca\/noticia\/exito-rotundo-en-la-primera-edicion-del-european-migration-film-festival-de-salamanca\/","name":"\u00c9xito rotundo en la primera edici\u00f3n del \u2018European Migration Film Festival\u2019 de Salamanca - Entreculturas","isPartOf":{"@id":"https:\/\/www.entreculturas.org\/ca\/#website"},"primaryImageOfPage":{"@id":"https:\/\/www.entreculturas.org\/ca\/noticia\/exito-rotundo-en-la-primera-edicion-del-european-migration-film-festival-de-salamanca\/#primaryimage"},"image":{"@id":"https:\/\/www.entreculturas.org\/ca\/noticia\/exito-rotundo-en-la-primera-edicion-del-european-migration-film-festival-de-salamanca\/#primaryimage"},"thumbnailUrl":"https:\/\/www.entreculturas.org\/wp-content\/uploads\/2019\/02\/emff-salamanca-2019.jpg","datePublished":"2019-02-12T15:43:11+00:00","dateModified":"2024-03-20T10:21:38+00:00","breadcrumb":{"@id":"https:\/\/www.entreculturas.org\/ca\/noticia\/exito-rotundo-en-la-primera-edicion-del-european-migration-film-festival-de-salamanca\/#breadcrumb"},"inLanguage":"ca","potentialAction":[{"@type":"ReadAction","target":["https:\/\/www.entreculturas.org\/ca\/noticia\/exito-rotundo-en-la-primera-edicion-del-european-migration-film-festival-de-salamanca\/"]}]},{"@type":"ImageObject","inLanguage":"ca","@id":"https:\/\/www.entreculturas.org\/ca\/noticia\/exito-rotundo-en-la-primera-edicion-del-european-migration-film-festival-de-salamanca\/#primaryimage","url":"https:\/\/www.entreculturas.org\/wp-content\/uploads\/2019\/02\/emff-salamanca-2019.jpg","contentUrl":"https:\/\/www.entreculturas.org\/wp-content\/uploads\/2019\/02\/emff-salamanca-2019.jpg","width":800,"height":490,"caption":"emff-salamanca-2019"},{"@type":"BreadcrumbList","@id":"https:\/\/www.entreculturas.org\/ca\/noticia\/exito-rotundo-en-la-primera-edicion-del-european-migration-film-festival-de-salamanca\/#breadcrumb","itemListElement":[{"@type":"ListItem","position":1,"name":"Home","item":"https:\/\/www.entreculturas.org\/ca\/"},{"@type":"ListItem","position":2,"name":"Noticias","item":"https:\/\/www.entreculturas.org\/ca\/noticias\/"},{"@type":"ListItem","position":3,"name":"\u00c9xito rotundo en la primera edici\u00f3n del \u2018European Migration Film Festival\u2019 de Salamanca"}]},{"@type":"WebSite","@id":"https:\/\/www.entreculturas.org\/ca\/#website","url":"https:\/\/www.entreculturas.org\/ca\/","name":"Entreculturas","description":"","publisher":{"@id":"https:\/\/www.entreculturas.org\/ca\/#organization"},"alternateName":"Entreculturas","potentialAction":[{"@type":"SearchAction","target":{"@type":"EntryPoint","urlTemplate":"https:\/\/www.entreculturas.org\/ca\/?s={search_term_string}"},"query-input":{"@type":"PropertyValueSpecification","valueRequired":true,"valueName":"search_term_string"}}],"inLanguage":"ca"},{"@type":"Organization","@id":"https:\/\/www.entreculturas.org\/ca\/#organization","name":"Entreculturas","url":"https:\/\/www.entreculturas.org\/ca\/","logo":{"@type":"ImageObject","inLanguage":"ca","@id":"https:\/\/www.entreculturas.org\/ca\/#\/schema\/logo\/image\/","url":"https:\/\/www.entreculturas.org\/wp-content\/uploads\/2025\/10\/ESP.svg","contentUrl":"https:\/\/www.entreculturas.org\/wp-content\/uploads\/2025\/10\/ESP.svg","caption":"Entreculturas"},"image":{"@id":"https:\/\/www.entreculturas.org\/ca\/#\/schema\/logo\/image\/"},"sameAs":["https:\/\/www.facebook.com\/entreculturas","https:\/\/x.com\/Entreculturas","https:\/\/www.instagram.com\/entreculturas\/","https:\/\/www.youtube.com\/user\/entreculturasvideo","https:\/\/www.linkedin.com\/company\/fundacion-entreculturas-ngdo\/","https:\/\/www.flickr.com\/photos\/98455522@N04\/albums\/"]}]}},"_links":{"self":[{"href":"https:\/\/www.entreculturas.org\/ca\/wp-json\/wp\/v2\/noticia\/2716","targetHints":{"allow":["GET"]}}],"collection":[{"href":"https:\/\/www.entreculturas.org\/ca\/wp-json\/wp\/v2\/noticia"}],"about":[{"href":"https:\/\/www.entreculturas.org\/ca\/wp-json\/wp\/v2\/types\/noticia"}],"wp:featuredmedia":[{"embeddable":true,"href":"https:\/\/www.entreculturas.org\/ca\/wp-json\/wp\/v2\/media\/2719"}],"wp:attachment":[{"href":"https:\/\/www.entreculturas.org\/ca\/wp-json\/wp\/v2\/media?parent=2716"}],"wp:term":[{"taxonomy":"category","embeddable":true,"href":"https:\/\/www.entreculturas.org\/ca\/wp-json\/wp\/v2\/categories?post=2716"},{"taxonomy":"post_tag","embeddable":true,"href":"https:\/\/www.entreculturas.org\/ca\/wp-json\/wp\/v2\/tags?post=2716"},{"taxonomy":"country","embeddable":true,"href":"https:\/\/www.entreculturas.org\/ca\/wp-json\/wp\/v2\/country?post=2716"},{"taxonomy":"cause","embeddable":true,"href":"https:\/\/www.entreculturas.org\/ca\/wp-json\/wp\/v2\/cause?post=2716"}],"curies":[{"name":"wp","href":"https:\/\/api.w.org\/{rel}","templated":true}]}}