{"id":2675,"date":"2019-01-25T09:44:54","date_gmt":"2019-01-25T09:44:54","guid":{"rendered":"https:\/\/entreculturasi.wpenginepowered.com\/?noticias=la-repam-denuncia-13-casos-de-vulneracion-de-derechos-en-las-comunidades-de-la-amazonia"},"modified":"2024-02-06T09:20:27","modified_gmt":"2024-02-06T08:20:27","slug":"la-repam-denuncia-13-casos-de-vulneracion-de-derechos-en-las-comunidades-de-la-amazonia","status":"publish","type":"noticia","link":"https:\/\/www.entreculturas.org\/ca\/noticia\/la-repam-denuncia-13-casos-de-vulneracion-de-derechos-en-las-comunidades-de-la-amazonia\/","title":{"rendered":"La REPAM denuncia 13 casos de vulneraci\u00f3n de derechos en las comunidades de la Amazon\u00eda"},"content":{"rendered":"<p>De la mano de la iniciativa \u201cEnl\u00e1zate por la justicia \u201d \u2014integrada por C\u00e1ritas, CEDIS, CONFER, Justicia y Paz, Manos Unidas y REDES (de la que formamos parte)&nbsp;\u2014 y en el marco de la campa\u00f1a conjunta \u201cSi Cuidas el Planeta, Combates la Pobreza\u201d, se ha presentado esta ma\u00f1ana en Madrid, en la sede de C\u00e1ritas Espa\u00f1ola, el <strong>Informe Regional de Vulneraci\u00f3n de Derechos Humanos en la Amazon\u00eda que ha sido elaborado por la Red Eclesial Panamaz\u00f3nica (REPAM).<\/strong><\/p>\n<p>A lo largo de 300 p\u00e1ginas, el Informe documenta los <strong>abusos y violaciones de derechos perpetrados en los \u00faltimos a\u00f1os por las industrias extractivas y los cultivos il\u00edcitos<\/strong>, unas \u201cactividades multimillonarias, se\u00f1ala el Informe,&nbsp;basadas en la explotaci\u00f3n intensiva de los recursos naturales que arrancan la riqueza de la tierra a costa de devastadores impactos sobre el ambiente amaz\u00f3nico y sobre la salud y la paz social de los pobladores\u201d.<\/p>\n<p>La publicaci\u00f3n ha sido presentada por la activista Lily Calder\u00f3n, que en el momento de su elaboraci\u00f3n era abogada de Pastoral de la Tierra del Vicariato Apost\u00f3lico de Yurimaguas, en Per\u00fa, y por Sonia Olea, experta de C\u00e1ritas Espa\u00f1ola que ha colaborado en la edici\u00f3n y compilaci\u00f3n de la misma.<\/p>\n<p><span style=\"font-size:16px\"><span style=\"color:#ff0101\"><strong>En v\u00edsperas del S\u00ednodo de la Amazon\u00eda<\/strong><\/span><\/span><\/p>\n<p>Este documento es el resultado del trabajo desarrollado, por impulso de la REPAM, en las Escuelas de Promoci\u00f3n, Defensa y Exigibilidad de Derechos Humanos celebradas en 2016 y 2018 en Ecuador y Per\u00fa, donde se han hecho el <strong>seguimiento de 13 casos de vulneraci\u00f3n de derechos en Brasil, Colombia, Ecuador, Per\u00fa y Bolivia<\/strong>. Se trata de un esfuerzo que reviste especial importancia de cara a la celebraci\u00f3n, el pr\u00f3ximo mes de octubre en Roma, del S\u00ednodo de Obispos para la Asamblea Especial para la Amazon\u00eda.<\/p>\n<p>Como trasfondo del informe y como referencia inspiradora, est\u00e1 la llamada del Papa Francisco al cuidado de la Creaci\u00f3n en la enc\u00edclica Laudato S\u00ed, que recuerda que \u201clas comunidades abor\u00edgenes no son una simple minor\u00eda entre otras, sino que deben convertirse en principales interlocutores, sobre todo a la hora de avanzar en grandes proyectos que afecten a sus espacios (\u2026) Sin embargo, en diversas partes del mundo, son objeto de presiones para que abandonen sus tierras a fin de dejarlas libres para proyectos extractivos y agropecuarios que no prestan atenci\u00f3n a la degradaci\u00f3n de la naturaleza y de la cultura\u201d (LS 146).<\/p>\n<p><span style=\"font-size:16px\"><span style=\"color:#ff0101\"><strong>Impacto de la extracci\u00f3n de recursos<\/strong><\/span><\/span><\/p>\n<p>Como ha se\u00f1alado Sonia Olea, \u201clos impactos de las pol\u00edticas de colonizaci\u00f3n, ocupaci\u00f3n territorial y extracci\u00f3n de recursos en la Amazon\u00eda han sido enormes en las poblaciones ancestrales, cuyos proyectos han provocado que sean desplazadas, aniquiladas o sometidas a servidumbre\u201d.<\/p>\n<p>Seg\u00fan se denuncia en el Informe, \u201clos modernos proyectos hidrocarbur\u00edferos y mineros en la Amazon\u00eda ocupan espacios, contaminan el entorno natural y provocan <strong>p\u00e9rdidas irreparables en la cultura y la paz socia<\/strong>l de los pueblos afectados\u201d. A ello se a\u00f1ade el hecho de que \u201clos beneficios se transfieren a los mercados financieros internacionales (sin que) poco o nada retorne a la regi\u00f3n para aliviar las condiciones de vida de las poblaciones afectadas\u201d.<\/p>\n<p>Este trabajo, resultado de una labor en equipo con las organizaciones de base y colectividades, quiere denunciar la violencia sistem\u00e1tica en 13 puntos concretos de la Amazon\u00eda. Para ello, se ha contado con las voces aportadas por los propios protagonistas, lo que ha permitido identificar las distintas violaciones de derechos perpetradas.<\/p>\n<p><img decoding=\"async\" alt=\"\" height=\"533\" src=\"https:\/\/www.entreculturas.org\/wp-content\/uploads\/2019\/01\/enlazate2.jpg\" width=\"800\"><\/p>\n<p><span style=\"font-size:16px\"><span style=\"color:#ff0101\"><strong>An\u00e1lisis de 13 casos de vulneraci\u00f3n de derechos<\/strong><\/span><\/span><\/p>\n<p>No s\u00f3lo se analizan la realidad econ\u00f3mica, sociol\u00f3gica, psicol\u00f3gica, relacional e hist\u00f3rica de las personas y los pueblos, sino que se aborda tambi\u00e9n un pormenorizado estudio de la normativa y las pol\u00edticas p\u00fablicas que los Estados de referencia est\u00e1n llevando a cabo y que no sit\u00faan a las personas y los pueblos amaz\u00f3nicos en el centro de sus prioridades.<\/p>\n<p>Lily Calder\u00f3n ha expuesto uno de los casos paradigm\u00e1ticos de abusos recogidos en el Informe y en cuya relator\u00eda ella ha estado directamente involucrada. Se trata de la violaci\u00f3n del <strong>derecho humano a la identidad campesina <\/strong>de que sufren desde hace d\u00e9cadas las comunidades campesinas ribere\u00f1as de Yurimaguas, en Per\u00fa, a causa de los cultivos invasivos de palma aceitera.<\/p>\n<p>Junto a este caso, en el Informe se documentan las siguientes vulneraciones:<\/p>\n<ul>\n<li>Violaci\u00f3n del Derecho Humano a la consulta previa y libre determinaci\u00f3n: Pueblos Ind\u00edgenas Awaj\u00fan y Wamp\u00eds (Ecuador).<\/li>\n<li>Violaci\u00f3n del Derecho Humano de los pueblos ind\u00edgenas en aislamiento voluntario a la libre determinaci\u00f3n (no contacto): Pueblo Ind\u00edgena Tagaeri-Taromenani (Ecuador).<\/li>\n<li>Violaci\u00f3n del Derecho Humano a la Identidad Campesina y Soberan\u00eda y Autonom\u00eda Alimentaria: Comunidades campesinas de la Vereda Chaparrito (Colombia).<\/li>\n<li>Violaci\u00f3n del Derecho Humano a la manifestaci\u00f3n y la participaci\u00f3n, a la no criminalizaci\u00f3n de la defensa de Derechos Humanos: Comunidades campesinas de Morelia y Valpara\u00edso (Colombia).<\/li>\n<li>Violaci\u00f3n del Derecho Humano a una consulta aut\u00e9ntica, previa, de buena fe, libre e informada sobre su territorio: Pueblos Ind\u00edgenas Moje\u00f1o Trinitario, Yucarar\u00e9 y T\u00b4siname (Bolivia).<\/li>\n<li>Violaci\u00f3n del Derecho Humano a la Identidad ind\u00edgena: Pueblo Ind\u00edgena Moset\u00e9n (Bolivia).<\/li>\n<li>Violaci\u00f3n del Derecho Humano a la identidad y cosmovisi\u00f3n de un pueblo: Pueblo Ind\u00edgena Munduruku (Brasil).<\/li>\n<li>Violaci\u00f3n del Derecho Humano a la Intangibilidad de territorios ind\u00edgenas y sobre falta de responsabilidad estatal: Pueblo Ind\u00edgena Yanomami (Brasil).<\/li>\n<li>Violaci\u00f3n del Derecho Humano a la demarcaci\u00f3n de territorios ind\u00edgenas Pueblo Ind\u00edgena Jaminawa Arar\u00e1 (Brasil)<\/li>\n<li>Violaci\u00f3n del Derecho Humano al H\u00e1bitat: Comunidades campesinas de Buriticup\u00fa, Mara\u00f1\u00f3n (Brasil) y comunidades campesinas e ind\u00edgenas de Tundayme en la cordillera del C\u00f3ndor (Ecuador).<\/li>\n<li>Violaci\u00f3n del Derecho Humano al Agua: Pueblo Ind\u00edgena Kukama (Per\u00fa).<br \/>&nbsp;<\/li>\n<\/ul>\n<p>Testimonio directo de cu\u00e1l est\u00e1 siendo el impacto de estas pr\u00e1cticas lesivas sobre los pobladores de la Amazon\u00eda es una carta del pueblo Mundukuru, afectado en Brasil por la Operaci\u00f3n Tapaj\u00f3s, donde expresa su indignaci\u00f3n con la acci\u00f3n arbitraria de que son objeto:<\/p>\n<p><img decoding=\"async\" alt=\"\" src=\"https:\/\/www.entreculturas.org\/wp-content\/uploads\/2019\/01\/captura_de_pantalla_2019-01-25_a_las_10.49.56.png\" style=\"width: 249px;height: 350px;float: left\"><em>\u201cNosotros, caciques, liderazgos y guerreros del pueblo Mundukuru siempre hemos luchado y continuaremos luchando por la defensa de nuestros bosques, nuestros r\u00edos, y de nuestro territorio, ya que es de nuestra madre naturaleza de donde sacamos lo que necesitamos para sobrevivir, pero el gobierno que deber\u00eda protegernos, manda a su ej\u00e9rcito para asesinarnos y amenazarnos e invadir nuestras aldeas. \u00daltimamente, se le falta el respeto a nuestro pueblo, nos amenazan y matan, utilizando sus fuerzas armadas como si los pueblos ind\u00edgenas fu\u00e9semos terroristas o bandidos\u201d.<\/em><\/p>\n<p>Junto a otros muchos testimonios, el Informe se completa con una serie de conclusiones y propuestas pormenorizadas para restablecer los derechos vulnerados, garantizar su pleno acceso en el futuro y preservar el cuidado de una \u201ccasa com\u00fan\u201d sana, feliz y comunitaria.<\/p>\n","protected":false},"excerpt":{"rendered":"<p>De la mano de la iniciativa \u201cEnl\u00e1zate por la justicia \u201d \u2014integrada por C\u00e1ritas, CEDIS, CONFER, Justicia y Paz, Manos Unidas y REDES (de la que formamos parte) \u2014 y en el marco de la campa\u00f1a conjunta \u201cSi Cuidas el Planeta, Combates la Pobreza\u201d, se ha presentado esta ma\u00f1ana en Madrid, en la sede de C\u00e1ritas Espa\u00f1ola, el Informe Regional de Vulneraci\u00f3n de Derechos Humanos en la Amazon\u00eda que ha sido elaborado por la Red Eclesial Panamaz\u00f3nica (REPAM).<\/p>\n","protected":false},"featured_media":2671,"template":"single-noticia","meta":{"_acf_changed":false},"categories":[7],"tags":[256],"country":[],"cause":[131],"class_list":["post-2675","noticia","type-noticia","status-publish","has-post-thumbnail","hentry","category-noticia","tag-justicia-socioambiental","cause-justicia-medioambiental"],"acf":[],"yoast_head":"<!-- This site is optimized with the Yoast SEO Premium plugin v21.6 (Yoast SEO v27.5) - https:\/\/yoast.com\/product\/yoast-seo-premium-wordpress\/ -->\n<title>La REPAM denuncia 13 casos de vulneraci\u00f3n de derechos en las comunidades de la Amazon\u00eda - Entreculturas<\/title>\n<meta name=\"robots\" content=\"index, follow, max-snippet:-1, max-image-preview:large, max-video-preview:-1\" \/>\n<link rel=\"canonical\" href=\"https:\/\/www.entreculturas.org\/ca\/noticia\/la-repam-denuncia-13-casos-de-vulneracion-de-derechos-en-las-comunidades-de-la-amazonia\/\" \/>\n<meta property=\"og:locale\" content=\"ca_ES\" \/>\n<meta property=\"og:type\" content=\"article\" \/>\n<meta property=\"og:title\" content=\"La REPAM denuncia 13 casos de vulneraci\u00f3n de derechos en las comunidades de la Amazon\u00eda\" \/>\n<meta property=\"og:description\" content=\"De la mano de la iniciativa \u201cEnl\u00e1zate por la justicia \u201d \u2014integrada por C\u00e1ritas, CEDIS, CONFER, Justicia y Paz, Manos Unidas y REDES (de la que formamos parte) \u2014 y en el marco de la campa\u00f1a conjunta \u201cSi Cuidas el Planeta, Combates la Pobreza\u201d, se ha presentado esta ma\u00f1ana en Madrid, en la sede de C\u00e1ritas Espa\u00f1ola, el Informe Regional de Vulneraci\u00f3n de Derechos Humanos en la Amazon\u00eda que ha sido elaborado por la Red Eclesial Panamaz\u00f3nica (REPAM).\" \/>\n<meta property=\"og:url\" content=\"https:\/\/www.entreculturas.org\/ca\/noticia\/la-repam-denuncia-13-casos-de-vulneracion-de-derechos-en-las-comunidades-de-la-amazonia\/\" \/>\n<meta property=\"og:site_name\" content=\"Entreculturas\" \/>\n<meta property=\"article:publisher\" content=\"https:\/\/www.facebook.com\/entreculturas\" \/>\n<meta property=\"article:modified_time\" content=\"2024-02-06T08:20:27+00:00\" \/>\n<meta property=\"og:image\" content=\"https:\/\/www.entreculturas.org\/wp-content\/uploads\/2019\/01\/enlazate-web.jpg\" \/>\n\t<meta property=\"og:image:width\" content=\"800\" \/>\n\t<meta property=\"og:image:height\" content=\"533\" \/>\n\t<meta property=\"og:image:type\" content=\"image\/jpeg\" \/>\n<meta name=\"twitter:card\" content=\"summary_large_image\" \/>\n<meta name=\"twitter:site\" content=\"@Entreculturas\" \/>\n<script type=\"application\/ld+json\" class=\"yoast-schema-graph\">{\"@context\":\"https:\\\/\\\/schema.org\",\"@graph\":[{\"@type\":\"WebPage\",\"@id\":\"https:\\\/\\\/www.entreculturas.org\\\/ca\\\/noticia\\\/la-repam-denuncia-13-casos-de-vulneracion-de-derechos-en-las-comunidades-de-la-amazonia\\\/\",\"url\":\"https:\\\/\\\/www.entreculturas.org\\\/ca\\\/noticia\\\/la-repam-denuncia-13-casos-de-vulneracion-de-derechos-en-las-comunidades-de-la-amazonia\\\/\",\"name\":\"La REPAM denuncia 13 casos de vulneraci\u00f3n de derechos en las comunidades de la Amazon\u00eda - Entreculturas\",\"isPartOf\":{\"@id\":\"https:\\\/\\\/www.entreculturas.org\\\/ca\\\/#website\"},\"primaryImageOfPage\":{\"@id\":\"https:\\\/\\\/www.entreculturas.org\\\/ca\\\/noticia\\\/la-repam-denuncia-13-casos-de-vulneracion-de-derechos-en-las-comunidades-de-la-amazonia\\\/#primaryimage\"},\"image\":{\"@id\":\"https:\\\/\\\/www.entreculturas.org\\\/ca\\\/noticia\\\/la-repam-denuncia-13-casos-de-vulneracion-de-derechos-en-las-comunidades-de-la-amazonia\\\/#primaryimage\"},\"thumbnailUrl\":\"https:\\\/\\\/www.entreculturas.org\\\/wp-content\\\/uploads\\\/2019\\\/01\\\/enlazate-web.jpg\",\"datePublished\":\"2019-01-25T09:44:54+00:00\",\"dateModified\":\"2024-02-06T08:20:27+00:00\",\"breadcrumb\":{\"@id\":\"https:\\\/\\\/www.entreculturas.org\\\/ca\\\/noticia\\\/la-repam-denuncia-13-casos-de-vulneracion-de-derechos-en-las-comunidades-de-la-amazonia\\\/#breadcrumb\"},\"inLanguage\":\"ca\",\"potentialAction\":[{\"@type\":\"ReadAction\",\"target\":[\"https:\\\/\\\/www.entreculturas.org\\\/ca\\\/noticia\\\/la-repam-denuncia-13-casos-de-vulneracion-de-derechos-en-las-comunidades-de-la-amazonia\\\/\"]}]},{\"@type\":\"ImageObject\",\"inLanguage\":\"ca\",\"@id\":\"https:\\\/\\\/www.entreculturas.org\\\/ca\\\/noticia\\\/la-repam-denuncia-13-casos-de-vulneracion-de-derechos-en-las-comunidades-de-la-amazonia\\\/#primaryimage\",\"url\":\"https:\\\/\\\/www.entreculturas.org\\\/wp-content\\\/uploads\\\/2019\\\/01\\\/enlazate-web.jpg\",\"contentUrl\":\"https:\\\/\\\/www.entreculturas.org\\\/wp-content\\\/uploads\\\/2019\\\/01\\\/enlazate-web.jpg\",\"width\":800,\"height\":533},{\"@type\":\"BreadcrumbList\",\"@id\":\"https:\\\/\\\/www.entreculturas.org\\\/ca\\\/noticia\\\/la-repam-denuncia-13-casos-de-vulneracion-de-derechos-en-las-comunidades-de-la-amazonia\\\/#breadcrumb\",\"itemListElement\":[{\"@type\":\"ListItem\",\"position\":1,\"name\":\"Home\",\"item\":\"https:\\\/\\\/www.entreculturas.org\\\/ca\\\/\"},{\"@type\":\"ListItem\",\"position\":2,\"name\":\"Noticias\",\"item\":\"https:\\\/\\\/www.entreculturas.org\\\/ca\\\/noticias\\\/\"},{\"@type\":\"ListItem\",\"position\":3,\"name\":\"La REPAM denuncia 13 casos de vulneraci\u00f3n de derechos en las comunidades de la Amazon\u00eda\"}]},{\"@type\":\"WebSite\",\"@id\":\"https:\\\/\\\/www.entreculturas.org\\\/ca\\\/#website\",\"url\":\"https:\\\/\\\/www.entreculturas.org\\\/ca\\\/\",\"name\":\"Entreculturas\",\"description\":\"\",\"publisher\":{\"@id\":\"https:\\\/\\\/www.entreculturas.org\\\/ca\\\/#organization\"},\"alternateName\":\"Entreculturas\",\"potentialAction\":[{\"@type\":\"SearchAction\",\"target\":{\"@type\":\"EntryPoint\",\"urlTemplate\":\"https:\\\/\\\/www.entreculturas.org\\\/ca\\\/?s={search_term_string}\"},\"query-input\":{\"@type\":\"PropertyValueSpecification\",\"valueRequired\":true,\"valueName\":\"search_term_string\"}}],\"inLanguage\":\"ca\"},{\"@type\":\"Organization\",\"@id\":\"https:\\\/\\\/www.entreculturas.org\\\/ca\\\/#organization\",\"name\":\"Entreculturas\",\"url\":\"https:\\\/\\\/www.entreculturas.org\\\/ca\\\/\",\"logo\":{\"@type\":\"ImageObject\",\"inLanguage\":\"ca\",\"@id\":\"https:\\\/\\\/www.entreculturas.org\\\/ca\\\/#\\\/schema\\\/logo\\\/image\\\/\",\"url\":\"https:\\\/\\\/www.entreculturas.org\\\/wp-content\\\/uploads\\\/2025\\\/10\\\/ESP.svg\",\"contentUrl\":\"https:\\\/\\\/www.entreculturas.org\\\/wp-content\\\/uploads\\\/2025\\\/10\\\/ESP.svg\",\"caption\":\"Entreculturas\"},\"image\":{\"@id\":\"https:\\\/\\\/www.entreculturas.org\\\/ca\\\/#\\\/schema\\\/logo\\\/image\\\/\"},\"sameAs\":[\"https:\\\/\\\/www.facebook.com\\\/entreculturas\",\"https:\\\/\\\/x.com\\\/Entreculturas\",\"https:\\\/\\\/www.instagram.com\\\/entreculturas\\\/\",\"https:\\\/\\\/www.youtube.com\\\/user\\\/entreculturasvideo\",\"https:\\\/\\\/www.linkedin.com\\\/company\\\/fundacion-entreculturas-ngdo\\\/\",\"https:\\\/\\\/www.flickr.com\\\/photos\\\/98455522@N04\\\/albums\\\/\"]}]}<\/script>\n<!-- \/ Yoast SEO Premium plugin. -->","yoast_head_json":{"title":"La REPAM denuncia 13 casos de vulneraci\u00f3n de derechos en las comunidades de la Amazon\u00eda - Entreculturas","robots":{"index":"index","follow":"follow","max-snippet":"max-snippet:-1","max-image-preview":"max-image-preview:large","max-video-preview":"max-video-preview:-1"},"canonical":"https:\/\/www.entreculturas.org\/ca\/noticia\/la-repam-denuncia-13-casos-de-vulneracion-de-derechos-en-las-comunidades-de-la-amazonia\/","og_locale":"ca_ES","og_type":"article","og_title":"La REPAM denuncia 13 casos de vulneraci\u00f3n de derechos en las comunidades de la Amazon\u00eda","og_description":"De la mano de la iniciativa \u201cEnl\u00e1zate por la justicia \u201d \u2014integrada por C\u00e1ritas, CEDIS, CONFER, Justicia y Paz, Manos Unidas y REDES (de la que formamos parte) \u2014 y en el marco de la campa\u00f1a conjunta \u201cSi Cuidas el Planeta, Combates la Pobreza\u201d, se ha presentado esta ma\u00f1ana en Madrid, en la sede de C\u00e1ritas Espa\u00f1ola, el Informe Regional de Vulneraci\u00f3n de Derechos Humanos en la Amazon\u00eda que ha sido elaborado por la Red Eclesial Panamaz\u00f3nica (REPAM).","og_url":"https:\/\/www.entreculturas.org\/ca\/noticia\/la-repam-denuncia-13-casos-de-vulneracion-de-derechos-en-las-comunidades-de-la-amazonia\/","og_site_name":"Entreculturas","article_publisher":"https:\/\/www.facebook.com\/entreculturas","article_modified_time":"2024-02-06T08:20:27+00:00","og_image":[{"width":800,"height":533,"url":"https:\/\/www.entreculturas.org\/wp-content\/uploads\/2019\/01\/enlazate-web.jpg","type":"image\/jpeg"}],"twitter_card":"summary_large_image","twitter_site":"@Entreculturas","schema":{"@context":"https:\/\/schema.org","@graph":[{"@type":"WebPage","@id":"https:\/\/www.entreculturas.org\/ca\/noticia\/la-repam-denuncia-13-casos-de-vulneracion-de-derechos-en-las-comunidades-de-la-amazonia\/","url":"https:\/\/www.entreculturas.org\/ca\/noticia\/la-repam-denuncia-13-casos-de-vulneracion-de-derechos-en-las-comunidades-de-la-amazonia\/","name":"La REPAM denuncia 13 casos de vulneraci\u00f3n de derechos en las comunidades de la Amazon\u00eda - Entreculturas","isPartOf":{"@id":"https:\/\/www.entreculturas.org\/ca\/#website"},"primaryImageOfPage":{"@id":"https:\/\/www.entreculturas.org\/ca\/noticia\/la-repam-denuncia-13-casos-de-vulneracion-de-derechos-en-las-comunidades-de-la-amazonia\/#primaryimage"},"image":{"@id":"https:\/\/www.entreculturas.org\/ca\/noticia\/la-repam-denuncia-13-casos-de-vulneracion-de-derechos-en-las-comunidades-de-la-amazonia\/#primaryimage"},"thumbnailUrl":"https:\/\/www.entreculturas.org\/wp-content\/uploads\/2019\/01\/enlazate-web.jpg","datePublished":"2019-01-25T09:44:54+00:00","dateModified":"2024-02-06T08:20:27+00:00","breadcrumb":{"@id":"https:\/\/www.entreculturas.org\/ca\/noticia\/la-repam-denuncia-13-casos-de-vulneracion-de-derechos-en-las-comunidades-de-la-amazonia\/#breadcrumb"},"inLanguage":"ca","potentialAction":[{"@type":"ReadAction","target":["https:\/\/www.entreculturas.org\/ca\/noticia\/la-repam-denuncia-13-casos-de-vulneracion-de-derechos-en-las-comunidades-de-la-amazonia\/"]}]},{"@type":"ImageObject","inLanguage":"ca","@id":"https:\/\/www.entreculturas.org\/ca\/noticia\/la-repam-denuncia-13-casos-de-vulneracion-de-derechos-en-las-comunidades-de-la-amazonia\/#primaryimage","url":"https:\/\/www.entreculturas.org\/wp-content\/uploads\/2019\/01\/enlazate-web.jpg","contentUrl":"https:\/\/www.entreculturas.org\/wp-content\/uploads\/2019\/01\/enlazate-web.jpg","width":800,"height":533},{"@type":"BreadcrumbList","@id":"https:\/\/www.entreculturas.org\/ca\/noticia\/la-repam-denuncia-13-casos-de-vulneracion-de-derechos-en-las-comunidades-de-la-amazonia\/#breadcrumb","itemListElement":[{"@type":"ListItem","position":1,"name":"Home","item":"https:\/\/www.entreculturas.org\/ca\/"},{"@type":"ListItem","position":2,"name":"Noticias","item":"https:\/\/www.entreculturas.org\/ca\/noticias\/"},{"@type":"ListItem","position":3,"name":"La REPAM denuncia 13 casos de vulneraci\u00f3n de derechos en las comunidades de la Amazon\u00eda"}]},{"@type":"WebSite","@id":"https:\/\/www.entreculturas.org\/ca\/#website","url":"https:\/\/www.entreculturas.org\/ca\/","name":"Entreculturas","description":"","publisher":{"@id":"https:\/\/www.entreculturas.org\/ca\/#organization"},"alternateName":"Entreculturas","potentialAction":[{"@type":"SearchAction","target":{"@type":"EntryPoint","urlTemplate":"https:\/\/www.entreculturas.org\/ca\/?s={search_term_string}"},"query-input":{"@type":"PropertyValueSpecification","valueRequired":true,"valueName":"search_term_string"}}],"inLanguage":"ca"},{"@type":"Organization","@id":"https:\/\/www.entreculturas.org\/ca\/#organization","name":"Entreculturas","url":"https:\/\/www.entreculturas.org\/ca\/","logo":{"@type":"ImageObject","inLanguage":"ca","@id":"https:\/\/www.entreculturas.org\/ca\/#\/schema\/logo\/image\/","url":"https:\/\/www.entreculturas.org\/wp-content\/uploads\/2025\/10\/ESP.svg","contentUrl":"https:\/\/www.entreculturas.org\/wp-content\/uploads\/2025\/10\/ESP.svg","caption":"Entreculturas"},"image":{"@id":"https:\/\/www.entreculturas.org\/ca\/#\/schema\/logo\/image\/"},"sameAs":["https:\/\/www.facebook.com\/entreculturas","https:\/\/x.com\/Entreculturas","https:\/\/www.instagram.com\/entreculturas\/","https:\/\/www.youtube.com\/user\/entreculturasvideo","https:\/\/www.linkedin.com\/company\/fundacion-entreculturas-ngdo\/","https:\/\/www.flickr.com\/photos\/98455522@N04\/albums\/"]}]}},"_links":{"self":[{"href":"https:\/\/www.entreculturas.org\/ca\/wp-json\/wp\/v2\/noticia\/2675","targetHints":{"allow":["GET"]}}],"collection":[{"href":"https:\/\/www.entreculturas.org\/ca\/wp-json\/wp\/v2\/noticia"}],"about":[{"href":"https:\/\/www.entreculturas.org\/ca\/wp-json\/wp\/v2\/types\/noticia"}],"wp:featuredmedia":[{"embeddable":true,"href":"https:\/\/www.entreculturas.org\/ca\/wp-json\/wp\/v2\/media\/2671"}],"wp:attachment":[{"href":"https:\/\/www.entreculturas.org\/ca\/wp-json\/wp\/v2\/media?parent=2675"}],"wp:term":[{"taxonomy":"category","embeddable":true,"href":"https:\/\/www.entreculturas.org\/ca\/wp-json\/wp\/v2\/categories?post=2675"},{"taxonomy":"post_tag","embeddable":true,"href":"https:\/\/www.entreculturas.org\/ca\/wp-json\/wp\/v2\/tags?post=2675"},{"taxonomy":"country","embeddable":true,"href":"https:\/\/www.entreculturas.org\/ca\/wp-json\/wp\/v2\/country?post=2675"},{"taxonomy":"cause","embeddable":true,"href":"https:\/\/www.entreculturas.org\/ca\/wp-json\/wp\/v2\/cause?post=2675"}],"curies":[{"name":"wp","href":"https:\/\/api.w.org\/{rel}","templated":true}]}}