{"id":26658,"date":"2024-07-17T10:17:34","date_gmt":"2024-07-17T08:17:34","guid":{"rendered":"https:\/\/www.entreculturas.org\/?post_type=noticia&#038;p=26658"},"modified":"2025-03-14T11:43:33","modified_gmt":"2025-03-14T10:43:33","slug":"voluntariado","status":"publish","type":"noticia","link":"https:\/\/www.entreculturas.org\/ca\/noticia\/voluntariado\/","title":{"rendered":"Voluntariado: Una Oportunidad para Crecer y Transformar"},"content":{"rendered":"\n<p class=\"has-text-align-left\">El voluntariado es una experiencia enriquecedora que no solo beneficia a las comunidades a las que se sirve, sino que tambi\u00e9n transforma profundamente a quienes lo realizan. Participar en actividades de voluntariado ofrece una amplia gama de beneficios personales, sociales y profesionales. En este art\u00edculo, exploraremos c\u00f3mo el voluntariado puede ayudarte a crecer, aprender y contribuir al mundo.<\/p>\n\n\n\n<div style=\"height:22px\" aria-hidden=\"true\" class=\"wp-block-spacer\"><\/div>\n\n\n\n<h2 class=\"wp-block-heading has-large-font-size\" id=\"h-beneficios-del-voluntariado\" style=\"margin-bottom:var(--wp--preset--spacing--30)\"><strong><strong>Beneficios del Voluntariado<\/strong><\/strong><\/h2>\n\n\n\n<div class=\"wp-block-columns is-layout-flex wp-container-core-columns-is-layout-28f84493 wp-block-columns-is-layout-flex\">\n<div class=\"wp-block-column is-layout-flow wp-block-column-is-layout-flow\">\n<ul class=\"wp-block-list\">\n<li><strong>Contribuci\u00f3n al bien com\u00fan<\/strong>: Una de las razones m\u00e1s inspiradoras para el voluntariado es su capacidad para generar un impacto real y positivo en la sociedad. Ya sea apoyando proyectos sociales, preservando el medio ambiente o abogando por causas justas, tu aporte como voluntario\/a contribuye al bienestar de la comunidad y del mundo en su conjunto.Cada acci\u00f3n, por peque\u00f1a que parezca, cuenta. El voluntariado te permite ser parte de soluciones concretas, locales, para desaf\u00edos globales. Nuestro enfoque de voluntariado es diferente. Hablamos de un voluntariado donde los y las voluntarias se transforman a s\u00ed mismos mientras transforman sus comunidades. Es un proceso de aprendizaje mutuo y crecimiento personal, donde la solidaridad y el compromiso se reflejan en cambios tangibles y significativos en la sociedad.<\/li>\n<\/ul>\n\n\n\n<div style=\"height:20px\" aria-hidden=\"true\" class=\"wp-block-spacer\"><\/div>\n<\/div>\n<\/div>\n\n\n\n<ul class=\"wp-block-list\">\n<li><strong> Desarrollo Personal<\/strong>: El voluntariado ofrece una oportunidad \u00fanica para desarrollar habilidades personales y profesionales. Las y los voluntarios pueden adquirir competencias en liderazgo, trabajo en equipo, resoluci\u00f3n de problemas y comunicaci\u00f3n intercultural. Estos aprendizajes son valiosos en el \u00e1mbito profesional y enriquecen la vida personal, fomentando un crecimiento integral.<\/li>\n<\/ul>\n\n\n\n<div style=\"height:20px\" aria-hidden=\"true\" class=\"wp-block-spacer\"><\/div>\n\n\n\n<ul class=\"wp-block-list\">\n<li><strong>Experiencia Cultural<\/strong>: Trabajar como voluntario en diferentes regiones del mundo brinda la oportunidad de sumergirse en nuevas culturas y formas de vida. Esta experiencia permite ampliar horizontes, desarrollar una mayor empat\u00eda y comprensi\u00f3n hacia otras realidades, y fortalecer el sentido de solidaridad global, viviendo y trabajando en un entorno cultural diferente.<\/li>\n<\/ul>\n\n\n\n<div style=\"height:20px\" aria-hidden=\"true\" class=\"wp-block-spacer\"><\/div>\n\n\n\n<ul class=\"wp-block-list\">\n<li><strong>Crecimiento Personal<\/strong>:Para muchos, ser voluntario\/a es tambi\u00e9n una oportunidad para el crecimiento espiritual. Fomenta la reflexi\u00f3n sobre el papel de uno en la sociedad y la promoci\u00f3n de la justicia y la paz. El voluntariado puede proporcionar un sentido m\u00e1s profundo de prop\u00f3sito y conexi\u00f3n con los valores personales y comunitarios.<\/li>\n<\/ul>\n\n\n\n<div style=\"height:29px\" aria-hidden=\"true\" class=\"wp-block-spacer\"><\/div>\n\n\n\n<figure class=\"wp-block-image aligncenter size-large is-resized\"><img decoding=\"async\" width=\"2560\" height=\"1440\" src=\"https:\/\/www.entreculturas.org\/wp-content\/uploads\/2024\/12\/IMG_2124-1-1-edited-scaled.jpg\" alt=\"\" class=\"wp-image-36741\" style=\"width:891px;height:auto\" srcset=\"https:\/\/www.entreculturas.org\/wp-content\/uploads\/2024\/12\/IMG_2124-1-1-edited-scaled.jpg 2560w, https:\/\/www.entreculturas.org\/wp-content\/uploads\/2024\/12\/IMG_2124-1-1-edited-300x169.jpg 300w, https:\/\/www.entreculturas.org\/wp-content\/uploads\/2024\/12\/IMG_2124-1-1-edited-1024x576.jpg 1024w, https:\/\/www.entreculturas.org\/wp-content\/uploads\/2024\/12\/IMG_2124-1-1-edited-768x432.jpg 768w, https:\/\/www.entreculturas.org\/wp-content\/uploads\/2024\/12\/IMG_2124-1-1-edited-1536x864.jpg 1536w, https:\/\/www.entreculturas.org\/wp-content\/uploads\/2024\/12\/IMG_2124-1-1-edited-2048x1152.jpg 2048w\" sizes=\"(max-width: 2560px) 100vw, 2560px\" \/><\/figure>\n\n\n\n<h2 class=\"wp-block-heading has-large-font-size\" id=\"h-programas-de-voluntariad-o\" style=\"margin-top:var(--wp--preset--spacing--50)\"><strong>Programas de Voluntariad<\/strong>o<\/h2>\n\n\n\n<div style=\"height:20px\" aria-hidden=\"true\" class=\"wp-block-spacer\"><\/div>\n\n\n\n<h3 class=\"wp-block-heading has-large-font-size\" id=\"h-voluntariado-local\">Voluntariado Local<\/h3>\n\n\n\n<div style=\"height:20px\" aria-hidden=\"true\" class=\"wp-block-spacer\"><\/div>\n\n\n\n<p>El voluntariado local es ideal para quienes desean contribuir significativamente sin alejarse demasiado de su entorno habitual. Los voluntarios locales participan en actividades de sensibilizaci\u00f3n, educaci\u00f3n y apoyo en eventos y campa\u00f1as dentro de su propia comunidad. Este tipo de voluntariado es fundamental para fortalecer los lazos comunitarios y promover el bienestar local.<\/p>\n\n\n\n<div style=\"height:20px\" aria-hidden=\"true\" class=\"wp-block-spacer\"><\/div>\n\n\n\n<h3 class=\"wp-block-heading has-large-font-size\" id=\"h-voluntariado-internacional\"><strong><strong><strong>Voluntariado Internacional<\/strong><\/strong><\/strong><\/h3>\n\n\n\n<div style=\"height:20px\" aria-hidden=\"true\" class=\"wp-block-spacer\"><\/div>\n\n\n\n<p>El voluntariado internacional permite a los voluntarios trabajar en proyectos en diferentes partes del mundo, ofreciendo una experiencia inmersiva y transformadora. Los y las voluntarias internacionales pueden trabajar en \u00e1reas como la educaci\u00f3n, la salud y el desarrollo comunitario, contribuyendo directamente al fortalecimiento de las comunidades locales en pa\u00edses en desarrollo.<\/p>\n\n\n\n<div style=\"height:20px\" aria-hidden=\"true\" class=\"wp-block-spacer\"><\/div>\n\n\n\n<h2 class=\"wp-block-heading has-large-font-size\" id=\"h-porque-unirse-a-programas-de-voluntariado\"><strong><strong><strong><strong>Porqu\u00e9 unirse a Programas de Voluntariado<\/strong><\/strong><\/strong><\/strong><\/h2>\n\n\n\n<div style=\"height:20px\" aria-hidden=\"true\" class=\"wp-block-spacer\"><\/div>\n\n\n\n<ul class=\"wp-block-list\">\n<li><strong><strong><strong><strong>Explora y Selecciona<\/strong><\/strong><\/strong><\/strong>: El primer paso en tu viaje es investigar y explorar las diversas oportunidades disponibles. Piensa en tus intereses personales, habilidades y el impacto que deseas generar. Al considerar estas variables, podr\u00e1s identificar programas de voluntariado que se alineen con tus objetivos y valores. No dudes en buscar informaci\u00f3n en l\u00ednea, asistir a eventos informativos y hablar con personas que ya est\u00e9n involucradas en voluntariado para obtener una perspectiva m\u00e1s amplia.<\/li>\n<\/ul>\n\n\n\n<div style=\"height:20px\" aria-hidden=\"true\" class=\"wp-block-spacer\"><\/div>\n\n\n\n<ul class=\"wp-block-list\">\n<li><strong><strong><strong><strong><strong>Proceso de Inscripci\u00f3n<\/strong><\/strong><\/strong><\/strong><\/strong>: Una vez que hayas encontrado un programa que te interese, el siguiente paso es completar el proceso de inscripci\u00f3n. Esto generalmente implica llenar un formulario en l\u00ednea donde deber\u00e1s proporcionar detalles sobre tus habilidades, intereses y disponibilidad. La inscripci\u00f3n es un momento crucial para definir tus expectativas y para que la organizaci\u00f3n pueda conocerte mejor y ubicarte en un proyecto donde puedas contribuir significativamente.<\/li>\n<\/ul>\n\n\n\n<div style=\"height:20px\" aria-hidden=\"true\" class=\"wp-block-spacer\"><\/div>\n\n\n\n<ul class=\"wp-block-list\">\n<li><strong><strong><strong><strong><strong>Capacitaci\u00f3n y Preparaci\u00f3<\/strong><\/strong><\/strong><\/strong><\/strong>n: La formaci\u00f3n es una parte esencial del voluntariado. Participar en sesiones de capacitaci\u00f3n te preparar\u00e1 adecuadamente para los desaf\u00edos y experiencias que enfrentar\u00e1s. Durante la formaci\u00f3n, aprender\u00e1s sobre la misi\u00f3n y valores de la organizaci\u00f3n, as\u00ed como sobre las tareas espec\u00edficas que realizar\u00e1s. La capacitaci\u00f3n tambi\u00e9n puede incluir aspectos pr\u00e1cticos, como la gesti\u00f3n de recursos, y elementos te\u00f3ricos, como la comprensi\u00f3n de las realidades sociales y culturales de las comunidades con las que trabajar\u00e1s.<\/li>\n<\/ul>\n\n\n\n<div style=\"height:20px\" aria-hidden=\"true\" class=\"wp-block-spacer\"><\/div>\n\n\n\n<ul class=\"wp-block-list\">\n<li><strong><strong><strong><strong><strong><strong>Participaci\u00f3n Activa<\/strong><\/strong><\/strong><\/strong><\/strong><\/strong>: Una vez capacitado, es momento de involucrarte activamente en los proyectos y actividades del programa. Aqu\u00ed es donde podr\u00e1s aplicar tus habilidades, adquirir nuevas competencias y colaborar con otros voluntarios y miembros de la comunidad. Tu participaci\u00f3n activa no solo contribuir\u00e1 al \u00e9xito del proyecto, sino que tambi\u00e9n te permitir\u00e1 crecer y aprender de manera significativa.<\/li>\n<\/ul>\n\n\n\n<div style=\"height:20px\" aria-hidden=\"true\" class=\"wp-block-spacer\"><\/div>\n\n\n\n<ul class=\"wp-block-list\">\n<li><strong><strong>Reflexi\u00f3n y evaluaci\u00f3n<\/strong><\/strong>: Al finalizar tu experiencia, es importante reflexionar sobre los aprendizajes adquiridos y el impacto que has logrado. La evaluaci\u00f3n es una herramienta valiosa para reconocer tus logros y para identificar \u00e1reas de mejora tanto personal como en el proyecto en el que has participado. Reflexionar sobre tu experiencia tambi\u00e9n te ayudar\u00e1 a consolidar tus conocimientos y a planificar futuras acciones de voluntariado.<\/li>\n<\/ul>\n\n\n\n<div style=\"height:20px\" aria-hidden=\"true\" class=\"wp-block-spacer\"><\/div>\n\n\n\n<h2 class=\"wp-block-heading has-text-align-left has-large-font-size\" id=\"h-el-voluntariado-en-entreculturas\">El voluntariado en Entreculturas<\/h2>\n\n\n\n<div style=\"height:20px\" aria-hidden=\"true\" class=\"wp-block-spacer\"><\/div>\n\n\n\n<p class=\"has-text-align-left has-small-font-size\" style=\"padding-top:0;padding-right:0;padding-bottom:0;padding-left:0\">En Entreculturas entendemos el voluntariado como una forma de participaci\u00f3n y compromiso que puede transformar a las personas y convertirlas en agentes de cambio en sus comunidades y en el mundo. Es un proceso lleno de aprendizaje y encuentros significativos.El voluntariado es una pieza fundamental en nuestra misi\u00f3n, ya que permite a individuos comprometidos participar activamente en la creaci\u00f3n de un mundo m\u00e1s justo y solidario.<\/p>\n\n\n\n<div style=\"height:20px\" aria-hidden=\"true\" class=\"wp-block-spacer\"><\/div>\n\n\n\n<div class=\"wp-block-columns are-vertically-aligned-center is-layout-flex wp-container-core-columns-is-layout-a5cf46d6 wp-block-columns-is-layout-flex\" style=\"margin-bottom:var(--wp--preset--spacing--40)\">\n<div class=\"wp-block-column is-vertically-aligned-center is-layout-flow wp-block-column-is-layout-flow\">\n<h3 class=\"wp-block-heading has-text-align-left has-large-font-size\" id=\"h-voluntariado-local-0\"><strong>Voluntariado Local<\/strong><\/h3>\n\n\n\n<div style=\"height:20px\" aria-hidden=\"true\" class=\"wp-block-spacer\"><\/div>\n\n\n\n<p class=\"has-text-align-left\">Ofrecemos oportunidades de voluntariado en nuestras diversas delegaciones en Espa\u00f1a. Las y losvoluntarios locales participan en actividades de sensibilizaci\u00f3n, educaci\u00f3n para el desarrollo y apoyo en eventos y campa\u00f1as. Este tipo de voluntariado es ideal para quienes desean contribuir de manera significativa sin alejarse demasiado de su entorno habitual.<\/p>\n<\/div>\n<\/div>\n\n\n\n<figure class=\"wp-block-image aligncenter size-large is-resized\"><img decoding=\"async\" width=\"1024\" height=\"683\" src=\"https:\/\/www.entreculturas.org\/wp-content\/uploads\/2024\/07\/vol-1-1024x683.jpg\" alt=\"voluntariado mujer\" class=\"wp-image-26844\" style=\"aspect-ratio:1.7777777777777777;object-fit:cover;width:866px;height:auto\" srcset=\"https:\/\/www.entreculturas.org\/wp-content\/uploads\/2024\/07\/vol-1-1024x683.jpg 1024w, https:\/\/www.entreculturas.org\/wp-content\/uploads\/2024\/07\/vol-1-300x200.jpg 300w, https:\/\/www.entreculturas.org\/wp-content\/uploads\/2024\/07\/vol-1-768x512.jpg 768w, https:\/\/www.entreculturas.org\/wp-content\/uploads\/2024\/07\/vol-1.jpg 1500w\" sizes=\"(max-width: 1024px) 100vw, 1024px\" \/><\/figure>\n\n\n\n<h2 class=\"wp-block-heading has-large-font-size\" id=\"h-voluntariado-internacional-volpa\"><br><strong>Voluntariado Internacional (VOLPA)<\/strong><\/h2>\n\n\n\n<div style=\"height:20px\" aria-hidden=\"true\" class=\"wp-block-spacer\"><\/div>\n\n\n\n<p style=\"margin-right:var(--wp--preset--spacing--50);margin-left:var(--wp--preset--spacing--50)\">El programa de <a href=\"https:\/\/jesuitas.es\/es\/?lang=es-es\">Voluntariado Pedro Arrupe (VOLPA)<\/a> es una iniciativa de largo plazo que permite a los voluntarios trabajar en proyectos internacionales durante un per\u00edodo de uno a dos a\u00f1os. Este programa est\u00e1 dise\u00f1ado para aquellos que buscan una experiencia inmersiva y transformadora en pa\u00edses de Am\u00e9rica Latina y \u00c1frica. Los voluntarios VOLPA trabajan en \u00e1reas como la educaci\u00f3n, la salud y el desarrollo comunitario, contribuyendo directamente al fortalecimiento de las comunidades locales.<\/p>\n\n\n\n<div style=\"height:31px\" aria-hidden=\"true\" class=\"wp-block-spacer\"><\/div>\n\n\n\n<figure class=\"wp-block-image aligncenter size-large is-resized\"><img decoding=\"async\" width=\"1024\" height=\"682\" src=\"https:\/\/www.entreculturas.org\/wp-content\/uploads\/2024\/07\/VOLPAs_Totonicapan_JulioPerez-1-1-1024x682.jpg\" alt=\"\" class=\"wp-image-27910\" style=\"aspect-ratio:1.7777777777777777;object-fit:cover;width:910px;height:auto\" srcset=\"https:\/\/www.entreculturas.org\/wp-content\/uploads\/2024\/07\/VOLPAs_Totonicapan_JulioPerez-1-1-1024x682.jpg 1024w, https:\/\/www.entreculturas.org\/wp-content\/uploads\/2024\/07\/VOLPAs_Totonicapan_JulioPerez-1-1-300x200.jpg 300w, https:\/\/www.entreculturas.org\/wp-content\/uploads\/2024\/07\/VOLPAs_Totonicapan_JulioPerez-1-1-768x512.jpg 768w, https:\/\/www.entreculturas.org\/wp-content\/uploads\/2024\/07\/VOLPAs_Totonicapan_JulioPerez-1-1.jpg 1280w\" sizes=\"(max-width: 1024px) 100vw, 1024px\" \/><\/figure>\n\n\n\n<h2 class=\"wp-block-heading has-large-font-size\" id=\"h-como-unirse-a-entreculturas-como-voluntario\" style=\"margin-top:var(--wp--preset--spacing--70);margin-bottom:var(--wp--preset--spacing--30)\"><strong><strong><strong>C\u00f3mo Unirse a Entreculturas como Voluntario<\/strong><\/strong><\/strong><\/h2>\n\n\n\n<p class=\"has-small-font-size\" style=\"margin-top:var(--wp--preset--spacing--30);margin-right:0;margin-bottom:var(--wp--preset--spacing--30);margin-left:0;padding-right:0;padding-left:0\">El voluntariado en Entreculturas es una oportunidad para crecer, aprender y contribuir significativamente al mundo. Ya sea a nivel local o internacional, tu participaci\u00f3n puede marcar una diferencia real en la vida de muchas personas. Te invitamos a unirte a nosotros y ser parte de esta misi\u00f3n transformadora.<\/p>\n\n\n\n<p class=\"has-small-font-size\" style=\"margin-top:var(--wp--preset--spacing--30);margin-right:0;margin-bottom:var(--wp--preset--spacing--30);margin-left:0;padding-right:0;padding-left:0\">Para m\u00e1s informaci\u00f3n y para inscribirte, visita <a href=\"https:\/\/www.entreculturas.org\/voluntariado\/\" target=\"_blank\" rel=\"noreferrer noopener\">Entreculturas<\/a>. \u00a1Haz la diferencia hoy!<\/p>\n\n\n\n<ul class=\"wp-block-list\">\n<li><strong>Visita Nuestro Sitio Web: <\/strong>Dir\u00edgete a nuestra secci\u00f3n de voluntariado en Entreculturas para obtener informaci\u00f3n detallada sobre nuestros programas y c\u00f3mo participar.<\/li>\n\n\n\n<li><strong>Completa el Formulario de Inscripci\u00f3n:<\/strong> Rellena el formulario de inscripci\u00f3n disponible en l\u00ednea, indicando tus intereses y disponibilidad.<\/li>\n\n\n\n<li><strong>Asiste a una Sesi\u00f3n Informativa:<\/strong> Participa en una de nuestras sesiones informativas para conocer m\u00e1s sobre nuestras iniciativas y el proceso de voluntariado.<\/li>\n\n\n\n<li><strong>Formaci\u00f3n y Capacitaci\u00f3n: <\/strong>Una vez seleccionado, recibir\u00e1s una formaci\u00f3n integral para prepararte para tu experiencia de voluntariado.<\/li>\n\n\n\n<li style=\"margin-bottom:var(--wp--preset--spacing--70)\"><strong>Participa y Transforma: <\/strong>\u00danete a nuestros proyectos y comienza a marcar la diferencia en las comunidades que m\u00e1s lo necesitan.<\/li>\n<\/ul>\n","protected":false},"excerpt":{"rendered":"<p>Seg\u00fan las estad\u00edsticas del Servicio Nacional de Migraci\u00f3n (SNM), hasta mediados de junio de 2023 m\u00e1s de 175.000 personas migrantes han ingresado a Panam\u00e1 a trav\u00e9s del Tap\u00f3n del Dari\u00e9n, una cifra hist\u00f3rica. Lo m\u00e1s preocupante es el creciente n\u00famero de ni\u00f1os y ni\u00f1as que se encuentran expuestos a los peligros de esta implacable ruta migratoria.Hemos recorrido parte de la ruta junto a nuestra organizaci\u00f3n hermana en terreno, Fe y Alegr\u00eda Panam\u00e1, retratando la realidad y dando voz a las personas que se ponen en camino a trav\u00e9s de la lente del fotoperiodista Sergi C\u00e1mara.<\/p>\n","protected":false},"featured_media":26856,"template":"single-noticia","meta":{"_acf_changed":false},"categories":[7],"tags":[191],"country":[],"cause":[129],"class_list":["post-26658","noticia","type-noticia","status-publish","has-post-thumbnail","hentry","category-noticia","tag-voluntariado","cause-migracion-y-refugio"],"acf":[],"yoast_head":"<!-- This site is optimized with the Yoast SEO Premium plugin v21.6 (Yoast SEO v27.5) - https:\/\/yoast.com\/product\/yoast-seo-premium-wordpress\/ -->\n<title>Voluntariado: Una Oportunidad para Crecer y Transformar<\/title>\n<meta name=\"description\" content=\"Descubre c\u00f3mo el voluntariado puede transformar tu vida. Aprende sobre los beneficios personales y profesionales, y c\u00f3mo unirte.\" \/>\n<meta name=\"robots\" content=\"index, follow, max-snippet:-1, max-image-preview:large, max-video-preview:-1\" \/>\n<link rel=\"canonical\" href=\"https:\/\/www.entreculturas.org\/ca\/noticia\/voluntariado\/\" \/>\n<meta property=\"og:locale\" content=\"ca_ES\" \/>\n<meta property=\"og:type\" content=\"article\" \/>\n<meta property=\"og:title\" content=\"Voluntariado: Una Oportunidad para Crecer y Transformar\" \/>\n<meta property=\"og:description\" content=\"Descubre c\u00f3mo el voluntariado puede transformar tu vida. Aprende sobre los beneficios personales y profesionales, y c\u00f3mo unirte.\" \/>\n<meta property=\"og:url\" content=\"https:\/\/www.entreculturas.org\/ca\/noticia\/voluntariado\/\" \/>\n<meta property=\"og:site_name\" content=\"Entreculturas\" \/>\n<meta property=\"article:publisher\" content=\"https:\/\/www.facebook.com\/entreculturas\" \/>\n<meta property=\"article:modified_time\" content=\"2025-03-14T10:43:33+00:00\" \/>\n<meta property=\"og:image\" content=\"https:\/\/www.entreculturas.org\/wp-content\/uploads\/2024\/07\/IMG_6462-scaled.jpg\" \/>\n\t<meta property=\"og:image:width\" content=\"2560\" \/>\n\t<meta property=\"og:image:height\" content=\"1920\" \/>\n\t<meta property=\"og:image:type\" content=\"image\/jpeg\" \/>\n<meta name=\"twitter:card\" content=\"summary_large_image\" \/>\n<meta name=\"twitter:site\" content=\"@Entreculturas\" \/>\n<script type=\"application\/ld+json\" class=\"yoast-schema-graph\">{\"@context\":\"https:\\\/\\\/schema.org\",\"@graph\":[{\"@type\":\"WebPage\",\"@id\":\"https:\\\/\\\/www.entreculturas.org\\\/ca\\\/noticia\\\/voluntariado\\\/\",\"url\":\"https:\\\/\\\/www.entreculturas.org\\\/ca\\\/noticia\\\/voluntariado\\\/\",\"name\":\"Voluntariado: Una Oportunidad para Crecer y Transformar\",\"isPartOf\":{\"@id\":\"https:\\\/\\\/www.entreculturas.org\\\/ca\\\/#website\"},\"primaryImageOfPage\":{\"@id\":\"https:\\\/\\\/www.entreculturas.org\\\/ca\\\/noticia\\\/voluntariado\\\/#primaryimage\"},\"image\":{\"@id\":\"https:\\\/\\\/www.entreculturas.org\\\/ca\\\/noticia\\\/voluntariado\\\/#primaryimage\"},\"thumbnailUrl\":\"https:\\\/\\\/www.entreculturas.org\\\/wp-content\\\/uploads\\\/2024\\\/07\\\/IMG_6462-scaled.jpg\",\"datePublished\":\"2024-07-17T08:17:34+00:00\",\"dateModified\":\"2025-03-14T10:43:33+00:00\",\"description\":\"Descubre c\u00f3mo el voluntariado puede transformar tu vida. Aprende sobre los beneficios personales y profesionales, y c\u00f3mo unirte.\",\"breadcrumb\":{\"@id\":\"https:\\\/\\\/www.entreculturas.org\\\/ca\\\/noticia\\\/voluntariado\\\/#breadcrumb\"},\"inLanguage\":\"ca\",\"potentialAction\":[{\"@type\":\"ReadAction\",\"target\":[\"https:\\\/\\\/www.entreculturas.org\\\/ca\\\/noticia\\\/voluntariado\\\/\"]}]},{\"@type\":\"ImageObject\",\"inLanguage\":\"ca\",\"@id\":\"https:\\\/\\\/www.entreculturas.org\\\/ca\\\/noticia\\\/voluntariado\\\/#primaryimage\",\"url\":\"https:\\\/\\\/www.entreculturas.org\\\/wp-content\\\/uploads\\\/2024\\\/07\\\/IMG_6462-scaled.jpg\",\"contentUrl\":\"https:\\\/\\\/www.entreculturas.org\\\/wp-content\\\/uploads\\\/2024\\\/07\\\/IMG_6462-scaled.jpg\",\"width\":2560,\"height\":1920},{\"@type\":\"BreadcrumbList\",\"@id\":\"https:\\\/\\\/www.entreculturas.org\\\/ca\\\/noticia\\\/voluntariado\\\/#breadcrumb\",\"itemListElement\":[{\"@type\":\"ListItem\",\"position\":1,\"name\":\"Home\",\"item\":\"https:\\\/\\\/www.entreculturas.org\\\/ca\\\/\"},{\"@type\":\"ListItem\",\"position\":2,\"name\":\"Noticias\",\"item\":\"https:\\\/\\\/www.entreculturas.org\\\/ca\\\/noticias\\\/\"},{\"@type\":\"ListItem\",\"position\":3,\"name\":\"Voluntariado: Una Oportunidad para Crecer y Transformar\"}]},{\"@type\":\"WebSite\",\"@id\":\"https:\\\/\\\/www.entreculturas.org\\\/ca\\\/#website\",\"url\":\"https:\\\/\\\/www.entreculturas.org\\\/ca\\\/\",\"name\":\"Entreculturas\",\"description\":\"\",\"publisher\":{\"@id\":\"https:\\\/\\\/www.entreculturas.org\\\/ca\\\/#organization\"},\"alternateName\":\"Entreculturas\",\"potentialAction\":[{\"@type\":\"SearchAction\",\"target\":{\"@type\":\"EntryPoint\",\"urlTemplate\":\"https:\\\/\\\/www.entreculturas.org\\\/ca\\\/?s={search_term_string}\"},\"query-input\":{\"@type\":\"PropertyValueSpecification\",\"valueRequired\":true,\"valueName\":\"search_term_string\"}}],\"inLanguage\":\"ca\"},{\"@type\":\"Organization\",\"@id\":\"https:\\\/\\\/www.entreculturas.org\\\/ca\\\/#organization\",\"name\":\"Entreculturas\",\"url\":\"https:\\\/\\\/www.entreculturas.org\\\/ca\\\/\",\"logo\":{\"@type\":\"ImageObject\",\"inLanguage\":\"ca\",\"@id\":\"https:\\\/\\\/www.entreculturas.org\\\/ca\\\/#\\\/schema\\\/logo\\\/image\\\/\",\"url\":\"https:\\\/\\\/www.entreculturas.org\\\/wp-content\\\/uploads\\\/2025\\\/10\\\/ESP.svg\",\"contentUrl\":\"https:\\\/\\\/www.entreculturas.org\\\/wp-content\\\/uploads\\\/2025\\\/10\\\/ESP.svg\",\"caption\":\"Entreculturas\"},\"image\":{\"@id\":\"https:\\\/\\\/www.entreculturas.org\\\/ca\\\/#\\\/schema\\\/logo\\\/image\\\/\"},\"sameAs\":[\"https:\\\/\\\/www.facebook.com\\\/entreculturas\",\"https:\\\/\\\/x.com\\\/Entreculturas\",\"https:\\\/\\\/www.instagram.com\\\/entreculturas\\\/\",\"https:\\\/\\\/www.youtube.com\\\/user\\\/entreculturasvideo\",\"https:\\\/\\\/www.linkedin.com\\\/company\\\/fundacion-entreculturas-ngdo\\\/\",\"https:\\\/\\\/www.flickr.com\\\/photos\\\/98455522@N04\\\/albums\\\/\"]}]}<\/script>\n<!-- \/ Yoast SEO Premium plugin. -->","yoast_head_json":{"title":"Voluntariado: Una Oportunidad para Crecer y Transformar","description":"Descubre c\u00f3mo el voluntariado puede transformar tu vida. Aprende sobre los beneficios personales y profesionales, y c\u00f3mo unirte.","robots":{"index":"index","follow":"follow","max-snippet":"max-snippet:-1","max-image-preview":"max-image-preview:large","max-video-preview":"max-video-preview:-1"},"canonical":"https:\/\/www.entreculturas.org\/ca\/noticia\/voluntariado\/","og_locale":"ca_ES","og_type":"article","og_title":"Voluntariado: Una Oportunidad para Crecer y Transformar","og_description":"Descubre c\u00f3mo el voluntariado puede transformar tu vida. Aprende sobre los beneficios personales y profesionales, y c\u00f3mo unirte.","og_url":"https:\/\/www.entreculturas.org\/ca\/noticia\/voluntariado\/","og_site_name":"Entreculturas","article_publisher":"https:\/\/www.facebook.com\/entreculturas","article_modified_time":"2025-03-14T10:43:33+00:00","og_image":[{"width":2560,"height":1920,"url":"https:\/\/www.entreculturas.org\/wp-content\/uploads\/2024\/07\/IMG_6462-scaled.jpg","type":"image\/jpeg"}],"twitter_card":"summary_large_image","twitter_site":"@Entreculturas","schema":{"@context":"https:\/\/schema.org","@graph":[{"@type":"WebPage","@id":"https:\/\/www.entreculturas.org\/ca\/noticia\/voluntariado\/","url":"https:\/\/www.entreculturas.org\/ca\/noticia\/voluntariado\/","name":"Voluntariado: Una Oportunidad para Crecer y Transformar","isPartOf":{"@id":"https:\/\/www.entreculturas.org\/ca\/#website"},"primaryImageOfPage":{"@id":"https:\/\/www.entreculturas.org\/ca\/noticia\/voluntariado\/#primaryimage"},"image":{"@id":"https:\/\/www.entreculturas.org\/ca\/noticia\/voluntariado\/#primaryimage"},"thumbnailUrl":"https:\/\/www.entreculturas.org\/wp-content\/uploads\/2024\/07\/IMG_6462-scaled.jpg","datePublished":"2024-07-17T08:17:34+00:00","dateModified":"2025-03-14T10:43:33+00:00","description":"Descubre c\u00f3mo el voluntariado puede transformar tu vida. Aprende sobre los beneficios personales y profesionales, y c\u00f3mo unirte.","breadcrumb":{"@id":"https:\/\/www.entreculturas.org\/ca\/noticia\/voluntariado\/#breadcrumb"},"inLanguage":"ca","potentialAction":[{"@type":"ReadAction","target":["https:\/\/www.entreculturas.org\/ca\/noticia\/voluntariado\/"]}]},{"@type":"ImageObject","inLanguage":"ca","@id":"https:\/\/www.entreculturas.org\/ca\/noticia\/voluntariado\/#primaryimage","url":"https:\/\/www.entreculturas.org\/wp-content\/uploads\/2024\/07\/IMG_6462-scaled.jpg","contentUrl":"https:\/\/www.entreculturas.org\/wp-content\/uploads\/2024\/07\/IMG_6462-scaled.jpg","width":2560,"height":1920},{"@type":"BreadcrumbList","@id":"https:\/\/www.entreculturas.org\/ca\/noticia\/voluntariado\/#breadcrumb","itemListElement":[{"@type":"ListItem","position":1,"name":"Home","item":"https:\/\/www.entreculturas.org\/ca\/"},{"@type":"ListItem","position":2,"name":"Noticias","item":"https:\/\/www.entreculturas.org\/ca\/noticias\/"},{"@type":"ListItem","position":3,"name":"Voluntariado: Una Oportunidad para Crecer y Transformar"}]},{"@type":"WebSite","@id":"https:\/\/www.entreculturas.org\/ca\/#website","url":"https:\/\/www.entreculturas.org\/ca\/","name":"Entreculturas","description":"","publisher":{"@id":"https:\/\/www.entreculturas.org\/ca\/#organization"},"alternateName":"Entreculturas","potentialAction":[{"@type":"SearchAction","target":{"@type":"EntryPoint","urlTemplate":"https:\/\/www.entreculturas.org\/ca\/?s={search_term_string}"},"query-input":{"@type":"PropertyValueSpecification","valueRequired":true,"valueName":"search_term_string"}}],"inLanguage":"ca"},{"@type":"Organization","@id":"https:\/\/www.entreculturas.org\/ca\/#organization","name":"Entreculturas","url":"https:\/\/www.entreculturas.org\/ca\/","logo":{"@type":"ImageObject","inLanguage":"ca","@id":"https:\/\/www.entreculturas.org\/ca\/#\/schema\/logo\/image\/","url":"https:\/\/www.entreculturas.org\/wp-content\/uploads\/2025\/10\/ESP.svg","contentUrl":"https:\/\/www.entreculturas.org\/wp-content\/uploads\/2025\/10\/ESP.svg","caption":"Entreculturas"},"image":{"@id":"https:\/\/www.entreculturas.org\/ca\/#\/schema\/logo\/image\/"},"sameAs":["https:\/\/www.facebook.com\/entreculturas","https:\/\/x.com\/Entreculturas","https:\/\/www.instagram.com\/entreculturas\/","https:\/\/www.youtube.com\/user\/entreculturasvideo","https:\/\/www.linkedin.com\/company\/fundacion-entreculturas-ngdo\/","https:\/\/www.flickr.com\/photos\/98455522@N04\/albums\/"]}]}},"_links":{"self":[{"href":"https:\/\/www.entreculturas.org\/ca\/wp-json\/wp\/v2\/noticia\/26658","targetHints":{"allow":["GET"]}}],"collection":[{"href":"https:\/\/www.entreculturas.org\/ca\/wp-json\/wp\/v2\/noticia"}],"about":[{"href":"https:\/\/www.entreculturas.org\/ca\/wp-json\/wp\/v2\/types\/noticia"}],"wp:featuredmedia":[{"embeddable":true,"href":"https:\/\/www.entreculturas.org\/ca\/wp-json\/wp\/v2\/media\/26856"}],"wp:attachment":[{"href":"https:\/\/www.entreculturas.org\/ca\/wp-json\/wp\/v2\/media?parent=26658"}],"wp:term":[{"taxonomy":"category","embeddable":true,"href":"https:\/\/www.entreculturas.org\/ca\/wp-json\/wp\/v2\/categories?post=26658"},{"taxonomy":"post_tag","embeddable":true,"href":"https:\/\/www.entreculturas.org\/ca\/wp-json\/wp\/v2\/tags?post=26658"},{"taxonomy":"country","embeddable":true,"href":"https:\/\/www.entreculturas.org\/ca\/wp-json\/wp\/v2\/country?post=26658"},{"taxonomy":"cause","embeddable":true,"href":"https:\/\/www.entreculturas.org\/ca\/wp-json\/wp\/v2\/cause?post=26658"}],"curies":[{"name":"wp","href":"https:\/\/api.w.org\/{rel}","templated":true}]}}