{"id":2618,"date":"2018-12-27T12:08:39","date_gmt":"2018-12-27T12:08:39","guid":{"rendered":"https:\/\/entreculturasi.wpenginepowered.com\/?noticias=actividades-de-nuestras-delegaciones-durante-navidad"},"modified":"2024-02-06T09:19:43","modified_gmt":"2024-02-06T08:19:43","slug":"actividades-de-nuestras-delegaciones-durante-navidad","status":"publish","type":"noticia","link":"https:\/\/www.entreculturas.org\/ca\/noticia\/actividades-de-nuestras-delegaciones-durante-navidad\/","title":{"rendered":"Actividades de nuestras delegaciones durante Navidad"},"content":{"rendered":"<p>Adem\u00e1s de participar en actos organizados con motivo de d\u00edas se\u00f1alados en el calendario, son muchas las actividades que las delegaciones de Entreculturas ponen en marcha durante el mes de diciembre con las que invitar a las personas a pasar un buen rato al mismo tiempo que contribuyen con alg\u00fan proyecto solidario. A continuaci\u00f3n rescatamos algunas de las m\u00e1s destacadas.<!--break--><\/p>\n<\/p>\n<p><strong>M\u00e1laga <\/strong>rompi\u00f3 el hielo el 30 de noviembre con la celebraci\u00f3n de su primer <strong>Concierto Solidario de Navidad<\/strong> en la Iglesia del Sagrado Coraz\u00f3n. Contaron para ello con la interpretaci\u00f3n del Orfe\u00f3n Universitario de M\u00e1laga, compuesto por casi 70 cantantes, el director, Mario Porras, y el pianista, Adri\u00e1n L\u00f3pez. Al evento asistieron m\u00e1s de 300 personas y los fondos recaudados se destinar\u00e1n a mejorar la educaci\u00f3n en Hait\u00ed.&nbsp;<\/p>\n<p>&nbsp;<\/p>\n<p><img decoding=\"async\" alt=\"\" height=\"516\" src=\"https:\/\/www.entreculturas.org\/wp-content\/uploads\/2018\/12\/cuentacuentos-leon.jpg\" width=\"825\"><\/p>\n<p>En <strong>Le\u00f3n<\/strong>, el 5 de diciembre organizaron su tradicional <strong>cuentacuentos navide\u00f1o<\/strong> en la Biblioteca P\u00fablica, al que acudieron cerca de 100 personas. Este a\u00f1o, gracias a Manuel Ferrero, quisieron dar visibilidad al trabajo de Entreculturas a trav\u00e9s de cuentos de amor a la madre tierra. Adem\u00e1s realizaron un taller para ni\u00f1os y ni\u00f1as al final de la actividad para dar a conocer la campa\u00f1a \u201cLa Luz de las Ni\u00f1as\u201d.<\/p>\n<p>&nbsp;<\/p>\n<p><img decoding=\"async\" alt=\"\" height=\"435\" src=\"https:\/\/www.entreculturas.org\/wp-content\/uploads\/2018\/12\/coruna.jpg\" width=\"800\"><\/p>\n<p>En <strong>Coru\u00f1a<\/strong>, como gesto conmemorativo del D\u00eda del Voluntariado, la Plataforma Coru\u00f1esa del Voluntariado y el Ayuntamiento de la Ciudad plantaron 17 nuevos \u00e1rboles (uno por cada ONG que integra la Plataforma) en un parque p\u00fablico que fue bautizado con el nombre de <strong>&#8220;A Fraga do Voluntariado&#8221;<\/strong>. Cada \u00e1rbol lleva el nombre de la ONG correspondiente, entre ellos, Entreculturas.<\/p>\n<p>&nbsp;<\/p>\n<p><img decoding=\"async\" alt=\"\" height=\"580\" src=\"https:\/\/www.entreculturas.org\/wp-content\/uploads\/2018\/12\/cantabria.jpg\" width=\"773\"><\/p>\n<p>En <strong>Cantabria<\/strong>, la delegaci\u00f3n de Entreculturas particip\u00f3 el 10 de diciembre, <strong>D\u00eda de los Derechos Humanos<\/strong>, en el acto de celebraci\u00f3n organizado por el ACOIDE (\u00e1rea de Cooperaci\u00f3n Internacional para el Desarrollo de la Universidad de Cantabria). Este a\u00f1o se llev\u00f3 a cabo en la facultad de Enfermer\u00eda. El acto fue conducido por la decana, quien fue dando paso a las diferentes personas que leyeron los art\u00edculos de la Declaraci\u00f3n de Derechos Humanos. Mar\u00eda Sierra, del equipo de voluntariado joven de Entreculturas Cantabria, ley\u00f3 el Articulo 27:1 &#8220;Toda persona tiene derecho a la protecci\u00f3n de los intereses morales y materiales que le correspondan por raz\u00f3n de las producciones cient\u00edficas, literarias o art\u00edsticas de que sea autora&#8221;.&nbsp;<\/p>\n<p>&nbsp;<\/p>\n<p><img decoding=\"async\" alt=\"\" height=\"548\" src=\"https:\/\/www.entreculturas.org\/wp-content\/uploads\/2018\/12\/valladolid_3.jpg\" width=\"800\"><\/p>\n<p>En <strong>Valladolid<\/strong>, el equipo de Educaci\u00f3n de la delegaci\u00f3n ha llevado a cabo en el mes de diciembre un total de <strong>22 talleres educativos<\/strong> en 10 centros escolares de la ciudad&nbsp;(en la foto est\u00e1 nuestro voluntario Antonio Garc\u00eda Mediavilla impartiendo un taller a ni\u00f1os y ni\u00f1as de Educaci\u00f3n Primaria). Por otra parte, el equipo de Sensibilizaci\u00f3n&nbsp;organiz\u00f3 el 16 de diciembre el <strong>concierto &#8220;Voces por el pueblo&#8221;, <\/strong>que se&nbsp;llev\u00f3 a cabo en la iglesia del Coraz\u00f3n de Jes\u00fas, de los Jesuitas. Este a\u00f1o el grupo Magis estuvo acompa\u00f1ado por el coro joven de Voces Blancas y el coro de Nueve y Cuarto. En total se recaudaron 790\u20ac que se destinar\u00e1n a programas de formaci\u00f3n para profes y j\u00f3venes de los campos de refugiados de Rep\u00fablica Democr\u00e1tica del Congo.<\/p>\n<p>&nbsp;<\/p>\n<p><img decoding=\"async\" alt=\"\" height=\"582\" src=\"https:\/\/www.entreculturas.org\/wp-content\/uploads\/2018\/12\/burgos.jpg\" width=\"800\"><\/p>\n<p>Por und\u00e9cimo a\u00f1o consecutivo, la delegaci\u00f3n de Entreculturas en <strong>Burgos <\/strong>estuvo presente en el <strong>Festival Solidario 2018 de la Escuela de Danza Mayte<\/strong>. Durante el acto, Entreculturas tuvo 10 minutos para visibilizar su labor. Igualmente las voluntarias Teresa y Marivi estuvieron atendiendo un puesto informativo a la entrada del festival.<\/p>\n<p>&nbsp;<\/p>\n<p><img decoding=\"async\" alt=\"\" height=\"570\" src=\"https:\/\/www.entreculturas.org\/wp-content\/uploads\/2018\/12\/aragon.jpg\" width=\"800\"><\/p>\n<p>El Centro Pignatelli de <strong>Arag\u00f3n <\/strong>acogi\u00f3 el <strong>mercadillo solidario<\/strong> que la Delegaci\u00f3n de Entreculturas organiz\u00f3 durante los d\u00edas 20 y 21 de diciembre. Con juguetes, ropas, libros y algunos materiales de Entreculturas, se logr\u00f3 recaudar 769\u20ac que ir\u00e1n destinados a impulsar el trabajo de Entreculturas con las personas refugiadas y desplazadas en Mab\u00e1n, Sud\u00e1n del Sur.<\/p>\n<p>&nbsp;<\/p>\n<p><img decoding=\"async\" alt=\"\" height=\"600\" src=\"https:\/\/www.entreculturas.org\/wp-content\/uploads\/2018\/12\/vigo.jpg\" width=\"800\"><\/p>\n<p>Y, finalmente, en&nbsp;<strong>Vigo&nbsp;<\/strong>los j\u00f3venes artistas Pablo Lesuit y Daniela Dicostas ofrecieron un&nbsp;<strong>concierto solidario<\/strong>&nbsp;la noche del 20 de diciembre destinado a recaudar fondos para apoyar nuestro programa&nbsp;<a href=\"https:\/\/www.laluzdelasninas.org\/\" target=\"_blank\" rel=\"noopener\">La Luz de las Ni\u00f1as<\/a>. Alrededor de 100 personas acudieron a la cita y se recaudaron cerca de 450\u20ac.<\/p>\n","protected":false},"excerpt":{"rendered":"<p>Adem\u00e1s de participar en actos organizados con motivo de d\u00edas se\u00f1alados en el calendario, son muchas las actividades que las delegaciones de Entreculturas ponen en marcha durante el mes de diciembre con las que invitar a las personas a pasar un buen rato al mismo tiempo que contribuyen con alg\u00fan proyecto solidario. A continuaci\u00f3n rescatamos algunas de las m\u00e1s destacadas. M\u00e1laga rompi\u00f3 el hielo el 30 de noviembre con la celebraci\u00f3n de su primer Concierto Solidario de Navidad en la Iglesia del Sagrado Coraz\u00f3n. Contaron para ello con la interpretaci\u00f3n del Orfe\u00f3n Universitario de M\u00e1laga, compuesto por casi 70 cantantes, el director, Mario Porras, y el pianista, Adri\u00e1n L\u00f3pez. Al evento asistieron m\u00e1s de 300 personas y los fondos recaudados se destinar\u00e1n a mejorar la educaci\u00f3n en Hait\u00ed.&nbsp; &nbsp; En Le\u00f3n, el 5 de diciembre organizaron su tradicional cuentacuentos navide\u00f1o en la Biblioteca P\u00fablica, al que acudieron cerca de 100 [&hellip;]<\/p>\n","protected":false},"featured_media":2611,"template":"single-noticia","meta":{"_acf_changed":false},"categories":[7],"tags":[8],"country":[],"cause":[132],"class_list":["post-2618","noticia","type-noticia","status-publish","has-post-thumbnail","hentry","category-noticia","tag-participacion-y-ciudadania-global","cause-participacion-y-ciudadania-global"],"acf":[],"yoast_head":"<!-- This site is optimized with the Yoast SEO Premium plugin v21.6 (Yoast SEO v27.5) - https:\/\/yoast.com\/product\/yoast-seo-premium-wordpress\/ -->\n<title>Actividades de nuestras delegaciones durante Navidad - Entreculturas<\/title>\n<meta name=\"robots\" content=\"index, follow, max-snippet:-1, max-image-preview:large, max-video-preview:-1\" \/>\n<link rel=\"canonical\" href=\"https:\/\/www.entreculturas.org\/ca\/noticia\/actividades-de-nuestras-delegaciones-durante-navidad\/\" \/>\n<meta property=\"og:locale\" content=\"ca_ES\" \/>\n<meta property=\"og:type\" content=\"article\" \/>\n<meta property=\"og:title\" content=\"Actividades de nuestras delegaciones durante Navidad\" \/>\n<meta property=\"og:description\" content=\"Adem\u00e1s de participar en actos organizados con motivo de d\u00edas se\u00f1alados en el calendario, son muchas las actividades que las delegaciones de Entreculturas ponen en marcha durante el mes de diciembre con las que invitar a las personas a pasar un buen rato al mismo tiempo que contribuyen con alg\u00fan proyecto solidario. A continuaci\u00f3n rescatamos algunas de las m\u00e1s destacadas. M\u00e1laga rompi\u00f3 el hielo el 30 de noviembre con la celebraci\u00f3n de su primer Concierto Solidario de Navidad en la Iglesia del Sagrado Coraz\u00f3n. Contaron para ello con la interpretaci\u00f3n del Orfe\u00f3n Universitario de M\u00e1laga, compuesto por casi 70 cantantes, el director, Mario Porras, y el pianista, Adri\u00e1n L\u00f3pez. Al evento asistieron m\u00e1s de 300 personas y los fondos recaudados se destinar\u00e1n a mejorar la educaci\u00f3n en Hait\u00ed.&nbsp; &nbsp; En Le\u00f3n, el 5 de diciembre organizaron su tradicional cuentacuentos navide\u00f1o en la Biblioteca P\u00fablica, al que acudieron cerca de 100 [&hellip;]\" \/>\n<meta property=\"og:url\" content=\"https:\/\/www.entreculturas.org\/ca\/noticia\/actividades-de-nuestras-delegaciones-durante-navidad\/\" \/>\n<meta property=\"og:site_name\" content=\"Entreculturas\" \/>\n<meta property=\"article:publisher\" content=\"https:\/\/www.facebook.com\/entreculturas\" \/>\n<meta property=\"article:modified_time\" content=\"2024-02-06T08:19:43+00:00\" \/>\n<meta property=\"og:image\" content=\"https:\/\/www.entreculturas.org\/wp-content\/uploads\/2018\/12\/cuentacuentos-leon.jpg\" \/>\n\t<meta property=\"og:image:width\" content=\"825\" \/>\n\t<meta property=\"og:image:height\" content=\"516\" \/>\n\t<meta property=\"og:image:type\" content=\"image\/jpeg\" \/>\n<meta name=\"twitter:card\" content=\"summary_large_image\" \/>\n<meta name=\"twitter:site\" content=\"@Entreculturas\" \/>\n<script type=\"application\/ld+json\" class=\"yoast-schema-graph\">{\"@context\":\"https:\\\/\\\/schema.org\",\"@graph\":[{\"@type\":\"WebPage\",\"@id\":\"https:\\\/\\\/www.entreculturas.org\\\/ca\\\/noticia\\\/actividades-de-nuestras-delegaciones-durante-navidad\\\/\",\"url\":\"https:\\\/\\\/www.entreculturas.org\\\/ca\\\/noticia\\\/actividades-de-nuestras-delegaciones-durante-navidad\\\/\",\"name\":\"Actividades de nuestras delegaciones durante Navidad - Entreculturas\",\"isPartOf\":{\"@id\":\"https:\\\/\\\/www.entreculturas.org\\\/ca\\\/#website\"},\"primaryImageOfPage\":{\"@id\":\"https:\\\/\\\/www.entreculturas.org\\\/ca\\\/noticia\\\/actividades-de-nuestras-delegaciones-durante-navidad\\\/#primaryimage\"},\"image\":{\"@id\":\"https:\\\/\\\/www.entreculturas.org\\\/ca\\\/noticia\\\/actividades-de-nuestras-delegaciones-durante-navidad\\\/#primaryimage\"},\"thumbnailUrl\":\"https:\\\/\\\/www.entreculturas.org\\\/wp-content\\\/uploads\\\/2018\\\/12\\\/cuentacuentos-leon.jpg\",\"datePublished\":\"2018-12-27T12:08:39+00:00\",\"dateModified\":\"2024-02-06T08:19:43+00:00\",\"breadcrumb\":{\"@id\":\"https:\\\/\\\/www.entreculturas.org\\\/ca\\\/noticia\\\/actividades-de-nuestras-delegaciones-durante-navidad\\\/#breadcrumb\"},\"inLanguage\":\"ca\",\"potentialAction\":[{\"@type\":\"ReadAction\",\"target\":[\"https:\\\/\\\/www.entreculturas.org\\\/ca\\\/noticia\\\/actividades-de-nuestras-delegaciones-durante-navidad\\\/\"]}]},{\"@type\":\"ImageObject\",\"inLanguage\":\"ca\",\"@id\":\"https:\\\/\\\/www.entreculturas.org\\\/ca\\\/noticia\\\/actividades-de-nuestras-delegaciones-durante-navidad\\\/#primaryimage\",\"url\":\"https:\\\/\\\/www.entreculturas.org\\\/wp-content\\\/uploads\\\/2018\\\/12\\\/cuentacuentos-leon.jpg\",\"contentUrl\":\"https:\\\/\\\/www.entreculturas.org\\\/wp-content\\\/uploads\\\/2018\\\/12\\\/cuentacuentos-leon.jpg\",\"width\":825,\"height\":516},{\"@type\":\"BreadcrumbList\",\"@id\":\"https:\\\/\\\/www.entreculturas.org\\\/ca\\\/noticia\\\/actividades-de-nuestras-delegaciones-durante-navidad\\\/#breadcrumb\",\"itemListElement\":[{\"@type\":\"ListItem\",\"position\":1,\"name\":\"Home\",\"item\":\"https:\\\/\\\/www.entreculturas.org\\\/ca\\\/\"},{\"@type\":\"ListItem\",\"position\":2,\"name\":\"Noticias\",\"item\":\"https:\\\/\\\/www.entreculturas.org\\\/ca\\\/noticias\\\/\"},{\"@type\":\"ListItem\",\"position\":3,\"name\":\"Actividades de nuestras delegaciones durante Navidad\"}]},{\"@type\":\"WebSite\",\"@id\":\"https:\\\/\\\/www.entreculturas.org\\\/ca\\\/#website\",\"url\":\"https:\\\/\\\/www.entreculturas.org\\\/ca\\\/\",\"name\":\"Entreculturas\",\"description\":\"\",\"publisher\":{\"@id\":\"https:\\\/\\\/www.entreculturas.org\\\/ca\\\/#organization\"},\"alternateName\":\"Entreculturas\",\"potentialAction\":[{\"@type\":\"SearchAction\",\"target\":{\"@type\":\"EntryPoint\",\"urlTemplate\":\"https:\\\/\\\/www.entreculturas.org\\\/ca\\\/?s={search_term_string}\"},\"query-input\":{\"@type\":\"PropertyValueSpecification\",\"valueRequired\":true,\"valueName\":\"search_term_string\"}}],\"inLanguage\":\"ca\"},{\"@type\":\"Organization\",\"@id\":\"https:\\\/\\\/www.entreculturas.org\\\/ca\\\/#organization\",\"name\":\"Entreculturas\",\"url\":\"https:\\\/\\\/www.entreculturas.org\\\/ca\\\/\",\"logo\":{\"@type\":\"ImageObject\",\"inLanguage\":\"ca\",\"@id\":\"https:\\\/\\\/www.entreculturas.org\\\/ca\\\/#\\\/schema\\\/logo\\\/image\\\/\",\"url\":\"https:\\\/\\\/www.entreculturas.org\\\/wp-content\\\/uploads\\\/2025\\\/10\\\/ESP.svg\",\"contentUrl\":\"https:\\\/\\\/www.entreculturas.org\\\/wp-content\\\/uploads\\\/2025\\\/10\\\/ESP.svg\",\"caption\":\"Entreculturas\"},\"image\":{\"@id\":\"https:\\\/\\\/www.entreculturas.org\\\/ca\\\/#\\\/schema\\\/logo\\\/image\\\/\"},\"sameAs\":[\"https:\\\/\\\/www.facebook.com\\\/entreculturas\",\"https:\\\/\\\/x.com\\\/Entreculturas\",\"https:\\\/\\\/www.instagram.com\\\/entreculturas\\\/\",\"https:\\\/\\\/www.youtube.com\\\/user\\\/entreculturasvideo\",\"https:\\\/\\\/www.linkedin.com\\\/company\\\/fundacion-entreculturas-ngdo\\\/\",\"https:\\\/\\\/www.flickr.com\\\/photos\\\/98455522@N04\\\/albums\\\/\"]}]}<\/script>\n<!-- \/ Yoast SEO Premium plugin. -->","yoast_head_json":{"title":"Actividades de nuestras delegaciones durante Navidad - Entreculturas","robots":{"index":"index","follow":"follow","max-snippet":"max-snippet:-1","max-image-preview":"max-image-preview:large","max-video-preview":"max-video-preview:-1"},"canonical":"https:\/\/www.entreculturas.org\/ca\/noticia\/actividades-de-nuestras-delegaciones-durante-navidad\/","og_locale":"ca_ES","og_type":"article","og_title":"Actividades de nuestras delegaciones durante Navidad","og_description":"Adem\u00e1s de participar en actos organizados con motivo de d\u00edas se\u00f1alados en el calendario, son muchas las actividades que las delegaciones de Entreculturas ponen en marcha durante el mes de diciembre con las que invitar a las personas a pasar un buen rato al mismo tiempo que contribuyen con alg\u00fan proyecto solidario. A continuaci\u00f3n rescatamos algunas de las m\u00e1s destacadas. M\u00e1laga rompi\u00f3 el hielo el 30 de noviembre con la celebraci\u00f3n de su primer Concierto Solidario de Navidad en la Iglesia del Sagrado Coraz\u00f3n. Contaron para ello con la interpretaci\u00f3n del Orfe\u00f3n Universitario de M\u00e1laga, compuesto por casi 70 cantantes, el director, Mario Porras, y el pianista, Adri\u00e1n L\u00f3pez. Al evento asistieron m\u00e1s de 300 personas y los fondos recaudados se destinar\u00e1n a mejorar la educaci\u00f3n en Hait\u00ed.&nbsp; &nbsp; En Le\u00f3n, el 5 de diciembre organizaron su tradicional cuentacuentos navide\u00f1o en la Biblioteca P\u00fablica, al que acudieron cerca de 100 [&hellip;]","og_url":"https:\/\/www.entreculturas.org\/ca\/noticia\/actividades-de-nuestras-delegaciones-durante-navidad\/","og_site_name":"Entreculturas","article_publisher":"https:\/\/www.facebook.com\/entreculturas","article_modified_time":"2024-02-06T08:19:43+00:00","og_image":[{"width":825,"height":516,"url":"https:\/\/www.entreculturas.org\/wp-content\/uploads\/2018\/12\/cuentacuentos-leon.jpg","type":"image\/jpeg"}],"twitter_card":"summary_large_image","twitter_site":"@Entreculturas","schema":{"@context":"https:\/\/schema.org","@graph":[{"@type":"WebPage","@id":"https:\/\/www.entreculturas.org\/ca\/noticia\/actividades-de-nuestras-delegaciones-durante-navidad\/","url":"https:\/\/www.entreculturas.org\/ca\/noticia\/actividades-de-nuestras-delegaciones-durante-navidad\/","name":"Actividades de nuestras delegaciones durante Navidad - Entreculturas","isPartOf":{"@id":"https:\/\/www.entreculturas.org\/ca\/#website"},"primaryImageOfPage":{"@id":"https:\/\/www.entreculturas.org\/ca\/noticia\/actividades-de-nuestras-delegaciones-durante-navidad\/#primaryimage"},"image":{"@id":"https:\/\/www.entreculturas.org\/ca\/noticia\/actividades-de-nuestras-delegaciones-durante-navidad\/#primaryimage"},"thumbnailUrl":"https:\/\/www.entreculturas.org\/wp-content\/uploads\/2018\/12\/cuentacuentos-leon.jpg","datePublished":"2018-12-27T12:08:39+00:00","dateModified":"2024-02-06T08:19:43+00:00","breadcrumb":{"@id":"https:\/\/www.entreculturas.org\/ca\/noticia\/actividades-de-nuestras-delegaciones-durante-navidad\/#breadcrumb"},"inLanguage":"ca","potentialAction":[{"@type":"ReadAction","target":["https:\/\/www.entreculturas.org\/ca\/noticia\/actividades-de-nuestras-delegaciones-durante-navidad\/"]}]},{"@type":"ImageObject","inLanguage":"ca","@id":"https:\/\/www.entreculturas.org\/ca\/noticia\/actividades-de-nuestras-delegaciones-durante-navidad\/#primaryimage","url":"https:\/\/www.entreculturas.org\/wp-content\/uploads\/2018\/12\/cuentacuentos-leon.jpg","contentUrl":"https:\/\/www.entreculturas.org\/wp-content\/uploads\/2018\/12\/cuentacuentos-leon.jpg","width":825,"height":516},{"@type":"BreadcrumbList","@id":"https:\/\/www.entreculturas.org\/ca\/noticia\/actividades-de-nuestras-delegaciones-durante-navidad\/#breadcrumb","itemListElement":[{"@type":"ListItem","position":1,"name":"Home","item":"https:\/\/www.entreculturas.org\/ca\/"},{"@type":"ListItem","position":2,"name":"Noticias","item":"https:\/\/www.entreculturas.org\/ca\/noticias\/"},{"@type":"ListItem","position":3,"name":"Actividades de nuestras delegaciones durante Navidad"}]},{"@type":"WebSite","@id":"https:\/\/www.entreculturas.org\/ca\/#website","url":"https:\/\/www.entreculturas.org\/ca\/","name":"Entreculturas","description":"","publisher":{"@id":"https:\/\/www.entreculturas.org\/ca\/#organization"},"alternateName":"Entreculturas","potentialAction":[{"@type":"SearchAction","target":{"@type":"EntryPoint","urlTemplate":"https:\/\/www.entreculturas.org\/ca\/?s={search_term_string}"},"query-input":{"@type":"PropertyValueSpecification","valueRequired":true,"valueName":"search_term_string"}}],"inLanguage":"ca"},{"@type":"Organization","@id":"https:\/\/www.entreculturas.org\/ca\/#organization","name":"Entreculturas","url":"https:\/\/www.entreculturas.org\/ca\/","logo":{"@type":"ImageObject","inLanguage":"ca","@id":"https:\/\/www.entreculturas.org\/ca\/#\/schema\/logo\/image\/","url":"https:\/\/www.entreculturas.org\/wp-content\/uploads\/2025\/10\/ESP.svg","contentUrl":"https:\/\/www.entreculturas.org\/wp-content\/uploads\/2025\/10\/ESP.svg","caption":"Entreculturas"},"image":{"@id":"https:\/\/www.entreculturas.org\/ca\/#\/schema\/logo\/image\/"},"sameAs":["https:\/\/www.facebook.com\/entreculturas","https:\/\/x.com\/Entreculturas","https:\/\/www.instagram.com\/entreculturas\/","https:\/\/www.youtube.com\/user\/entreculturasvideo","https:\/\/www.linkedin.com\/company\/fundacion-entreculturas-ngdo\/","https:\/\/www.flickr.com\/photos\/98455522@N04\/albums\/"]}]}},"_links":{"self":[{"href":"https:\/\/www.entreculturas.org\/ca\/wp-json\/wp\/v2\/noticia\/2618","targetHints":{"allow":["GET"]}}],"collection":[{"href":"https:\/\/www.entreculturas.org\/ca\/wp-json\/wp\/v2\/noticia"}],"about":[{"href":"https:\/\/www.entreculturas.org\/ca\/wp-json\/wp\/v2\/types\/noticia"}],"wp:featuredmedia":[{"embeddable":true,"href":"https:\/\/www.entreculturas.org\/ca\/wp-json\/wp\/v2\/media\/2611"}],"wp:attachment":[{"href":"https:\/\/www.entreculturas.org\/ca\/wp-json\/wp\/v2\/media?parent=2618"}],"wp:term":[{"taxonomy":"category","embeddable":true,"href":"https:\/\/www.entreculturas.org\/ca\/wp-json\/wp\/v2\/categories?post=2618"},{"taxonomy":"post_tag","embeddable":true,"href":"https:\/\/www.entreculturas.org\/ca\/wp-json\/wp\/v2\/tags?post=2618"},{"taxonomy":"country","embeddable":true,"href":"https:\/\/www.entreculturas.org\/ca\/wp-json\/wp\/v2\/country?post=2618"},{"taxonomy":"cause","embeddable":true,"href":"https:\/\/www.entreculturas.org\/ca\/wp-json\/wp\/v2\/cause?post=2618"}],"curies":[{"name":"wp","href":"https:\/\/api.w.org\/{rel}","templated":true}]}}