{"id":26036,"date":"2024-06-14T09:58:54","date_gmt":"2024-06-14T07:58:54","guid":{"rendered":"https:\/\/www.entreculturas.org\/?post_type=noticia&#038;p=26036"},"modified":"2024-09-17T14:35:47","modified_gmt":"2024-09-17T12:35:47","slug":"inundaciones-en-brasil","status":"publish","type":"noticia","link":"https:\/\/www.entreculturas.org\/ca\/noticia\/inundaciones-en-brasil\/","title":{"rendered":"Inundaciones en Brasil: apoyo a las comunidades afectadas"},"content":{"rendered":"\n<p>A finales de abril, el estado de Rio Grande do Sul, ubicado en el sur de Brasil y hogar de <strong>11 millones de habitantes<\/strong>, se enfrent\u00f3 a unas intensas lluvias que derivaron en las <strong>peores inundaciones en d\u00e9cadas<\/strong>. Las precipitaciones torrenciales triplicaron la media estacional en esta \u00e9poca del a\u00f1o, causando el desbordamiento de varios r\u00edos y provocando una devastaci\u00f3n sin precedentes. Hasta ahora, se reportan m\u00e1s de <strong>175 personas fallecidas, 38 desaparecidos y m\u00e1s de 2,4 millones de personas afectadas <\/strong>por este fen\u00f3meno natural.<br><\/p>\n\n\n\n<h2 class=\"wp-block-heading\" id=\"h-impacto-devastador-de-las-inundaciones\">Impacto devastador de las inundaciones<\/h2>\n\n\n\n<div style=\"height:15px\" aria-hidden=\"true\" class=\"wp-block-spacer\"><\/div>\n\n\n\n<p>Muchas familias han perdido sus hogares debido a la fuerza de las inundaciones. Las <strong>escuelas han quedado inutilizables<\/strong>, obligando a miles de estudiantes a interrumpir su educaci\u00f3n. Adem\u00e1s, el acceso a servicios b\u00e1sicos como agua potable, electricidad y atenci\u00f3n m\u00e9dica se ha visto gravemente afectado, complicando la situaci\u00f3n. Este panorama ha obligado a cerca de <strong>600.000 personas a abandonar sus hogares en busca de un lugar seguro<\/strong>.&nbsp;<\/p>\n\n\n\n<div style=\"height:15px\" aria-hidden=\"true\" class=\"wp-block-spacer\"><\/div>\n\n\n\n<p>La magnitud de la cat\u00e1strofe ha requerido una respuesta inmediata y coordinada para atender las necesidades b\u00e1sicas de la poblaci\u00f3n afectada.<\/p>\n\n\n\n<div style=\"height:15px\" aria-hidden=\"true\" class=\"wp-block-spacer\"><\/div>\n\n\n\n<div class=\"wp-block-columns is-layout-flex wp-container-core-columns-is-layout-28f84493 wp-block-columns-is-layout-flex\">\n<div class=\"wp-block-column is-layout-flow wp-block-column-is-layout-flow\" style=\"flex-basis:100%\">\n<div class=\"wp-block-cb-carousel cb-single-slide\" data-slick=\"{&quot;slidesToShow&quot;:1,&quot;slidesToScroll&quot;:1,&quot;speed&quot;:300,&quot;arrows&quot;:true,&quot;dots&quot;:true,&quot;autoplay&quot;:false,&quot;autoplaySpeed&quot;:3000,&quot;infinite&quot;:false,&quot;responsive&quot;:[{&quot;breakpoint&quot;:769,&quot;settings&quot;:{&quot;slidesToShow&quot;:1,&quot;slidesToScroll&quot;:1}}]}\">\n<div class=\"wp-block-cb-slide\">\n<figure class=\"wp-block-image size-full is-resized\"><img decoding=\"async\" width=\"2560\" height=\"1706\" src=\"https:\/\/www.entreculturas.org\/wp-content\/uploads\/2024\/06\/TF_8675-1-scaled.jpg\" alt=\"\" class=\"wp-image-26045\" style=\"object-fit:contain;width:1200px;height:600px\" srcset=\"https:\/\/www.entreculturas.org\/wp-content\/uploads\/2024\/06\/TF_8675-1-scaled.jpg 2560w, https:\/\/www.entreculturas.org\/wp-content\/uploads\/2024\/06\/TF_8675-1-300x200.jpg 300w, https:\/\/www.entreculturas.org\/wp-content\/uploads\/2024\/06\/TF_8675-1-1024x683.jpg 1024w, https:\/\/www.entreculturas.org\/wp-content\/uploads\/2024\/06\/TF_8675-1-768x512.jpg 768w, https:\/\/www.entreculturas.org\/wp-content\/uploads\/2024\/06\/TF_8675-1-1536x1024.jpg 1536w, https:\/\/www.entreculturas.org\/wp-content\/uploads\/2024\/06\/TF_8675-1-2048x1365.jpg 2048w\" sizes=\"(max-width: 2560px) 100vw, 2560px\" \/><figcaption class=\"wp-element-caption\">Foto: Tuane Fernandes<\/figcaption><\/figure>\n<\/div>\n\n\n\n<div class=\"wp-block-cb-slide\">\n<figure class=\"wp-block-image aligncenter size-full is-resized\"><img decoding=\"async\" width=\"2560\" height=\"1707\" src=\"https:\/\/www.entreculturas.org\/wp-content\/uploads\/2024\/06\/TF_8827-1-scaled.jpg\" alt=\"\" class=\"wp-image-26053\" style=\"aspect-ratio:2;object-fit:contain;width:1200px;height:auto\" srcset=\"https:\/\/www.entreculturas.org\/wp-content\/uploads\/2024\/06\/TF_8827-1-scaled.jpg 2560w, https:\/\/www.entreculturas.org\/wp-content\/uploads\/2024\/06\/TF_8827-1-300x200.jpg 300w, https:\/\/www.entreculturas.org\/wp-content\/uploads\/2024\/06\/TF_8827-1-1024x683.jpg 1024w, https:\/\/www.entreculturas.org\/wp-content\/uploads\/2024\/06\/TF_8827-1-768x512.jpg 768w, https:\/\/www.entreculturas.org\/wp-content\/uploads\/2024\/06\/TF_8827-1-1536x1024.jpg 1536w, https:\/\/www.entreculturas.org\/wp-content\/uploads\/2024\/06\/TF_8827-1-2048x1365.jpg 2048w\" sizes=\"(max-width: 2560px) 100vw, 2560px\" \/><figcaption class=\"wp-element-caption\">Foto: Tuane Fernandes<\/figcaption><\/figure>\n<\/div>\n\n\n\n<div class=\"wp-block-cb-slide\">\n<figure class=\"wp-block-image size-full is-resized\"><img decoding=\"async\" width=\"2560\" height=\"1707\" src=\"https:\/\/www.entreculturas.org\/wp-content\/uploads\/2024\/06\/TF_9111-scaled.jpg\" alt=\"\" class=\"wp-image-26057\" style=\"object-fit:contain;width:1200px;height:600px\" srcset=\"https:\/\/www.entreculturas.org\/wp-content\/uploads\/2024\/06\/TF_9111-scaled.jpg 2560w, https:\/\/www.entreculturas.org\/wp-content\/uploads\/2024\/06\/TF_9111-300x200.jpg 300w, https:\/\/www.entreculturas.org\/wp-content\/uploads\/2024\/06\/TF_9111-1024x683.jpg 1024w, https:\/\/www.entreculturas.org\/wp-content\/uploads\/2024\/06\/TF_9111-768x512.jpg 768w, https:\/\/www.entreculturas.org\/wp-content\/uploads\/2024\/06\/TF_9111-1536x1024.jpg 1536w, https:\/\/www.entreculturas.org\/wp-content\/uploads\/2024\/06\/TF_9111-2048x1365.jpg 2048w\" sizes=\"(max-width: 2560px) 100vw, 2560px\" \/><figcaption class=\"wp-element-caption\"> Foto: Tuane Fernandes.<\/figcaption><\/figure>\n<\/div>\n\n\n\n<div class=\"wp-block-cb-slide\">\n<figure class=\"wp-block-image size-full is-resized\"><img decoding=\"async\" width=\"2560\" height=\"1707\" src=\"https:\/\/www.entreculturas.org\/wp-content\/uploads\/2024\/06\/TF_8641-scaled.jpg\" alt=\"\" class=\"wp-image-26061\" style=\"object-fit:contain;width:1200px;height:600px\" srcset=\"https:\/\/www.entreculturas.org\/wp-content\/uploads\/2024\/06\/TF_8641-scaled.jpg 2560w, https:\/\/www.entreculturas.org\/wp-content\/uploads\/2024\/06\/TF_8641-300x200.jpg 300w, https:\/\/www.entreculturas.org\/wp-content\/uploads\/2024\/06\/TF_8641-1024x683.jpg 1024w, https:\/\/www.entreculturas.org\/wp-content\/uploads\/2024\/06\/TF_8641-768x512.jpg 768w, https:\/\/www.entreculturas.org\/wp-content\/uploads\/2024\/06\/TF_8641-1536x1024.jpg 1536w, https:\/\/www.entreculturas.org\/wp-content\/uploads\/2024\/06\/TF_8641-2048x1365.jpg 2048w\" sizes=\"(max-width: 2560px) 100vw, 2560px\" \/><figcaption class=\"wp-element-caption\">Foto: Tuane Fernandes<\/figcaption><\/figure>\n<\/div>\n<\/div>\n<\/div>\n<\/div>\n\n\n\n<div style=\"height:15px\" aria-hidden=\"true\" class=\"wp-block-spacer\"><\/div>\n\n\n\n<h2 class=\"wp-block-heading\" id=\"h-proyecto-de-reconstruccion-integral-ante-las-inundaciones-en-brasil\"><strong>Proyecto de reconstrucci\u00f3n integral ante las inundaciones en Brasil<\/strong><\/h2>\n\n\n\n<div style=\"height:15px\" aria-hidden=\"true\" class=\"wp-block-spacer\"><\/div>\n\n\n\n<p>Desde Entreculturas estamos apoyando la labor del <strong>Servicio Jesuita para Migrantes y Refugiados (SJMR) y de Fe y Alegr\u00eda<\/strong>, que est\u00e1n acompa\u00f1ando a las familias afectadas desde el primer momento, repartiendo bienes de primera necesidad y brindando apoyo escolar.<\/p>\n\n\n\n<div style=\"height:15px\" aria-hidden=\"true\" class=\"wp-block-spacer\"><\/div>\n\n\n\n<p>Estas acciones son parte de un proyecto de <strong>18 meses de duraci\u00f3n<\/strong>, en alianza con Inditex, para ofrecer apoyo material y psicosocial a las personas afectadas. El proyecto tiene como objetivo la distribuci\u00f3n de bienes de primera necesidad para aproximadamente 8.000 personas, la rehabilitaci\u00f3n y equipamiento de centros educativos y sociales beneficiando a 400 personas mensualmente, y la protecci\u00f3n y apoyo psicol\u00f3gico para la poblaci\u00f3n afectada. Todo esto con el objetivo de que las personas puedan recuperar sus vidas con dignidad y esperanza.<br><\/p>\n\n\n\n<figure class=\"wp-block-image aligncenter size-large is-resized\"><img decoding=\"async\" width=\"1024\" height=\"683\" src=\"https:\/\/www.entreculturas.org\/wp-content\/uploads\/2024\/06\/TF_9731-1024x683.jpg\" alt=\"inundaciones en Brasil\" class=\"wp-image-26065\" style=\"width:876px;height:auto\" srcset=\"https:\/\/www.entreculturas.org\/wp-content\/uploads\/2024\/06\/TF_9731-1024x683.jpg 1024w, https:\/\/www.entreculturas.org\/wp-content\/uploads\/2024\/06\/TF_9731-300x200.jpg 300w, https:\/\/www.entreculturas.org\/wp-content\/uploads\/2024\/06\/TF_9731-768x512.jpg 768w, https:\/\/www.entreculturas.org\/wp-content\/uploads\/2024\/06\/TF_9731-1536x1024.jpg 1536w, https:\/\/www.entreculturas.org\/wp-content\/uploads\/2024\/06\/TF_9731-2048x1365.jpg 2048w\" sizes=\"(max-width: 1024px) 100vw, 1024px\" \/><figcaption class=\"wp-element-caption\">Foto: Tuane Fernandes<\/figcaption><\/figure>\n\n\n\n<h2 class=\"wp-block-heading\" id=\"h-testimonios\">Testimonios<\/h2>\n\n\n\n<p><br>&#8220;Perd\u00ed mi casa, perd\u00ed mis cosas. Y as\u00ed como lo perd\u00ed yo, lo perdimos todos\u2026 perdimos muchas cosas\u201d, relata Jes\u00fas Bastida, un refugiado venezolano de 33 a\u00f1os que vive en Mau\u00e1, Brasil. Su historia refleja la angustia de millones de personas que enfrentaron una de las peores crisis de inundaciones en d\u00e9cadas en el estado de Rio Grande do Sul, Brasil.<br><\/p>\n\n\n\n<p>Con el apoyo de la comunidad, Jes\u00fas est\u00e1 reconstruyendo su hogar. Ha recibido alimentos y atenci\u00f3n, esenciales para su recuperaci\u00f3n.<br><\/p>\n\n\n\n<div class=\"wp-block-columns is-layout-flex wp-container-core-columns-is-layout-28f84493 wp-block-columns-is-layout-flex\">\n<div class=\"wp-block-column is-layout-flow wp-block-column-is-layout-flow\" style=\"padding-right:var(--wp--preset--spacing--80);padding-left:var(--wp--preset--spacing--80);flex-basis:100%\">\n<figure class=\"wp-block-embed is-type-video is-provider-youtube wp-block-embed-youtube wp-embed-aspect-16-9 wp-has-aspect-ratio\"><div class=\"wp-block-embed__wrapper\">\n<iframe loading=\"lazy\" title=\"Inundaciones en Brasil - Testimonio Jes\u00fas\" width=\"500\" height=\"281\" src=\"https:\/\/www.youtube.com\/embed\/EdDqvUex9OU?feature=oembed\" frameborder=\"0\" allow=\"accelerometer; autoplay; clipboard-write; encrypted-media; gyroscope; picture-in-picture; web-share\" referrerpolicy=\"strict-origin-when-cross-origin\" allowfullscreen><\/iframe>\n<\/div><\/figure>\n<\/div>\n\n\n\n<div class=\"wp-block-column is-layout-flow wp-block-column-is-layout-flow\"><\/div>\n<\/div>\n\n\n\n<p><br><strong>Jonathan<\/strong>, profesor de educaci\u00f3n f\u00edsica en una escuela de\u00a0<a href=\"https:\/\/www.instagram.com\/fealegriabr\/\">@fealegriabr<\/a>, perdi\u00f3 su hogar debido a las inundaciones que afectaron gravemente al estado de Rio Grande do Sul, Brasil. Sin embargo, recibi\u00f3 ropa y atenci\u00f3n, lo que lo hizo sentir acogido. Ahora, se encuentra trabajando en la escuela, limpiando y organizando todo para que los ni\u00f1os y ni\u00f1as puedan regresar.<br><\/p>\n\n\n\n<div class=\"wp-block-columns is-layout-flex wp-container-core-columns-is-layout-28f84493 wp-block-columns-is-layout-flex\">\n<div class=\"wp-block-column is-layout-flow wp-block-column-is-layout-flow\" style=\"flex-basis:100%\">\n<div class=\"wp-block-columns is-layout-flex wp-container-core-columns-is-layout-c6a03c77 wp-block-columns-is-layout-flex\" style=\"padding-right:var(--wp--preset--spacing--80);padding-left:var(--wp--preset--spacing--80)\">\n<div class=\"wp-block-column is-layout-flow wp-block-column-is-layout-flow\" style=\"flex-basis:100%\">\n<figure class=\"wp-block-embed is-type-video is-provider-youtube wp-block-embed-youtube wp-embed-aspect-16-9 wp-has-aspect-ratio\"><div class=\"wp-block-embed__wrapper\">\n<iframe loading=\"lazy\" title=\"Jonathan - Inundaciones Brasil\" width=\"500\" height=\"281\" src=\"https:\/\/www.youtube.com\/embed\/3k_3SCtZklM?feature=oembed\" frameborder=\"0\" allow=\"accelerometer; autoplay; clipboard-write; encrypted-media; gyroscope; picture-in-picture; web-share\" referrerpolicy=\"strict-origin-when-cross-origin\" allowfullscreen><\/iframe>\n<\/div><\/figure>\n<\/div>\n<\/div>\n<\/div>\n<\/div>\n\n\n\n<p><br>Lucas sali\u00f3 con su mochila y nosotros solo con dos mantas, con la esperanza de que eso no fuera todo lo que nos quedaba&#8221;.<\/p>\n\n\n\n<p>Las inundaciones de mediados de abril que afectaron gravemente al estado de Rio Grande do Sul, Brasil, dejaron inhabitable la casa de Elisiane y sus dos hijos de 6 y 9 a\u00f1os. Tuvieron que abandonar su hogar y ahora se hospedan en la parroquia, donde han recibido alimentos y atenci\u00f3n.<br><br><\/p>\n\n\n\n<div class=\"wp-block-group has-global-padding is-layout-constrained wp-container-core-group-is-layout-caa2d89a wp-block-group-is-layout-constrained\" style=\"padding-right:var(--wp--preset--spacing--80);padding-left:var(--wp--preset--spacing--80)\">\n<figure class=\"wp-block-embed is-type-video is-provider-youtube wp-block-embed-youtube wp-embed-aspect-16-9 wp-has-aspect-ratio\"><div class=\"wp-block-embed__wrapper\">\nhttps:\/\/youtu.be\/uu7yD2NgQJU\n<\/div><\/figure>\n<\/div>\n","protected":false},"excerpt":{"rendered":"<p>A finales de abril, el estado de Rio Grande do Sul, ubicado en el sur de Brasil y hogar de 11 millones de habitantes, se enfrent\u00f3 a unas intensas lluvias que derivaron en las peores inundaciones en d\u00e9cadas. Las precipitaciones torrenciales triplicaron la media estacional en esta \u00e9poca del a\u00f1o, causando el desbordamiento de varios r\u00edos y provocando una devastaci\u00f3n sin precedentes. Hasta ahora, se reportan m\u00e1s de 175 personas fallecidas, 38 desaparecidos y m\u00e1s de 2,4 millones de personas afectadas por este fen\u00f3meno natural. Impacto devastador de las inundaciones Muchas familias han perdido sus hogares debido a la fuerza de las inundaciones. Las escuelas han quedado inutilizables, obligando a miles de estudiantes a interrumpir su educaci\u00f3n. Adem\u00e1s, el acceso a servicios b\u00e1sicos como agua potable, electricidad y atenci\u00f3n m\u00e9dica se ha visto gravemente afectado, complicando la situaci\u00f3n. Este panorama ha obligado a cerca de 600.000 personas a abandonar sus [&hellip;]<\/p>\n","protected":false},"featured_media":26142,"template":"","meta":{"_acf_changed":false},"categories":[7],"tags":[256],"country":[117],"cause":[],"class_list":["post-26036","noticia","type-noticia","status-publish","has-post-thumbnail","hentry","category-noticia","tag-justicia-socioambiental","country-brasil"],"acf":[],"yoast_head":"<!-- This site is optimized with the Yoast SEO Premium plugin v21.6 (Yoast SEO v27.5) - https:\/\/yoast.com\/product\/yoast-seo-premium-wordpress\/ -->\n<title>Inundaciones en Brasil: apoyo a las comunidades afectadas - Entreculturas<\/title>\n<meta name=\"description\" content=\"Estamos repartiendo bienes de primera necesidad y brindando apoyo escolar a las poblaciones afectadas, tras las inundaciones en Brasil.\" \/>\n<meta name=\"robots\" content=\"index, follow, max-snippet:-1, max-image-preview:large, max-video-preview:-1\" \/>\n<link rel=\"canonical\" href=\"https:\/\/www.entreculturas.org\/ca\/noticia\/inundaciones-en-brasil\/\" \/>\n<meta property=\"og:locale\" content=\"ca_ES\" \/>\n<meta property=\"og:type\" content=\"article\" \/>\n<meta property=\"og:title\" content=\"Inundaciones en Brasil: apoyo a las comunidades afectadas\" \/>\n<meta property=\"og:description\" content=\"Estamos repartiendo bienes de primera necesidad y brindando apoyo escolar a las poblaciones afectadas, tras las inundaciones en Brasil.\" \/>\n<meta property=\"og:url\" content=\"https:\/\/www.entreculturas.org\/ca\/noticia\/inundaciones-en-brasil\/\" \/>\n<meta property=\"og:site_name\" content=\"Entreculturas\" \/>\n<meta property=\"article:publisher\" content=\"https:\/\/www.facebook.com\/entreculturas\" \/>\n<meta property=\"article:modified_time\" content=\"2024-09-17T12:35:47+00:00\" \/>\n<meta property=\"og:image\" content=\"https:\/\/www.entreculturas.org\/wp-content\/uploads\/2024\/06\/TF_8998-scaled.jpg\" \/>\n\t<meta property=\"og:image:width\" content=\"2560\" \/>\n\t<meta property=\"og:image:height\" content=\"1707\" \/>\n\t<meta property=\"og:image:type\" content=\"image\/jpeg\" \/>\n<meta name=\"twitter:card\" content=\"summary_large_image\" \/>\n<meta name=\"twitter:site\" content=\"@Entreculturas\" \/>\n<script type=\"application\/ld+json\" class=\"yoast-schema-graph\">{\"@context\":\"https:\\\/\\\/schema.org\",\"@graph\":[{\"@type\":\"WebPage\",\"@id\":\"https:\\\/\\\/www.entreculturas.org\\\/ca\\\/noticia\\\/inundaciones-en-brasil\\\/\",\"url\":\"https:\\\/\\\/www.entreculturas.org\\\/ca\\\/noticia\\\/inundaciones-en-brasil\\\/\",\"name\":\"Inundaciones en Brasil: apoyo a las comunidades afectadas - Entreculturas\",\"isPartOf\":{\"@id\":\"https:\\\/\\\/www.entreculturas.org\\\/ca\\\/#website\"},\"primaryImageOfPage\":{\"@id\":\"https:\\\/\\\/www.entreculturas.org\\\/ca\\\/noticia\\\/inundaciones-en-brasil\\\/#primaryimage\"},\"image\":{\"@id\":\"https:\\\/\\\/www.entreculturas.org\\\/ca\\\/noticia\\\/inundaciones-en-brasil\\\/#primaryimage\"},\"thumbnailUrl\":\"https:\\\/\\\/www.entreculturas.org\\\/wp-content\\\/uploads\\\/2024\\\/06\\\/TF_8998-scaled.jpg\",\"datePublished\":\"2024-06-14T07:58:54+00:00\",\"dateModified\":\"2024-09-17T12:35:47+00:00\",\"description\":\"Estamos repartiendo bienes de primera necesidad y brindando apoyo escolar a las poblaciones afectadas, tras las inundaciones en Brasil.\",\"breadcrumb\":{\"@id\":\"https:\\\/\\\/www.entreculturas.org\\\/ca\\\/noticia\\\/inundaciones-en-brasil\\\/#breadcrumb\"},\"inLanguage\":\"ca\",\"potentialAction\":[{\"@type\":\"ReadAction\",\"target\":[\"https:\\\/\\\/www.entreculturas.org\\\/ca\\\/noticia\\\/inundaciones-en-brasil\\\/\"]}]},{\"@type\":\"ImageObject\",\"inLanguage\":\"ca\",\"@id\":\"https:\\\/\\\/www.entreculturas.org\\\/ca\\\/noticia\\\/inundaciones-en-brasil\\\/#primaryimage\",\"url\":\"https:\\\/\\\/www.entreculturas.org\\\/wp-content\\\/uploads\\\/2024\\\/06\\\/TF_8998-scaled.jpg\",\"contentUrl\":\"https:\\\/\\\/www.entreculturas.org\\\/wp-content\\\/uploads\\\/2024\\\/06\\\/TF_8998-scaled.jpg\",\"width\":2560,\"height\":1707,\"caption\":\"10 de junio de 2024 - Vila Farrapos, Rio Grande do Sul Empleados y voluntarios de la fundaci\u00f3n F\u00e9 y Alegria realizan una limpieza de varios d\u00edas despu\u00e9s de la inundaci\u00f3n. el lugar se inund\u00f3 y se perdi\u00f3 todo. Foto: Tuane Fernandes\"},{\"@type\":\"BreadcrumbList\",\"@id\":\"https:\\\/\\\/www.entreculturas.org\\\/ca\\\/noticia\\\/inundaciones-en-brasil\\\/#breadcrumb\",\"itemListElement\":[{\"@type\":\"ListItem\",\"position\":1,\"name\":\"Home\",\"item\":\"https:\\\/\\\/www.entreculturas.org\\\/ca\\\/\"},{\"@type\":\"ListItem\",\"position\":2,\"name\":\"Noticias\",\"item\":\"https:\\\/\\\/www.entreculturas.org\\\/ca\\\/noticias\\\/\"},{\"@type\":\"ListItem\",\"position\":3,\"name\":\"Inundaciones en Brasil: apoyo a las comunidades afectadas\"}]},{\"@type\":\"WebSite\",\"@id\":\"https:\\\/\\\/www.entreculturas.org\\\/ca\\\/#website\",\"url\":\"https:\\\/\\\/www.entreculturas.org\\\/ca\\\/\",\"name\":\"Entreculturas\",\"description\":\"\",\"publisher\":{\"@id\":\"https:\\\/\\\/www.entreculturas.org\\\/ca\\\/#organization\"},\"alternateName\":\"Entreculturas\",\"potentialAction\":[{\"@type\":\"SearchAction\",\"target\":{\"@type\":\"EntryPoint\",\"urlTemplate\":\"https:\\\/\\\/www.entreculturas.org\\\/ca\\\/?s={search_term_string}\"},\"query-input\":{\"@type\":\"PropertyValueSpecification\",\"valueRequired\":true,\"valueName\":\"search_term_string\"}}],\"inLanguage\":\"ca\"},{\"@type\":\"Organization\",\"@id\":\"https:\\\/\\\/www.entreculturas.org\\\/ca\\\/#organization\",\"name\":\"Entreculturas\",\"url\":\"https:\\\/\\\/www.entreculturas.org\\\/ca\\\/\",\"logo\":{\"@type\":\"ImageObject\",\"inLanguage\":\"ca\",\"@id\":\"https:\\\/\\\/www.entreculturas.org\\\/ca\\\/#\\\/schema\\\/logo\\\/image\\\/\",\"url\":\"https:\\\/\\\/www.entreculturas.org\\\/wp-content\\\/uploads\\\/2025\\\/10\\\/ESP.svg\",\"contentUrl\":\"https:\\\/\\\/www.entreculturas.org\\\/wp-content\\\/uploads\\\/2025\\\/10\\\/ESP.svg\",\"caption\":\"Entreculturas\"},\"image\":{\"@id\":\"https:\\\/\\\/www.entreculturas.org\\\/ca\\\/#\\\/schema\\\/logo\\\/image\\\/\"},\"sameAs\":[\"https:\\\/\\\/www.facebook.com\\\/entreculturas\",\"https:\\\/\\\/x.com\\\/Entreculturas\",\"https:\\\/\\\/www.instagram.com\\\/entreculturas\\\/\",\"https:\\\/\\\/www.youtube.com\\\/user\\\/entreculturasvideo\",\"https:\\\/\\\/www.linkedin.com\\\/company\\\/fundacion-entreculturas-ngdo\\\/\",\"https:\\\/\\\/www.flickr.com\\\/photos\\\/98455522@N04\\\/albums\\\/\"]}]}<\/script>\n<!-- \/ Yoast SEO Premium plugin. -->","yoast_head_json":{"title":"Inundaciones en Brasil: apoyo a las comunidades afectadas - Entreculturas","description":"Estamos repartiendo bienes de primera necesidad y brindando apoyo escolar a las poblaciones afectadas, tras las inundaciones en Brasil.","robots":{"index":"index","follow":"follow","max-snippet":"max-snippet:-1","max-image-preview":"max-image-preview:large","max-video-preview":"max-video-preview:-1"},"canonical":"https:\/\/www.entreculturas.org\/ca\/noticia\/inundaciones-en-brasil\/","og_locale":"ca_ES","og_type":"article","og_title":"Inundaciones en Brasil: apoyo a las comunidades afectadas","og_description":"Estamos repartiendo bienes de primera necesidad y brindando apoyo escolar a las poblaciones afectadas, tras las inundaciones en Brasil.","og_url":"https:\/\/www.entreculturas.org\/ca\/noticia\/inundaciones-en-brasil\/","og_site_name":"Entreculturas","article_publisher":"https:\/\/www.facebook.com\/entreculturas","article_modified_time":"2024-09-17T12:35:47+00:00","og_image":[{"width":2560,"height":1707,"url":"https:\/\/www.entreculturas.org\/wp-content\/uploads\/2024\/06\/TF_8998-scaled.jpg","type":"image\/jpeg"}],"twitter_card":"summary_large_image","twitter_site":"@Entreculturas","schema":{"@context":"https:\/\/schema.org","@graph":[{"@type":"WebPage","@id":"https:\/\/www.entreculturas.org\/ca\/noticia\/inundaciones-en-brasil\/","url":"https:\/\/www.entreculturas.org\/ca\/noticia\/inundaciones-en-brasil\/","name":"Inundaciones en Brasil: apoyo a las comunidades afectadas - Entreculturas","isPartOf":{"@id":"https:\/\/www.entreculturas.org\/ca\/#website"},"primaryImageOfPage":{"@id":"https:\/\/www.entreculturas.org\/ca\/noticia\/inundaciones-en-brasil\/#primaryimage"},"image":{"@id":"https:\/\/www.entreculturas.org\/ca\/noticia\/inundaciones-en-brasil\/#primaryimage"},"thumbnailUrl":"https:\/\/www.entreculturas.org\/wp-content\/uploads\/2024\/06\/TF_8998-scaled.jpg","datePublished":"2024-06-14T07:58:54+00:00","dateModified":"2024-09-17T12:35:47+00:00","description":"Estamos repartiendo bienes de primera necesidad y brindando apoyo escolar a las poblaciones afectadas, tras las inundaciones en Brasil.","breadcrumb":{"@id":"https:\/\/www.entreculturas.org\/ca\/noticia\/inundaciones-en-brasil\/#breadcrumb"},"inLanguage":"ca","potentialAction":[{"@type":"ReadAction","target":["https:\/\/www.entreculturas.org\/ca\/noticia\/inundaciones-en-brasil\/"]}]},{"@type":"ImageObject","inLanguage":"ca","@id":"https:\/\/www.entreculturas.org\/ca\/noticia\/inundaciones-en-brasil\/#primaryimage","url":"https:\/\/www.entreculturas.org\/wp-content\/uploads\/2024\/06\/TF_8998-scaled.jpg","contentUrl":"https:\/\/www.entreculturas.org\/wp-content\/uploads\/2024\/06\/TF_8998-scaled.jpg","width":2560,"height":1707,"caption":"10 de junio de 2024 - Vila Farrapos, Rio Grande do Sul Empleados y voluntarios de la fundaci\u00f3n F\u00e9 y Alegria realizan una limpieza de varios d\u00edas despu\u00e9s de la inundaci\u00f3n. el lugar se inund\u00f3 y se perdi\u00f3 todo. Foto: Tuane Fernandes"},{"@type":"BreadcrumbList","@id":"https:\/\/www.entreculturas.org\/ca\/noticia\/inundaciones-en-brasil\/#breadcrumb","itemListElement":[{"@type":"ListItem","position":1,"name":"Home","item":"https:\/\/www.entreculturas.org\/ca\/"},{"@type":"ListItem","position":2,"name":"Noticias","item":"https:\/\/www.entreculturas.org\/ca\/noticias\/"},{"@type":"ListItem","position":3,"name":"Inundaciones en Brasil: apoyo a las comunidades afectadas"}]},{"@type":"WebSite","@id":"https:\/\/www.entreculturas.org\/ca\/#website","url":"https:\/\/www.entreculturas.org\/ca\/","name":"Entreculturas","description":"","publisher":{"@id":"https:\/\/www.entreculturas.org\/ca\/#organization"},"alternateName":"Entreculturas","potentialAction":[{"@type":"SearchAction","target":{"@type":"EntryPoint","urlTemplate":"https:\/\/www.entreculturas.org\/ca\/?s={search_term_string}"},"query-input":{"@type":"PropertyValueSpecification","valueRequired":true,"valueName":"search_term_string"}}],"inLanguage":"ca"},{"@type":"Organization","@id":"https:\/\/www.entreculturas.org\/ca\/#organization","name":"Entreculturas","url":"https:\/\/www.entreculturas.org\/ca\/","logo":{"@type":"ImageObject","inLanguage":"ca","@id":"https:\/\/www.entreculturas.org\/ca\/#\/schema\/logo\/image\/","url":"https:\/\/www.entreculturas.org\/wp-content\/uploads\/2025\/10\/ESP.svg","contentUrl":"https:\/\/www.entreculturas.org\/wp-content\/uploads\/2025\/10\/ESP.svg","caption":"Entreculturas"},"image":{"@id":"https:\/\/www.entreculturas.org\/ca\/#\/schema\/logo\/image\/"},"sameAs":["https:\/\/www.facebook.com\/entreculturas","https:\/\/x.com\/Entreculturas","https:\/\/www.instagram.com\/entreculturas\/","https:\/\/www.youtube.com\/user\/entreculturasvideo","https:\/\/www.linkedin.com\/company\/fundacion-entreculturas-ngdo\/","https:\/\/www.flickr.com\/photos\/98455522@N04\/albums\/"]}]}},"_links":{"self":[{"href":"https:\/\/www.entreculturas.org\/ca\/wp-json\/wp\/v2\/noticia\/26036","targetHints":{"allow":["GET"]}}],"collection":[{"href":"https:\/\/www.entreculturas.org\/ca\/wp-json\/wp\/v2\/noticia"}],"about":[{"href":"https:\/\/www.entreculturas.org\/ca\/wp-json\/wp\/v2\/types\/noticia"}],"wp:featuredmedia":[{"embeddable":true,"href":"https:\/\/www.entreculturas.org\/ca\/wp-json\/wp\/v2\/media\/26142"}],"wp:attachment":[{"href":"https:\/\/www.entreculturas.org\/ca\/wp-json\/wp\/v2\/media?parent=26036"}],"wp:term":[{"taxonomy":"category","embeddable":true,"href":"https:\/\/www.entreculturas.org\/ca\/wp-json\/wp\/v2\/categories?post=26036"},{"taxonomy":"post_tag","embeddable":true,"href":"https:\/\/www.entreculturas.org\/ca\/wp-json\/wp\/v2\/tags?post=26036"},{"taxonomy":"country","embeddable":true,"href":"https:\/\/www.entreculturas.org\/ca\/wp-json\/wp\/v2\/country?post=26036"},{"taxonomy":"cause","embeddable":true,"href":"https:\/\/www.entreculturas.org\/ca\/wp-json\/wp\/v2\/cause?post=26036"}],"curies":[{"name":"wp","href":"https:\/\/api.w.org\/{rel}","templated":true}]}}