{"id":2558,"date":"2018-12-17T10:07:42","date_gmt":"2018-12-17T10:07:42","guid":{"rendered":"https:\/\/entreculturasi.wpenginepowered.com\/?noticias=nueve-ong-pedimos-al-gobierno-que-ponga-fin-las-devoluciones-en-caliente"},"modified":"2024-02-05T17:25:27","modified_gmt":"2024-02-05T16:25:27","slug":"nueve-ong-pedimos-al-gobierno-que-ponga-fin-las-devoluciones-en-caliente","status":"publish","type":"noticia","link":"https:\/\/www.entreculturas.org\/ca\/noticia\/nueve-ong-pedimos-al-gobierno-que-ponga-fin-las-devoluciones-en-caliente\/","title":{"rendered":"Nueve ONG pedimos al gobierno que ponga fin a las \u201cdevoluciones en caliente\u201d"},"content":{"rendered":"<p>Con motivo del <strong>D\u00eda Internacional de las Personas Migrantes<\/strong>, que se celebra ma\u00f1ana, nueve organizaciones exigimos al Gobierno espa\u00f1ol que cumpla con sus compromisos en materia de derechos humanos y ponga fin a las devoluciones sumarias. Desde el pasado 27 de noviembre se est\u00e1 debatiendo en el Congreso la reforma de la denominada Ley Mordaza, que, entre otros aspectos, contiene una disposici\u00f3n que pretende&nbsp; dar&nbsp; cobertura legal a las devoluciones en caliente desde Ceuta y Melilla a Marruecos.&nbsp;<\/p>\n<p><strong>Esta pr\u00e1ctica&nbsp;est\u00e1 prohibida por el derecho internacional y supone una grave vulneraci\u00f3n de los derechos humanos para las personas migrantes y refugiada<\/strong>s. As\u00ed lo han denunciado tanto las organizaciones firmantes como diversos organismos de derechos humanos de Naciones Unidas, el Tribunal Europeo de Derechos Humanos con sede en Estrasburgo y el Defensor del Pueblo.&nbsp;<\/p>\n<p>A pesar de que Pedro S\u00e1nchez se comprometi\u00f3 a poner fin a este abuso, con la derogaci\u00f3n urgente de esta disposici\u00f3n, lo cierto es que en los seis meses de su gobierno s<strong>e han seguido llevando a cabo tanto devoluciones sumarias como devoluciones expr\u00e9s<\/strong> en aplicaci\u00f3n del Acuerdo de readmisi\u00f3n entre Espa\u00f1a y Marruecos de 1992. En ninguno de los dos casos se garantiza que se protegen los derechos que asisten a estas personas. Las primeras se llevan a cabo sin las debidas garant\u00edas, porque las personas no tienen acceso a procedimientos individualizados de asilo. Las segundas s\u00ed se realizan tras acceder a procedimientos individuales pero, entre otros aspectos, debido a la celeridad con que se llevan a cabo, dif\u00edcilmente puede asegurarse el acceso a todas las garant\u00edas, y, por tanto, a una asistencia letrada y de int\u00e9rprete en condiciones adecuadas, as\u00ed como a una identificaci\u00f3n apropiada de potenciales solicitantes de asilo, o miembros de colectivos con necesidades espec\u00edficas como los menores no acompa\u00f1ados, v\u00edctimas de trata, personas LGBTI, personas con discapacidad o mujeres embarazadas, entre otros.&nbsp;<\/p>\n<p>El Estado espa\u00f1ol tiene la obligaci\u00f3n de <strong>garantizar los derechos humanos de todas las personas<\/strong>, implementando todas las medidas necesarias para la correcta la atenci\u00f3n, identificaci\u00f3n y acogida en sus fronteras. Mantener esta pr\u00e1ctica de las devoluciones sumarias supone una vulneraci\u00f3n del principio de no de devoluci\u00f3n, y puede adem\u00e1s, infligir un <strong>trato degradante e inhumano a las personas que cruzan la frontera<\/strong>, y poner en riesgo su vida, su integridad o su libertad.&nbsp;<\/p>\n<p>Recientemente el Estado espa\u00f1ol ha firmado el Pacto Mundial por una Migraci\u00f3n Segura, Ordenada y Regular, en Marrakech, que aunque no vinculante jur\u00eddicamente, se basa en los tratados internacionales de derechos humanos que obligan a los Estados a respetar, proteger y garantizar estos derechos a todas las personas, sin discriminaci\u00f3n alguna y propiciar v\u00edas seguras para la migraci\u00f3n. Por todo ello apelamos al Gobierno y a los grupos parlamentarios la derogaci\u00f3n de la disposici\u00f3n final primera de la Ley de Seguridad Ciudadana, as\u00ed como de la disposici\u00f3n adicional d\u00e9cima de la Ley de Extranjer\u00eda como un primer paso para hacer realidad estos compromisos y a parar la pr\u00e1ctica de las devoluciones ilegales en frontera.&nbsp;<\/p>\n<p><span style=\"font-size:16px\"><span style=\"color:#ff0101\"><strong>M\u00e1s informaci\u00f3n.<\/strong><\/span><\/span><\/p>\n<p>Las estimaciones mundiales actuales indican que en 2015 hab\u00eda aproximadamente <strong>244 millones de migrantes internacionales en todo el mundo<\/strong>, lo que equivale al 3,3% de la poblaci\u00f3n mundial, <a href=\"https:\/\/publications.iom.int\/system\/files\/pdf\/wmr_2018_sp.pdf\" target=\"_blank\" rel=\"noopener\">seg\u00fan el \u00faltimo informe de la OIM<\/a>. Adem\u00e1s, <a href=\"https:\/\/www.acnur.org\/noticias\/stories\/2018\/6\/5b2922254\/desplazamiento-forzado-alcanza-el-record-de-685-millones.html\" target=\"_blank\" rel=\"noopener\">seg\u00fan datos de la Agencia de la ONU para los Refugiados<\/a>, 68,5 millones de personas hab\u00edan sido expulsadas de sus hogares en todo el mundo a fines de 2017, m\u00e1s personas que la poblaci\u00f3n de Tailandia. De esta cifra, los refugiados representaron 25,4 millones.&nbsp;<\/p>\n","protected":false},"excerpt":{"rendered":"<p>Con motivo del D\u00eda Internacional de las Personas Migrantes, que se celebra ma\u00f1ana, nueve organizaciones de refugio, migraci\u00f3n, derechos humanos y cooperaci\u00f3n exigimos al gobierno de Pedro S\u00e1nchez que cumpla con su compromiso de poner fin a esta pr\u00e1ctica.<\/p>\n","protected":false},"featured_media":2561,"template":"single-noticia","meta":{"_acf_changed":false},"categories":[7],"tags":[10],"country":[],"cause":[129],"class_list":["post-2558","noticia","type-noticia","status-publish","has-post-thumbnail","hentry","category-noticia","tag-migracion-y-refugio","cause-migracion-y-refugio"],"acf":[],"yoast_head":"<!-- This site is optimized with the Yoast SEO Premium plugin v21.6 (Yoast SEO v27.5) - https:\/\/yoast.com\/product\/yoast-seo-premium-wordpress\/ -->\n<title>Nueve ONG pedimos al gobierno que ponga fin a las \u201cdevoluciones en caliente\u201d - Entreculturas<\/title>\n<meta name=\"robots\" content=\"index, follow, max-snippet:-1, max-image-preview:large, max-video-preview:-1\" \/>\n<link rel=\"canonical\" href=\"https:\/\/www.entreculturas.org\/ca\/noticia\/nueve-ong-pedimos-al-gobierno-que-ponga-fin-las-devoluciones-en-caliente\/\" \/>\n<meta property=\"og:locale\" content=\"ca_ES\" \/>\n<meta property=\"og:type\" content=\"article\" \/>\n<meta property=\"og:title\" content=\"Nueve ONG pedimos al gobierno que ponga fin a las \u201cdevoluciones en caliente\u201d\" \/>\n<meta property=\"og:description\" content=\"Con motivo del D\u00eda Internacional de las Personas Migrantes, que se celebra ma\u00f1ana, nueve organizaciones de refugio, migraci\u00f3n, derechos humanos y cooperaci\u00f3n exigimos al gobierno de Pedro S\u00e1nchez que cumpla con su compromiso de poner fin a esta pr\u00e1ctica.\" \/>\n<meta property=\"og:url\" content=\"https:\/\/www.entreculturas.org\/ca\/noticia\/nueve-ong-pedimos-al-gobierno-que-ponga-fin-las-devoluciones-en-caliente\/\" \/>\n<meta property=\"og:site_name\" content=\"Entreculturas\" \/>\n<meta property=\"article:publisher\" content=\"https:\/\/www.facebook.com\/entreculturas\" \/>\n<meta property=\"article:modified_time\" content=\"2024-02-05T16:25:27+00:00\" \/>\n<meta property=\"og:image\" content=\"https:\/\/www.entreculturas.org\/wp-content\/uploads\/2018\/12\/derechos-en-las-fronteras.jpg\" \/>\n\t<meta property=\"og:image:width\" content=\"408\" \/>\n\t<meta property=\"og:image:height\" content=\"310\" \/>\n\t<meta property=\"og:image:type\" content=\"image\/jpeg\" \/>\n<meta name=\"twitter:card\" content=\"summary_large_image\" \/>\n<meta name=\"twitter:site\" content=\"@Entreculturas\" \/>\n<script type=\"application\/ld+json\" class=\"yoast-schema-graph\">{\"@context\":\"https:\\\/\\\/schema.org\",\"@graph\":[{\"@type\":\"WebPage\",\"@id\":\"https:\\\/\\\/www.entreculturas.org\\\/ca\\\/noticia\\\/nueve-ong-pedimos-al-gobierno-que-ponga-fin-las-devoluciones-en-caliente\\\/\",\"url\":\"https:\\\/\\\/www.entreculturas.org\\\/ca\\\/noticia\\\/nueve-ong-pedimos-al-gobierno-que-ponga-fin-las-devoluciones-en-caliente\\\/\",\"name\":\"Nueve ONG pedimos al gobierno que ponga fin a las \u201cdevoluciones en caliente\u201d - Entreculturas\",\"isPartOf\":{\"@id\":\"https:\\\/\\\/www.entreculturas.org\\\/ca\\\/#website\"},\"primaryImageOfPage\":{\"@id\":\"https:\\\/\\\/www.entreculturas.org\\\/ca\\\/noticia\\\/nueve-ong-pedimos-al-gobierno-que-ponga-fin-las-devoluciones-en-caliente\\\/#primaryimage\"},\"image\":{\"@id\":\"https:\\\/\\\/www.entreculturas.org\\\/ca\\\/noticia\\\/nueve-ong-pedimos-al-gobierno-que-ponga-fin-las-devoluciones-en-caliente\\\/#primaryimage\"},\"thumbnailUrl\":\"https:\\\/\\\/www.entreculturas.org\\\/wp-content\\\/uploads\\\/2018\\\/12\\\/derechos-en-las-fronteras.jpg\",\"datePublished\":\"2018-12-17T10:07:42+00:00\",\"dateModified\":\"2024-02-05T16:25:27+00:00\",\"breadcrumb\":{\"@id\":\"https:\\\/\\\/www.entreculturas.org\\\/ca\\\/noticia\\\/nueve-ong-pedimos-al-gobierno-que-ponga-fin-las-devoluciones-en-caliente\\\/#breadcrumb\"},\"inLanguage\":\"ca\",\"potentialAction\":[{\"@type\":\"ReadAction\",\"target\":[\"https:\\\/\\\/www.entreculturas.org\\\/ca\\\/noticia\\\/nueve-ong-pedimos-al-gobierno-que-ponga-fin-las-devoluciones-en-caliente\\\/\"]}]},{\"@type\":\"ImageObject\",\"inLanguage\":\"ca\",\"@id\":\"https:\\\/\\\/www.entreculturas.org\\\/ca\\\/noticia\\\/nueve-ong-pedimos-al-gobierno-que-ponga-fin-las-devoluciones-en-caliente\\\/#primaryimage\",\"url\":\"https:\\\/\\\/www.entreculturas.org\\\/wp-content\\\/uploads\\\/2018\\\/12\\\/derechos-en-las-fronteras.jpg\",\"contentUrl\":\"https:\\\/\\\/www.entreculturas.org\\\/wp-content\\\/uploads\\\/2018\\\/12\\\/derechos-en-las-fronteras.jpg\",\"width\":408,\"height\":310,\"caption\":\"derechos-en-las-fronteras\"},{\"@type\":\"BreadcrumbList\",\"@id\":\"https:\\\/\\\/www.entreculturas.org\\\/ca\\\/noticia\\\/nueve-ong-pedimos-al-gobierno-que-ponga-fin-las-devoluciones-en-caliente\\\/#breadcrumb\",\"itemListElement\":[{\"@type\":\"ListItem\",\"position\":1,\"name\":\"Home\",\"item\":\"https:\\\/\\\/www.entreculturas.org\\\/ca\\\/\"},{\"@type\":\"ListItem\",\"position\":2,\"name\":\"Noticias\",\"item\":\"https:\\\/\\\/www.entreculturas.org\\\/ca\\\/noticias\\\/\"},{\"@type\":\"ListItem\",\"position\":3,\"name\":\"Nueve ONG pedimos al gobierno que ponga fin a las \u201cdevoluciones en caliente\u201d\"}]},{\"@type\":\"WebSite\",\"@id\":\"https:\\\/\\\/www.entreculturas.org\\\/ca\\\/#website\",\"url\":\"https:\\\/\\\/www.entreculturas.org\\\/ca\\\/\",\"name\":\"Entreculturas\",\"description\":\"\",\"publisher\":{\"@id\":\"https:\\\/\\\/www.entreculturas.org\\\/ca\\\/#organization\"},\"alternateName\":\"Entreculturas\",\"potentialAction\":[{\"@type\":\"SearchAction\",\"target\":{\"@type\":\"EntryPoint\",\"urlTemplate\":\"https:\\\/\\\/www.entreculturas.org\\\/ca\\\/?s={search_term_string}\"},\"query-input\":{\"@type\":\"PropertyValueSpecification\",\"valueRequired\":true,\"valueName\":\"search_term_string\"}}],\"inLanguage\":\"ca\"},{\"@type\":\"Organization\",\"@id\":\"https:\\\/\\\/www.entreculturas.org\\\/ca\\\/#organization\",\"name\":\"Entreculturas\",\"url\":\"https:\\\/\\\/www.entreculturas.org\\\/ca\\\/\",\"logo\":{\"@type\":\"ImageObject\",\"inLanguage\":\"ca\",\"@id\":\"https:\\\/\\\/www.entreculturas.org\\\/ca\\\/#\\\/schema\\\/logo\\\/image\\\/\",\"url\":\"https:\\\/\\\/www.entreculturas.org\\\/wp-content\\\/uploads\\\/2025\\\/10\\\/ESP.svg\",\"contentUrl\":\"https:\\\/\\\/www.entreculturas.org\\\/wp-content\\\/uploads\\\/2025\\\/10\\\/ESP.svg\",\"caption\":\"Entreculturas\"},\"image\":{\"@id\":\"https:\\\/\\\/www.entreculturas.org\\\/ca\\\/#\\\/schema\\\/logo\\\/image\\\/\"},\"sameAs\":[\"https:\\\/\\\/www.facebook.com\\\/entreculturas\",\"https:\\\/\\\/x.com\\\/Entreculturas\",\"https:\\\/\\\/www.instagram.com\\\/entreculturas\\\/\",\"https:\\\/\\\/www.youtube.com\\\/user\\\/entreculturasvideo\",\"https:\\\/\\\/www.linkedin.com\\\/company\\\/fundacion-entreculturas-ngdo\\\/\",\"https:\\\/\\\/www.flickr.com\\\/photos\\\/98455522@N04\\\/albums\\\/\"]}]}<\/script>\n<!-- \/ Yoast SEO Premium plugin. -->","yoast_head_json":{"title":"Nueve ONG pedimos al gobierno que ponga fin a las \u201cdevoluciones en caliente\u201d - Entreculturas","robots":{"index":"index","follow":"follow","max-snippet":"max-snippet:-1","max-image-preview":"max-image-preview:large","max-video-preview":"max-video-preview:-1"},"canonical":"https:\/\/www.entreculturas.org\/ca\/noticia\/nueve-ong-pedimos-al-gobierno-que-ponga-fin-las-devoluciones-en-caliente\/","og_locale":"ca_ES","og_type":"article","og_title":"Nueve ONG pedimos al gobierno que ponga fin a las \u201cdevoluciones en caliente\u201d","og_description":"Con motivo del D\u00eda Internacional de las Personas Migrantes, que se celebra ma\u00f1ana, nueve organizaciones de refugio, migraci\u00f3n, derechos humanos y cooperaci\u00f3n exigimos al gobierno de Pedro S\u00e1nchez que cumpla con su compromiso de poner fin a esta pr\u00e1ctica.","og_url":"https:\/\/www.entreculturas.org\/ca\/noticia\/nueve-ong-pedimos-al-gobierno-que-ponga-fin-las-devoluciones-en-caliente\/","og_site_name":"Entreculturas","article_publisher":"https:\/\/www.facebook.com\/entreculturas","article_modified_time":"2024-02-05T16:25:27+00:00","og_image":[{"width":408,"height":310,"url":"https:\/\/www.entreculturas.org\/wp-content\/uploads\/2018\/12\/derechos-en-las-fronteras.jpg","type":"image\/jpeg"}],"twitter_card":"summary_large_image","twitter_site":"@Entreculturas","schema":{"@context":"https:\/\/schema.org","@graph":[{"@type":"WebPage","@id":"https:\/\/www.entreculturas.org\/ca\/noticia\/nueve-ong-pedimos-al-gobierno-que-ponga-fin-las-devoluciones-en-caliente\/","url":"https:\/\/www.entreculturas.org\/ca\/noticia\/nueve-ong-pedimos-al-gobierno-que-ponga-fin-las-devoluciones-en-caliente\/","name":"Nueve ONG pedimos al gobierno que ponga fin a las \u201cdevoluciones en caliente\u201d - Entreculturas","isPartOf":{"@id":"https:\/\/www.entreculturas.org\/ca\/#website"},"primaryImageOfPage":{"@id":"https:\/\/www.entreculturas.org\/ca\/noticia\/nueve-ong-pedimos-al-gobierno-que-ponga-fin-las-devoluciones-en-caliente\/#primaryimage"},"image":{"@id":"https:\/\/www.entreculturas.org\/ca\/noticia\/nueve-ong-pedimos-al-gobierno-que-ponga-fin-las-devoluciones-en-caliente\/#primaryimage"},"thumbnailUrl":"https:\/\/www.entreculturas.org\/wp-content\/uploads\/2018\/12\/derechos-en-las-fronteras.jpg","datePublished":"2018-12-17T10:07:42+00:00","dateModified":"2024-02-05T16:25:27+00:00","breadcrumb":{"@id":"https:\/\/www.entreculturas.org\/ca\/noticia\/nueve-ong-pedimos-al-gobierno-que-ponga-fin-las-devoluciones-en-caliente\/#breadcrumb"},"inLanguage":"ca","potentialAction":[{"@type":"ReadAction","target":["https:\/\/www.entreculturas.org\/ca\/noticia\/nueve-ong-pedimos-al-gobierno-que-ponga-fin-las-devoluciones-en-caliente\/"]}]},{"@type":"ImageObject","inLanguage":"ca","@id":"https:\/\/www.entreculturas.org\/ca\/noticia\/nueve-ong-pedimos-al-gobierno-que-ponga-fin-las-devoluciones-en-caliente\/#primaryimage","url":"https:\/\/www.entreculturas.org\/wp-content\/uploads\/2018\/12\/derechos-en-las-fronteras.jpg","contentUrl":"https:\/\/www.entreculturas.org\/wp-content\/uploads\/2018\/12\/derechos-en-las-fronteras.jpg","width":408,"height":310,"caption":"derechos-en-las-fronteras"},{"@type":"BreadcrumbList","@id":"https:\/\/www.entreculturas.org\/ca\/noticia\/nueve-ong-pedimos-al-gobierno-que-ponga-fin-las-devoluciones-en-caliente\/#breadcrumb","itemListElement":[{"@type":"ListItem","position":1,"name":"Home","item":"https:\/\/www.entreculturas.org\/ca\/"},{"@type":"ListItem","position":2,"name":"Noticias","item":"https:\/\/www.entreculturas.org\/ca\/noticias\/"},{"@type":"ListItem","position":3,"name":"Nueve ONG pedimos al gobierno que ponga fin a las \u201cdevoluciones en caliente\u201d"}]},{"@type":"WebSite","@id":"https:\/\/www.entreculturas.org\/ca\/#website","url":"https:\/\/www.entreculturas.org\/ca\/","name":"Entreculturas","description":"","publisher":{"@id":"https:\/\/www.entreculturas.org\/ca\/#organization"},"alternateName":"Entreculturas","potentialAction":[{"@type":"SearchAction","target":{"@type":"EntryPoint","urlTemplate":"https:\/\/www.entreculturas.org\/ca\/?s={search_term_string}"},"query-input":{"@type":"PropertyValueSpecification","valueRequired":true,"valueName":"search_term_string"}}],"inLanguage":"ca"},{"@type":"Organization","@id":"https:\/\/www.entreculturas.org\/ca\/#organization","name":"Entreculturas","url":"https:\/\/www.entreculturas.org\/ca\/","logo":{"@type":"ImageObject","inLanguage":"ca","@id":"https:\/\/www.entreculturas.org\/ca\/#\/schema\/logo\/image\/","url":"https:\/\/www.entreculturas.org\/wp-content\/uploads\/2025\/10\/ESP.svg","contentUrl":"https:\/\/www.entreculturas.org\/wp-content\/uploads\/2025\/10\/ESP.svg","caption":"Entreculturas"},"image":{"@id":"https:\/\/www.entreculturas.org\/ca\/#\/schema\/logo\/image\/"},"sameAs":["https:\/\/www.facebook.com\/entreculturas","https:\/\/x.com\/Entreculturas","https:\/\/www.instagram.com\/entreculturas\/","https:\/\/www.youtube.com\/user\/entreculturasvideo","https:\/\/www.linkedin.com\/company\/fundacion-entreculturas-ngdo\/","https:\/\/www.flickr.com\/photos\/98455522@N04\/albums\/"]}]}},"_links":{"self":[{"href":"https:\/\/www.entreculturas.org\/ca\/wp-json\/wp\/v2\/noticia\/2558","targetHints":{"allow":["GET"]}}],"collection":[{"href":"https:\/\/www.entreculturas.org\/ca\/wp-json\/wp\/v2\/noticia"}],"about":[{"href":"https:\/\/www.entreculturas.org\/ca\/wp-json\/wp\/v2\/types\/noticia"}],"wp:featuredmedia":[{"embeddable":true,"href":"https:\/\/www.entreculturas.org\/ca\/wp-json\/wp\/v2\/media\/2561"}],"wp:attachment":[{"href":"https:\/\/www.entreculturas.org\/ca\/wp-json\/wp\/v2\/media?parent=2558"}],"wp:term":[{"taxonomy":"category","embeddable":true,"href":"https:\/\/www.entreculturas.org\/ca\/wp-json\/wp\/v2\/categories?post=2558"},{"taxonomy":"post_tag","embeddable":true,"href":"https:\/\/www.entreculturas.org\/ca\/wp-json\/wp\/v2\/tags?post=2558"},{"taxonomy":"country","embeddable":true,"href":"https:\/\/www.entreculturas.org\/ca\/wp-json\/wp\/v2\/country?post=2558"},{"taxonomy":"cause","embeddable":true,"href":"https:\/\/www.entreculturas.org\/ca\/wp-json\/wp\/v2\/cause?post=2558"}],"curies":[{"name":"wp","href":"https:\/\/api.w.org\/{rel}","templated":true}]}}