{"id":2537,"date":"2018-12-11T12:37:07","date_gmt":"2018-12-11T12:37:07","guid":{"rendered":"https:\/\/entreculturasi.wpenginepowered.com\/?noticias=caminos-al-norte-por-una-migracion-con-derechos"},"modified":"2024-02-05T17:26:52","modified_gmt":"2024-02-05T16:26:52","slug":"caminos-al-norte-por-una-migracion-con-derechos","status":"publish","type":"noticia","link":"https:\/\/www.entreculturas.org\/ca\/noticia\/caminos-al-norte-por-una-migracion-con-derechos\/","title":{"rendered":"&#8220;Caminos al Norte&#8221;: por una migraci\u00f3n con derechos"},"content":{"rendered":"<div>\n<p>Esta ma\u00f1ana en la Casa San Ignacio del barrio de Ventilla en Madrid hemos &nbsp;presentado el informe \u201cCaminos al Norte: generando narrativas de solidaridad y acogida en torno a las migraciones forzosas&#8221;, en una semana en la que se conmemora el 70 Aniversario de la Declaraci\u00f3n de los Derechos Humanos y se celebra la Conferencia Mundial sobre Migraci\u00f3n en Marrakech.&nbsp;El Informe&nbsp;contrasta las percepciones de las personas migrantes y refugiadas en Etiop\u00eda con el an\u00e1lisis que las organizaciones no gubernamentales hacen de las pol\u00edticas migratorias. Desde ah\u00ed, aboga por la capacidad de la ciudadan\u00eda para sustituir las narrativas del miedo por las de la solidaridad y la defensa de los derechos humanos.<\/p>\n<p>La presentaci\u00f3n ha estado dirigida por Irene Ortega, Coordinadora del \u00c1rea de Ciudadan\u00eda de Entreculturas, quien ha&nbsp;abierto&nbsp;el acto explicando que \u201c<strong>Caminos al norte\u201d es el nombre que da Entreculturas a su l\u00ednea de trabajo sobre migraciones forzosas en el \u00e1mbito de la construcci\u00f3n de ciudadan\u00eda global<\/strong>. Caminos que emprenden millones de personas para escapar de la falta de derechos, de condiciones de vida dignas. Personas que ven la migraci\u00f3n como una elecci\u00f3n ineludible, como una opci\u00f3n habitual en sus entornos ante la falta de alternativas. El Informe \u201cCaminos al Norte: generando narrativas de solidaridad y derechos humanos\u201d pone el foco en quienes se desplazan dentro del continente africano y desde \u00e9ste hacia Europa. Son caminos hacia un Norte Global entendido como un entorno de dignidad, de prosperidad y de garant\u00eda de los derechos. Caminos al Norte son tambi\u00e9n los que necesitamos emprender hacia la empat\u00eda, la solidaridad y el encuentro. Tambi\u00e9n hacia la comprensi\u00f3n de las causas y los causantes de las migraciones forzosas&#8221;.<\/p>\n<p>El informe cuenta dos miradas. De un lado <strong>nos hemos&nbsp;acercado al cuerno de \u00c1frica para tratar de entender las migraciones desde Etiop\u00eda<\/strong>, un pa\u00eds con constante tr\u00e1nsito y acogida de personas, pero fuera del foco medi\u00e1tico. James Kayanda, Coordinador de la investigaci\u00f3n en Etiop\u00eda del Centro Social Hakimani en Nairobi, ha explicado que \u201c<strong>se prev\u00e9 que a finales de 2018, Etiop\u00eda acoja a 919.134 personas refugiadas, principalmente del Sud\u00e1n meridional, Eritrea y Somalia<\/strong>. Etiop\u00eda es uno de los pa\u00edses de asilo de refugiados m\u00e1s grande del mundo y el segundo de \u00c1frica, lo que refleja la fragilidad y los conflictos persistentes en la regi\u00f3n.<\/p>\n<p>Entre los hallazgos del Informe, James Kayanda ha destacado que, tras las entrevistas realizadas a migrantes y refugiados, se puede concluir que <strong>\u201c<\/strong>l<strong>as personas que quieren migrar no van a dejar de hacerlo. No importa lo peligroso que sea el viaje\u201d.<\/strong> El investigador tambi\u00e9n ha destacado la doble vulnerabilidad que sufren ni\u00f1os y mujeres. A la situaci\u00f3n de vulneraci\u00f3n por el hecho de ser refugiados se suma la condici\u00f3n de mujer e infancia. En este sentido, ha destacado que \u201cno va a haber integraci\u00f3n (en referencia a las sociedades de acogida) sin una mirada de g\u00e9nero y sin una mirada hacia los j\u00f3venes\u201d.&nbsp;<\/p>\n<p>El informe tambi\u00e9n hace hincapi\u00e9 en la <strong>importancia de las remesas, que en muchas ocasiones supera la Ayuda Oficial al Desarrollo (AOD) o la inversi\u00f3n extranjera<\/strong>, como un elemento que permite a las familias tener m\u00e1s recursos y salir adelante. \u201cLas personas que migran en seguida comienzan a enviar dinero a sus familias. Los lazos estrechos se mantienen a pesar de estar lejos y las remesas son una ayuda fundamental para salir de la pobreza\u201d, ha asegurado James.<\/p>\n<p>De otro lado, con la Facultad de Bellas Artes de la Universidad Complutense hemos recorrido un camino educativo de reflexi\u00f3n sobre migraciones forzosas globales que han promovido la adquisici\u00f3n de una visi\u00f3n cr\u00edtica e informada de la realidad de las migraciones forzosas cuestionando mitos y prejuicios. Han activado en m\u00e1s de 200 alumnos y alumnas su responsabilidad y capacidad de acci\u00f3n social y pol\u00edtica. Por ello, tambi\u00e9n <strong>se ha inaugurado la exposici\u00f3n &#8220;Miradas que Migran&#8221;&nbsp;<\/strong>que recoge algunas de las creaciones art\u00edsticas sobre la realidad de las migraciones forzosas dise\u00f1adas por las y los estudiantes. Esta exposici\u00f3n estar\u00e1 hasta el d\u00eda 18 de diciembre, D\u00eda Internacional de las Personas Migrantes en Casa San Ignacio en Madrid.<\/p>\n<p>Juanita Bag\u00e9s Villaneda, Docente Teor\u00eda de la Imagen, Grado de Dise\u00f1o Facultad de Bellas Artes de la Universidad Complutense explicaba que <strong>\u201cqueremos que se salga de la exposici\u00f3n con una reflexi\u00f3n positiva.<\/strong> Que la gente salga con la idea de que todos somos semillas de cambio y que gracias a la labor de cada uno las cosas pueden cambiar. Nuestro objetivo como equipo docente ha sido dotar a los y las estudiantes de herramientas para ser cr\u00edticos, para comunicarse con la sociedad, guiarlos en el proyecto y que se impliquen. <strong>Que nuestra mirada haya migrado ya es un logro: hay que celebrar el camino recorrido\u201d<\/strong>.<\/p>\n<p>Paula Qui\u00f1ones, alumna del Grado en Dise\u00f1o de la Facultad de Bellas Artes de la Universidad Complutense, participante en el proyecto Miradas que Migran ha contado que <strong>\u201cel proyecto ha sido un proceso de di\u00e1logo y comunicaci\u00f3n constante<\/strong>. Nos han&nbsp; mostrado una realidad de la que no \u00e9ramos tan conscientes, para hacerla nuestra y trabajar en equipo para mostrarla. Ha sido un proceso que nos ha llenado mucho porque ha ido m\u00e1s all\u00e1 del trabajo en el aula&#8221;.&nbsp;<\/p>\n<p>Irene Ortega cerraba el acto haciendo un llamado a que \u201clas organizaciones sociales de la sociedad civil y la ciudadan\u00eda tenemos que contribuir de manera incuestionable a la traducci\u00f3n del pacto global de migraci\u00f3n en unas pol\u00edticas migratorias basadas en los derechos humanos que fomenten una <strong>cultura de solidaridad y acogida<\/strong>\u201d as\u00ed mismo ha explicado las recomendaciones del informe.&nbsp;<\/p>\n<p>Tras conocer la experiencia del proyecto Miradas que Migran <strong>James Cayanda ha asegurado \u201ccuando hablo de cambio de narrativa siempre pienso en medios de comunicaci\u00f3n, pero en este espacio me he dado cuenta que el arte tambi\u00e9n sirve para cambiar narrativas\u201d.<\/strong><\/p>\n<p><img decoding=\"async\" alt=\"\" src=\"https:\/\/www.entreculturas.org\/wp-content\/uploads\/2018\/12\/10.jpg\" style=\"width: 800px;height: 533px\"><\/p>\n<p><strong><span style=\"color:#ff0101\">Recomendaciones para el Gobierno de Espa\u00f1a:<\/span><\/strong><\/p>\n<ul>\n<li><strong>Crear v\u00edas legales que sean seguras<\/strong>: las medidas efectivas para evitar que las redes de tr\u00e1fico creen rutas ilegales y aumenten el n\u00famero de migraciones irregulares, tienen que centrarse en crear oportunidades de migraci\u00f3n legal y prevenir la explotaci\u00f3n de migrantes por parte de las redes de mafias y tr\u00e1fico.\u2028<\/li>\n<\/ul>\n<\/div>\n<ul>\n<li><strong>Acoger a las personas migrantes, las solicitantes de asilo y las refugiadas<\/strong> respetando plenamente su dignidad y sus derechos humanos, independientemente de su condici\u00f3n migratoria. Aunque cada Estado tenga derecho a administrar y a controlar sus fronteras, las personas migrantes y refugiadas deben ser acogidas de conformidad con las obligaciones espec\u00edficas en virtud del derecho internacional, incluidas las leyes sobre el derecho internacional humanitario y aquellas internacionales sobre las personas refugiadas.\u2028<\/li>\n<li><strong>Adecuar la normativa de asilo al marco europeo e internacional,<\/strong> y contar con un Reglamento de Asilo para desarrollar de manera espec\u00edfica el procedimiento, garantizando la seguridad jur\u00eddica de personas solicitantes.\u2028<\/li>\n<li><strong>Recuperar la pol\u00edtica p\u00fablica de la Ayuda Oficial al Desarrollo (AOD)<\/strong> destinando el 0,4% de la Renta Nacional Bruta a la AOD, el 10% de AOD en Ayuda Humanitaria y el 8% de AOD en educaci\u00f3n b\u00e1sica, especialmente en contextos de crisis prolongadas y refugio, as\u00ed como como el 10% en Educaci\u00f3n para el Desarrollo Sostenible y la Ciudadan\u00eda Global. \u2028<\/li>\n<li><strong>Promover el esp\u00edritu integrador y de responsabilidad compartida<\/strong> del Pacto Global de Migraciones en el seno de las instituciones parlamentarias europeas, integr\u00e1ndose en la Red de Migraci\u00f3n, as\u00ed como participar en el pr\u00f3ximo Foro Internacional de Revisi\u00f3n de Migraciones en 2022 para revisar y evaluar el progreso realizado a nivel local, nacional y regional.\u2028\n<p><strong><span style=\"color:#ff0101\">La Uni\u00f3n Europea debe:<\/span><\/strong><\/li>\n<li>Redefinir con urgencia el esp\u00edritu de sus pol\u00edticas relacionadas con migraciones conforme a un<strong> enfoque de coherencia de pol\u00edticas para el desarrollo<\/strong> sostenible y con el enfoque de derechos humanos. En este sentido deber\u00edan orientarse las pol\u00edticas migratorias que doten de concreci\u00f3n al Pacto Global para la Migraci\u00f3n.\u2028<\/li>\n<li>Garantizar, mediante mecanismos transparentes, la orientaci\u00f3n de los proyectos y programas del EUTF a los fines genuinos de la Ayuda Oficial al Desarrollo, <strong>promoviendo y protegiendo los derechos humanos<\/strong>, monitoreando con responsabilidad que sus intervenciones en ning\u00fan caso favorezcan la securitizaci\u00f3n de las fronteras externas a Europa.\u2028<\/li>\n<li><strong>Mejorar la transparencia y la evaluaci\u00f3n<\/strong> de impacto del EUTF, promoviendo la rendici\u00f3n de cuentas tanto por parte la Uni\u00f3n Europea, como de los Estados socios del EUTF, hacia su propia ciudadan\u00eda.\u2028\n<p><strong><span style=\"color:#ff0101\">La comunidad acad\u00e9mica y educativa debe:<\/span><\/strong><\/li>\n<li><strong>Incorporar<\/strong> de manera sistem\u00e1tica <strong>la educaci\u00f3n para la ciudadan\u00eda global en su actividad docente e investigadora<\/strong>, con un foco en la tem\u00e1tica de migraciones forzosas. De esta forma tanto la academia como la escuela contribuir\u00e1n activamente a la construcci\u00f3n de una cultura de la solidaridad internacional y de la acogida, comprometi\u00e9ndose con la defensa de los derechos humanos y frenando discursos extremistas y xen\u00f3fobos.\u2028<\/li>\n<li>Las comunidades educativas han de ser espacios en los que el <strong>alumnado se socialice como ciudadan\u00eda global comprometida<\/strong>, con capacidad para aportar en la construcci\u00f3n de una gobernanza global de las migraciones basada en la centralidad de la dignidad humana.\u2028<\/li>\n<\/ul>\n<p>\u200bLa ciudadan\u00eda espa\u00f1ola debe llevar a cabo procesos de contraste de informaci\u00f3n cr\u00edtica y veraz que cuestionen prejuicios y estereotipos relacionados con las migraciones, ra\u00edces del llamado \u201cdiscurso del odio\u201d; y comprometerse con la reflexi\u00f3n y el debate sereno sobre nuestro papel y capacidad de acci\u00f3n ante esta realidad.<\/p>\n<div><img decoding=\"async\" alt=\"\" src=\"https:\/\/www.entreculturas.org\/wp-content\/uploads\/2018\/12\/9.jpg\" style=\"width: 800px;height: 533px\"><\/p>\n<p>&nbsp;<\/p><\/div>\n","protected":false},"excerpt":{"rendered":"<p>Las organizaciones sociales de la sociedad civil y la ciudadan\u00eda tenemos que contribuir de manera incuestionable a la traducci\u00f3n del pacto global de migraci\u00f3n en unas pol\u00edticas migratorias y en una nuevas narrativas basadas en los derechos humanos que fomenten una cultura de solidaridad y acogida. La comunidad Internacional ha ratificado el primer marco pol\u00edtico global sobre migraciones. <\/p>\n","protected":false},"featured_media":2538,"template":"single-noticia","meta":{"_acf_changed":false},"categories":[7],"tags":[10],"country":[],"cause":[129],"class_list":["post-2537","noticia","type-noticia","status-publish","has-post-thumbnail","hentry","category-noticia","tag-migracion-y-refugio","cause-migracion-y-refugio"],"acf":[],"yoast_head":"<!-- This site is optimized with the Yoast SEO Premium plugin v21.6 (Yoast SEO v27.5) - https:\/\/yoast.com\/product\/yoast-seo-premium-wordpress\/ -->\n<title>&quot;Caminos al Norte&quot;: por una migraci\u00f3n con derechos - Entreculturas<\/title>\n<meta name=\"robots\" content=\"index, follow, max-snippet:-1, max-image-preview:large, max-video-preview:-1\" \/>\n<link rel=\"canonical\" href=\"https:\/\/www.entreculturas.org\/ca\/noticia\/caminos-al-norte-por-una-migracion-con-derechos\/\" \/>\n<meta property=\"og:locale\" content=\"ca_ES\" \/>\n<meta property=\"og:type\" content=\"article\" \/>\n<meta property=\"og:title\" content=\"&quot;Caminos al Norte&quot;: por una migraci\u00f3n con derechos\" \/>\n<meta property=\"og:description\" content=\"Las organizaciones sociales de la sociedad civil y la ciudadan\u00eda tenemos que contribuir de manera incuestionable a la traducci\u00f3n del pacto global de migraci\u00f3n en unas pol\u00edticas migratorias y en una nuevas narrativas basadas en los derechos humanos que fomenten una cultura de solidaridad y acogida. La comunidad Internacional ha ratificado el primer marco pol\u00edtico global sobre migraciones.\" \/>\n<meta property=\"og:url\" content=\"https:\/\/www.entreculturas.org\/ca\/noticia\/caminos-al-norte-por-una-migracion-con-derechos\/\" \/>\n<meta property=\"og:site_name\" content=\"Entreculturas\" \/>\n<meta property=\"article:publisher\" content=\"https:\/\/www.facebook.com\/entreculturas\" \/>\n<meta property=\"article:modified_time\" content=\"2024-02-05T16:26:52+00:00\" \/>\n<meta property=\"og:image\" content=\"https:\/\/www.entreculturas.org\/wp-content\/uploads\/2018\/12\/2_0.jpg\" \/>\n\t<meta property=\"og:image:width\" content=\"1200\" \/>\n\t<meta property=\"og:image:height\" content=\"800\" \/>\n\t<meta property=\"og:image:type\" content=\"image\/jpeg\" \/>\n<meta name=\"twitter:card\" content=\"summary_large_image\" \/>\n<meta name=\"twitter:site\" content=\"@Entreculturas\" \/>\n<script type=\"application\/ld+json\" class=\"yoast-schema-graph\">{\"@context\":\"https:\\\/\\\/schema.org\",\"@graph\":[{\"@type\":\"WebPage\",\"@id\":\"https:\\\/\\\/www.entreculturas.org\\\/ca\\\/noticia\\\/caminos-al-norte-por-una-migracion-con-derechos\\\/\",\"url\":\"https:\\\/\\\/www.entreculturas.org\\\/ca\\\/noticia\\\/caminos-al-norte-por-una-migracion-con-derechos\\\/\",\"name\":\"\\\"Caminos al Norte\\\": por una migraci\u00f3n con derechos - Entreculturas\",\"isPartOf\":{\"@id\":\"https:\\\/\\\/www.entreculturas.org\\\/ca\\\/#website\"},\"primaryImageOfPage\":{\"@id\":\"https:\\\/\\\/www.entreculturas.org\\\/ca\\\/noticia\\\/caminos-al-norte-por-una-migracion-con-derechos\\\/#primaryimage\"},\"image\":{\"@id\":\"https:\\\/\\\/www.entreculturas.org\\\/ca\\\/noticia\\\/caminos-al-norte-por-una-migracion-con-derechos\\\/#primaryimage\"},\"thumbnailUrl\":\"https:\\\/\\\/www.entreculturas.org\\\/wp-content\\\/uploads\\\/2018\\\/12\\\/2_0.jpg\",\"datePublished\":\"2018-12-11T12:37:07+00:00\",\"dateModified\":\"2024-02-05T16:26:52+00:00\",\"breadcrumb\":{\"@id\":\"https:\\\/\\\/www.entreculturas.org\\\/ca\\\/noticia\\\/caminos-al-norte-por-una-migracion-con-derechos\\\/#breadcrumb\"},\"inLanguage\":\"ca\",\"potentialAction\":[{\"@type\":\"ReadAction\",\"target\":[\"https:\\\/\\\/www.entreculturas.org\\\/ca\\\/noticia\\\/caminos-al-norte-por-una-migracion-con-derechos\\\/\"]}]},{\"@type\":\"ImageObject\",\"inLanguage\":\"ca\",\"@id\":\"https:\\\/\\\/www.entreculturas.org\\\/ca\\\/noticia\\\/caminos-al-norte-por-una-migracion-con-derechos\\\/#primaryimage\",\"url\":\"https:\\\/\\\/www.entreculturas.org\\\/wp-content\\\/uploads\\\/2018\\\/12\\\/2_0.jpg\",\"contentUrl\":\"https:\\\/\\\/www.entreculturas.org\\\/wp-content\\\/uploads\\\/2018\\\/12\\\/2_0.jpg\",\"width\":1200,\"height\":800,\"caption\":\"Presentaci\u00f3n informe \\\"Caminos al Norte\\\"\"},{\"@type\":\"BreadcrumbList\",\"@id\":\"https:\\\/\\\/www.entreculturas.org\\\/ca\\\/noticia\\\/caminos-al-norte-por-una-migracion-con-derechos\\\/#breadcrumb\",\"itemListElement\":[{\"@type\":\"ListItem\",\"position\":1,\"name\":\"Home\",\"item\":\"https:\\\/\\\/www.entreculturas.org\\\/ca\\\/\"},{\"@type\":\"ListItem\",\"position\":2,\"name\":\"Noticias\",\"item\":\"https:\\\/\\\/www.entreculturas.org\\\/ca\\\/noticias\\\/\"},{\"@type\":\"ListItem\",\"position\":3,\"name\":\"&#8220;Caminos al Norte&#8221;: por una migraci\u00f3n con derechos\"}]},{\"@type\":\"WebSite\",\"@id\":\"https:\\\/\\\/www.entreculturas.org\\\/ca\\\/#website\",\"url\":\"https:\\\/\\\/www.entreculturas.org\\\/ca\\\/\",\"name\":\"Entreculturas\",\"description\":\"\",\"publisher\":{\"@id\":\"https:\\\/\\\/www.entreculturas.org\\\/ca\\\/#organization\"},\"alternateName\":\"Entreculturas\",\"potentialAction\":[{\"@type\":\"SearchAction\",\"target\":{\"@type\":\"EntryPoint\",\"urlTemplate\":\"https:\\\/\\\/www.entreculturas.org\\\/ca\\\/?s={search_term_string}\"},\"query-input\":{\"@type\":\"PropertyValueSpecification\",\"valueRequired\":true,\"valueName\":\"search_term_string\"}}],\"inLanguage\":\"ca\"},{\"@type\":\"Organization\",\"@id\":\"https:\\\/\\\/www.entreculturas.org\\\/ca\\\/#organization\",\"name\":\"Entreculturas\",\"url\":\"https:\\\/\\\/www.entreculturas.org\\\/ca\\\/\",\"logo\":{\"@type\":\"ImageObject\",\"inLanguage\":\"ca\",\"@id\":\"https:\\\/\\\/www.entreculturas.org\\\/ca\\\/#\\\/schema\\\/logo\\\/image\\\/\",\"url\":\"https:\\\/\\\/www.entreculturas.org\\\/wp-content\\\/uploads\\\/2025\\\/10\\\/ESP.svg\",\"contentUrl\":\"https:\\\/\\\/www.entreculturas.org\\\/wp-content\\\/uploads\\\/2025\\\/10\\\/ESP.svg\",\"caption\":\"Entreculturas\"},\"image\":{\"@id\":\"https:\\\/\\\/www.entreculturas.org\\\/ca\\\/#\\\/schema\\\/logo\\\/image\\\/\"},\"sameAs\":[\"https:\\\/\\\/www.facebook.com\\\/entreculturas\",\"https:\\\/\\\/x.com\\\/Entreculturas\",\"https:\\\/\\\/www.instagram.com\\\/entreculturas\\\/\",\"https:\\\/\\\/www.youtube.com\\\/user\\\/entreculturasvideo\",\"https:\\\/\\\/www.linkedin.com\\\/company\\\/fundacion-entreculturas-ngdo\\\/\",\"https:\\\/\\\/www.flickr.com\\\/photos\\\/98455522@N04\\\/albums\\\/\"]}]}<\/script>\n<!-- \/ Yoast SEO Premium plugin. -->","yoast_head_json":{"title":"\"Caminos al Norte\": por una migraci\u00f3n con derechos - Entreculturas","robots":{"index":"index","follow":"follow","max-snippet":"max-snippet:-1","max-image-preview":"max-image-preview:large","max-video-preview":"max-video-preview:-1"},"canonical":"https:\/\/www.entreculturas.org\/ca\/noticia\/caminos-al-norte-por-una-migracion-con-derechos\/","og_locale":"ca_ES","og_type":"article","og_title":"\"Caminos al Norte\": por una migraci\u00f3n con derechos","og_description":"Las organizaciones sociales de la sociedad civil y la ciudadan\u00eda tenemos que contribuir de manera incuestionable a la traducci\u00f3n del pacto global de migraci\u00f3n en unas pol\u00edticas migratorias y en una nuevas narrativas basadas en los derechos humanos que fomenten una cultura de solidaridad y acogida. La comunidad Internacional ha ratificado el primer marco pol\u00edtico global sobre migraciones.","og_url":"https:\/\/www.entreculturas.org\/ca\/noticia\/caminos-al-norte-por-una-migracion-con-derechos\/","og_site_name":"Entreculturas","article_publisher":"https:\/\/www.facebook.com\/entreculturas","article_modified_time":"2024-02-05T16:26:52+00:00","og_image":[{"width":1200,"height":800,"url":"https:\/\/www.entreculturas.org\/wp-content\/uploads\/2018\/12\/2_0.jpg","type":"image\/jpeg"}],"twitter_card":"summary_large_image","twitter_site":"@Entreculturas","schema":{"@context":"https:\/\/schema.org","@graph":[{"@type":"WebPage","@id":"https:\/\/www.entreculturas.org\/ca\/noticia\/caminos-al-norte-por-una-migracion-con-derechos\/","url":"https:\/\/www.entreculturas.org\/ca\/noticia\/caminos-al-norte-por-una-migracion-con-derechos\/","name":"\"Caminos al Norte\": por una migraci\u00f3n con derechos - Entreculturas","isPartOf":{"@id":"https:\/\/www.entreculturas.org\/ca\/#website"},"primaryImageOfPage":{"@id":"https:\/\/www.entreculturas.org\/ca\/noticia\/caminos-al-norte-por-una-migracion-con-derechos\/#primaryimage"},"image":{"@id":"https:\/\/www.entreculturas.org\/ca\/noticia\/caminos-al-norte-por-una-migracion-con-derechos\/#primaryimage"},"thumbnailUrl":"https:\/\/www.entreculturas.org\/wp-content\/uploads\/2018\/12\/2_0.jpg","datePublished":"2018-12-11T12:37:07+00:00","dateModified":"2024-02-05T16:26:52+00:00","breadcrumb":{"@id":"https:\/\/www.entreculturas.org\/ca\/noticia\/caminos-al-norte-por-una-migracion-con-derechos\/#breadcrumb"},"inLanguage":"ca","potentialAction":[{"@type":"ReadAction","target":["https:\/\/www.entreculturas.org\/ca\/noticia\/caminos-al-norte-por-una-migracion-con-derechos\/"]}]},{"@type":"ImageObject","inLanguage":"ca","@id":"https:\/\/www.entreculturas.org\/ca\/noticia\/caminos-al-norte-por-una-migracion-con-derechos\/#primaryimage","url":"https:\/\/www.entreculturas.org\/wp-content\/uploads\/2018\/12\/2_0.jpg","contentUrl":"https:\/\/www.entreculturas.org\/wp-content\/uploads\/2018\/12\/2_0.jpg","width":1200,"height":800,"caption":"Presentaci\u00f3n informe \"Caminos al Norte\""},{"@type":"BreadcrumbList","@id":"https:\/\/www.entreculturas.org\/ca\/noticia\/caminos-al-norte-por-una-migracion-con-derechos\/#breadcrumb","itemListElement":[{"@type":"ListItem","position":1,"name":"Home","item":"https:\/\/www.entreculturas.org\/ca\/"},{"@type":"ListItem","position":2,"name":"Noticias","item":"https:\/\/www.entreculturas.org\/ca\/noticias\/"},{"@type":"ListItem","position":3,"name":"&#8220;Caminos al Norte&#8221;: por una migraci\u00f3n con derechos"}]},{"@type":"WebSite","@id":"https:\/\/www.entreculturas.org\/ca\/#website","url":"https:\/\/www.entreculturas.org\/ca\/","name":"Entreculturas","description":"","publisher":{"@id":"https:\/\/www.entreculturas.org\/ca\/#organization"},"alternateName":"Entreculturas","potentialAction":[{"@type":"SearchAction","target":{"@type":"EntryPoint","urlTemplate":"https:\/\/www.entreculturas.org\/ca\/?s={search_term_string}"},"query-input":{"@type":"PropertyValueSpecification","valueRequired":true,"valueName":"search_term_string"}}],"inLanguage":"ca"},{"@type":"Organization","@id":"https:\/\/www.entreculturas.org\/ca\/#organization","name":"Entreculturas","url":"https:\/\/www.entreculturas.org\/ca\/","logo":{"@type":"ImageObject","inLanguage":"ca","@id":"https:\/\/www.entreculturas.org\/ca\/#\/schema\/logo\/image\/","url":"https:\/\/www.entreculturas.org\/wp-content\/uploads\/2025\/10\/ESP.svg","contentUrl":"https:\/\/www.entreculturas.org\/wp-content\/uploads\/2025\/10\/ESP.svg","caption":"Entreculturas"},"image":{"@id":"https:\/\/www.entreculturas.org\/ca\/#\/schema\/logo\/image\/"},"sameAs":["https:\/\/www.facebook.com\/entreculturas","https:\/\/x.com\/Entreculturas","https:\/\/www.instagram.com\/entreculturas\/","https:\/\/www.youtube.com\/user\/entreculturasvideo","https:\/\/www.linkedin.com\/company\/fundacion-entreculturas-ngdo\/","https:\/\/www.flickr.com\/photos\/98455522@N04\/albums\/"]}]}},"_links":{"self":[{"href":"https:\/\/www.entreculturas.org\/ca\/wp-json\/wp\/v2\/noticia\/2537","targetHints":{"allow":["GET"]}}],"collection":[{"href":"https:\/\/www.entreculturas.org\/ca\/wp-json\/wp\/v2\/noticia"}],"about":[{"href":"https:\/\/www.entreculturas.org\/ca\/wp-json\/wp\/v2\/types\/noticia"}],"wp:featuredmedia":[{"embeddable":true,"href":"https:\/\/www.entreculturas.org\/ca\/wp-json\/wp\/v2\/media\/2538"}],"wp:attachment":[{"href":"https:\/\/www.entreculturas.org\/ca\/wp-json\/wp\/v2\/media?parent=2537"}],"wp:term":[{"taxonomy":"category","embeddable":true,"href":"https:\/\/www.entreculturas.org\/ca\/wp-json\/wp\/v2\/categories?post=2537"},{"taxonomy":"post_tag","embeddable":true,"href":"https:\/\/www.entreculturas.org\/ca\/wp-json\/wp\/v2\/tags?post=2537"},{"taxonomy":"country","embeddable":true,"href":"https:\/\/www.entreculturas.org\/ca\/wp-json\/wp\/v2\/country?post=2537"},{"taxonomy":"cause","embeddable":true,"href":"https:\/\/www.entreculturas.org\/ca\/wp-json\/wp\/v2\/cause?post=2537"}],"curies":[{"name":"wp","href":"https:\/\/api.w.org\/{rel}","templated":true}]}}