{"id":2529,"date":"2018-12-10T09:20:38","date_gmt":"2018-12-10T09:20:38","guid":{"rendered":"https:\/\/entreculturasi.wpenginepowered.com\/?noticias=dia-de-los-derechos-humanos-los-derechos-de-las-personas-de-la-caravana-migrante-siguen"},"modified":"2023-12-18T10:33:59","modified_gmt":"2023-12-18T09:33:59","slug":"dia-de-los-derechos-humanos-los-derechos-de-las-personas-de-la-caravana-migrante-siguen","status":"publish","type":"noticia","link":"https:\/\/www.entreculturas.org\/ca\/noticia\/dia-de-los-derechos-humanos-los-derechos-de-las-personas-de-la-caravana-migrante-siguen\/","title":{"rendered":"D\u00eda de los Derechos Humanos: los derechos de las personas de la Caravana Migrante siguen vulnerados"},"content":{"rendered":"<p><strong>En el D\u00eda de los Derechos Humanos ponemos el foco en la situaci\u00f3n que viven las personas migrantes y solicitantes de asilo centroamericanas en su traves\u00eda hacia Estados Unidos.&nbsp; Hacinamiento, trato inhumano, vulneraci\u00f3n de sus derechos b\u00e1sicos, detenciones arbitrarias, hostigamiento, cierre de fronteras\u2026. son solo algunas de las situaciones que afrontan en su b\u00fasqueda a una vida digna lejos de la pobreza y la violencia.<\/strong><\/p>\n<p>El d\u00eda 12 de octubre de 2018 sali\u00f3 de San Pedro Sula, Honduras, el primer grupo de la llamada Caravana de Migrantes centroamericanos, conformada por m\u00e1s de <strong>7.000 personas desplazadas por el contexto de violencia y pobreza generalizadas en Honduras<\/strong>. A ellas se han unido otras personas centroamericanas, sobre todo salvadore\u00f1as. Las personas migrantes decidieron caminar en grupo para reducir los riesgos y la vulnerabilidad a la que est\u00e1n expuestos en la migraci\u00f3n individual: un \u00e9xodo que debe ser entendido como una expresi\u00f3n de resistencia y desesperaci\u00f3n de un amplio sector de la poblaci\u00f3n que decidi\u00f3 afrontar la pobreza y la violencia con el \u00fanico fin de mantener la vida y seguridad para sus familias.<\/p>\n<p>El pasado jueves 6 de diciembre nuestra organizaci\u00f3n socia, la<strong> <\/strong>Red Jesuita con Migrantes Centroam\u00e9rica Norteam\u00e9rica (RJM CANA), junto a otras organizaciones sociales, present\u00f3 ante la Corte Interamericana de Derechos Humanos (CIDH) en Washington, la situaci\u00f3n de los derechos humanos de las personas que integran la Caravana de Migrantes, <strong>explicando las causas que provocaron la salida de miles de personas y la responsabilidad de los pa\u00edses de origen, la pol\u00edtica de criminalizaci\u00f3n y el cierre de fronteras<\/strong> que se ha implementado por parte de todos los Estados de la regi\u00f3n, as\u00ed como el patr\u00f3n de hostigamiento, dispersi\u00f3n, detenci\u00f3n y privaci\u00f3n de la libertad arbitrarias y deportaciones masivas, utilizado por el gobierno mexicano para fragmentar al grupo del \u00e9xodo.<\/p>\n<p>El grueso del \u00e9xodo de la Caravana de Migrantes Centroamericanos (m\u00e1s de 6.000 personas) se encuentra actualmente en la Ciudad de Tijuana, frontera noroeste de M\u00e9xico con Estados Unidos. Su situaci\u00f3n es grav\u00edsima, y preocupan especialmente la <strong>situaci\u00f3n de emergencia<\/strong> en la que se encuentran estas personas; el patr\u00f3n de disuasi\u00f3n, hostigamiento, detenciones y deportaciones que est\u00e1n sufriendo; la represi\u00f3n y los hechos violentos que se est\u00e1n dando por parte de las autoridades mexicanas y estadounidenses en el muro fronterizo; y las restricciones al derecho de solicitar asilo en EE. UU.&nbsp;<\/p>\n<p><span style=\"font-size:14px\"><strong>\u00bfQu\u00e9 est\u00e1n afrontando?<\/strong><\/span><\/p>\n<p><span style=\"color:#ff0101\"><strong>1. La situaci\u00f3n de emergencia humanitaria en la que se encuentran las miles de personas que integran la caravana. La ayuda humanitaria en los espacios y albergues de Tijuana es limitada e insuficiente.<\/strong><\/span><br \/>&nbsp;<br \/>Desde la llegada del primer grupo de personas a mediados de noviembre, la ciudad de Tijuana ha sido un contexto hostil por parte del gobierno municipal, estatal y federal, y algunos grupos anti-inmigrantes de la poblaci\u00f3n local. El gobierno local habilit\u00f3 la Unidad Deportiva Benito Ju\u00e1rez como albergue. Ante las carencias de dicho espacio para albergar a la Caravana, el 30 de noviembre se habilit\u00f3 otro espacio como albergue, conocido como El Barretal. El lugar se encuentra a 20 km de distancia de la frontera, lejos de los lugares para realizar los tr\u00e1mites migratorios, lejos de las filas de inscripci\u00f3n a la lista de espera para solicitar Asilo en Estados Unidos y buscar trabajo. Muchas personas han optado por quedarse viviendo en las calles alrededor de la Unidad Deportiva Benito Ju\u00e1rez. Las condiciones en las que se encuentran estas familias y j\u00f3venes han empeorado, duermen en la calle y no tienen acceso a ning\u00fan servicio. Adem\u00e1s se enfrentan al hostigamiento constante de grupos anti-migrantes y la amenaza permanente de que la polic\u00eda municipal les desaloje. En el nuevo albergue, El Barretal, hay m\u00e1s de 3.000 personas. Los ba\u00f1os son insuficientes y muchas personas duermen al aire libre. La ayuda y alimentaci\u00f3n es controlada por la Marina, no es suficiente para todas las personas, y no existe claridad sobre las autoridades responsables del espacio.&nbsp;<\/p>\n<p><span style=\"color:#ff0101\"><strong>2. El patr\u00f3n de disuasi\u00f3n, hostigamiento, detenciones arbitrarias masivas y deportaciones irregulares, que atenta contra los derechos humanos y el derecho a solicitar asilo.<\/strong><\/span><\/p>\n<p>Desde que los migrantes llegaron a Tijuana, se han desarrollado detenciones arbitrarias masivas y deportaciones irregulares. Este patr\u00f3n ha consistido en detener a las personas de manera arbitraria tanto dentro de las instalaciones del albergue, como en sus alrededores, privarlas de libertad en instalaciones de polic\u00eda municipal y trasladarlas luego a Estaciones Migratorias (centros de internamiento). La forma en que se han desarrollado estas acciones vulneran el derecho a la libertad personal y a garant\u00edas administrativas y judiciales. En promedio, las organizaciones han observado que los traslados realizados por el Instituto Nacional de Migraci\u00f3n de la Estaci\u00f3n Migratoria en Tijuana a la Estaci\u00f3n Migratoria en Tapachula (esto es, de la frontera norte a la frontera sur de M\u00e9xico), se est\u00e1n llevando a cabo de manera expedita en un periodo de 5 d\u00edas aproximadamente como mucho. Las personas solicitantes de asilo no s\u00f3lo son privadas de libertad sino que tambi\u00e9n se busca su deportaci\u00f3n de la manera m\u00e1s r\u00e1pida posible, vulnerando as\u00ed su derecho a buscar y recibir asilo y el principio de no devoluci\u00f3n que impide que ning\u00fan extranjero puede ser expulsado o devuelto a otro pa\u00eds donde su derecho a la vida est\u00e1 en riesgo.&nbsp;<\/p>\n<p><img decoding=\"async\" alt=\"\" src=\"https:\/\/www.entreculturas.org\/wp-content\/uploads\/2018\/12\/45533092014_64970a4bf2_o.jpg\" style=\"width: 800px;height: 533px\"><\/p>\n<p><strong><span style=\"color:#ff0101\">3. Represi\u00f3n y hechos violentos por parte de autoridades mexicanas y estadounidenses en el muro fronterizo.<\/span><\/strong><\/p>\n<p>Los hechos del pasado 25 de noviembre revisten mucha gravedad. Por la ma\u00f1ana, entre 500 y 700 personas aproximadamente salieron en una marcha pac\u00edfica del albergue Benito Ju\u00e1rez hacia la Garita internacional El Chaparral, ante el bloqueo por polic\u00eda federal y municipal en el puente del Chaparral, cientos de migrantes decidieron rodear el cerco y abrirse camino por las inmediaciones del r\u00edo Tijuana. Las personas se dispersaran sin rumbo, algunas acerc\u00e1ndose al muro por las v\u00edas del tren, otras por el r\u00edo, y unas cuantas m\u00e1s por la Garita El Chaparral. Las autoridades migratorias de Estados Unidos lanzaron en repetidas ocasiones bombas de gas lacrim\u00f3geno y balas de goma sobre las personas, sin importar la presencia de mujeres y ni\u00f1os en el \u00e1rea.&nbsp;<\/p>\n<p><span style=\"color:#ff0101\"><strong>4. Restricciones al derecho a solicitar asilo en EE. UU.&nbsp;<\/strong><\/span><\/p>\n<p>El gobierno de Estados Unidos ha utilizado la caravana como una excusa para justificar el endurecimiento de la ley migratoria a lo largo de la frontera y para justificar la necesidad de restringir el acceso al asilo a migrantes, de maneras que infringen la ley internacional de los derechos humanos y de los refugiados y la propia ley de Estados Unidos. Son m\u00faltiples las acciones que ha tomado el actual gobierno de Estados Unidos en aras de disuadir e impedir la llegada de migrantes, entre ellas, por ejemplo, la limitaci\u00f3n de tramitaci\u00f3n diaria de solicitudes a entre 40 y 100 casos. A este ritmo, las personas que llegaron recientemente a Tijuana tardar\u00e1n m\u00e1s de dos meses en poder formalizar su solicitud. A estas acciones se suman meses de ret\u00f3rica criminalizando a los migrantes, trat\u00e1ndoles como una cuesti\u00f3n de seguridad nacional, sin reconocer su car\u00e1cter de migrantes en situaci\u00f3n de vulnerabilidad y el car\u00e1cter de refugiados de muchos de ellos.&nbsp;<\/p>\n<p>La RJM CANA pide a la CIDH que emita recomendaciones y solicite informaci\u00f3n a los Estados de la regi\u00f3n Centroam\u00e9rica y Norteam\u00e9rica para proteger y garantizar la vida e integridad f\u00edsica de las personas migrantes y solicitantes de asilo. Que recuerde a los estados de M\u00e9xico, Estados Unidos, Guatemala, Honduras y El Salvador sus obligaciones en materia de derechos humanos con sus nacionales y los extranjeros que ingresan o intentan ingresar a su territorio, particularmente cuando se trata de solicitantes de asilo. Y que inste al gobierno mexicano y estadounidense a no implementar ning\u00fan programa, acuerdo o presupuesto que coloque a la poblaci\u00f3n migrante y solicitante de asilo en mayor riesgo y les exponga a una vulneraci\u00f3n de sus derechos al debido proceso y al asilo, como las propuestas de Programa Qu\u00e9date en M\u00e9xico y Tercer Pa\u00eds Seguro que han aparecido en la prensa y a la que las organizaciones de la sociedad civil se han opuesto.&nbsp;<\/p>\n<p>&nbsp;<\/p>\n<p><a href=\"https:\/\/www.flickr.com\/photos\/entreculturas\/albums\/72157704474772334\/with\/45533092574\/\" target=\"_blank\" rel=\"noopener\">VISITA LA FOTOGALER\u00cdA.<\/a><\/p>\n","protected":false},"excerpt":{"rendered":"<p>En el D\u00eda de los Derechos Humanos ponemos el foco en la situaci\u00f3n que viven las personas migrantes y solicitantes de asilo centroamericanas en su traves\u00eda hacia Estados Unidos.  Hacinamiento, trato inhumano, vulneraci\u00f3n de sus derechos b\u00e1sicos, detenciones arbitrarias, hostigamiento, cierre de fronteras\u2026. son solo algunas de las situaciones que afrontan en su b\u00fasqueda a una vida digna lejos de la pobreza y la violencia.<\/p>\n","protected":false},"featured_media":2530,"template":"single-noticia","meta":{"_acf_changed":false},"categories":[7],"tags":[10],"country":[146],"cause":[129],"class_list":["post-2529","noticia","type-noticia","status-publish","has-post-thumbnail","hentry","category-noticia","tag-migracion-y-refugio","country-honduras","cause-migracion-y-refugio"],"acf":[],"yoast_head":"<!-- This site is optimized with the Yoast SEO Premium plugin v21.6 (Yoast SEO v27.5) - https:\/\/yoast.com\/product\/yoast-seo-premium-wordpress\/ -->\n<title>D\u00eda de los Derechos Humanos: los derechos de las personas de la Caravana Migrante siguen vulnerados - Entreculturas<\/title>\n<meta name=\"robots\" content=\"index, follow, max-snippet:-1, max-image-preview:large, max-video-preview:-1\" \/>\n<link rel=\"canonical\" href=\"https:\/\/www.entreculturas.org\/ca\/noticia\/dia-de-los-derechos-humanos-los-derechos-de-las-personas-de-la-caravana-migrante-siguen\/\" \/>\n<meta property=\"og:locale\" content=\"ca_ES\" \/>\n<meta property=\"og:type\" content=\"article\" \/>\n<meta property=\"og:title\" content=\"D\u00eda de los Derechos Humanos: los derechos de las personas de la Caravana Migrante siguen vulnerados\" \/>\n<meta property=\"og:description\" content=\"En el D\u00eda de los Derechos Humanos ponemos el foco en la situaci\u00f3n que viven las personas migrantes y solicitantes de asilo centroamericanas en su traves\u00eda hacia Estados Unidos. Hacinamiento, trato inhumano, vulneraci\u00f3n de sus derechos b\u00e1sicos, detenciones arbitrarias, hostigamiento, cierre de fronteras\u2026. son solo algunas de las situaciones que afrontan en su b\u00fasqueda a una vida digna lejos de la pobreza y la violencia.\" \/>\n<meta property=\"og:url\" content=\"https:\/\/www.entreculturas.org\/ca\/noticia\/dia-de-los-derechos-humanos-los-derechos-de-las-personas-de-la-caravana-migrante-siguen\/\" \/>\n<meta property=\"og:site_name\" content=\"Entreculturas\" \/>\n<meta property=\"article:publisher\" content=\"https:\/\/www.facebook.com\/entreculturas\" \/>\n<meta property=\"article:modified_time\" content=\"2023-12-18T09:33:59+00:00\" \/>\n<meta property=\"og:image\" content=\"https:\/\/www.entreculturas.org\/wp-content\/uploads\/2018\/12\/45533092574_202bcff7e3_z.jpg\" \/>\n\t<meta property=\"og:image:width\" content=\"640\" \/>\n\t<meta property=\"og:image:height\" content=\"441\" \/>\n\t<meta property=\"og:image:type\" content=\"image\/jpeg\" \/>\n<meta name=\"twitter:card\" content=\"summary_large_image\" \/>\n<meta name=\"twitter:site\" content=\"@Entreculturas\" \/>\n<script type=\"application\/ld+json\" class=\"yoast-schema-graph\">{\"@context\":\"https:\\\/\\\/schema.org\",\"@graph\":[{\"@type\":\"WebPage\",\"@id\":\"https:\\\/\\\/www.entreculturas.org\\\/ca\\\/noticia\\\/dia-de-los-derechos-humanos-los-derechos-de-las-personas-de-la-caravana-migrante-siguen\\\/\",\"url\":\"https:\\\/\\\/www.entreculturas.org\\\/ca\\\/noticia\\\/dia-de-los-derechos-humanos-los-derechos-de-las-personas-de-la-caravana-migrante-siguen\\\/\",\"name\":\"D\u00eda de los Derechos Humanos: los derechos de las personas de la Caravana Migrante siguen vulnerados - Entreculturas\",\"isPartOf\":{\"@id\":\"https:\\\/\\\/www.entreculturas.org\\\/ca\\\/#website\"},\"primaryImageOfPage\":{\"@id\":\"https:\\\/\\\/www.entreculturas.org\\\/ca\\\/noticia\\\/dia-de-los-derechos-humanos-los-derechos-de-las-personas-de-la-caravana-migrante-siguen\\\/#primaryimage\"},\"image\":{\"@id\":\"https:\\\/\\\/www.entreculturas.org\\\/ca\\\/noticia\\\/dia-de-los-derechos-humanos-los-derechos-de-las-personas-de-la-caravana-migrante-siguen\\\/#primaryimage\"},\"thumbnailUrl\":\"https:\\\/\\\/www.entreculturas.org\\\/wp-content\\\/uploads\\\/2018\\\/12\\\/45533092574_202bcff7e3_z.jpg\",\"datePublished\":\"2018-12-10T09:20:38+00:00\",\"dateModified\":\"2023-12-18T09:33:59+00:00\",\"breadcrumb\":{\"@id\":\"https:\\\/\\\/www.entreculturas.org\\\/ca\\\/noticia\\\/dia-de-los-derechos-humanos-los-derechos-de-las-personas-de-la-caravana-migrante-siguen\\\/#breadcrumb\"},\"inLanguage\":\"ca\",\"potentialAction\":[{\"@type\":\"ReadAction\",\"target\":[\"https:\\\/\\\/www.entreculturas.org\\\/ca\\\/noticia\\\/dia-de-los-derechos-humanos-los-derechos-de-las-personas-de-la-caravana-migrante-siguen\\\/\"]}]},{\"@type\":\"ImageObject\",\"inLanguage\":\"ca\",\"@id\":\"https:\\\/\\\/www.entreculturas.org\\\/ca\\\/noticia\\\/dia-de-los-derechos-humanos-los-derechos-de-las-personas-de-la-caravana-migrante-siguen\\\/#primaryimage\",\"url\":\"https:\\\/\\\/www.entreculturas.org\\\/wp-content\\\/uploads\\\/2018\\\/12\\\/45533092574_202bcff7e3_z.jpg\",\"contentUrl\":\"https:\\\/\\\/www.entreculturas.org\\\/wp-content\\\/uploads\\\/2018\\\/12\\\/45533092574_202bcff7e3_z.jpg\",\"width\":640,\"height\":441,\"caption\":\"45533092574_202bcff7e3_z\"},{\"@type\":\"BreadcrumbList\",\"@id\":\"https:\\\/\\\/www.entreculturas.org\\\/ca\\\/noticia\\\/dia-de-los-derechos-humanos-los-derechos-de-las-personas-de-la-caravana-migrante-siguen\\\/#breadcrumb\",\"itemListElement\":[{\"@type\":\"ListItem\",\"position\":1,\"name\":\"Home\",\"item\":\"https:\\\/\\\/www.entreculturas.org\\\/ca\\\/\"},{\"@type\":\"ListItem\",\"position\":2,\"name\":\"Noticias\",\"item\":\"https:\\\/\\\/www.entreculturas.org\\\/ca\\\/noticias\\\/\"},{\"@type\":\"ListItem\",\"position\":3,\"name\":\"D\u00eda de los Derechos Humanos: los derechos de las personas de la Caravana Migrante siguen vulnerados\"}]},{\"@type\":\"WebSite\",\"@id\":\"https:\\\/\\\/www.entreculturas.org\\\/ca\\\/#website\",\"url\":\"https:\\\/\\\/www.entreculturas.org\\\/ca\\\/\",\"name\":\"Entreculturas\",\"description\":\"\",\"publisher\":{\"@id\":\"https:\\\/\\\/www.entreculturas.org\\\/ca\\\/#organization\"},\"alternateName\":\"Entreculturas\",\"potentialAction\":[{\"@type\":\"SearchAction\",\"target\":{\"@type\":\"EntryPoint\",\"urlTemplate\":\"https:\\\/\\\/www.entreculturas.org\\\/ca\\\/?s={search_term_string}\"},\"query-input\":{\"@type\":\"PropertyValueSpecification\",\"valueRequired\":true,\"valueName\":\"search_term_string\"}}],\"inLanguage\":\"ca\"},{\"@type\":\"Organization\",\"@id\":\"https:\\\/\\\/www.entreculturas.org\\\/ca\\\/#organization\",\"name\":\"Entreculturas\",\"url\":\"https:\\\/\\\/www.entreculturas.org\\\/ca\\\/\",\"logo\":{\"@type\":\"ImageObject\",\"inLanguage\":\"ca\",\"@id\":\"https:\\\/\\\/www.entreculturas.org\\\/ca\\\/#\\\/schema\\\/logo\\\/image\\\/\",\"url\":\"https:\\\/\\\/www.entreculturas.org\\\/wp-content\\\/uploads\\\/2025\\\/10\\\/ESP.svg\",\"contentUrl\":\"https:\\\/\\\/www.entreculturas.org\\\/wp-content\\\/uploads\\\/2025\\\/10\\\/ESP.svg\",\"caption\":\"Entreculturas\"},\"image\":{\"@id\":\"https:\\\/\\\/www.entreculturas.org\\\/ca\\\/#\\\/schema\\\/logo\\\/image\\\/\"},\"sameAs\":[\"https:\\\/\\\/www.facebook.com\\\/entreculturas\",\"https:\\\/\\\/x.com\\\/Entreculturas\",\"https:\\\/\\\/www.instagram.com\\\/entreculturas\\\/\",\"https:\\\/\\\/www.youtube.com\\\/user\\\/entreculturasvideo\",\"https:\\\/\\\/www.linkedin.com\\\/company\\\/fundacion-entreculturas-ngdo\\\/\",\"https:\\\/\\\/www.flickr.com\\\/photos\\\/98455522@N04\\\/albums\\\/\"]}]}<\/script>\n<!-- \/ Yoast SEO Premium plugin. -->","yoast_head_json":{"title":"D\u00eda de los Derechos Humanos: los derechos de las personas de la Caravana Migrante siguen vulnerados - Entreculturas","robots":{"index":"index","follow":"follow","max-snippet":"max-snippet:-1","max-image-preview":"max-image-preview:large","max-video-preview":"max-video-preview:-1"},"canonical":"https:\/\/www.entreculturas.org\/ca\/noticia\/dia-de-los-derechos-humanos-los-derechos-de-las-personas-de-la-caravana-migrante-siguen\/","og_locale":"ca_ES","og_type":"article","og_title":"D\u00eda de los Derechos Humanos: los derechos de las personas de la Caravana Migrante siguen vulnerados","og_description":"En el D\u00eda de los Derechos Humanos ponemos el foco en la situaci\u00f3n que viven las personas migrantes y solicitantes de asilo centroamericanas en su traves\u00eda hacia Estados Unidos. Hacinamiento, trato inhumano, vulneraci\u00f3n de sus derechos b\u00e1sicos, detenciones arbitrarias, hostigamiento, cierre de fronteras\u2026. son solo algunas de las situaciones que afrontan en su b\u00fasqueda a una vida digna lejos de la pobreza y la violencia.","og_url":"https:\/\/www.entreculturas.org\/ca\/noticia\/dia-de-los-derechos-humanos-los-derechos-de-las-personas-de-la-caravana-migrante-siguen\/","og_site_name":"Entreculturas","article_publisher":"https:\/\/www.facebook.com\/entreculturas","article_modified_time":"2023-12-18T09:33:59+00:00","og_image":[{"width":640,"height":441,"url":"https:\/\/www.entreculturas.org\/wp-content\/uploads\/2018\/12\/45533092574_202bcff7e3_z.jpg","type":"image\/jpeg"}],"twitter_card":"summary_large_image","twitter_site":"@Entreculturas","schema":{"@context":"https:\/\/schema.org","@graph":[{"@type":"WebPage","@id":"https:\/\/www.entreculturas.org\/ca\/noticia\/dia-de-los-derechos-humanos-los-derechos-de-las-personas-de-la-caravana-migrante-siguen\/","url":"https:\/\/www.entreculturas.org\/ca\/noticia\/dia-de-los-derechos-humanos-los-derechos-de-las-personas-de-la-caravana-migrante-siguen\/","name":"D\u00eda de los Derechos Humanos: los derechos de las personas de la Caravana Migrante siguen vulnerados - Entreculturas","isPartOf":{"@id":"https:\/\/www.entreculturas.org\/ca\/#website"},"primaryImageOfPage":{"@id":"https:\/\/www.entreculturas.org\/ca\/noticia\/dia-de-los-derechos-humanos-los-derechos-de-las-personas-de-la-caravana-migrante-siguen\/#primaryimage"},"image":{"@id":"https:\/\/www.entreculturas.org\/ca\/noticia\/dia-de-los-derechos-humanos-los-derechos-de-las-personas-de-la-caravana-migrante-siguen\/#primaryimage"},"thumbnailUrl":"https:\/\/www.entreculturas.org\/wp-content\/uploads\/2018\/12\/45533092574_202bcff7e3_z.jpg","datePublished":"2018-12-10T09:20:38+00:00","dateModified":"2023-12-18T09:33:59+00:00","breadcrumb":{"@id":"https:\/\/www.entreculturas.org\/ca\/noticia\/dia-de-los-derechos-humanos-los-derechos-de-las-personas-de-la-caravana-migrante-siguen\/#breadcrumb"},"inLanguage":"ca","potentialAction":[{"@type":"ReadAction","target":["https:\/\/www.entreculturas.org\/ca\/noticia\/dia-de-los-derechos-humanos-los-derechos-de-las-personas-de-la-caravana-migrante-siguen\/"]}]},{"@type":"ImageObject","inLanguage":"ca","@id":"https:\/\/www.entreculturas.org\/ca\/noticia\/dia-de-los-derechos-humanos-los-derechos-de-las-personas-de-la-caravana-migrante-siguen\/#primaryimage","url":"https:\/\/www.entreculturas.org\/wp-content\/uploads\/2018\/12\/45533092574_202bcff7e3_z.jpg","contentUrl":"https:\/\/www.entreculturas.org\/wp-content\/uploads\/2018\/12\/45533092574_202bcff7e3_z.jpg","width":640,"height":441,"caption":"45533092574_202bcff7e3_z"},{"@type":"BreadcrumbList","@id":"https:\/\/www.entreculturas.org\/ca\/noticia\/dia-de-los-derechos-humanos-los-derechos-de-las-personas-de-la-caravana-migrante-siguen\/#breadcrumb","itemListElement":[{"@type":"ListItem","position":1,"name":"Home","item":"https:\/\/www.entreculturas.org\/ca\/"},{"@type":"ListItem","position":2,"name":"Noticias","item":"https:\/\/www.entreculturas.org\/ca\/noticias\/"},{"@type":"ListItem","position":3,"name":"D\u00eda de los Derechos Humanos: los derechos de las personas de la Caravana Migrante siguen vulnerados"}]},{"@type":"WebSite","@id":"https:\/\/www.entreculturas.org\/ca\/#website","url":"https:\/\/www.entreculturas.org\/ca\/","name":"Entreculturas","description":"","publisher":{"@id":"https:\/\/www.entreculturas.org\/ca\/#organization"},"alternateName":"Entreculturas","potentialAction":[{"@type":"SearchAction","target":{"@type":"EntryPoint","urlTemplate":"https:\/\/www.entreculturas.org\/ca\/?s={search_term_string}"},"query-input":{"@type":"PropertyValueSpecification","valueRequired":true,"valueName":"search_term_string"}}],"inLanguage":"ca"},{"@type":"Organization","@id":"https:\/\/www.entreculturas.org\/ca\/#organization","name":"Entreculturas","url":"https:\/\/www.entreculturas.org\/ca\/","logo":{"@type":"ImageObject","inLanguage":"ca","@id":"https:\/\/www.entreculturas.org\/ca\/#\/schema\/logo\/image\/","url":"https:\/\/www.entreculturas.org\/wp-content\/uploads\/2025\/10\/ESP.svg","contentUrl":"https:\/\/www.entreculturas.org\/wp-content\/uploads\/2025\/10\/ESP.svg","caption":"Entreculturas"},"image":{"@id":"https:\/\/www.entreculturas.org\/ca\/#\/schema\/logo\/image\/"},"sameAs":["https:\/\/www.facebook.com\/entreculturas","https:\/\/x.com\/Entreculturas","https:\/\/www.instagram.com\/entreculturas\/","https:\/\/www.youtube.com\/user\/entreculturasvideo","https:\/\/www.linkedin.com\/company\/fundacion-entreculturas-ngdo\/","https:\/\/www.flickr.com\/photos\/98455522@N04\/albums\/"]}]}},"_links":{"self":[{"href":"https:\/\/www.entreculturas.org\/ca\/wp-json\/wp\/v2\/noticia\/2529","targetHints":{"allow":["GET"]}}],"collection":[{"href":"https:\/\/www.entreculturas.org\/ca\/wp-json\/wp\/v2\/noticia"}],"about":[{"href":"https:\/\/www.entreculturas.org\/ca\/wp-json\/wp\/v2\/types\/noticia"}],"wp:featuredmedia":[{"embeddable":true,"href":"https:\/\/www.entreculturas.org\/ca\/wp-json\/wp\/v2\/media\/2530"}],"wp:attachment":[{"href":"https:\/\/www.entreculturas.org\/ca\/wp-json\/wp\/v2\/media?parent=2529"}],"wp:term":[{"taxonomy":"category","embeddable":true,"href":"https:\/\/www.entreculturas.org\/ca\/wp-json\/wp\/v2\/categories?post=2529"},{"taxonomy":"post_tag","embeddable":true,"href":"https:\/\/www.entreculturas.org\/ca\/wp-json\/wp\/v2\/tags?post=2529"},{"taxonomy":"country","embeddable":true,"href":"https:\/\/www.entreculturas.org\/ca\/wp-json\/wp\/v2\/country?post=2529"},{"taxonomy":"cause","embeddable":true,"href":"https:\/\/www.entreculturas.org\/ca\/wp-json\/wp\/v2\/cause?post=2529"}],"curies":[{"name":"wp","href":"https:\/\/api.w.org\/{rel}","templated":true}]}}