{"id":24590,"date":"2024-05-22T14:19:57","date_gmt":"2024-05-22T12:19:57","guid":{"rendered":"https:\/\/www.entreculturas.org\/?post_type=noticia&#038;p=24590"},"modified":"2025-03-14T09:55:40","modified_gmt":"2025-03-14T08:55:40","slug":"la-importancia-de-la-educacion-para-el-desarrollo","status":"publish","type":"noticia","link":"https:\/\/www.entreculturas.org\/ca\/noticia\/la-importancia-de-la-educacion-para-el-desarrollo\/","title":{"rendered":"La Importancia de la Educaci\u00f3n para el Desarrollo"},"content":{"rendered":"\n<p class=\"has-text-align-left\">La <a href=\"https:\/\/www.entreculturas.org\/publicacion\/politicas-de-educacion-para-el-desarrollo\/\"><strong>Educaci\u00f3n para el Desarrollo<\/strong> <\/a>se fundamenta en un enfoque din\u00e1mico e interactivo, que busca la formaci\u00f3n integral de las personas y su concienciaci\u00f3n sobre las causas locales y globales de los <strong>problemas de desarrollo y desigualdades Norte-Sur<\/strong> en el mundo. A trav\u00e9s de programas educativos, se fomenta la comprensi\u00f3n de temas como la pobreza, la injusticia social, la degradaci\u00f3n ambiental y los conflictos armados, preparando a las personas para participar de manera activa en la construcci\u00f3n de un mundo m\u00e1s justo y sostenible.<\/p>\n\n\n\n<div style=\"height:23px\" aria-hidden=\"true\" class=\"wp-block-spacer\"><\/div>\n\n\n\n<h2 class=\"wp-block-heading has-text-align-left has-din-font-family has-large-font-size\" id=\"h-evolucion-y-diversificacion-de-la-educacion-para-el-desarrollo\">Evoluci\u00f3n y Diversificaci\u00f3n de la Educaci\u00f3n para el Desarrollo<\/h2>\n\n\n\n<p style=\"margin-bottom:var(--wp--preset--spacing--40)\"><br>A lo largo del tiempo, la <strong>Educaci\u00f3n para el Desarrollo<\/strong> ha experimentado una evoluci\u00f3n significativa, pasando de ser meras actividades informativas a convertirse en una <strong><a href=\"https:\/\/escuelaparaelcambio.org\/cursos\/\">corriente educativa cr\u00edtica y sofisticada.<\/a><\/strong><\/p>\n\n\n\n<figure class=\"wp-block-image aligncenter size-full is-resized\"><img decoding=\"async\" width=\"1234\" height=\"694\" src=\"https:\/\/www.entreculturas.org\/wp-content\/uploads\/2024\/12\/00DJI_0118-edited.jpg\" alt=\"\" class=\"wp-image-36701\" style=\"width:871px;height:auto\" srcset=\"https:\/\/www.entreculturas.org\/wp-content\/uploads\/2024\/12\/00DJI_0118-edited.jpg 1234w, https:\/\/www.entreculturas.org\/wp-content\/uploads\/2024\/12\/00DJI_0118-edited-300x169.jpg 300w, https:\/\/www.entreculturas.org\/wp-content\/uploads\/2024\/12\/00DJI_0118-edited-1024x576.jpg 1024w, https:\/\/www.entreculturas.org\/wp-content\/uploads\/2024\/12\/00DJI_0118-edited-768x432.jpg 768w\" sizes=\"(max-width: 1234px) 100vw, 1234px\" \/><figcaption class=\"wp-element-caption\">\u00a9 Txuo Rodr\u00edguez Villarroel<\/figcaption><\/figure>\n\n\n\n<p><\/p>\n\n\n\n<div class=\"wp-block-columns is-layout-flex wp-container-core-columns-is-layout-658170e2 wp-block-columns-is-layout-flex\">\n<div class=\"wp-block-column is-layout-flow wp-block-column-is-layout-flow\">\n<div class=\"wp-block-cover has-medium-font-size wp-duotone-unset-1\" style=\"border-radius:25px;padding-top:3.2rem;padding-right:var(--wp--preset--spacing--30);padding-bottom:3.2rem;padding-left:var(--wp--preset--spacing--30);min-height:92px;aspect-ratio:unset;\"><span aria-hidden=\"true\" class=\"wp-block-cover__background has-red-background-color has-background-dim-100 has-background-dim\"><\/span><div class=\"wp-block-cover__inner-container has-global-padding is-layout-constrained wp-container-core-cover-is-layout-6a38093c wp-block-cover-is-layout-constrained\">\n<p class=\"has-text-align-center has-small-font-size\"><strong><strong><strong><strong>Desde sus inicios en los a\u00f1os 50 y 60, ligada a la cooperaci\u00f3n para el desarrollo y a las ONG, hasta su consolidaci\u00f3n en los a\u00f1os 80.<\/strong><\/strong><\/strong><\/strong><\/p>\n<\/div><\/div>\n<\/div>\n\n\n\n<div class=\"wp-block-column is-layout-flow wp-block-column-is-layout-flow\">\n<div class=\"wp-block-cover has-medium-font-size\" style=\"border-radius:25px;padding-top:0;padding-right:var(--wp--preset--spacing--30);padding-bottom:0;padding-left:var(--wp--preset--spacing--30);min-height:92px;aspect-ratio:unset;\"><span aria-hidden=\"true\" class=\"wp-block-cover__background has-red-background-color has-background-dim-100 has-background-dim\"><\/span><div class=\"wp-block-cover__inner-container has-global-padding is-layout-constrained wp-container-core-cover-is-layout-23b67d6b wp-block-cover-is-layout-constrained\">\n<p class=\"has-text-align-center has-small-font-size\" style=\"padding-top:var(--wp--preset--spacing--50);padding-bottom:var(--wp--preset--spacing--50)\"><strong><strong><strong><strong>Desde su ampliaci\u00f3n en los 90, la Educaci\u00f3n para el Desarrollo ha diversificado sus enfoques y metodolog\u00edas para abordar una amplia gama de temas, desde la pobreza hasta la salud, los derechos humanos y el medio ambiente.<\/strong><\/strong><\/strong><\/strong><\/p>\n<\/div><\/div>\n<\/div>\n<\/div>\n\n\n\n<h2 class=\"wp-block-heading has-din-font-family has-large-font-size\" id=\"h-importancia-de-la-educacion-para-el-desarrollo-en-la-sociedad-actual\" style=\"margin-top:var(--wp--preset--spacing--50);margin-bottom:var(--wp--preset--spacing--30)\">Importancia de la Educaci\u00f3n para el Desarrollo en la Sociedad Actual<\/h2>\n\n\n\n<p>La sociedad actual enfrenta desaf\u00edos complejos, que van desde la pobreza y la desigualdad hasta el cambio clim\u00e1tico y los conflictos armados.<\/p>\n\n\n\n<div class=\"wp-block-columns is-layout-flex wp-container-core-columns-is-layout-e2c135e5 wp-block-columns-is-layout-flex\" style=\"margin-top:var(--wp--preset--spacing--40);margin-bottom:var(--wp--preset--spacing--40)\">\n<div class=\"wp-block-column is-layout-flow wp-block-column-is-layout-flow\">\n<figure class=\"wp-block-image aligncenter size-full\"><img decoding=\"async\" width=\"800\" height=\"450\" src=\"https:\/\/www.entreculturas.org\/wp-content\/uploads\/2024\/12\/RSJ1-edited.jpg\" alt=\"foto Educaci\u00f3n para el Desarrollo\" class=\"wp-image-36706\" srcset=\"https:\/\/www.entreculturas.org\/wp-content\/uploads\/2024\/12\/RSJ1-edited.jpg 800w, https:\/\/www.entreculturas.org\/wp-content\/uploads\/2024\/12\/RSJ1-edited-300x169.jpg 300w, https:\/\/www.entreculturas.org\/wp-content\/uploads\/2024\/12\/RSJ1-edited-768x432.jpg 768w\" sizes=\"(max-width: 800px) 100vw, 800px\" \/><figcaption class=\"wp-element-caption\">\u00a9 Txuo Rodr\u00edguez Villarroel<\/figcaption><\/figure>\n<\/div>\n<\/div>\n\n\n\n<p style=\"margin-bottom:var(--wp--preset--spacing--40)\">En este contexto, la Educaci\u00f3n para el Desarrollo juega un papel crucial al capacitar a las personas para comprender y abordar estos problemas de manera efectiva.<\/p>\n\n\n\n<p style=\"margin-bottom:var(--wp--preset--spacing--40)\">Uno de los principales beneficios de la Educaci\u00f3n para el Desarrollo es su capacidad para promover la conciencia social y ambiental. Ayuda a que las personas sean conscientes de los desaf\u00edos globales y sus causas subyacentes y a que tengan un mayor sentido de responsabilidad y acci\u00f3n en la comunidad.<\/p>\n\n\n\n<p style=\"margin-bottom:var(--wp--preset--spacing--40)\">Adem\u00e1s de aumentar la conciencia, la Educaci\u00f3n para el Desarrollo tambi\u00e9n fomenta la participaci\u00f3n ciudadana activa. Al empoderar a las personas con el conocimiento y las habilidades necesarias para abogar por el cambio, la Educaci\u00f3n para el Desarrollo ayuda a construir comunidades m\u00e1s justas y democr\u00e1ticas.<\/p>\n\n\n\n<div class=\"wp-block-cover aligncenter has-small-font-size\" style=\"border-radius:25px;margin-top:var(--wp--preset--spacing--50);margin-bottom:var(--wp--preset--spacing--50);padding-top:var(--wp--preset--spacing--30);padding-right:var(--wp--preset--spacing--80);padding-bottom:var(--wp--preset--spacing--30);padding-left:var(--wp--preset--spacing--80);min-height:92px;aspect-ratio:unset;\"><span aria-hidden=\"true\" class=\"wp-block-cover__background has-red-background-color has-background-dim-100 has-background-dim\"><\/span><div class=\"wp-block-cover__inner-container has-global-padding is-layout-constrained wp-container-core-cover-is-layout-ac4465cb wp-block-cover-is-layout-constrained\">\n<p class=\"has-text-align-center has-small-font-size\"><strong><strong><strong><strong><strong><strong>En el Objetivo de Desarrollo (ODS) 4, la Agenda 2030 se\u00f1ala expl\u00edcitamente a la educaci\u00f3n como elemento fundamental de desarrollo, y enfatiza su enfoque transformador.<\/strong><\/strong><\/strong><\/strong><\/strong><\/strong><\/p>\n<\/div><\/div>\n\n\n\n<p style=\"margin-bottom:var(--wp--preset--spacing--40)\">En su meta 4.7, hace un llamamiento a que, en el curr\u00edculo y las pr\u00e1cticas de ense\u00f1anza y de evaluaci\u00f3n, se integre la educaci\u00f3n para la ciudadan\u00eda global, el desarrollo sostenible y la igualdad de g\u00e9nero.<\/p>\n\n\n\n<p style=\"margin-bottom:var(--wp--preset--spacing--40)\">Adem\u00e1s, establece como indicador de mejora su inclusi\u00f3n en las pol\u00edticas nacionales de educaci\u00f3n, en los contenidos de los planes de estudio, en la formaci\u00f3n de docentes y en la evaluaci\u00f3n del alumnado.<\/p>\n\n\n\n<div class=\"wp-block-cover is-light\" style=\"margin-top:var(--wp--preset--spacing--40);margin-bottom:var(--wp--preset--spacing--50);padding-top:var(--wp--preset--spacing--60);padding-bottom:var(--wp--preset--spacing--60);min-height:118px;aspect-ratio:unset;\"><span aria-hidden=\"true\" class=\"wp-block-cover__background has-lightgray-background-color has-background-dim-100 has-background-dim\"><\/span><div class=\"wp-block-cover__inner-container has-global-padding is-layout-constrained wp-block-cover-is-layout-constrained\">\n<p class=\"has-text-align-center has-small-font-size\"><em><strong>Meta 4.7. De aqu\u00ed a 2030, asegurar que todo el alumnado adquiera los conocimientos te\u00f3ricos y pr\u00e1cticos necesarios para promover el desarrollo sostenible, entre otras cosas mediante la Educaci\u00f3n para el Desarrollo sostenible y los estilos de vida sostenibles, los derechos humanos, la igualdad de g\u00e9nero, la promoci\u00f3n de una cultura de paz y no violencia, la ciudadan\u00eda mundial y la valoraci\u00f3n de la diversidad cultural y la contribuci\u00f3n de la cultura al desarrollo sostenible. Estos compromisos obligan a todos los pa\u00edses a trabajar desde el \u00e1mbito nacional para convertirlos en gu\u00edas de la pol\u00edtica p\u00fablica social, econ\u00f3mica y educativa.<\/strong><\/em><\/p>\n<\/div><\/div>\n\n\n\n<h2 class=\"wp-block-heading has-large-font-size\" id=\"h-desafios-actuales\">Desaf\u00edos Actuales<\/h2>\n\n\n\n<p class=\"has-small-font-size\" style=\"margin-top:var(--wp--preset--spacing--30);margin-right:0;margin-bottom:var(--wp--preset--spacing--30);margin-left:0;padding-right:0;padding-left:0\">En el contexto actual, la <strong>Educaci\u00f3n para el Desarrollo<\/strong> enfrenta diversos desaf\u00edos y oportunidades. Por un lado, su importancia se ve reflejada en el \u00e1mbito de la educaci\u00f3n formal, donde se ha integrado como un eje transversal en los curr\u00edculos escolares.<\/p>\n\n\n\n<p class=\"has-small-font-size\" style=\"margin-top:var(--wp--preset--spacing--30);margin-right:0;margin-bottom:var(--wp--preset--spacing--30);margin-left:0;padding-right:0;padding-bottom:var(--wp--preset--spacing--30);padding-left:0\">Sin embargo, la Educaci\u00f3n para el Desarrollo todav\u00eda enfrenta desaf\u00edos en su capacidad para adaptarse a los nuevos procesos globales, como la globalizaci\u00f3n, y para integrar dimensiones de otras formas educativas afines, tales como la educaci\u00f3n para la paz y los derechos humanos. Es precisamente por estas razones que ha surgido la<strong> Educaci\u00f3n para la Ciudadan\u00eda Global,<\/strong> la cual abarca todas estas dimensiones.<\/p>\n\n\n\n<p class=\"has-small-font-size\" style=\"margin-top:var(--wp--preset--spacing--30);margin-right:0;margin-bottom:var(--wp--preset--spacing--30);margin-left:0;padding-right:0;padding-bottom:var(--wp--preset--spacing--40);padding-left:0\">La <strong>Educaci\u00f3n para la Ciudadan\u00eda Global incorpora objetivos, contenidos y metodolog\u00edas <\/strong>de la Educaci\u00f3n para el Desarrollo, la Educaci\u00f3n para la Paz, la Educaci\u00f3n Intercultural, la Educaci\u00f3n Ambiental y la Educaci\u00f3n para la Igualdad, entre otras \u201ceducaciones para\u201d, que encontraron su auge en Espa\u00f1a en la d\u00e9cada de los 90. Tanto en nuestro contexto como a nivel internacional, nace en el \u00e1mbito de la <strong>solidaridad internacional, las organizaciones de desarrollo y los movimientos alterglobalizaci\u00f3n<\/strong>, lo cual le confiere un marcado car\u00e1cter internacionalista.<\/p>\n\n\n\n<figure class=\"wp-block-image aligncenter size-full is-resized\"><img decoding=\"async\" width=\"1920\" height=\"1080\" src=\"https:\/\/www.entreculturas.org\/wp-content\/uploads\/2024\/12\/Entreculturas-2-edited.jpg\" alt=\"educadores del desarrollo\" class=\"wp-image-36691\" style=\"width:974px;height:auto\" srcset=\"https:\/\/www.entreculturas.org\/wp-content\/uploads\/2024\/12\/Entreculturas-2-edited.jpg 1920w, https:\/\/www.entreculturas.org\/wp-content\/uploads\/2024\/12\/Entreculturas-2-edited-300x169.jpg 300w, https:\/\/www.entreculturas.org\/wp-content\/uploads\/2024\/12\/Entreculturas-2-edited-1024x576.jpg 1024w, https:\/\/www.entreculturas.org\/wp-content\/uploads\/2024\/12\/Entreculturas-2-edited-768x432.jpg 768w, https:\/\/www.entreculturas.org\/wp-content\/uploads\/2024\/12\/Entreculturas-2-edited-1536x864.jpg 1536w\" sizes=\"(max-width: 1920px) 100vw, 1920px\" \/><\/figure>\n\n\n\n<h2 class=\"wp-block-heading has-din-font-family has-large-font-size\" id=\"h-la-apuesta-de-entreculturas-por-la-educacion-para-el-desarrollo-y-ciudadania-global\" style=\"margin-top:var(--wp--preset--spacing--70);margin-bottom:var(--wp--preset--spacing--30)\">La apuesta de Entreculturas por la Educaci\u00f3n para el Desarrollo y Ciudadan\u00eda Global<\/h2>\n\n\n\n<p style=\"margin-top:0;margin-bottom:var(--wp--preset--spacing--40)\"><a href=\"https:\/\/www.entreculturas.org\/\">Entreculturas <\/a>trabaja desde hace m\u00e1s de veinte a\u00f1os en <strong>Educaci\u00f3n para el Desarrollo y la Ciudadan\u00eda Global. <\/strong>En este tiempo hemos ido evaluando y sistematizando nuestra pr\u00e1ctica, cambiando modelos y m\u00e9todos en funci\u00f3n de los aprendizajes y de las necesidades del contexto.<\/p>\n\n\n\n<div class=\"wp-block-cover is-light\" style=\"padding-right:var(--wp--preset--spacing--70);padding-left:var(--wp--preset--spacing--70);min-height:133px;aspect-ratio:unset;\"><span aria-hidden=\"true\" class=\"wp-block-cover__background has-lightgray-background-color has-background-dim-100 has-background-dim\"><\/span><div class=\"wp-block-cover__inner-container has-global-padding is-layout-constrained wp-container-core-cover-is-layout-c8ee93ac wp-block-cover-is-layout-constrained\">\n<p class=\"has-small-font-size\"><strong>Actualmente, en Entreculturas trabajamos bajo el enfoque de Educaci\u00f3n para la Ciudadan\u00eda Global (EpCG), entendida como una educaci\u00f3n para el fortalecimiento de una ciudadan\u00eda informada, cr\u00edtica y comprometida, que conozca la realidad global de su tiempo, y desarrolle las habilidades, actitudes, recursos y redes necesarias para protagonizar la transformaci\u00f3n social y pol\u00edtica a favor de un mundo m\u00e1s justo y sostenible<\/strong><\/p>\n<\/div><\/div>\n\n\n\n<h2 class=\"wp-block-heading has-din-font-family\" id=\"h-propuesta-pedagogica\" style=\"margin-top:var(--wp--preset--spacing--40);margin-bottom:var(--wp--preset--spacing--40);padding-right:0;padding-left:0;font-size:2rem;line-height:1.2\">Propuesta pedag\u00f3gica<\/h2>\n\n\n\n<p style=\"margin-bottom:var(--wp--preset--spacing--40)\">La <strong>propuesta pedag\u00f3gica de Entreculturas<\/strong> para educar en ciudadan\u00eda global se basa en cuatro fases fundamentales de:<\/p>\n\n\n\n<ul class=\"wp-block-list\">\n<li style=\"margin-bottom:var(--wp--preset--spacing--30)\">Encuentros<\/li>\n\n\n\n<li style=\"margin-bottom:var(--wp--preset--spacing--30)\">Alternativas<\/li>\n\n\n\n<li style=\"margin-bottom:var(--wp--preset--spacing--30)\">Decisiones<\/li>\n\n\n\n<li style=\"margin-bottom:var(--wp--preset--spacing--40)\">Evaluaci\u00f3n<\/li>\n<\/ul>\n\n\n\n<p style=\"margin-bottom:var(--wp--preset--spacing--40)\">Esta metodolog\u00eda nutre las l\u00edneas de intervenci\u00f3n que desarrollamos desde Entreculturas en el \u00e1mbito educativo entendido en sentido amplio, que abarca tanto experiencias de <strong>educaci\u00f3n formal como no formal<\/strong> en todo tipo de espacios educativos.<\/p>\n\n\n\n<figure class=\"wp-block-image aligncenter size-full is-resized\"><img decoding=\"async\" width=\"910\" height=\"512\" src=\"https:\/\/www.entreculturas.org\/wp-content\/uploads\/2024\/12\/DSC07827-edited.jpg\" alt=\"\" class=\"wp-image-36696\" style=\"object-fit:cover;width:877px;height:auto\" srcset=\"https:\/\/www.entreculturas.org\/wp-content\/uploads\/2024\/12\/DSC07827-edited.jpg 910w, https:\/\/www.entreculturas.org\/wp-content\/uploads\/2024\/12\/DSC07827-edited-300x169.jpg 300w, https:\/\/www.entreculturas.org\/wp-content\/uploads\/2024\/12\/DSC07827-edited-768x432.jpg 768w\" sizes=\"(max-width: 910px) 100vw, 910px\" \/><\/figure>\n\n\n\n<div class=\"wp-block-columns is-layout-flex wp-container-core-columns-is-layout-28f84493 wp-block-columns-is-layout-flex\">\n<div class=\"wp-block-column is-vertically-aligned-top is-layout-flow wp-container-core-column-is-layout-92c44e9e wp-block-column-is-layout-flow\" style=\"padding-top:0;padding-bottom:0\">\n<h2 class=\"wp-block-heading has-din-font-family\" id=\"h-programas-educativos\" style=\"margin-top:var(--wp--preset--spacing--40);margin-bottom:var(--wp--preset--spacing--40);padding-right:0;padding-bottom:var(--wp--preset--spacing--40);padding-left:0;font-size:2rem;line-height:1.2\"><strong><strong><strong><strong><strong><strong>Programas educativos<\/strong><\/strong><\/strong><\/strong><\/strong><\/strong><\/h2>\n\n\n\n<ul class=\"wp-block-list\">\n<li style=\"margin-bottom:var(--wp--preset--spacing--30)\"><strong><a href=\"https:\/\/redec.org\/red-solidaria-de-jovenes\/\">Red Solidaria de J\u00f3venes<\/a><\/strong><\/li>\n\n\n\n<li style=\"margin-bottom:var(--wp--preset--spacing--30)\"><strong>Red Generaci\u00f3n 21+<\/strong><\/li>\n\n\n\n<li style=\"margin-bottom:var(--wp--preset--spacing--30)\"><strong><a href=\"https:\/\/www.4punto7.org\/\">Movimiento 4.7<\/a><\/strong><\/li>\n\n\n\n<li><strong>Decide &#8211; Convive<\/strong><\/li>\n<\/ul>\n<\/div>\n<\/div>\n","protected":false},"excerpt":{"rendered":"<p>Seg\u00fan las estad\u00edsticas del Servicio Nacional de Migraci\u00f3n (SNM), hasta mediados de junio de 2023 m\u00e1s de 175.000 personas migrantes han ingresado a Panam\u00e1 a trav\u00e9s del Tap\u00f3n del Dari\u00e9n, una cifra hist\u00f3rica. Lo m\u00e1s preocupante es el creciente n\u00famero de ni\u00f1os y ni\u00f1as que se encuentran expuestos a los peligros de esta implacable ruta migratoria.Hemos recorrido parte de la ruta junto a nuestra organizaci\u00f3n hermana en terreno, Fe y Alegr\u00eda Panam\u00e1, retratando la realidad y dando voz a las personas que se ponen en camino a trav\u00e9s de la lente del fotoperiodista Sergi C\u00e1mara.<\/p>\n","protected":false},"featured_media":24038,"template":"single-noticia","meta":{"_acf_changed":false},"categories":[7],"tags":[10],"country":[147],"cause":[129],"class_list":["post-24590","noticia","type-noticia","status-publish","has-post-thumbnail","hentry","category-noticia","tag-migracion-y-refugio","country-panama","cause-migracion-y-refugio"],"acf":[],"yoast_head":"<!-- This site is optimized with the Yoast SEO Premium plugin v21.6 (Yoast SEO v27.5) - https:\/\/yoast.com\/product\/yoast-seo-premium-wordpress\/ -->\n<title>La Importancia de la Educaci\u00f3n para el Desarrollo<\/title>\n<meta name=\"description\" content=\"La Educaci\u00f3n para el Desarrollo es fundamentada en un enfoque interactivo y din\u00e1mico que busca la formaci\u00f3n e integral de las personas y su concienciaci\u00f3n sobre las causas globales de los problemas de desarrollo y desigualdades.\" \/>\n<meta name=\"robots\" content=\"index, follow, max-snippet:-1, max-image-preview:large, max-video-preview:-1\" \/>\n<link rel=\"canonical\" href=\"https:\/\/www.entreculturas.org\/ca\/noticia\/la-importancia-de-la-educacion-para-el-desarrollo\/\" \/>\n<meta property=\"og:locale\" content=\"ca_ES\" \/>\n<meta property=\"og:type\" content=\"article\" \/>\n<meta property=\"og:title\" content=\"La Importancia de la Educaci\u00f3n para el Desarrollo\" \/>\n<meta property=\"og:description\" content=\"La Educaci\u00f3n para el Desarrollo es fundamentada en un enfoque interactivo y din\u00e1mico que busca la formaci\u00f3n e integral de las personas y su concienciaci\u00f3n sobre las causas globales de los problemas de desarrollo y desigualdades.\" \/>\n<meta property=\"og:url\" content=\"https:\/\/www.entreculturas.org\/ca\/noticia\/la-importancia-de-la-educacion-para-el-desarrollo\/\" \/>\n<meta property=\"og:site_name\" content=\"Entreculturas\" \/>\n<meta property=\"article:publisher\" content=\"https:\/\/www.facebook.com\/entreculturas\" \/>\n<meta property=\"article:modified_time\" content=\"2025-03-14T08:55:40+00:00\" \/>\n<meta property=\"og:image\" content=\"https:\/\/www.entreculturas.org\/wp-content\/uploads\/2024\/04\/Asamblea-de-la-RSJ-de-Entreculturas-y-A-la-Par-e1740138245809.jpg\" \/>\n\t<meta property=\"og:image:width\" content=\"1920\" \/>\n\t<meta property=\"og:image:height\" content=\"854\" \/>\n\t<meta property=\"og:image:type\" content=\"image\/jpeg\" \/>\n<meta name=\"twitter:card\" content=\"summary_large_image\" \/>\n<meta name=\"twitter:site\" content=\"@Entreculturas\" \/>\n<script type=\"application\/ld+json\" class=\"yoast-schema-graph\">{\"@context\":\"https:\\\/\\\/schema.org\",\"@graph\":[{\"@type\":\"WebPage\",\"@id\":\"https:\\\/\\\/www.entreculturas.org\\\/ca\\\/noticia\\\/la-importancia-de-la-educacion-para-el-desarrollo\\\/\",\"url\":\"https:\\\/\\\/www.entreculturas.org\\\/ca\\\/noticia\\\/la-importancia-de-la-educacion-para-el-desarrollo\\\/\",\"name\":\"La Importancia de la Educaci\u00f3n para el Desarrollo\",\"isPartOf\":{\"@id\":\"https:\\\/\\\/www.entreculturas.org\\\/ca\\\/#website\"},\"primaryImageOfPage\":{\"@id\":\"https:\\\/\\\/www.entreculturas.org\\\/ca\\\/noticia\\\/la-importancia-de-la-educacion-para-el-desarrollo\\\/#primaryimage\"},\"image\":{\"@id\":\"https:\\\/\\\/www.entreculturas.org\\\/ca\\\/noticia\\\/la-importancia-de-la-educacion-para-el-desarrollo\\\/#primaryimage\"},\"thumbnailUrl\":\"https:\\\/\\\/www.entreculturas.org\\\/wp-content\\\/uploads\\\/2024\\\/04\\\/Asamblea-de-la-RSJ-de-Entreculturas-y-A-la-Par-e1740138245809.jpg\",\"datePublished\":\"2024-05-22T12:19:57+00:00\",\"dateModified\":\"2025-03-14T08:55:40+00:00\",\"description\":\"La Educaci\u00f3n para el Desarrollo es fundamentada en un enfoque interactivo y din\u00e1mico que busca la formaci\u00f3n e integral de las personas y su concienciaci\u00f3n sobre las causas globales de los problemas de desarrollo y desigualdades.\",\"breadcrumb\":{\"@id\":\"https:\\\/\\\/www.entreculturas.org\\\/ca\\\/noticia\\\/la-importancia-de-la-educacion-para-el-desarrollo\\\/#breadcrumb\"},\"inLanguage\":\"ca\",\"potentialAction\":[{\"@type\":\"ReadAction\",\"target\":[\"https:\\\/\\\/www.entreculturas.org\\\/ca\\\/noticia\\\/la-importancia-de-la-educacion-para-el-desarrollo\\\/\"]}]},{\"@type\":\"ImageObject\",\"inLanguage\":\"ca\",\"@id\":\"https:\\\/\\\/www.entreculturas.org\\\/ca\\\/noticia\\\/la-importancia-de-la-educacion-para-el-desarrollo\\\/#primaryimage\",\"url\":\"https:\\\/\\\/www.entreculturas.org\\\/wp-content\\\/uploads\\\/2024\\\/04\\\/Asamblea-de-la-RSJ-de-Entreculturas-y-A-la-Par-e1740138245809.jpg\",\"contentUrl\":\"https:\\\/\\\/www.entreculturas.org\\\/wp-content\\\/uploads\\\/2024\\\/04\\\/Asamblea-de-la-RSJ-de-Entreculturas-y-A-la-Par-e1740138245809.jpg\",\"width\":1920,\"height\":854,\"caption\":\"educaci\u00f3n para el desarrollo\"},{\"@type\":\"BreadcrumbList\",\"@id\":\"https:\\\/\\\/www.entreculturas.org\\\/ca\\\/noticia\\\/la-importancia-de-la-educacion-para-el-desarrollo\\\/#breadcrumb\",\"itemListElement\":[{\"@type\":\"ListItem\",\"position\":1,\"name\":\"Home\",\"item\":\"https:\\\/\\\/www.entreculturas.org\\\/ca\\\/\"},{\"@type\":\"ListItem\",\"position\":2,\"name\":\"Noticias\",\"item\":\"https:\\\/\\\/www.entreculturas.org\\\/ca\\\/noticias\\\/\"},{\"@type\":\"ListItem\",\"position\":3,\"name\":\"La Importancia de la Educaci\u00f3n para el Desarrollo\"}]},{\"@type\":\"WebSite\",\"@id\":\"https:\\\/\\\/www.entreculturas.org\\\/ca\\\/#website\",\"url\":\"https:\\\/\\\/www.entreculturas.org\\\/ca\\\/\",\"name\":\"Entreculturas\",\"description\":\"\",\"publisher\":{\"@id\":\"https:\\\/\\\/www.entreculturas.org\\\/ca\\\/#organization\"},\"alternateName\":\"Entreculturas\",\"potentialAction\":[{\"@type\":\"SearchAction\",\"target\":{\"@type\":\"EntryPoint\",\"urlTemplate\":\"https:\\\/\\\/www.entreculturas.org\\\/ca\\\/?s={search_term_string}\"},\"query-input\":{\"@type\":\"PropertyValueSpecification\",\"valueRequired\":true,\"valueName\":\"search_term_string\"}}],\"inLanguage\":\"ca\"},{\"@type\":\"Organization\",\"@id\":\"https:\\\/\\\/www.entreculturas.org\\\/ca\\\/#organization\",\"name\":\"Entreculturas\",\"url\":\"https:\\\/\\\/www.entreculturas.org\\\/ca\\\/\",\"logo\":{\"@type\":\"ImageObject\",\"inLanguage\":\"ca\",\"@id\":\"https:\\\/\\\/www.entreculturas.org\\\/ca\\\/#\\\/schema\\\/logo\\\/image\\\/\",\"url\":\"https:\\\/\\\/www.entreculturas.org\\\/wp-content\\\/uploads\\\/2025\\\/10\\\/ESP.svg\",\"contentUrl\":\"https:\\\/\\\/www.entreculturas.org\\\/wp-content\\\/uploads\\\/2025\\\/10\\\/ESP.svg\",\"caption\":\"Entreculturas\"},\"image\":{\"@id\":\"https:\\\/\\\/www.entreculturas.org\\\/ca\\\/#\\\/schema\\\/logo\\\/image\\\/\"},\"sameAs\":[\"https:\\\/\\\/www.facebook.com\\\/entreculturas\",\"https:\\\/\\\/x.com\\\/Entreculturas\",\"https:\\\/\\\/www.instagram.com\\\/entreculturas\\\/\",\"https:\\\/\\\/www.youtube.com\\\/user\\\/entreculturasvideo\",\"https:\\\/\\\/www.linkedin.com\\\/company\\\/fundacion-entreculturas-ngdo\\\/\",\"https:\\\/\\\/www.flickr.com\\\/photos\\\/98455522@N04\\\/albums\\\/\"]}]}<\/script>\n<!-- \/ Yoast SEO Premium plugin. -->","yoast_head_json":{"title":"La Importancia de la Educaci\u00f3n para el Desarrollo","description":"La Educaci\u00f3n para el Desarrollo es fundamentada en un enfoque interactivo y din\u00e1mico que busca la formaci\u00f3n e integral de las personas y su concienciaci\u00f3n sobre las causas globales de los problemas de desarrollo y desigualdades.","robots":{"index":"index","follow":"follow","max-snippet":"max-snippet:-1","max-image-preview":"max-image-preview:large","max-video-preview":"max-video-preview:-1"},"canonical":"https:\/\/www.entreculturas.org\/ca\/noticia\/la-importancia-de-la-educacion-para-el-desarrollo\/","og_locale":"ca_ES","og_type":"article","og_title":"La Importancia de la Educaci\u00f3n para el Desarrollo","og_description":"La Educaci\u00f3n para el Desarrollo es fundamentada en un enfoque interactivo y din\u00e1mico que busca la formaci\u00f3n e integral de las personas y su concienciaci\u00f3n sobre las causas globales de los problemas de desarrollo y desigualdades.","og_url":"https:\/\/www.entreculturas.org\/ca\/noticia\/la-importancia-de-la-educacion-para-el-desarrollo\/","og_site_name":"Entreculturas","article_publisher":"https:\/\/www.facebook.com\/entreculturas","article_modified_time":"2025-03-14T08:55:40+00:00","og_image":[{"width":1920,"height":854,"url":"https:\/\/www.entreculturas.org\/wp-content\/uploads\/2024\/04\/Asamblea-de-la-RSJ-de-Entreculturas-y-A-la-Par-e1740138245809.jpg","type":"image\/jpeg"}],"twitter_card":"summary_large_image","twitter_site":"@Entreculturas","schema":{"@context":"https:\/\/schema.org","@graph":[{"@type":"WebPage","@id":"https:\/\/www.entreculturas.org\/ca\/noticia\/la-importancia-de-la-educacion-para-el-desarrollo\/","url":"https:\/\/www.entreculturas.org\/ca\/noticia\/la-importancia-de-la-educacion-para-el-desarrollo\/","name":"La Importancia de la Educaci\u00f3n para el Desarrollo","isPartOf":{"@id":"https:\/\/www.entreculturas.org\/ca\/#website"},"primaryImageOfPage":{"@id":"https:\/\/www.entreculturas.org\/ca\/noticia\/la-importancia-de-la-educacion-para-el-desarrollo\/#primaryimage"},"image":{"@id":"https:\/\/www.entreculturas.org\/ca\/noticia\/la-importancia-de-la-educacion-para-el-desarrollo\/#primaryimage"},"thumbnailUrl":"https:\/\/www.entreculturas.org\/wp-content\/uploads\/2024\/04\/Asamblea-de-la-RSJ-de-Entreculturas-y-A-la-Par-e1740138245809.jpg","datePublished":"2024-05-22T12:19:57+00:00","dateModified":"2025-03-14T08:55:40+00:00","description":"La Educaci\u00f3n para el Desarrollo es fundamentada en un enfoque interactivo y din\u00e1mico que busca la formaci\u00f3n e integral de las personas y su concienciaci\u00f3n sobre las causas globales de los problemas de desarrollo y desigualdades.","breadcrumb":{"@id":"https:\/\/www.entreculturas.org\/ca\/noticia\/la-importancia-de-la-educacion-para-el-desarrollo\/#breadcrumb"},"inLanguage":"ca","potentialAction":[{"@type":"ReadAction","target":["https:\/\/www.entreculturas.org\/ca\/noticia\/la-importancia-de-la-educacion-para-el-desarrollo\/"]}]},{"@type":"ImageObject","inLanguage":"ca","@id":"https:\/\/www.entreculturas.org\/ca\/noticia\/la-importancia-de-la-educacion-para-el-desarrollo\/#primaryimage","url":"https:\/\/www.entreculturas.org\/wp-content\/uploads\/2024\/04\/Asamblea-de-la-RSJ-de-Entreculturas-y-A-la-Par-e1740138245809.jpg","contentUrl":"https:\/\/www.entreculturas.org\/wp-content\/uploads\/2024\/04\/Asamblea-de-la-RSJ-de-Entreculturas-y-A-la-Par-e1740138245809.jpg","width":1920,"height":854,"caption":"educaci\u00f3n para el desarrollo"},{"@type":"BreadcrumbList","@id":"https:\/\/www.entreculturas.org\/ca\/noticia\/la-importancia-de-la-educacion-para-el-desarrollo\/#breadcrumb","itemListElement":[{"@type":"ListItem","position":1,"name":"Home","item":"https:\/\/www.entreculturas.org\/ca\/"},{"@type":"ListItem","position":2,"name":"Noticias","item":"https:\/\/www.entreculturas.org\/ca\/noticias\/"},{"@type":"ListItem","position":3,"name":"La Importancia de la Educaci\u00f3n para el Desarrollo"}]},{"@type":"WebSite","@id":"https:\/\/www.entreculturas.org\/ca\/#website","url":"https:\/\/www.entreculturas.org\/ca\/","name":"Entreculturas","description":"","publisher":{"@id":"https:\/\/www.entreculturas.org\/ca\/#organization"},"alternateName":"Entreculturas","potentialAction":[{"@type":"SearchAction","target":{"@type":"EntryPoint","urlTemplate":"https:\/\/www.entreculturas.org\/ca\/?s={search_term_string}"},"query-input":{"@type":"PropertyValueSpecification","valueRequired":true,"valueName":"search_term_string"}}],"inLanguage":"ca"},{"@type":"Organization","@id":"https:\/\/www.entreculturas.org\/ca\/#organization","name":"Entreculturas","url":"https:\/\/www.entreculturas.org\/ca\/","logo":{"@type":"ImageObject","inLanguage":"ca","@id":"https:\/\/www.entreculturas.org\/ca\/#\/schema\/logo\/image\/","url":"https:\/\/www.entreculturas.org\/wp-content\/uploads\/2025\/10\/ESP.svg","contentUrl":"https:\/\/www.entreculturas.org\/wp-content\/uploads\/2025\/10\/ESP.svg","caption":"Entreculturas"},"image":{"@id":"https:\/\/www.entreculturas.org\/ca\/#\/schema\/logo\/image\/"},"sameAs":["https:\/\/www.facebook.com\/entreculturas","https:\/\/x.com\/Entreculturas","https:\/\/www.instagram.com\/entreculturas\/","https:\/\/www.youtube.com\/user\/entreculturasvideo","https:\/\/www.linkedin.com\/company\/fundacion-entreculturas-ngdo\/","https:\/\/www.flickr.com\/photos\/98455522@N04\/albums\/"]}]}},"_links":{"self":[{"href":"https:\/\/www.entreculturas.org\/ca\/wp-json\/wp\/v2\/noticia\/24590","targetHints":{"allow":["GET"]}}],"collection":[{"href":"https:\/\/www.entreculturas.org\/ca\/wp-json\/wp\/v2\/noticia"}],"about":[{"href":"https:\/\/www.entreculturas.org\/ca\/wp-json\/wp\/v2\/types\/noticia"}],"wp:featuredmedia":[{"embeddable":true,"href":"https:\/\/www.entreculturas.org\/ca\/wp-json\/wp\/v2\/media\/24038"}],"wp:attachment":[{"href":"https:\/\/www.entreculturas.org\/ca\/wp-json\/wp\/v2\/media?parent=24590"}],"wp:term":[{"taxonomy":"category","embeddable":true,"href":"https:\/\/www.entreculturas.org\/ca\/wp-json\/wp\/v2\/categories?post=24590"},{"taxonomy":"post_tag","embeddable":true,"href":"https:\/\/www.entreculturas.org\/ca\/wp-json\/wp\/v2\/tags?post=24590"},{"taxonomy":"country","embeddable":true,"href":"https:\/\/www.entreculturas.org\/ca\/wp-json\/wp\/v2\/country?post=24590"},{"taxonomy":"cause","embeddable":true,"href":"https:\/\/www.entreculturas.org\/ca\/wp-json\/wp\/v2\/cause?post=24590"}],"curies":[{"name":"wp","href":"https:\/\/api.w.org\/{rel}","templated":true}]}}