{"id":2432,"date":"2018-12-04T13:34:46","date_gmt":"2018-12-04T13:34:46","guid":{"rendered":"https:\/\/entreculturasi.wpenginepowered.com\/?noticias=5-motivos-para-apostar-por-un-voluntariado-internacional-transformador"},"modified":"2024-02-05T17:27:26","modified_gmt":"2024-02-05T16:27:26","slug":"5-motivos-para-apostar-por-un-voluntariado-internacional-transformador","status":"publish","type":"noticia","link":"https:\/\/www.entreculturas.org\/ca\/noticia\/5-motivos-para-apostar-por-un-voluntariado-internacional-transformador\/","title":{"rendered":"5 motivos para apostar por un voluntariado internacional transformador"},"content":{"rendered":"<p>El 5 de diciembre&nbsp;se conmemora en todo el mundo el <strong>D\u00eda Internacional del Voluntariado<\/strong>. Nosotros, nosotras, como&nbsp;organizaci\u00f3n de cooperaci\u00f3n para el desarrollo que apuesta por la construcci\u00f3n de ciudadan\u00eda global, queremos visibilizar y poner en valor el voluntariado internacional.<br \/>&nbsp;<br \/>Antoine De Saint Exupery en su famoso libro \u201cEl Principito\u201d cuenta que <strong>\u201clo esencial es invisible a los ojos\u201d <\/strong>y, aprovechando este d\u00eda, queremos poner en valor el voluntariado internacional como parte esencial de la cooperaci\u00f3n para el desarrollo que este mundo necesita. Una realidad invisible, o mejor dicho, invisibilizada y poco reconocida y&nbsp; apoyada por las Administraciones P\u00fablicas.<br \/>&nbsp;<br \/>El Voluntariado Pedro Arrupe (VOLPA) es un programa de voluntariado internacional transformador de larga duraci\u00f3n (1 o 2 a\u00f1os en terreno) con m\u00e1s de 25 a\u00f1os de vida y con casi mil personas que han vivido&nbsp;una experiencia de encuentro con otras realidades de vulnerabilidad y dolor en otros pa\u00edses.&nbsp; Con la experiencia de todos estos a\u00f1os y tanta vida puesta en juego<strong>, son muchos los motivos que refrendan nuestra apuesta por esta modalidad de voluntariado<\/strong> que, sin duda, podemos constatar que realiza un aporte \u00fanico y significativo a la cooperaci\u00f3n para el desarrollo de nuestro pa\u00eds. De entre los numerosos motivos destacamos que esta experiencia:<br \/>&nbsp;<\/p>\n<ul>\n<li><strong>Transforma<\/strong> la vida cambiando opciones, prioridades, valores, maneras de relacionarse que ponen en el centro a las personas.Se camina hacia estilos de vida m\u00e1s sencillos y coherentes.<\/li>\n<li><strong>Permite entender<\/strong> din\u00e1micas globales en este mundo interconectado y profundizar en las causas de la desigualdad. Se compromete frente a situaciones de injusticia y se sit\u00faa de manera m\u00e1s consciente y comprometida.<\/li>\n<li><strong>Vincula a personas<\/strong> de otros lugares, realidades y culturas.&nbsp; Quita prejuicios y ayuda a descubrir la riqueza de la diversidad.<\/li>\n<li>Ayuda a <strong>descubrir realidades<\/strong> que de otra forma estar\u00edan invisibilizadas y a tender puentes con ellas. Realidades que tambi\u00e9n acercan a sus entornos, durante y despu\u00e9s, de la experiencia de voluntariado.<\/li>\n<li>Realiza un <strong>aporte de valor<\/strong> espec\u00edfico en los lugares y las organizaciones donde se vive la experiencia de voluntariado. Comparte sus habilidades, conocimientos, instrumentos desde la cercan\u00eda y la confianza mutua.\n<\/li>\n<\/ul>\n<p>&nbsp;<br \/>Desde este aporte de valor tan significativo y necesario para el mundo en el que vivimos y en un momento donde los Objetivos de Desarrollo Sostenible (ODS) nos invitan a generar una alianza global para enfrentar todos los desaf\u00edos planetarios, es un sinsentido ignorar esta contribuci\u00f3n del voluntariado internacional.<\/p>\n<p>Por este motivo, invitamos a la sociedad civil organizada y especialmente a las administraciones p\u00fablicas a <strong>visibilizar y fomentar programas de voluntariado internacional realizados con calidad y calidez<\/strong>. Para que esto se d\u00e9 es necesario que el voluntariado internacional:<\/p>\n<ul>\n<li>Tenga una <strong>regulaci\u00f3n espec\u00edfica<\/strong> dentro del marco de la cooperaci\u00f3n para el desarrollo reconociendo esta realidad propia y que permita salir del limbo legal y la invisibilidad en la que se encuentra.&nbsp;&nbsp;<\/li>\n<li>Un <strong>papel clave<\/strong> en esto lo tiene la Agencia Espa\u00f1ola de Cooperaci\u00f3n (AECID) y las agencias auton\u00f3micas. Es fundamental que reconozcan este voluntariado como instrumento de la cooperaci\u00f3n que realizan. Esto implica hacerse cargo del mismo con una atenci\u00f3n expl\u00edcita en sus estrategias, planificaciones, modalidades, medidas de fomento, etc. pero tambi\u00e9n que apuesten por un modelo de acreditaci\u00f3n de las organizaciones que aseguren la calidad de las propuestas y procesos y eviten malas pr\u00e1cticas que convierten al voluntariado internacional en \u201cvolunturismo\u201d o en pr\u00e1cticas a\u00fan m\u00e1s negativas.<\/li>\n<li>Un <strong>registro de las personas<\/strong> que realizan el voluntariado internacional por parte de la AECID, en coordinaci\u00f3n con las agencias auton\u00f3micas, que pueda conocer en cada momento que ciudadan\u00eda espa\u00f1ola est\u00e1 en esta modalidad aportando en las claves mencionadas en pa\u00edses de intervenci\u00f3n de la cooperaci\u00f3n espa\u00f1ola. Esto permitir\u00e1, adem\u00e1s de atender las posibles emergencias con mayor consciencia, realizar informes peri\u00f3dicos que puedan recoger el impacto y el cambio social que este voluntariado realiza y visibilizarlo como otras cooperaciones europeas realizan.&nbsp;<\/li>\n<li>Uno de los problemas m\u00e1s preocupantes es que estas personas no est\u00e1n reconocidas en la <strong>Seguridad Social <\/strong>y cuando est\u00e1n fuera m\u00e1s de 90 d\u00edas pierden el derecho a ser atendidas en nuestro sistema sanitario. La solidaridad hacia la gente m\u00e1s vulnerable de otros pa\u00edses se \u201cpaga\u201d reduciendo derechos en el nuestro.<\/li>\n<\/ul>\n<p>&nbsp;<br \/>Javier, Sara, Paloma, Ed\u00e9n, Jos\u00e9 Angel, Judith, son solo algunos nombres de personas de Valladolid, Sevilla, Madrid, Burgos, Badajoz, Valencia, que han querido solidarizarse con la la poblaci\u00f3n de barrios vulnerables en Nairobi, Kenia,&nbsp;con mujeres en explotaci\u00f3n sexual de Nicaragua, con los ni\u00f1os y ni\u00f1as en situaci\u00f3n de discapacidad de Ecuador, con los migrantes de Chile o con la poblaci\u00f3n m\u00e1s vulnerable de Hait\u00ed. Ellos y ellas son la mejor marca Espa\u00f1a, ellos y ellas tienden puentes para hacer este mundo m\u00e1s humano, m\u00e1s justo, m\u00e1s sostenible. Porque en definitiva el <span style=\"color:#ff0101\"><strong>#VoluntariadoEsCooperaci\u00f3n.<\/strong><\/span><\/p>\n<p>&nbsp;<\/p>\n<p><span style=\"font-size:16px\"><strong>NOTICIAS RELACIONADAS<\/strong><\/span><\/p>\n<ul>\n<li><a href=\"https:\/\/www.entreculturas.org\/es\/noticias\/el-voluntariado-internacional-transformador-en-el-centro-del-debate-en-visperas-del-dia\" target=\"_blank\" rel=\"noopener\">El voluntariado internacional transformador en el centro del debate en v\u00edsperas del D\u00eda Internacional del Voluntariado<\/a><\/li>\n<li><a href=\"https:\/\/www.entreculturas.org\/es\/noticias\/noche-de-celebracion-san-francisco-javier-y-dia-del-voluntariado\" target=\"_blank\" rel=\"noopener\">Noche de celebraci\u00f3n: San Francisco Javier y d\u00eda del voluntariado<\/a><\/li>\n<\/ul>\n","protected":false},"excerpt":{"rendered":"<p>Hoy se conmemora en todo el mundo el D\u00eda Internacional del Voluntariado. Entreculturas, organizaci\u00f3n de cooperaci\u00f3n para el desarrollo que apuesta por la construcci\u00f3n de ciudadan\u00eda global, quiere visibilizar y poner en valor el voluntariado internacional.<\/p>\n","protected":false},"featured_media":2431,"template":"single-noticia","meta":{"_acf_changed":false},"categories":[7],"tags":[191],"country":[120],"cause":[132],"class_list":["post-2432","noticia","type-noticia","status-publish","has-post-thumbnail","hentry","category-noticia","tag-voluntariado","country-espana","cause-participacion-y-ciudadania-global"],"acf":[],"yoast_head":"<!-- This site is optimized with the Yoast SEO Premium plugin v21.6 (Yoast SEO v27.5) - https:\/\/yoast.com\/product\/yoast-seo-premium-wordpress\/ -->\n<title>5 motivos para apostar por un voluntariado internacional transformador - Entreculturas<\/title>\n<meta name=\"robots\" content=\"index, follow, max-snippet:-1, max-image-preview:large, max-video-preview:-1\" \/>\n<link rel=\"canonical\" href=\"https:\/\/www.entreculturas.org\/ca\/noticia\/5-motivos-para-apostar-por-un-voluntariado-internacional-transformador\/\" \/>\n<meta property=\"og:locale\" content=\"ca_ES\" \/>\n<meta property=\"og:type\" content=\"article\" \/>\n<meta property=\"og:title\" content=\"5 motivos para apostar por un voluntariado internacional transformador\" \/>\n<meta property=\"og:description\" content=\"Hoy se conmemora en todo el mundo el D\u00eda Internacional del Voluntariado. Entreculturas, organizaci\u00f3n de cooperaci\u00f3n para el desarrollo que apuesta por la construcci\u00f3n de ciudadan\u00eda global, quiere visibilizar y poner en valor el voluntariado internacional.\" \/>\n<meta property=\"og:url\" content=\"https:\/\/www.entreculturas.org\/ca\/noticia\/5-motivos-para-apostar-por-un-voluntariado-internacional-transformador\/\" \/>\n<meta property=\"og:site_name\" content=\"Entreculturas\" \/>\n<meta property=\"article:publisher\" content=\"https:\/\/www.facebook.com\/entreculturas\" \/>\n<meta property=\"article:modified_time\" content=\"2024-02-05T16:27:26+00:00\" \/>\n<meta property=\"og:image\" content=\"https:\/\/www.entreculturas.org\/wp-content\/uploads\/2018\/12\/div-noticia.5.jpg\" \/>\n\t<meta property=\"og:image:width\" content=\"1000\" \/>\n\t<meta property=\"og:image:height\" content=\"562\" \/>\n\t<meta property=\"og:image:type\" content=\"image\/jpeg\" \/>\n<meta name=\"twitter:card\" content=\"summary_large_image\" \/>\n<meta name=\"twitter:site\" content=\"@Entreculturas\" \/>\n<script type=\"application\/ld+json\" class=\"yoast-schema-graph\">{\"@context\":\"https:\\\/\\\/schema.org\",\"@graph\":[{\"@type\":\"WebPage\",\"@id\":\"https:\\\/\\\/www.entreculturas.org\\\/ca\\\/noticia\\\/5-motivos-para-apostar-por-un-voluntariado-internacional-transformador\\\/\",\"url\":\"https:\\\/\\\/www.entreculturas.org\\\/ca\\\/noticia\\\/5-motivos-para-apostar-por-un-voluntariado-internacional-transformador\\\/\",\"name\":\"5 motivos para apostar por un voluntariado internacional transformador - Entreculturas\",\"isPartOf\":{\"@id\":\"https:\\\/\\\/www.entreculturas.org\\\/ca\\\/#website\"},\"primaryImageOfPage\":{\"@id\":\"https:\\\/\\\/www.entreculturas.org\\\/ca\\\/noticia\\\/5-motivos-para-apostar-por-un-voluntariado-internacional-transformador\\\/#primaryimage\"},\"image\":{\"@id\":\"https:\\\/\\\/www.entreculturas.org\\\/ca\\\/noticia\\\/5-motivos-para-apostar-por-un-voluntariado-internacional-transformador\\\/#primaryimage\"},\"thumbnailUrl\":\"https:\\\/\\\/www.entreculturas.org\\\/wp-content\\\/uploads\\\/2018\\\/12\\\/div-noticia.5.jpg\",\"datePublished\":\"2018-12-04T13:34:46+00:00\",\"dateModified\":\"2024-02-05T16:27:26+00:00\",\"breadcrumb\":{\"@id\":\"https:\\\/\\\/www.entreculturas.org\\\/ca\\\/noticia\\\/5-motivos-para-apostar-por-un-voluntariado-internacional-transformador\\\/#breadcrumb\"},\"inLanguage\":\"ca\",\"potentialAction\":[{\"@type\":\"ReadAction\",\"target\":[\"https:\\\/\\\/www.entreculturas.org\\\/ca\\\/noticia\\\/5-motivos-para-apostar-por-un-voluntariado-internacional-transformador\\\/\"]}]},{\"@type\":\"ImageObject\",\"inLanguage\":\"ca\",\"@id\":\"https:\\\/\\\/www.entreculturas.org\\\/ca\\\/noticia\\\/5-motivos-para-apostar-por-un-voluntariado-internacional-transformador\\\/#primaryimage\",\"url\":\"https:\\\/\\\/www.entreculturas.org\\\/wp-content\\\/uploads\\\/2018\\\/12\\\/div-noticia.5.jpg\",\"contentUrl\":\"https:\\\/\\\/www.entreculturas.org\\\/wp-content\\\/uploads\\\/2018\\\/12\\\/div-noticia.5.jpg\",\"width\":1000,\"height\":562},{\"@type\":\"BreadcrumbList\",\"@id\":\"https:\\\/\\\/www.entreculturas.org\\\/ca\\\/noticia\\\/5-motivos-para-apostar-por-un-voluntariado-internacional-transformador\\\/#breadcrumb\",\"itemListElement\":[{\"@type\":\"ListItem\",\"position\":1,\"name\":\"Home\",\"item\":\"https:\\\/\\\/www.entreculturas.org\\\/ca\\\/\"},{\"@type\":\"ListItem\",\"position\":2,\"name\":\"Noticias\",\"item\":\"https:\\\/\\\/www.entreculturas.org\\\/ca\\\/noticias\\\/\"},{\"@type\":\"ListItem\",\"position\":3,\"name\":\"5 motivos para apostar por un voluntariado internacional transformador\"}]},{\"@type\":\"WebSite\",\"@id\":\"https:\\\/\\\/www.entreculturas.org\\\/ca\\\/#website\",\"url\":\"https:\\\/\\\/www.entreculturas.org\\\/ca\\\/\",\"name\":\"Entreculturas\",\"description\":\"\",\"publisher\":{\"@id\":\"https:\\\/\\\/www.entreculturas.org\\\/ca\\\/#organization\"},\"alternateName\":\"Entreculturas\",\"potentialAction\":[{\"@type\":\"SearchAction\",\"target\":{\"@type\":\"EntryPoint\",\"urlTemplate\":\"https:\\\/\\\/www.entreculturas.org\\\/ca\\\/?s={search_term_string}\"},\"query-input\":{\"@type\":\"PropertyValueSpecification\",\"valueRequired\":true,\"valueName\":\"search_term_string\"}}],\"inLanguage\":\"ca\"},{\"@type\":\"Organization\",\"@id\":\"https:\\\/\\\/www.entreculturas.org\\\/ca\\\/#organization\",\"name\":\"Entreculturas\",\"url\":\"https:\\\/\\\/www.entreculturas.org\\\/ca\\\/\",\"logo\":{\"@type\":\"ImageObject\",\"inLanguage\":\"ca\",\"@id\":\"https:\\\/\\\/www.entreculturas.org\\\/ca\\\/#\\\/schema\\\/logo\\\/image\\\/\",\"url\":\"https:\\\/\\\/www.entreculturas.org\\\/wp-content\\\/uploads\\\/2025\\\/10\\\/ESP.svg\",\"contentUrl\":\"https:\\\/\\\/www.entreculturas.org\\\/wp-content\\\/uploads\\\/2025\\\/10\\\/ESP.svg\",\"caption\":\"Entreculturas\"},\"image\":{\"@id\":\"https:\\\/\\\/www.entreculturas.org\\\/ca\\\/#\\\/schema\\\/logo\\\/image\\\/\"},\"sameAs\":[\"https:\\\/\\\/www.facebook.com\\\/entreculturas\",\"https:\\\/\\\/x.com\\\/Entreculturas\",\"https:\\\/\\\/www.instagram.com\\\/entreculturas\\\/\",\"https:\\\/\\\/www.youtube.com\\\/user\\\/entreculturasvideo\",\"https:\\\/\\\/www.linkedin.com\\\/company\\\/fundacion-entreculturas-ngdo\\\/\",\"https:\\\/\\\/www.flickr.com\\\/photos\\\/98455522@N04\\\/albums\\\/\"]}]}<\/script>\n<!-- \/ Yoast SEO Premium plugin. -->","yoast_head_json":{"title":"5 motivos para apostar por un voluntariado internacional transformador - Entreculturas","robots":{"index":"index","follow":"follow","max-snippet":"max-snippet:-1","max-image-preview":"max-image-preview:large","max-video-preview":"max-video-preview:-1"},"canonical":"https:\/\/www.entreculturas.org\/ca\/noticia\/5-motivos-para-apostar-por-un-voluntariado-internacional-transformador\/","og_locale":"ca_ES","og_type":"article","og_title":"5 motivos para apostar por un voluntariado internacional transformador","og_description":"Hoy se conmemora en todo el mundo el D\u00eda Internacional del Voluntariado. Entreculturas, organizaci\u00f3n de cooperaci\u00f3n para el desarrollo que apuesta por la construcci\u00f3n de ciudadan\u00eda global, quiere visibilizar y poner en valor el voluntariado internacional.","og_url":"https:\/\/www.entreculturas.org\/ca\/noticia\/5-motivos-para-apostar-por-un-voluntariado-internacional-transformador\/","og_site_name":"Entreculturas","article_publisher":"https:\/\/www.facebook.com\/entreculturas","article_modified_time":"2024-02-05T16:27:26+00:00","og_image":[{"width":1000,"height":562,"url":"https:\/\/www.entreculturas.org\/wp-content\/uploads\/2018\/12\/div-noticia.5.jpg","type":"image\/jpeg"}],"twitter_card":"summary_large_image","twitter_site":"@Entreculturas","schema":{"@context":"https:\/\/schema.org","@graph":[{"@type":"WebPage","@id":"https:\/\/www.entreculturas.org\/ca\/noticia\/5-motivos-para-apostar-por-un-voluntariado-internacional-transformador\/","url":"https:\/\/www.entreculturas.org\/ca\/noticia\/5-motivos-para-apostar-por-un-voluntariado-internacional-transformador\/","name":"5 motivos para apostar por un voluntariado internacional transformador - Entreculturas","isPartOf":{"@id":"https:\/\/www.entreculturas.org\/ca\/#website"},"primaryImageOfPage":{"@id":"https:\/\/www.entreculturas.org\/ca\/noticia\/5-motivos-para-apostar-por-un-voluntariado-internacional-transformador\/#primaryimage"},"image":{"@id":"https:\/\/www.entreculturas.org\/ca\/noticia\/5-motivos-para-apostar-por-un-voluntariado-internacional-transformador\/#primaryimage"},"thumbnailUrl":"https:\/\/www.entreculturas.org\/wp-content\/uploads\/2018\/12\/div-noticia.5.jpg","datePublished":"2018-12-04T13:34:46+00:00","dateModified":"2024-02-05T16:27:26+00:00","breadcrumb":{"@id":"https:\/\/www.entreculturas.org\/ca\/noticia\/5-motivos-para-apostar-por-un-voluntariado-internacional-transformador\/#breadcrumb"},"inLanguage":"ca","potentialAction":[{"@type":"ReadAction","target":["https:\/\/www.entreculturas.org\/ca\/noticia\/5-motivos-para-apostar-por-un-voluntariado-internacional-transformador\/"]}]},{"@type":"ImageObject","inLanguage":"ca","@id":"https:\/\/www.entreculturas.org\/ca\/noticia\/5-motivos-para-apostar-por-un-voluntariado-internacional-transformador\/#primaryimage","url":"https:\/\/www.entreculturas.org\/wp-content\/uploads\/2018\/12\/div-noticia.5.jpg","contentUrl":"https:\/\/www.entreculturas.org\/wp-content\/uploads\/2018\/12\/div-noticia.5.jpg","width":1000,"height":562},{"@type":"BreadcrumbList","@id":"https:\/\/www.entreculturas.org\/ca\/noticia\/5-motivos-para-apostar-por-un-voluntariado-internacional-transformador\/#breadcrumb","itemListElement":[{"@type":"ListItem","position":1,"name":"Home","item":"https:\/\/www.entreculturas.org\/ca\/"},{"@type":"ListItem","position":2,"name":"Noticias","item":"https:\/\/www.entreculturas.org\/ca\/noticias\/"},{"@type":"ListItem","position":3,"name":"5 motivos para apostar por un voluntariado internacional transformador"}]},{"@type":"WebSite","@id":"https:\/\/www.entreculturas.org\/ca\/#website","url":"https:\/\/www.entreculturas.org\/ca\/","name":"Entreculturas","description":"","publisher":{"@id":"https:\/\/www.entreculturas.org\/ca\/#organization"},"alternateName":"Entreculturas","potentialAction":[{"@type":"SearchAction","target":{"@type":"EntryPoint","urlTemplate":"https:\/\/www.entreculturas.org\/ca\/?s={search_term_string}"},"query-input":{"@type":"PropertyValueSpecification","valueRequired":true,"valueName":"search_term_string"}}],"inLanguage":"ca"},{"@type":"Organization","@id":"https:\/\/www.entreculturas.org\/ca\/#organization","name":"Entreculturas","url":"https:\/\/www.entreculturas.org\/ca\/","logo":{"@type":"ImageObject","inLanguage":"ca","@id":"https:\/\/www.entreculturas.org\/ca\/#\/schema\/logo\/image\/","url":"https:\/\/www.entreculturas.org\/wp-content\/uploads\/2025\/10\/ESP.svg","contentUrl":"https:\/\/www.entreculturas.org\/wp-content\/uploads\/2025\/10\/ESP.svg","caption":"Entreculturas"},"image":{"@id":"https:\/\/www.entreculturas.org\/ca\/#\/schema\/logo\/image\/"},"sameAs":["https:\/\/www.facebook.com\/entreculturas","https:\/\/x.com\/Entreculturas","https:\/\/www.instagram.com\/entreculturas\/","https:\/\/www.youtube.com\/user\/entreculturasvideo","https:\/\/www.linkedin.com\/company\/fundacion-entreculturas-ngdo\/","https:\/\/www.flickr.com\/photos\/98455522@N04\/albums\/"]}]}},"_links":{"self":[{"href":"https:\/\/www.entreculturas.org\/ca\/wp-json\/wp\/v2\/noticia\/2432","targetHints":{"allow":["GET"]}}],"collection":[{"href":"https:\/\/www.entreculturas.org\/ca\/wp-json\/wp\/v2\/noticia"}],"about":[{"href":"https:\/\/www.entreculturas.org\/ca\/wp-json\/wp\/v2\/types\/noticia"}],"wp:featuredmedia":[{"embeddable":true,"href":"https:\/\/www.entreculturas.org\/ca\/wp-json\/wp\/v2\/media\/2431"}],"wp:attachment":[{"href":"https:\/\/www.entreculturas.org\/ca\/wp-json\/wp\/v2\/media?parent=2432"}],"wp:term":[{"taxonomy":"category","embeddable":true,"href":"https:\/\/www.entreculturas.org\/ca\/wp-json\/wp\/v2\/categories?post=2432"},{"taxonomy":"post_tag","embeddable":true,"href":"https:\/\/www.entreculturas.org\/ca\/wp-json\/wp\/v2\/tags?post=2432"},{"taxonomy":"country","embeddable":true,"href":"https:\/\/www.entreculturas.org\/ca\/wp-json\/wp\/v2\/country?post=2432"},{"taxonomy":"cause","embeddable":true,"href":"https:\/\/www.entreculturas.org\/ca\/wp-json\/wp\/v2\/cause?post=2432"}],"curies":[{"name":"wp","href":"https:\/\/api.w.org\/{rel}","templated":true}]}}