{"id":24275,"date":"2024-12-02T15:59:09","date_gmt":"2024-12-02T14:59:09","guid":{"rendered":"https:\/\/www.entreculturas.org\/?post_type=noticia&#038;p=24275"},"modified":"2026-01-19T11:24:13","modified_gmt":"2026-01-19T10:24:13","slug":"refugiados","status":"publish","type":"noticia","link":"https:\/\/www.entreculturas.org\/ca\/noticia\/refugiados\/","title":{"rendered":"Explorando la realidad de las personas refugiadas"},"content":{"rendered":"\n<p class=\"has-text-align-left\">En un mundo marcado por conflictos, desastres naturales y desigualdades extremas, m\u00e1s de 120 millones de personas se han visto obligadas a dejar sus hogares. Ya sea por la violencia desatada por conflictos armados, la devastaci\u00f3n causada por desastres naturales o las condiciones insoportables de pobreza extrema y violaciones de los derechos humanos, estas personas se ven forzadas a emprender un dif\u00edcil viaje en busca de seguridad y esperanza.<br><br>Estas cifras reflejan la gravedad de la situaci\u00f3n que enfrentan las personas refugiadas en todo el mundo.<\/p>\n\n\n\n<h2 class=\"wp-block-heading has-din-font-family\" id=\"h-por-que-la-gente-se-marcha-de-su-pais\" style=\"margin-bottom:var(--wp--preset--spacing--40);font-size:2.5rem;line-height:1.1\">\u00bfPor qu\u00e9 la gente se marcha de su pa\u00eds?<\/h2>\n\n\n\n<p class=\"has-small-font-size\">Hay diversas razones por las cuales puede resultar demasiado dif\u00edcil o peligroso permanecer en el propio pa\u00eds. Por ejemplo, personas de todas las edades y g\u00e9neros pueden escapar de la violencia, conflictos armados, escasez de alimentos, extrema pobreza, discriminaci\u00f3n basada en la orienta. Hay diversas razones que impulsan a millones de personas a abandonar sus pa\u00edses de origen. Escapar de la violencia, los conflictos armados, la escasez de alimentos, la extrema pobreza, la discriminaci\u00f3n, as\u00ed como de los efectos del cambio clim\u00e1tico u otros desastres naturales, son algunas de ellas. Con frecuencia, estas dificultades se combinan entre s\u00ed.&nbsp;<\/p>\n\n\n\n<p class=\"has-small-font-size\">No todas las personas que abandonan sus pa\u00edses lo hacen debido a estas situaciones de peligro inmediato. Hay personas que se ven impulsadas a migrar buscando mejores&nbsp; oportunidades de empleo y mejores condiciones de vida. Otras, buscando reunirse con sus familias o personas cercanas o para iniciar o completar sus estudios en un nuevo entorno.<\/p>\n\n\n\n<p class=\"has-small-font-size\">En resumen, existen innumerables motivos por los cuales las personas emprenden un viaje en busca de construir una nueva vida en otro pa\u00eds.<\/p>\n\n\n\n<h2 class=\"wp-block-heading has-din-font-family has-x-large-font-size\" id=\"h-que-es-una-persona-refugiada\">\u00bfQu\u00e9 es una persona refugiada?<\/h2>\n\n\n\n<p class=\"has-small-font-size\">Las personas refugiadas son individuos que abandonan su pa\u00eds de origen debido al temor a la persecuci\u00f3n, conflictos armados, violencia generalizada u otras circunstancias que perturban gravemente el orden p\u00fablico, seg\u00fan lo establece la Convenci\u00f3n sobre el Estatuto de los Refugiados de 1951.&nbsp;<\/p>\n\n\n\n<div class=\"wp-block-group has-global-padding is-layout-constrained wp-block-group-is-layout-constrained\">\n<p class=\"has-small-font-size\">Esta Convenci\u00f3n define a las personas refugiadas como aquellas que, debido a un temor fundado de persecuci\u00f3n por motivos de raza, religi\u00f3n, nacionalidad, pertenencia a un grupo social particular u opiniones pol\u00edticas, se encuentran fuera del pa\u00eds de su nacionalidad y son incapaces o, debido a tal temor, no est\u00e1n dispuestos a regresar a \u00e9l.<\/p>\n\n\n\n<div style=\"height:15px\" aria-hidden=\"true\" class=\"wp-block-spacer\"><\/div>\n\n\n\n<p class=\"has-small-font-size\">La Convenci\u00f3n establece el principio fundamental de que las personas refugiadas tienen derecho a recibir protecci\u00f3n internacional cuando sus propios gobiernos no pueden o no quieren proporcionarles seguridad y protecci\u00f3n adecuadas. Este marco legal internacional garantiza que aquellas personas que huyen de situaciones de persecuci\u00f3n y violencia puedan buscar refugio en otros pa\u00edses y recibir el apoyo necesario para reconstruir sus vidas en un entorno seguro y digno.<br><\/p>\n\n\n\n<h2 class=\"wp-block-heading has-din-font-family\" id=\"h-que-es-una-persona-solicitante-de-asilo\" style=\"font-size:2.2rem\"><strong>\u00bfQu\u00e9 es una persona solicitante de asilo?<\/strong><\/h2>\n\n\n\n<p class=\"has-small-font-size\"><br>Una persona solicitante de asilo es aquella que ha abandonado su pa\u00eds de origen en busca de protecci\u00f3n frente a la persecuci\u00f3n y las violaciones graves de derechos humanos, pero que a\u00fan no ha sido reconocida legalmente como refugiada. Est\u00e1 a la espera de que se tome una decisi\u00f3n sobre su solicitud de asilo.&nbsp;<br><\/p>\n\n\n\n<p class=\"has-small-font-size\">El derecho a solicitar asilo es un derecho humano fundamental que garantiza que cualquier persona pueda ingresar a otro pa\u00eds para solicitar protecci\u00f3n.<br><br><\/p>\n\n\n\n<figure class=\"wp-block-image aligncenter size-large is-resized\"><img decoding=\"async\" width=\"1980\" height=\"1113\" src=\"https:\/\/www.entreculturas.org\/wp-content\/uploads\/2025\/03\/Reception-Center_11_Credits-to-Paula-Casado-Aguirregabiria-edited.jpg\" alt=\"refugiados 3\" class=\"wp-image-38238\" style=\"width:907px;height:auto\" srcset=\"https:\/\/www.entreculturas.org\/wp-content\/uploads\/2025\/03\/Reception-Center_11_Credits-to-Paula-Casado-Aguirregabiria-edited.jpg 1980w, https:\/\/www.entreculturas.org\/wp-content\/uploads\/2025\/03\/Reception-Center_11_Credits-to-Paula-Casado-Aguirregabiria-edited-300x169.jpg 300w, https:\/\/www.entreculturas.org\/wp-content\/uploads\/2025\/03\/Reception-Center_11_Credits-to-Paula-Casado-Aguirregabiria-edited-1024x576.jpg 1024w, https:\/\/www.entreculturas.org\/wp-content\/uploads\/2025\/03\/Reception-Center_11_Credits-to-Paula-Casado-Aguirregabiria-edited-768x432.jpg 768w, https:\/\/www.entreculturas.org\/wp-content\/uploads\/2025\/03\/Reception-Center_11_Credits-to-Paula-Casado-Aguirregabiria-edited-1536x863.jpg 1536w\" sizes=\"(max-width: 1980px) 100vw, 1980px\" \/><figcaption class=\"wp-element-caption\">Paula Casado<\/figcaption><\/figure>\n\n\n\n<h3 class=\"wp-block-heading has-large-font-size\" id=\"h-situacion-de-los-refugiados-en-espana\" style=\"line-height:1.2\"><br><strong>Situaci\u00f3n de los refugiados en Espa\u00f1a<\/strong><\/h3>\n<\/div>\n\n\n\n<div style=\"height:0px\" aria-hidden=\"true\" class=\"wp-block-spacer\"><\/div>\n\n\n\n<p style=\"padding-top:0;padding-bottom:0\">A pesar de los considerables obst\u00e1culos enfrentados por las personas para acceder al procedimiento de asilo, como la escasez de citas que obliga a muchos a esperar entre seis y ocho meses en situaci\u00f3n irregular para presentar sus solicitudes y recurrir al mercado informal, lo que infringe la Directiva Europea de Procedimientos. Adem\u00e1s, se contabilizan m\u00e1s de 161,037 personas procedentes de Ucrania que recibieron protecci\u00f3n temporal desde la hist\u00f3rica activaci\u00f3n de este mecanismo en marzo de 2022.<br><br>Sin embargo, las solicitudes de personas provenientes de Colombia o Nicaragua fueron en su mayor\u00eda rechazadas, a pesar de las amenazas y violaciones de derechos que enfrentan en ambos pa\u00edses. Aunque se emitieron un total de 86,997 resoluciones, marcando tambi\u00e9n un r\u00e9cord, solo 14,235 resultaron favorables con estatuto de refugiado o protecci\u00f3n subsidiaria (ambas formas de protecci\u00f3n internacional).<\/p>\n\n\n\n<p style=\"padding-top:0;padding-bottom:0\">Es preocupante el significativo aumento de solicitudes pendientes de resoluci\u00f3n, alcanzando un total de 122,035 personas a la espera de una decisi\u00f3n que determinar\u00e1 su futuro, un 17% m\u00e1s que el a\u00f1o anterior, siendo la mayor\u00eda de origen venezolano y colombiano.<\/p>\n\n\n\n<h3 class=\"wp-block-heading has-large-font-size\" id=\"h-cual-es-la-postura-de-entreculturas-sobre-las-personas-migrantes-refugiados-y-solicitantes-de-asilo\" style=\"margin-top:var(--wp--preset--spacing--40);margin-bottom:var(--wp--preset--spacing--40);line-height:1\"><strong>\u00bfCu\u00e1l es la postura de Entreculturas sobre las personas migrantes, refugiados y solicitantes de asilo?<\/strong><\/h3>\n\n\n\n<p>En <a href=\"https:\/\/www.entreculturas.org\/\">Entreculturas<\/a>, en colaboraci\u00f3n con nuestras organizaciones asociadas, como el Servicio Jesuita a Refugiados (JRS) y el Servicio Jesuita a Migrantes (SJM), brindamos <a href=\"https:\/\/www.entreculturas.org\/migracion-y-refugio\/\">acompa\u00f1amiento<\/a> y asistencia a las personas migrantes y refugiadas en todas las etapas de su viaje: desde su lugar de origen, durante el tr\u00e1nsito, en el lugar de destino y durante el retorno. Nos enfocamos especialmente en garantizar y proteger su derecho a la educaci\u00f3n.<\/p>\n\n\n\n<p style=\"margin-top:var(--wp--preset--spacing--30);margin-bottom:var(--wp--preset--spacing--30)\">Los escenarios de desplazamiento y refugio, como los que enfrenta Ucrania en la actualidad, as\u00ed como las crisis prolongadas en pa\u00edses como la Rep\u00fablica Democr\u00e1tica del Congo, Sud\u00e1n del Sur o Siria, exponen a los ni\u00f1os y ni\u00f1as a riesgos como el abuso, el reclutamiento por grupos armados y la violencia sexual.<\/p>\n\n\n\n<p>En estas circunstancias, el acceso a la educaci\u00f3n adquiere una importancia crucial. A trav\u00e9s de la escuela, podemos fortalecer la resiliencia de los ni\u00f1os y adolescentes, sanar sus heridas y proporcionarles la oportunidad de crecer en entornos seguros.<\/p>\n\n\n\n<h3 class=\"wp-block-heading\" id=\"h-ayuda-humanitaria\"><strong><strong>Ayuda humanitaria<\/strong><\/strong><\/h3>\n\n\n\n<p style=\"margin-top:var(--wp--preset--spacing--30);margin-bottom:var(--wp--preset--spacing--30)\">Las actividades de asistencia humanitaria a las v\u00edctimas de desastres naturales, conflictos o desplazamientos forzados son parte integral de la labor de Entreculturas. Nuestro compromiso en situaciones de emergencia, como las que se viven en Sud\u00e1n o Ucrania, as\u00ed como en contextos como el corredor migratorio en M\u00e9xico, se centra en satisfacer sus necesidades esenciales, como alimentaci\u00f3n, agua, atenci\u00f3n m\u00e9dica, protecci\u00f3n y refugio.<\/p>\n\n\n\n<p>Despu\u00e9s de la fase inicial de respuesta de emergencia, desarrollamos estrategias a medio o largo plazo para apoyar la recuperaci\u00f3n y la reconstrucci\u00f3n de las vidas de las personas afectadas, brind\u00e1ndoles la oportunidad de reconstruir sus vidas y prosperar en los pa\u00edses donde se encuentran refugiadas.<br><\/p>\n\n\n\n<figure class=\"wp-block-image aligncenter size-full is-resized\"><img decoding=\"async\" width=\"1000\" height=\"667\" src=\"https:\/\/www.entreculturas.org\/wp-content\/uploads\/2019\/01\/congo-campo-refugiados.jpg\" alt=\"refugiados 2\n\" class=\"wp-image-2647\" style=\"width:856px;height:auto\" srcset=\"https:\/\/www.entreculturas.org\/wp-content\/uploads\/2019\/01\/congo-campo-refugiados.jpg 1000w, https:\/\/www.entreculturas.org\/wp-content\/uploads\/2019\/01\/congo-campo-refugiados-300x200.jpg 300w, https:\/\/www.entreculturas.org\/wp-content\/uploads\/2019\/01\/congo-campo-refugiados-768x512.jpg 768w\" sizes=\"(max-width: 1000px) 100vw, 1000px\" \/><\/figure>\n\n\n\n<h3 class=\"wp-block-heading has-large-font-size\" id=\"h-acompanamiento-y-apoyo-psicosocial-de-refugiados\" style=\"margin-top:var(--wp--preset--spacing--40);margin-bottom:var(--wp--preset--spacing--40);line-height:1.1\">Acompa\u00f1amiento y apoyo psicosocial de refugiados<\/h3>\n\n\n\n<p>En entornos de refugio y desplazamiento, donde las personas, especialmente los ni\u00f1os y ni\u00f1as, han experimentado los impactos m\u00e1s severos de la violencia y el conflicto armado, la asistencia legal, psicol\u00f3gica y psicosocial juega un papel fundamental. Por tanto, en naciones como L\u00edbano, Colombia y R. D. del Congo, as\u00ed como en Espa\u00f1a en colaboraci\u00f3n con SJM, implementamos programas destinados a fortalecer la resiliencia, mejorar el bienestar f\u00edsico, mental y social de la poblaci\u00f3n desplazada, y contribuir a la restauraci\u00f3n de la esperanza, la recuperaci\u00f3n de la dignidad humana y la promoci\u00f3n de la convivencia.<\/p>\n\n\n\n<h3 class=\"wp-block-heading has-large-font-size\" id=\"h-formacion-para-el-trabajo-y-emprendimiento\" style=\"margin-top:var(--wp--preset--spacing--30);margin-bottom:var(--wp--preset--spacing--30);line-height:1.1\"><strong><strong>Formaci\u00f3n para el trabajo y emprendimiento<\/strong><\/strong><\/h3>\n\n\n\n<p>En naciones que reciben a personas refugiadas, como Etiop\u00eda, Kenia, Sud\u00e1frica o pa\u00edses de Am\u00e9rica Latina, nos esforzamos por asegurar su integraci\u00f3n socioecon\u00f3mica mediante la provisi\u00f3n de capacitaci\u00f3n t\u00e9cnico-profesional que se ajusta a las necesidades del mercado laboral. Nuestra meta es que puedan recuperar sus medios de vida y tengan la oportunidad de obtener empleo o iniciar sus propios emprendimientos.<\/p>\n\n\n\n<p>En conclusi\u00f3n, la crisis delas personas refugiadas, es un desaf\u00edo global que requiere una acci\u00f3n coordinada y urgente. Con millones de personas refugiadas en todo el mundo, la comunidad internacional debe comprometerse a garantizar su protecci\u00f3n y seguridad. Es fundamental abordar las causas subyacentes de los desplazamientos forzados, como los conflictos armados, la persecuci\u00f3n y la violencia generalizada.<\/p>\n\n\n\n<p>Adem\u00e1s, se debe mejorar el acceso a procedimientos de asilo justos y efectivos, as\u00ed como fortalecer la solidaridad y la cooperaci\u00f3n entre los pa\u00edses para brindar un refugio seguro y digno a quienes lo necesitan. Es imperativo que los derechos humanos de las personas refugiadas sean respetados y protegidos en todo momento, independientemente de su origen o situaci\u00f3n legal.<\/p>\n\n\n\n<p style=\"margin-top:var(--wp--preset--spacing--30);margin-bottom:var(--wp--preset--spacing--30)\">En \u00faltima instancia, la respuesta a la crisis de los refugiados debe ser inclusiva, basada en principios de humanidad y justicia, y centrada en el bienestar y la dignidad de las personas refugiadas.<\/p>\n","protected":false},"excerpt":{"rendered":"<p>Seg\u00fan las estad\u00edsticas del Servicio Nacional de Migraci\u00f3n (SNM), hasta mediados de junio de 2023 m\u00e1s de 175.000 personas migrantes han ingresado a Panam\u00e1 a trav\u00e9s del Tap\u00f3n del Dari\u00e9n, una cifra hist\u00f3rica. Lo m\u00e1s preocupante es el creciente n\u00famero de ni\u00f1os y ni\u00f1as que se encuentran expuestos a los peligros de esta implacable ruta migratoria.Hemos recorrido parte de la ruta junto a nuestra organizaci\u00f3n hermana en terreno, Fe y Alegr\u00eda Panam\u00e1, retratando la realidad y dando voz a las personas que se ponen en camino a trav\u00e9s de la lente del fotoperiodista Sergi C\u00e1mara.<\/p>\n","protected":false},"featured_media":38243,"template":"single-noticia","meta":{"_acf_changed":false},"categories":[7],"tags":[10],"country":[],"cause":[129],"class_list":["post-24275","noticia","type-noticia","status-publish","has-post-thumbnail","hentry","category-noticia","tag-migracion-y-refugio","cause-migracion-y-refugio"],"acf":[],"yoast_head":"<!-- This site is optimized with the Yoast SEO Premium plugin v21.6 (Yoast SEO v27.5) - https:\/\/yoast.com\/product\/yoast-seo-premium-wordpress\/ -->\n<title>Refugiados: explorando su realidad<\/title>\n<meta name=\"description\" content=\"Descubre la realidad de los refugiados en un mundo marcado por la movilidad forzada y la crisis humanitaria.\" \/>\n<meta name=\"robots\" content=\"index, follow, max-snippet:-1, max-image-preview:large, max-video-preview:-1\" \/>\n<link rel=\"canonical\" href=\"https:\/\/www.entreculturas.org\/ca\/noticia\/refugiados\/\" \/>\n<meta property=\"og:locale\" content=\"ca_ES\" \/>\n<meta property=\"og:type\" content=\"article\" \/>\n<meta property=\"og:title\" content=\"Explorando la realidad de las personas refugiadas\" \/>\n<meta property=\"og:description\" content=\"Descubre la realidad de los refugiados en un mundo marcado por la movilidad forzada y la crisis humanitaria.\" \/>\n<meta property=\"og:url\" content=\"https:\/\/www.entreculturas.org\/ca\/noticia\/refugiados\/\" \/>\n<meta property=\"og:site_name\" content=\"Entreculturas\" \/>\n<meta property=\"article:publisher\" content=\"https:\/\/www.facebook.com\/entreculturas\" \/>\n<meta property=\"article:modified_time\" content=\"2026-01-19T10:24:13+00:00\" \/>\n<meta property=\"og:image\" content=\"https:\/\/www.entreculturas.org\/wp-content\/uploads\/2025\/03\/Transit-Center_19_Credits-to-Paula-Casado-Aguirregabiria.jpg\" \/>\n\t<meta property=\"og:image:width\" content=\"1980\" \/>\n\t<meta property=\"og:image:height\" content=\"1150\" \/>\n\t<meta property=\"og:image:type\" content=\"image\/jpeg\" \/>\n<meta name=\"twitter:card\" content=\"summary_large_image\" \/>\n<meta name=\"twitter:site\" content=\"@Entreculturas\" \/>\n<script type=\"application\/ld+json\" class=\"yoast-schema-graph\">{\"@context\":\"https:\\\/\\\/schema.org\",\"@graph\":[{\"@type\":\"WebPage\",\"@id\":\"https:\\\/\\\/www.entreculturas.org\\\/ca\\\/noticia\\\/refugiados\\\/\",\"url\":\"https:\\\/\\\/www.entreculturas.org\\\/ca\\\/noticia\\\/refugiados\\\/\",\"name\":\"Refugiados: explorando su realidad\",\"isPartOf\":{\"@id\":\"https:\\\/\\\/www.entreculturas.org\\\/ca\\\/#website\"},\"primaryImageOfPage\":{\"@id\":\"https:\\\/\\\/www.entreculturas.org\\\/ca\\\/noticia\\\/refugiados\\\/#primaryimage\"},\"image\":{\"@id\":\"https:\\\/\\\/www.entreculturas.org\\\/ca\\\/noticia\\\/refugiados\\\/#primaryimage\"},\"thumbnailUrl\":\"https:\\\/\\\/www.entreculturas.org\\\/wp-content\\\/uploads\\\/2025\\\/03\\\/Transit-Center_19_Credits-to-Paula-Casado-Aguirregabiria.jpg\",\"datePublished\":\"2024-12-02T14:59:09+00:00\",\"dateModified\":\"2026-01-19T10:24:13+00:00\",\"description\":\"Descubre la realidad de los refugiados en un mundo marcado por la movilidad forzada y la crisis humanitaria.\",\"breadcrumb\":{\"@id\":\"https:\\\/\\\/www.entreculturas.org\\\/ca\\\/noticia\\\/refugiados\\\/#breadcrumb\"},\"inLanguage\":\"ca\",\"potentialAction\":[{\"@type\":\"ReadAction\",\"target\":[\"https:\\\/\\\/www.entreculturas.org\\\/ca\\\/noticia\\\/refugiados\\\/\"]}]},{\"@type\":\"ImageObject\",\"inLanguage\":\"ca\",\"@id\":\"https:\\\/\\\/www.entreculturas.org\\\/ca\\\/noticia\\\/refugiados\\\/#primaryimage\",\"url\":\"https:\\\/\\\/www.entreculturas.org\\\/wp-content\\\/uploads\\\/2025\\\/03\\\/Transit-Center_19_Credits-to-Paula-Casado-Aguirregabiria.jpg\",\"contentUrl\":\"https:\\\/\\\/www.entreculturas.org\\\/wp-content\\\/uploads\\\/2025\\\/03\\\/Transit-Center_19_Credits-to-Paula-Casado-Aguirregabiria.jpg\",\"width\":1980,\"height\":1150,\"caption\":\"refugiados\"},{\"@type\":\"BreadcrumbList\",\"@id\":\"https:\\\/\\\/www.entreculturas.org\\\/ca\\\/noticia\\\/refugiados\\\/#breadcrumb\",\"itemListElement\":[{\"@type\":\"ListItem\",\"position\":1,\"name\":\"Home\",\"item\":\"https:\\\/\\\/www.entreculturas.org\\\/ca\\\/\"},{\"@type\":\"ListItem\",\"position\":2,\"name\":\"Noticias\",\"item\":\"https:\\\/\\\/www.entreculturas.org\\\/ca\\\/noticias\\\/\"},{\"@type\":\"ListItem\",\"position\":3,\"name\":\"Explorando la realidad de las personas refugiadas\"}]},{\"@type\":\"WebSite\",\"@id\":\"https:\\\/\\\/www.entreculturas.org\\\/ca\\\/#website\",\"url\":\"https:\\\/\\\/www.entreculturas.org\\\/ca\\\/\",\"name\":\"Entreculturas\",\"description\":\"\",\"publisher\":{\"@id\":\"https:\\\/\\\/www.entreculturas.org\\\/ca\\\/#organization\"},\"alternateName\":\"Entreculturas\",\"potentialAction\":[{\"@type\":\"SearchAction\",\"target\":{\"@type\":\"EntryPoint\",\"urlTemplate\":\"https:\\\/\\\/www.entreculturas.org\\\/ca\\\/?s={search_term_string}\"},\"query-input\":{\"@type\":\"PropertyValueSpecification\",\"valueRequired\":true,\"valueName\":\"search_term_string\"}}],\"inLanguage\":\"ca\"},{\"@type\":\"Organization\",\"@id\":\"https:\\\/\\\/www.entreculturas.org\\\/ca\\\/#organization\",\"name\":\"Entreculturas\",\"url\":\"https:\\\/\\\/www.entreculturas.org\\\/ca\\\/\",\"logo\":{\"@type\":\"ImageObject\",\"inLanguage\":\"ca\",\"@id\":\"https:\\\/\\\/www.entreculturas.org\\\/ca\\\/#\\\/schema\\\/logo\\\/image\\\/\",\"url\":\"https:\\\/\\\/www.entreculturas.org\\\/wp-content\\\/uploads\\\/2025\\\/10\\\/ESP.svg\",\"contentUrl\":\"https:\\\/\\\/www.entreculturas.org\\\/wp-content\\\/uploads\\\/2025\\\/10\\\/ESP.svg\",\"caption\":\"Entreculturas\"},\"image\":{\"@id\":\"https:\\\/\\\/www.entreculturas.org\\\/ca\\\/#\\\/schema\\\/logo\\\/image\\\/\"},\"sameAs\":[\"https:\\\/\\\/www.facebook.com\\\/entreculturas\",\"https:\\\/\\\/x.com\\\/Entreculturas\",\"https:\\\/\\\/www.instagram.com\\\/entreculturas\\\/\",\"https:\\\/\\\/www.youtube.com\\\/user\\\/entreculturasvideo\",\"https:\\\/\\\/www.linkedin.com\\\/company\\\/fundacion-entreculturas-ngdo\\\/\",\"https:\\\/\\\/www.flickr.com\\\/photos\\\/98455522@N04\\\/albums\\\/\"]}]}<\/script>\n<!-- \/ Yoast SEO Premium plugin. -->","yoast_head_json":{"title":"Refugiados: explorando su realidad","description":"Descubre la realidad de los refugiados en un mundo marcado por la movilidad forzada y la crisis humanitaria.","robots":{"index":"index","follow":"follow","max-snippet":"max-snippet:-1","max-image-preview":"max-image-preview:large","max-video-preview":"max-video-preview:-1"},"canonical":"https:\/\/www.entreculturas.org\/ca\/noticia\/refugiados\/","og_locale":"ca_ES","og_type":"article","og_title":"Explorando la realidad de las personas refugiadas","og_description":"Descubre la realidad de los refugiados en un mundo marcado por la movilidad forzada y la crisis humanitaria.","og_url":"https:\/\/www.entreculturas.org\/ca\/noticia\/refugiados\/","og_site_name":"Entreculturas","article_publisher":"https:\/\/www.facebook.com\/entreculturas","article_modified_time":"2026-01-19T10:24:13+00:00","og_image":[{"width":1980,"height":1150,"url":"https:\/\/www.entreculturas.org\/wp-content\/uploads\/2025\/03\/Transit-Center_19_Credits-to-Paula-Casado-Aguirregabiria.jpg","type":"image\/jpeg"}],"twitter_card":"summary_large_image","twitter_site":"@Entreculturas","schema":{"@context":"https:\/\/schema.org","@graph":[{"@type":"WebPage","@id":"https:\/\/www.entreculturas.org\/ca\/noticia\/refugiados\/","url":"https:\/\/www.entreculturas.org\/ca\/noticia\/refugiados\/","name":"Refugiados: explorando su realidad","isPartOf":{"@id":"https:\/\/www.entreculturas.org\/ca\/#website"},"primaryImageOfPage":{"@id":"https:\/\/www.entreculturas.org\/ca\/noticia\/refugiados\/#primaryimage"},"image":{"@id":"https:\/\/www.entreculturas.org\/ca\/noticia\/refugiados\/#primaryimage"},"thumbnailUrl":"https:\/\/www.entreculturas.org\/wp-content\/uploads\/2025\/03\/Transit-Center_19_Credits-to-Paula-Casado-Aguirregabiria.jpg","datePublished":"2024-12-02T14:59:09+00:00","dateModified":"2026-01-19T10:24:13+00:00","description":"Descubre la realidad de los refugiados en un mundo marcado por la movilidad forzada y la crisis humanitaria.","breadcrumb":{"@id":"https:\/\/www.entreculturas.org\/ca\/noticia\/refugiados\/#breadcrumb"},"inLanguage":"ca","potentialAction":[{"@type":"ReadAction","target":["https:\/\/www.entreculturas.org\/ca\/noticia\/refugiados\/"]}]},{"@type":"ImageObject","inLanguage":"ca","@id":"https:\/\/www.entreculturas.org\/ca\/noticia\/refugiados\/#primaryimage","url":"https:\/\/www.entreculturas.org\/wp-content\/uploads\/2025\/03\/Transit-Center_19_Credits-to-Paula-Casado-Aguirregabiria.jpg","contentUrl":"https:\/\/www.entreculturas.org\/wp-content\/uploads\/2025\/03\/Transit-Center_19_Credits-to-Paula-Casado-Aguirregabiria.jpg","width":1980,"height":1150,"caption":"refugiados"},{"@type":"BreadcrumbList","@id":"https:\/\/www.entreculturas.org\/ca\/noticia\/refugiados\/#breadcrumb","itemListElement":[{"@type":"ListItem","position":1,"name":"Home","item":"https:\/\/www.entreculturas.org\/ca\/"},{"@type":"ListItem","position":2,"name":"Noticias","item":"https:\/\/www.entreculturas.org\/ca\/noticias\/"},{"@type":"ListItem","position":3,"name":"Explorando la realidad de las personas refugiadas"}]},{"@type":"WebSite","@id":"https:\/\/www.entreculturas.org\/ca\/#website","url":"https:\/\/www.entreculturas.org\/ca\/","name":"Entreculturas","description":"","publisher":{"@id":"https:\/\/www.entreculturas.org\/ca\/#organization"},"alternateName":"Entreculturas","potentialAction":[{"@type":"SearchAction","target":{"@type":"EntryPoint","urlTemplate":"https:\/\/www.entreculturas.org\/ca\/?s={search_term_string}"},"query-input":{"@type":"PropertyValueSpecification","valueRequired":true,"valueName":"search_term_string"}}],"inLanguage":"ca"},{"@type":"Organization","@id":"https:\/\/www.entreculturas.org\/ca\/#organization","name":"Entreculturas","url":"https:\/\/www.entreculturas.org\/ca\/","logo":{"@type":"ImageObject","inLanguage":"ca","@id":"https:\/\/www.entreculturas.org\/ca\/#\/schema\/logo\/image\/","url":"https:\/\/www.entreculturas.org\/wp-content\/uploads\/2025\/10\/ESP.svg","contentUrl":"https:\/\/www.entreculturas.org\/wp-content\/uploads\/2025\/10\/ESP.svg","caption":"Entreculturas"},"image":{"@id":"https:\/\/www.entreculturas.org\/ca\/#\/schema\/logo\/image\/"},"sameAs":["https:\/\/www.facebook.com\/entreculturas","https:\/\/x.com\/Entreculturas","https:\/\/www.instagram.com\/entreculturas\/","https:\/\/www.youtube.com\/user\/entreculturasvideo","https:\/\/www.linkedin.com\/company\/fundacion-entreculturas-ngdo\/","https:\/\/www.flickr.com\/photos\/98455522@N04\/albums\/"]}]}},"_links":{"self":[{"href":"https:\/\/www.entreculturas.org\/ca\/wp-json\/wp\/v2\/noticia\/24275","targetHints":{"allow":["GET"]}}],"collection":[{"href":"https:\/\/www.entreculturas.org\/ca\/wp-json\/wp\/v2\/noticia"}],"about":[{"href":"https:\/\/www.entreculturas.org\/ca\/wp-json\/wp\/v2\/types\/noticia"}],"wp:featuredmedia":[{"embeddable":true,"href":"https:\/\/www.entreculturas.org\/ca\/wp-json\/wp\/v2\/media\/38243"}],"wp:attachment":[{"href":"https:\/\/www.entreculturas.org\/ca\/wp-json\/wp\/v2\/media?parent=24275"}],"wp:term":[{"taxonomy":"category","embeddable":true,"href":"https:\/\/www.entreculturas.org\/ca\/wp-json\/wp\/v2\/categories?post=24275"},{"taxonomy":"post_tag","embeddable":true,"href":"https:\/\/www.entreculturas.org\/ca\/wp-json\/wp\/v2\/tags?post=24275"},{"taxonomy":"country","embeddable":true,"href":"https:\/\/www.entreculturas.org\/ca\/wp-json\/wp\/v2\/country?post=24275"},{"taxonomy":"cause","embeddable":true,"href":"https:\/\/www.entreculturas.org\/ca\/wp-json\/wp\/v2\/cause?post=24275"}],"curies":[{"name":"wp","href":"https:\/\/api.w.org\/{rel}","templated":true}]}}