{"id":2407,"date":"2018-11-30T10:57:23","date_gmt":"2018-11-30T10:57:23","guid":{"rendered":"https:\/\/entreculturasi.wpenginepowered.com\/?noticias=entreculturas-y-fe-y-alegria-presentes-en-la-6a-asamblea-mundial-de-la-cme-en-nepal"},"modified":"2024-02-05T17:13:41","modified_gmt":"2024-02-05T16:13:41","slug":"entreculturas-y-fe-y-alegria-presentes-en-la-6a-asamblea-mundial-de-la-cme-en-nepal","status":"publish","type":"noticia","link":"https:\/\/www.entreculturas.org\/ca\/noticia\/entreculturas-y-fe-y-alegria-presentes-en-la-6a-asamblea-mundial-de-la-cme-en-nepal\/","title":{"rendered":"Entreculturas y Fe y Alegr\u00eda presentes en la 6\u00aa Asamblea Mundial de la CME en Nepal"},"content":{"rendered":"<p>Entre los d\u00edas 13 y 18 de noviembre se ha celebrado en Katmand\u00fa, Nepal, la 6\u00aa Asamblea de la Campa\u00f1a Mundial por la Educaci\u00f3n (CME), un evento que se celebra cada cuatro a\u00f1os y que, en esta ocasi\u00f3n, ten\u00eda como objetivos promover el di\u00e1logo sobre temas emergentes en materia de educaci\u00f3n, hacer un repaso de la agenda 2030 y, de paso, renovar su presidencia y junta de gobierno.&nbsp;<\/p>\n<p>Por parte de la CME-Espa\u00f1a, de la que Entreculturas forma parte, asistieron <strong>Vega Castrillo<\/strong>, Coordinadora de Comunicaci\u00f3n, y <strong>Cristina \u00c1lvarez<\/strong>, Coordinadora de la Coalici\u00f3n. De parte de la Federaci\u00f3n Internacional de Fe y Alegr\u00eda estuvieron presentes <strong>Luc\u00eda Rodr\u00edguez y Luis Carlos Soler<\/strong>, este \u00faltimo como miembro de la Red Generaci\u00f3n21+.<\/p>\n<p>Bajo el t\u00edtulo <strong>\u201cTransformar los sistemas educativos para la igualdad, la inclusi\u00f3n y la justicia\u201d<\/strong>, la CME ha reiterado una vez m\u00e1s su creencia fundamental de que la educaci\u00f3n es un derecho humano, y que es alcanzable si los gobiernos tienen suficiente voluntad pol\u00edtica para invertir en educaci\u00f3n.&nbsp;<\/p>\n<\/p>\n<p>Tambi\u00e9n, fruto de la reflexi\u00f3n y la participaci\u00f3n colectiva, a lo largo de la Asamblea se dio forma al nuevo <strong>plan estrat\u00e9gico 2019-2022<\/strong>, se remodelaron las posiciones pol\u00edticas de la CME y se revis\u00f3 la Constituci\u00f3n actual para proponer enmiendas. Un momento clave de la cita fue tambi\u00e9n la elecci\u00f3n de <strong>Refat Sabbah<\/strong> -el hasta entonces Secretario General de la Coalici\u00f3n \u00c1rabe para la Educaci\u00f3n para Todos- como nuevo Presidente y la renovaci\u00f3n de los miembros de la Junta de la CME.&nbsp;<\/p>\n<p><u><strong>NOTICIAS RELACIONADAS<\/strong><\/u><\/p>\n<ul>\n<li><a href=\"https:\/\/www.entreculturas.org\/es\/noticias\/finaliza-la-6a-asamblea-mundial-con-nuevo-presidente-y-nuevo-board\" target=\"_blank\" rel=\"noopener\">Finaliza la 6\u00aa Asamblea Mundial con nuevo Presidente y nuevo Board (21 de Nov de 2018)<\/a><\/li>\n<li><a href=\"https:\/\/www.entreculturas.org\/es\/noticias\/encuentro-de-jovenes-el-primer-paso-para-potenciar-la-participacion-de-los-y-las-jovenes-en\" target=\"_blank\" rel=\"noopener\">Encuentro de j\u00f3venes: El primer paso para potenciar la participaci\u00f3n de los y las j\u00f3venes en la toma de decisiones de la CME (14 de Nov de 2018)<\/a><\/li>\n<li><a href=\"https:\/\/www.entreculturas.org\/es\/noticias\/cme-espana-en-la-6a-asamblea-mundial-en-nepal\" target=\"_blank\" rel=\"noopener\">CME Espa\u00f1a en la 6\u00aa Asamblea Mundial en Nepal (12 de Nov de 2018)<\/a><\/li>\n<\/ul>\n<p>&nbsp;<\/p>\n<p>&nbsp;<\/p>\n","protected":false},"excerpt":{"rendered":"<p>Entre los d\u00edas 13 y 18 de noviembre se ha celebrado en Katmand\u00fa, Nepal, la 6\u00aa Asamblea de la Campa\u00f1a Mundial por la Educaci\u00f3n (CME), un evento que se celebra cada cuatro a\u00f1os y que, en esta ocasi\u00f3n, ten\u00eda como objetivos promover el di\u00e1logo sobre temas emergentes en materia de educaci\u00f3n, hacer un repaso de la agenda 2030 y, de paso, renovar su presidencia y junta de gobierno.&nbsp; Por parte de la CME-Espa\u00f1a, de la que Entreculturas forma parte, asistieron Vega Castrillo, Coordinadora de Comunicaci\u00f3n, y Cristina \u00c1lvarez, Coordinadora de la Coalici\u00f3n. De parte de la Federaci\u00f3n Internacional de Fe y Alegr\u00eda estuvieron presentes Luc\u00eda Rodr\u00edguez y Luis Carlos Soler, este \u00faltimo como miembro de la Red Generaci\u00f3n21+. Bajo el t\u00edtulo \u201cTransformar los sistemas educativos para la igualdad, la inclusi\u00f3n y la justicia\u201d, la CME ha reiterado una vez m\u00e1s su creencia fundamental de que la educaci\u00f3n es un derecho [&hellip;]<\/p>\n","protected":false},"featured_media":2408,"template":"single-noticia","meta":{"_acf_changed":false},"categories":[7],"tags":[289],"country":[297],"cause":[128],"class_list":["post-2407","noticia","type-noticia","status-publish","has-post-thumbnail","hentry","category-noticia","tag-educacion","country-nepal","cause-educacion"],"acf":[],"yoast_head":"<!-- This site is optimized with the Yoast SEO Premium plugin v21.6 (Yoast SEO v27.5) - https:\/\/yoast.com\/product\/yoast-seo-premium-wordpress\/ -->\n<title>Entreculturas y Fe y Alegr\u00eda presentes en la 6\u00aa Asamblea Mundial de la CME en Nepal - Entreculturas<\/title>\n<meta name=\"robots\" content=\"index, follow, max-snippet:-1, max-image-preview:large, max-video-preview:-1\" \/>\n<link rel=\"canonical\" href=\"https:\/\/www.entreculturas.org\/ca\/noticia\/entreculturas-y-fe-y-alegria-presentes-en-la-6a-asamblea-mundial-de-la-cme-en-nepal\/\" \/>\n<meta property=\"og:locale\" content=\"ca_ES\" \/>\n<meta property=\"og:type\" content=\"article\" \/>\n<meta property=\"og:title\" content=\"Entreculturas y Fe y Alegr\u00eda presentes en la 6\u00aa Asamblea Mundial de la CME en Nepal\" \/>\n<meta property=\"og:description\" content=\"Entre los d\u00edas 13 y 18 de noviembre se ha celebrado en Katmand\u00fa, Nepal, la 6\u00aa Asamblea de la Campa\u00f1a Mundial por la Educaci\u00f3n (CME), un evento que se celebra cada cuatro a\u00f1os y que, en esta ocasi\u00f3n, ten\u00eda como objetivos promover el di\u00e1logo sobre temas emergentes en materia de educaci\u00f3n, hacer un repaso de la agenda 2030 y, de paso, renovar su presidencia y junta de gobierno.&nbsp; Por parte de la CME-Espa\u00f1a, de la que Entreculturas forma parte, asistieron Vega Castrillo, Coordinadora de Comunicaci\u00f3n, y Cristina \u00c1lvarez, Coordinadora de la Coalici\u00f3n. De parte de la Federaci\u00f3n Internacional de Fe y Alegr\u00eda estuvieron presentes Luc\u00eda Rodr\u00edguez y Luis Carlos Soler, este \u00faltimo como miembro de la Red Generaci\u00f3n21+. Bajo el t\u00edtulo \u201cTransformar los sistemas educativos para la igualdad, la inclusi\u00f3n y la justicia\u201d, la CME ha reiterado una vez m\u00e1s su creencia fundamental de que la educaci\u00f3n es un derecho [&hellip;]\" \/>\n<meta property=\"og:url\" content=\"https:\/\/www.entreculturas.org\/ca\/noticia\/entreculturas-y-fe-y-alegria-presentes-en-la-6a-asamblea-mundial-de-la-cme-en-nepal\/\" \/>\n<meta property=\"og:site_name\" content=\"Entreculturas\" \/>\n<meta property=\"article:publisher\" content=\"https:\/\/www.facebook.com\/entreculturas\" \/>\n<meta property=\"article:modified_time\" content=\"2024-02-05T16:13:41+00:00\" \/>\n<meta property=\"og:image\" content=\"https:\/\/www.entreculturas.org\/wp-content\/uploads\/2018\/11\/cme-nepal.jpg\" \/>\n\t<meta property=\"og:image:width\" content=\"800\" \/>\n\t<meta property=\"og:image:height\" content=\"600\" \/>\n\t<meta property=\"og:image:type\" content=\"image\/jpeg\" \/>\n<meta name=\"twitter:card\" content=\"summary_large_image\" \/>\n<meta name=\"twitter:site\" content=\"@Entreculturas\" \/>\n<script type=\"application\/ld+json\" class=\"yoast-schema-graph\">{\"@context\":\"https:\\\/\\\/schema.org\",\"@graph\":[{\"@type\":\"WebPage\",\"@id\":\"https:\\\/\\\/www.entreculturas.org\\\/ca\\\/noticia\\\/entreculturas-y-fe-y-alegria-presentes-en-la-6a-asamblea-mundial-de-la-cme-en-nepal\\\/\",\"url\":\"https:\\\/\\\/www.entreculturas.org\\\/ca\\\/noticia\\\/entreculturas-y-fe-y-alegria-presentes-en-la-6a-asamblea-mundial-de-la-cme-en-nepal\\\/\",\"name\":\"Entreculturas y Fe y Alegr\u00eda presentes en la 6\u00aa Asamblea Mundial de la CME en Nepal - Entreculturas\",\"isPartOf\":{\"@id\":\"https:\\\/\\\/www.entreculturas.org\\\/ca\\\/#website\"},\"primaryImageOfPage\":{\"@id\":\"https:\\\/\\\/www.entreculturas.org\\\/ca\\\/noticia\\\/entreculturas-y-fe-y-alegria-presentes-en-la-6a-asamblea-mundial-de-la-cme-en-nepal\\\/#primaryimage\"},\"image\":{\"@id\":\"https:\\\/\\\/www.entreculturas.org\\\/ca\\\/noticia\\\/entreculturas-y-fe-y-alegria-presentes-en-la-6a-asamblea-mundial-de-la-cme-en-nepal\\\/#primaryimage\"},\"thumbnailUrl\":\"https:\\\/\\\/www.entreculturas.org\\\/wp-content\\\/uploads\\\/2018\\\/11\\\/cme-nepal.jpg\",\"datePublished\":\"2018-11-30T10:57:23+00:00\",\"dateModified\":\"2024-02-05T16:13:41+00:00\",\"breadcrumb\":{\"@id\":\"https:\\\/\\\/www.entreculturas.org\\\/ca\\\/noticia\\\/entreculturas-y-fe-y-alegria-presentes-en-la-6a-asamblea-mundial-de-la-cme-en-nepal\\\/#breadcrumb\"},\"inLanguage\":\"ca\",\"potentialAction\":[{\"@type\":\"ReadAction\",\"target\":[\"https:\\\/\\\/www.entreculturas.org\\\/ca\\\/noticia\\\/entreculturas-y-fe-y-alegria-presentes-en-la-6a-asamblea-mundial-de-la-cme-en-nepal\\\/\"]}]},{\"@type\":\"ImageObject\",\"inLanguage\":\"ca\",\"@id\":\"https:\\\/\\\/www.entreculturas.org\\\/ca\\\/noticia\\\/entreculturas-y-fe-y-alegria-presentes-en-la-6a-asamblea-mundial-de-la-cme-en-nepal\\\/#primaryimage\",\"url\":\"https:\\\/\\\/www.entreculturas.org\\\/wp-content\\\/uploads\\\/2018\\\/11\\\/cme-nepal.jpg\",\"contentUrl\":\"https:\\\/\\\/www.entreculturas.org\\\/wp-content\\\/uploads\\\/2018\\\/11\\\/cme-nepal.jpg\",\"width\":800,\"height\":600,\"caption\":\"cme-nepal\"},{\"@type\":\"BreadcrumbList\",\"@id\":\"https:\\\/\\\/www.entreculturas.org\\\/ca\\\/noticia\\\/entreculturas-y-fe-y-alegria-presentes-en-la-6a-asamblea-mundial-de-la-cme-en-nepal\\\/#breadcrumb\",\"itemListElement\":[{\"@type\":\"ListItem\",\"position\":1,\"name\":\"Home\",\"item\":\"https:\\\/\\\/www.entreculturas.org\\\/ca\\\/\"},{\"@type\":\"ListItem\",\"position\":2,\"name\":\"Noticias\",\"item\":\"https:\\\/\\\/www.entreculturas.org\\\/ca\\\/noticias\\\/\"},{\"@type\":\"ListItem\",\"position\":3,\"name\":\"Entreculturas y Fe y Alegr\u00eda presentes en la 6\u00aa Asamblea Mundial de la CME en Nepal\"}]},{\"@type\":\"WebSite\",\"@id\":\"https:\\\/\\\/www.entreculturas.org\\\/ca\\\/#website\",\"url\":\"https:\\\/\\\/www.entreculturas.org\\\/ca\\\/\",\"name\":\"Entreculturas\",\"description\":\"\",\"publisher\":{\"@id\":\"https:\\\/\\\/www.entreculturas.org\\\/ca\\\/#organization\"},\"alternateName\":\"Entreculturas\",\"potentialAction\":[{\"@type\":\"SearchAction\",\"target\":{\"@type\":\"EntryPoint\",\"urlTemplate\":\"https:\\\/\\\/www.entreculturas.org\\\/ca\\\/?s={search_term_string}\"},\"query-input\":{\"@type\":\"PropertyValueSpecification\",\"valueRequired\":true,\"valueName\":\"search_term_string\"}}],\"inLanguage\":\"ca\"},{\"@type\":\"Organization\",\"@id\":\"https:\\\/\\\/www.entreculturas.org\\\/ca\\\/#organization\",\"name\":\"Entreculturas\",\"url\":\"https:\\\/\\\/www.entreculturas.org\\\/ca\\\/\",\"logo\":{\"@type\":\"ImageObject\",\"inLanguage\":\"ca\",\"@id\":\"https:\\\/\\\/www.entreculturas.org\\\/ca\\\/#\\\/schema\\\/logo\\\/image\\\/\",\"url\":\"https:\\\/\\\/www.entreculturas.org\\\/wp-content\\\/uploads\\\/2025\\\/10\\\/ESP.svg\",\"contentUrl\":\"https:\\\/\\\/www.entreculturas.org\\\/wp-content\\\/uploads\\\/2025\\\/10\\\/ESP.svg\",\"caption\":\"Entreculturas\"},\"image\":{\"@id\":\"https:\\\/\\\/www.entreculturas.org\\\/ca\\\/#\\\/schema\\\/logo\\\/image\\\/\"},\"sameAs\":[\"https:\\\/\\\/www.facebook.com\\\/entreculturas\",\"https:\\\/\\\/x.com\\\/Entreculturas\",\"https:\\\/\\\/www.instagram.com\\\/entreculturas\\\/\",\"https:\\\/\\\/www.youtube.com\\\/user\\\/entreculturasvideo\",\"https:\\\/\\\/www.linkedin.com\\\/company\\\/fundacion-entreculturas-ngdo\\\/\",\"https:\\\/\\\/www.flickr.com\\\/photos\\\/98455522@N04\\\/albums\\\/\"]}]}<\/script>\n<!-- \/ Yoast SEO Premium plugin. -->","yoast_head_json":{"title":"Entreculturas y Fe y Alegr\u00eda presentes en la 6\u00aa Asamblea Mundial de la CME en Nepal - Entreculturas","robots":{"index":"index","follow":"follow","max-snippet":"max-snippet:-1","max-image-preview":"max-image-preview:large","max-video-preview":"max-video-preview:-1"},"canonical":"https:\/\/www.entreculturas.org\/ca\/noticia\/entreculturas-y-fe-y-alegria-presentes-en-la-6a-asamblea-mundial-de-la-cme-en-nepal\/","og_locale":"ca_ES","og_type":"article","og_title":"Entreculturas y Fe y Alegr\u00eda presentes en la 6\u00aa Asamblea Mundial de la CME en Nepal","og_description":"Entre los d\u00edas 13 y 18 de noviembre se ha celebrado en Katmand\u00fa, Nepal, la 6\u00aa Asamblea de la Campa\u00f1a Mundial por la Educaci\u00f3n (CME), un evento que se celebra cada cuatro a\u00f1os y que, en esta ocasi\u00f3n, ten\u00eda como objetivos promover el di\u00e1logo sobre temas emergentes en materia de educaci\u00f3n, hacer un repaso de la agenda 2030 y, de paso, renovar su presidencia y junta de gobierno.&nbsp; Por parte de la CME-Espa\u00f1a, de la que Entreculturas forma parte, asistieron Vega Castrillo, Coordinadora de Comunicaci\u00f3n, y Cristina \u00c1lvarez, Coordinadora de la Coalici\u00f3n. De parte de la Federaci\u00f3n Internacional de Fe y Alegr\u00eda estuvieron presentes Luc\u00eda Rodr\u00edguez y Luis Carlos Soler, este \u00faltimo como miembro de la Red Generaci\u00f3n21+. Bajo el t\u00edtulo \u201cTransformar los sistemas educativos para la igualdad, la inclusi\u00f3n y la justicia\u201d, la CME ha reiterado una vez m\u00e1s su creencia fundamental de que la educaci\u00f3n es un derecho [&hellip;]","og_url":"https:\/\/www.entreculturas.org\/ca\/noticia\/entreculturas-y-fe-y-alegria-presentes-en-la-6a-asamblea-mundial-de-la-cme-en-nepal\/","og_site_name":"Entreculturas","article_publisher":"https:\/\/www.facebook.com\/entreculturas","article_modified_time":"2024-02-05T16:13:41+00:00","og_image":[{"width":800,"height":600,"url":"https:\/\/www.entreculturas.org\/wp-content\/uploads\/2018\/11\/cme-nepal.jpg","type":"image\/jpeg"}],"twitter_card":"summary_large_image","twitter_site":"@Entreculturas","schema":{"@context":"https:\/\/schema.org","@graph":[{"@type":"WebPage","@id":"https:\/\/www.entreculturas.org\/ca\/noticia\/entreculturas-y-fe-y-alegria-presentes-en-la-6a-asamblea-mundial-de-la-cme-en-nepal\/","url":"https:\/\/www.entreculturas.org\/ca\/noticia\/entreculturas-y-fe-y-alegria-presentes-en-la-6a-asamblea-mundial-de-la-cme-en-nepal\/","name":"Entreculturas y Fe y Alegr\u00eda presentes en la 6\u00aa Asamblea Mundial de la CME en Nepal - Entreculturas","isPartOf":{"@id":"https:\/\/www.entreculturas.org\/ca\/#website"},"primaryImageOfPage":{"@id":"https:\/\/www.entreculturas.org\/ca\/noticia\/entreculturas-y-fe-y-alegria-presentes-en-la-6a-asamblea-mundial-de-la-cme-en-nepal\/#primaryimage"},"image":{"@id":"https:\/\/www.entreculturas.org\/ca\/noticia\/entreculturas-y-fe-y-alegria-presentes-en-la-6a-asamblea-mundial-de-la-cme-en-nepal\/#primaryimage"},"thumbnailUrl":"https:\/\/www.entreculturas.org\/wp-content\/uploads\/2018\/11\/cme-nepal.jpg","datePublished":"2018-11-30T10:57:23+00:00","dateModified":"2024-02-05T16:13:41+00:00","breadcrumb":{"@id":"https:\/\/www.entreculturas.org\/ca\/noticia\/entreculturas-y-fe-y-alegria-presentes-en-la-6a-asamblea-mundial-de-la-cme-en-nepal\/#breadcrumb"},"inLanguage":"ca","potentialAction":[{"@type":"ReadAction","target":["https:\/\/www.entreculturas.org\/ca\/noticia\/entreculturas-y-fe-y-alegria-presentes-en-la-6a-asamblea-mundial-de-la-cme-en-nepal\/"]}]},{"@type":"ImageObject","inLanguage":"ca","@id":"https:\/\/www.entreculturas.org\/ca\/noticia\/entreculturas-y-fe-y-alegria-presentes-en-la-6a-asamblea-mundial-de-la-cme-en-nepal\/#primaryimage","url":"https:\/\/www.entreculturas.org\/wp-content\/uploads\/2018\/11\/cme-nepal.jpg","contentUrl":"https:\/\/www.entreculturas.org\/wp-content\/uploads\/2018\/11\/cme-nepal.jpg","width":800,"height":600,"caption":"cme-nepal"},{"@type":"BreadcrumbList","@id":"https:\/\/www.entreculturas.org\/ca\/noticia\/entreculturas-y-fe-y-alegria-presentes-en-la-6a-asamblea-mundial-de-la-cme-en-nepal\/#breadcrumb","itemListElement":[{"@type":"ListItem","position":1,"name":"Home","item":"https:\/\/www.entreculturas.org\/ca\/"},{"@type":"ListItem","position":2,"name":"Noticias","item":"https:\/\/www.entreculturas.org\/ca\/noticias\/"},{"@type":"ListItem","position":3,"name":"Entreculturas y Fe y Alegr\u00eda presentes en la 6\u00aa Asamblea Mundial de la CME en Nepal"}]},{"@type":"WebSite","@id":"https:\/\/www.entreculturas.org\/ca\/#website","url":"https:\/\/www.entreculturas.org\/ca\/","name":"Entreculturas","description":"","publisher":{"@id":"https:\/\/www.entreculturas.org\/ca\/#organization"},"alternateName":"Entreculturas","potentialAction":[{"@type":"SearchAction","target":{"@type":"EntryPoint","urlTemplate":"https:\/\/www.entreculturas.org\/ca\/?s={search_term_string}"},"query-input":{"@type":"PropertyValueSpecification","valueRequired":true,"valueName":"search_term_string"}}],"inLanguage":"ca"},{"@type":"Organization","@id":"https:\/\/www.entreculturas.org\/ca\/#organization","name":"Entreculturas","url":"https:\/\/www.entreculturas.org\/ca\/","logo":{"@type":"ImageObject","inLanguage":"ca","@id":"https:\/\/www.entreculturas.org\/ca\/#\/schema\/logo\/image\/","url":"https:\/\/www.entreculturas.org\/wp-content\/uploads\/2025\/10\/ESP.svg","contentUrl":"https:\/\/www.entreculturas.org\/wp-content\/uploads\/2025\/10\/ESP.svg","caption":"Entreculturas"},"image":{"@id":"https:\/\/www.entreculturas.org\/ca\/#\/schema\/logo\/image\/"},"sameAs":["https:\/\/www.facebook.com\/entreculturas","https:\/\/x.com\/Entreculturas","https:\/\/www.instagram.com\/entreculturas\/","https:\/\/www.youtube.com\/user\/entreculturasvideo","https:\/\/www.linkedin.com\/company\/fundacion-entreculturas-ngdo\/","https:\/\/www.flickr.com\/photos\/98455522@N04\/albums\/"]}]}},"_links":{"self":[{"href":"https:\/\/www.entreculturas.org\/ca\/wp-json\/wp\/v2\/noticia\/2407","targetHints":{"allow":["GET"]}}],"collection":[{"href":"https:\/\/www.entreculturas.org\/ca\/wp-json\/wp\/v2\/noticia"}],"about":[{"href":"https:\/\/www.entreculturas.org\/ca\/wp-json\/wp\/v2\/types\/noticia"}],"wp:featuredmedia":[{"embeddable":true,"href":"https:\/\/www.entreculturas.org\/ca\/wp-json\/wp\/v2\/media\/2408"}],"wp:attachment":[{"href":"https:\/\/www.entreculturas.org\/ca\/wp-json\/wp\/v2\/media?parent=2407"}],"wp:term":[{"taxonomy":"category","embeddable":true,"href":"https:\/\/www.entreculturas.org\/ca\/wp-json\/wp\/v2\/categories?post=2407"},{"taxonomy":"post_tag","embeddable":true,"href":"https:\/\/www.entreculturas.org\/ca\/wp-json\/wp\/v2\/tags?post=2407"},{"taxonomy":"country","embeddable":true,"href":"https:\/\/www.entreculturas.org\/ca\/wp-json\/wp\/v2\/country?post=2407"},{"taxonomy":"cause","embeddable":true,"href":"https:\/\/www.entreculturas.org\/ca\/wp-json\/wp\/v2\/cause?post=2407"}],"curies":[{"name":"wp","href":"https:\/\/api.w.org\/{rel}","templated":true}]}}