{"id":23939,"date":"2024-04-22T09:46:24","date_gmt":"2024-04-22T07:46:24","guid":{"rendered":"https:\/\/www.entreculturas.org\/?post_type=noticia&#038;p=23939"},"modified":"2025-03-03T10:19:38","modified_gmt":"2025-03-03T09:19:38","slug":"el-dia-de-la-tierra","status":"publish","type":"noticia","link":"https:\/\/www.entreculturas.org\/ca\/noticia\/el-dia-de-la-tierra\/","title":{"rendered":"El D\u00eda de la Tierra: celebremos nuestro Planeta"},"content":{"rendered":"\n<p>Hoy, D\u00eda de la Tierra, unamos nuestras voces para reivindicar el cuidado de nuestra Casa Com\u00fan. El 22 de abril nos brinda la oportunidad de renovar nuestro compromiso con la protecci\u00f3n y defensa activa de la naturaleza que sustenta toda forma de vida.<\/p>\n\n\n\n<p><\/p>\n\n\n\n<h2 class=\"wp-block-heading\" id=\"h-un-llamado-a-la-accion-global\">Un llamado a la Acci\u00f3n Global<\/h2>\n\n\n\n<p><\/p>\n\n\n\n<p>El D\u00eda de la Tierra no es solo una fecha en el calendario, es un llamado a la acci\u00f3n global. Nos recuerda que cada quien tiene la responsabilidad de preservar el medio ambiente. Desde la reducci\u00f3n de nuestra huella de carbono hasta la promoci\u00f3n de pr\u00e1cticas sostenibles, cada acci\u00f3n cuenta en la construcci\u00f3n de un futuro m\u00e1s verde y sostenible.<\/p>\n\n\n\n<p><\/p>\n\n\n\n<h2 class=\"wp-block-heading\" id=\"h-la-importancia-de-la-concienciacion-ambiental\">La importancia de la concienciaci\u00f3n ambiental<\/h2>\n\n\n\n<p><br>En este d\u00eda significativo, tambi\u00e9n destacamos la importancia de la concienciaci\u00f3n ambiental. Educar a las generaciones presentes y futuras sobre los desaf\u00edos ambientales y la corresponsabilidad que tenemos es fundamental para inspirar un cambio positivo. Desde programas educativos en las escuelas hasta campa\u00f1as de sensibilizaci\u00f3n y movilizaci\u00f3n como \u201cSomos Amazon\u00eda\u201d, debemos trabajar en alianza para cultivar una cultura de respeto hacia nuestro entorno natural, y todas las formas de vida.<\/p>\n\n\n\n<p><\/p>\n\n\n\n<p>A trav\u00e9s de la campa\u00f1a <a href=\"https:\/\/www.somos-amazonia.org\/\">\u201cSomos Amazon\u00eda\u201d<\/a>, Alboan y Entreculturas promovemos la movilizaci\u00f3n de la ciudadan\u00eda para proteger la Amazon\u00eda, los pueblos que la habitan y luchar contra el cambio clim\u00e1tico.<\/p>\n\n\n\n<p><\/p>\n\n\n\n<p>La campa\u00f1a da a conocer la vinculaci\u00f3n que existe entre los conflictos ecosociales y los modos de producci\u00f3n y consumo globales a fin de promover una ciudadan\u00eda cr\u00edtica que se movilice por un mundo m\u00e1s justo, equitativo y sostenible.<\/p>\n\n\n\n<p><\/p>\n\n\n\n<h2 class=\"wp-block-heading\" id=\"h-el-papel-de-las-defensoras\">El papel de las Defensoras<\/h2>\n\n\n\n<p><br>El D\u00eda de la Tierra tambi\u00e9n es un momento para reconocer la labor de las Defensoras de la naturaleza: mujeres que se sit\u00faan en primera l\u00ednea en la lucha contra la injusticia y la desigualdad. Estas lideresas denuncian las vulneraciones de Derechos Humanos y la degradaci\u00f3n de la Casa Com\u00fan, y se activan para proteger la biodiversidad en diferentes rincones del mundo.<\/p>\n\n\n\n<p><\/p>\n\n\n\n<p>Mujeres como <a href=\"https:\/\/www.entreculturas.org\/podcast\/las-mujeres-son-las-primeras-que-buscan-la-manera-de-defender-los-derechos-de-sus-comunidades\/\" target=\"_blank\" rel=\"noreferrer noopener\">Leticia Hern\u00e1ndez<\/a>, ind\u00edgena N\u00e1huatl y comunicadora radiof\u00f3nica de Veracruz, M\u00e9xico, o Anitalia Pijachi, lideresa del pueblo Okaima de Leticia, Colombia, son ejemplos inspiradores y se\u00f1alan hacia d\u00f3nde debe encaminarse el accionar colectivo. Es vital apoyar y ampliar estos esfuerzos.<\/p>\n\n\n\n<p><\/p>\n\n\n\n<p>Ser defensora del territorio es una lucha de resistencia y una actividad de riesgo extremo. Solo en 2022 la violencia contra las personas defensoras de la naturaleza se cobr\u00f3 177 v\u00edctimas, una cada dos d\u00edas. M\u00e1s de la mitad de los asesinatos tuvieron lugar en 4 pa\u00edses: Colombia, Brasil, M\u00e9xico y Honduras.<\/p>\n\n\n\n<p><\/p>\n\n\n\n<h2 class=\"wp-block-heading\" id=\"h-ley-de-diligencia-debida\">Ley de Diligencia Debida<\/h2>\n\n\n\n<p><br>Debido a ese modelo depredador, que trata a la naturaleza como una despensa inagotable, se produce la degradaci\u00f3n del medio ambiente, la desintegraci\u00f3n de las comunidades, y el despojo de sus territorios y modos de vida.<\/p>\n\n\n\n<p><\/p>\n\n\n\n<p>Buena parte de los atropellos ecosociales est\u00e1n relacionados con la actividad de las empresas transnacionales y sus cadenas de suministro. Con el fin de reducir la impunidad ante la vulneraci\u00f3n de derechos, desde la sociedad civil hemos presionado para que la Uni\u00f3n Europea implemente una s\u00f3lida ley de Diligencia Debida en materia de Sostenibilidad Empresarial. Finalmente, el texto que previsiblemente refrendar\u00e1 el Parlamento Europeo queda muy por debajo de las expectativas creadas, y tendr\u00e1 un alcance limitado para que las empresas transnacionales respeten los derechos humanos y medioambientales all\u00ed donde operan.<\/p>\n\n\n\n<p><\/p>\n\n\n\n<p><\/p>\n\n\n\n<h2 class=\"wp-block-heading\" id=\"h-responsabilidad-compartida\">Responsabilidad compartida<\/h2>\n\n\n\n<p><br>En conclusi\u00f3n, el D\u00eda de la Tierra es m\u00e1s que una celebraci\u00f3n; es un recordatorio de nuestra responsabilidad compartida hacia nuestro hogar com\u00fan. Al unirnos en solidaridad y acci\u00f3n, podemos crear un futuro m\u00e1s sostenible y equitativo para todos los seres vivos que llaman a la Tierra su hogar.<\/p>\n","protected":false},"excerpt":{"rendered":"<p>Hoy, D\u00eda de la Tierra, unamos nuestras voces para reivindicar el cuidado de nuestra Casa Com\u00fan. El 22 de abril nos brinda la oportunidad de renovar nuestro compromiso con la protecci\u00f3n y defensa activa de la naturaleza que sustenta toda forma de vida. Un llamado a la Acci\u00f3n Global El D\u00eda de la Tierra no es solo una fecha en el calendario, es un llamado a la acci\u00f3n global. Nos recuerda que cada quien tiene la responsabilidad de preservar el medio ambiente. Desde la reducci\u00f3n de nuestra huella de carbono hasta la promoci\u00f3n de pr\u00e1cticas sostenibles, cada acci\u00f3n cuenta en la construcci\u00f3n de un futuro m\u00e1s verde y sostenible. La importancia de la concienciaci\u00f3n ambiental En este d\u00eda significativo, tambi\u00e9n destacamos la importancia de la concienciaci\u00f3n ambiental. Educar a las generaciones presentes y futuras sobre los desaf\u00edos ambientales y la corresponsabilidad que tenemos es fundamental para inspirar un cambio positivo. [&hellip;]<\/p>\n","protected":false},"featured_media":23941,"template":"","meta":{"_acf_changed":false},"categories":[7],"tags":[256],"country":[],"cause":[131],"class_list":["post-23939","noticia","type-noticia","status-publish","has-post-thumbnail","hentry","category-noticia","tag-justicia-socioambiental","cause-justicia-medioambiental"],"acf":[],"yoast_head":"<!-- This site is optimized with the Yoast SEO Premium plugin v21.6 (Yoast SEO v27.5) - https:\/\/yoast.com\/product\/yoast-seo-premium-wordpress\/ -->\n<title>El D\u00eda de la Tierra: celebremos nuestro Planeta - Entreculturas<\/title>\n<meta name=\"description\" content=\"El D\u00eda de la Tierra no es solo una fecha en el calendario, es un llamado a la acci\u00f3n global que nos recuerda que todos tenemos un compromiso.\" \/>\n<meta name=\"robots\" content=\"index, follow, max-snippet:-1, max-image-preview:large, max-video-preview:-1\" \/>\n<link rel=\"canonical\" href=\"https:\/\/www.entreculturas.org\/ca\/noticia\/el-dia-de-la-tierra\/\" \/>\n<meta property=\"og:locale\" content=\"ca_ES\" \/>\n<meta property=\"og:type\" content=\"article\" \/>\n<meta property=\"og:title\" content=\"El D\u00eda de la Tierra: celebremos nuestro Planeta\" \/>\n<meta property=\"og:description\" content=\"El D\u00eda de la Tierra no es solo una fecha en el calendario, es un llamado a la acci\u00f3n global que nos recuerda que todos tenemos un compromiso.\" \/>\n<meta property=\"og:url\" content=\"https:\/\/www.entreculturas.org\/ca\/noticia\/el-dia-de-la-tierra\/\" \/>\n<meta property=\"og:site_name\" content=\"Entreculturas\" \/>\n<meta property=\"article:publisher\" content=\"https:\/\/www.facebook.com\/entreculturas\" \/>\n<meta property=\"article:modified_time\" content=\"2025-03-03T09:19:38+00:00\" \/>\n<meta property=\"og:image\" content=\"https:\/\/www.entreculturas.org\/wp-content\/uploads\/2024\/04\/amazonia-llega-a-madrid-la-exposicion-inmersiva-sobre-el-amazonas-635x358-1.jpg\" \/>\n\t<meta property=\"og:image:width\" content=\"635\" \/>\n\t<meta property=\"og:image:height\" content=\"358\" \/>\n\t<meta property=\"og:image:type\" content=\"image\/jpeg\" \/>\n<meta name=\"twitter:card\" content=\"summary_large_image\" \/>\n<meta name=\"twitter:site\" content=\"@Entreculturas\" \/>\n<script type=\"application\/ld+json\" class=\"yoast-schema-graph\">{\"@context\":\"https:\\\/\\\/schema.org\",\"@graph\":[{\"@type\":\"WebPage\",\"@id\":\"https:\\\/\\\/www.entreculturas.org\\\/ca\\\/noticia\\\/el-dia-de-la-tierra\\\/\",\"url\":\"https:\\\/\\\/www.entreculturas.org\\\/ca\\\/noticia\\\/el-dia-de-la-tierra\\\/\",\"name\":\"El D\u00eda de la Tierra: celebremos nuestro Planeta - Entreculturas\",\"isPartOf\":{\"@id\":\"https:\\\/\\\/www.entreculturas.org\\\/ca\\\/#website\"},\"primaryImageOfPage\":{\"@id\":\"https:\\\/\\\/www.entreculturas.org\\\/ca\\\/noticia\\\/el-dia-de-la-tierra\\\/#primaryimage\"},\"image\":{\"@id\":\"https:\\\/\\\/www.entreculturas.org\\\/ca\\\/noticia\\\/el-dia-de-la-tierra\\\/#primaryimage\"},\"thumbnailUrl\":\"https:\\\/\\\/www.entreculturas.org\\\/wp-content\\\/uploads\\\/2024\\\/04\\\/amazonia-llega-a-madrid-la-exposicion-inmersiva-sobre-el-amazonas-635x358-1.jpg\",\"datePublished\":\"2024-04-22T07:46:24+00:00\",\"dateModified\":\"2025-03-03T09:19:38+00:00\",\"description\":\"El D\u00eda de la Tierra no es solo una fecha en el calendario, es un llamado a la acci\u00f3n global que nos recuerda que todos tenemos un compromiso.\",\"breadcrumb\":{\"@id\":\"https:\\\/\\\/www.entreculturas.org\\\/ca\\\/noticia\\\/el-dia-de-la-tierra\\\/#breadcrumb\"},\"inLanguage\":\"ca\",\"potentialAction\":[{\"@type\":\"ReadAction\",\"target\":[\"https:\\\/\\\/www.entreculturas.org\\\/ca\\\/noticia\\\/el-dia-de-la-tierra\\\/\"]}]},{\"@type\":\"ImageObject\",\"inLanguage\":\"ca\",\"@id\":\"https:\\\/\\\/www.entreculturas.org\\\/ca\\\/noticia\\\/el-dia-de-la-tierra\\\/#primaryimage\",\"url\":\"https:\\\/\\\/www.entreculturas.org\\\/wp-content\\\/uploads\\\/2024\\\/04\\\/amazonia-llega-a-madrid-la-exposicion-inmersiva-sobre-el-amazonas-635x358-1.jpg\",\"contentUrl\":\"https:\\\/\\\/www.entreculturas.org\\\/wp-content\\\/uploads\\\/2024\\\/04\\\/amazonia-llega-a-madrid-la-exposicion-inmersiva-sobre-el-amazonas-635x358-1.jpg\",\"width\":635,\"height\":358,\"caption\":\"D\u00eda de la Tierra\"},{\"@type\":\"BreadcrumbList\",\"@id\":\"https:\\\/\\\/www.entreculturas.org\\\/ca\\\/noticia\\\/el-dia-de-la-tierra\\\/#breadcrumb\",\"itemListElement\":[{\"@type\":\"ListItem\",\"position\":1,\"name\":\"Home\",\"item\":\"https:\\\/\\\/www.entreculturas.org\\\/ca\\\/\"},{\"@type\":\"ListItem\",\"position\":2,\"name\":\"Noticias\",\"item\":\"https:\\\/\\\/www.entreculturas.org\\\/ca\\\/noticias\\\/\"},{\"@type\":\"ListItem\",\"position\":3,\"name\":\"El D\u00eda de la Tierra: celebremos nuestro Planeta\"}]},{\"@type\":\"WebSite\",\"@id\":\"https:\\\/\\\/www.entreculturas.org\\\/ca\\\/#website\",\"url\":\"https:\\\/\\\/www.entreculturas.org\\\/ca\\\/\",\"name\":\"Entreculturas\",\"description\":\"\",\"publisher\":{\"@id\":\"https:\\\/\\\/www.entreculturas.org\\\/ca\\\/#organization\"},\"alternateName\":\"Entreculturas\",\"potentialAction\":[{\"@type\":\"SearchAction\",\"target\":{\"@type\":\"EntryPoint\",\"urlTemplate\":\"https:\\\/\\\/www.entreculturas.org\\\/ca\\\/?s={search_term_string}\"},\"query-input\":{\"@type\":\"PropertyValueSpecification\",\"valueRequired\":true,\"valueName\":\"search_term_string\"}}],\"inLanguage\":\"ca\"},{\"@type\":\"Organization\",\"@id\":\"https:\\\/\\\/www.entreculturas.org\\\/ca\\\/#organization\",\"name\":\"Entreculturas\",\"url\":\"https:\\\/\\\/www.entreculturas.org\\\/ca\\\/\",\"logo\":{\"@type\":\"ImageObject\",\"inLanguage\":\"ca\",\"@id\":\"https:\\\/\\\/www.entreculturas.org\\\/ca\\\/#\\\/schema\\\/logo\\\/image\\\/\",\"url\":\"https:\\\/\\\/www.entreculturas.org\\\/wp-content\\\/uploads\\\/2025\\\/10\\\/ESP.svg\",\"contentUrl\":\"https:\\\/\\\/www.entreculturas.org\\\/wp-content\\\/uploads\\\/2025\\\/10\\\/ESP.svg\",\"caption\":\"Entreculturas\"},\"image\":{\"@id\":\"https:\\\/\\\/www.entreculturas.org\\\/ca\\\/#\\\/schema\\\/logo\\\/image\\\/\"},\"sameAs\":[\"https:\\\/\\\/www.facebook.com\\\/entreculturas\",\"https:\\\/\\\/x.com\\\/Entreculturas\",\"https:\\\/\\\/www.instagram.com\\\/entreculturas\\\/\",\"https:\\\/\\\/www.youtube.com\\\/user\\\/entreculturasvideo\",\"https:\\\/\\\/www.linkedin.com\\\/company\\\/fundacion-entreculturas-ngdo\\\/\",\"https:\\\/\\\/www.flickr.com\\\/photos\\\/98455522@N04\\\/albums\\\/\"]}]}<\/script>\n<!-- \/ Yoast SEO Premium plugin. -->","yoast_head_json":{"title":"El D\u00eda de la Tierra: celebremos nuestro Planeta - Entreculturas","description":"El D\u00eda de la Tierra no es solo una fecha en el calendario, es un llamado a la acci\u00f3n global que nos recuerda que todos tenemos un compromiso.","robots":{"index":"index","follow":"follow","max-snippet":"max-snippet:-1","max-image-preview":"max-image-preview:large","max-video-preview":"max-video-preview:-1"},"canonical":"https:\/\/www.entreculturas.org\/ca\/noticia\/el-dia-de-la-tierra\/","og_locale":"ca_ES","og_type":"article","og_title":"El D\u00eda de la Tierra: celebremos nuestro Planeta","og_description":"El D\u00eda de la Tierra no es solo una fecha en el calendario, es un llamado a la acci\u00f3n global que nos recuerda que todos tenemos un compromiso.","og_url":"https:\/\/www.entreculturas.org\/ca\/noticia\/el-dia-de-la-tierra\/","og_site_name":"Entreculturas","article_publisher":"https:\/\/www.facebook.com\/entreculturas","article_modified_time":"2025-03-03T09:19:38+00:00","og_image":[{"width":635,"height":358,"url":"https:\/\/www.entreculturas.org\/wp-content\/uploads\/2024\/04\/amazonia-llega-a-madrid-la-exposicion-inmersiva-sobre-el-amazonas-635x358-1.jpg","type":"image\/jpeg"}],"twitter_card":"summary_large_image","twitter_site":"@Entreculturas","schema":{"@context":"https:\/\/schema.org","@graph":[{"@type":"WebPage","@id":"https:\/\/www.entreculturas.org\/ca\/noticia\/el-dia-de-la-tierra\/","url":"https:\/\/www.entreculturas.org\/ca\/noticia\/el-dia-de-la-tierra\/","name":"El D\u00eda de la Tierra: celebremos nuestro Planeta - Entreculturas","isPartOf":{"@id":"https:\/\/www.entreculturas.org\/ca\/#website"},"primaryImageOfPage":{"@id":"https:\/\/www.entreculturas.org\/ca\/noticia\/el-dia-de-la-tierra\/#primaryimage"},"image":{"@id":"https:\/\/www.entreculturas.org\/ca\/noticia\/el-dia-de-la-tierra\/#primaryimage"},"thumbnailUrl":"https:\/\/www.entreculturas.org\/wp-content\/uploads\/2024\/04\/amazonia-llega-a-madrid-la-exposicion-inmersiva-sobre-el-amazonas-635x358-1.jpg","datePublished":"2024-04-22T07:46:24+00:00","dateModified":"2025-03-03T09:19:38+00:00","description":"El D\u00eda de la Tierra no es solo una fecha en el calendario, es un llamado a la acci\u00f3n global que nos recuerda que todos tenemos un compromiso.","breadcrumb":{"@id":"https:\/\/www.entreculturas.org\/ca\/noticia\/el-dia-de-la-tierra\/#breadcrumb"},"inLanguage":"ca","potentialAction":[{"@type":"ReadAction","target":["https:\/\/www.entreculturas.org\/ca\/noticia\/el-dia-de-la-tierra\/"]}]},{"@type":"ImageObject","inLanguage":"ca","@id":"https:\/\/www.entreculturas.org\/ca\/noticia\/el-dia-de-la-tierra\/#primaryimage","url":"https:\/\/www.entreculturas.org\/wp-content\/uploads\/2024\/04\/amazonia-llega-a-madrid-la-exposicion-inmersiva-sobre-el-amazonas-635x358-1.jpg","contentUrl":"https:\/\/www.entreculturas.org\/wp-content\/uploads\/2024\/04\/amazonia-llega-a-madrid-la-exposicion-inmersiva-sobre-el-amazonas-635x358-1.jpg","width":635,"height":358,"caption":"D\u00eda de la Tierra"},{"@type":"BreadcrumbList","@id":"https:\/\/www.entreculturas.org\/ca\/noticia\/el-dia-de-la-tierra\/#breadcrumb","itemListElement":[{"@type":"ListItem","position":1,"name":"Home","item":"https:\/\/www.entreculturas.org\/ca\/"},{"@type":"ListItem","position":2,"name":"Noticias","item":"https:\/\/www.entreculturas.org\/ca\/noticias\/"},{"@type":"ListItem","position":3,"name":"El D\u00eda de la Tierra: celebremos nuestro Planeta"}]},{"@type":"WebSite","@id":"https:\/\/www.entreculturas.org\/ca\/#website","url":"https:\/\/www.entreculturas.org\/ca\/","name":"Entreculturas","description":"","publisher":{"@id":"https:\/\/www.entreculturas.org\/ca\/#organization"},"alternateName":"Entreculturas","potentialAction":[{"@type":"SearchAction","target":{"@type":"EntryPoint","urlTemplate":"https:\/\/www.entreculturas.org\/ca\/?s={search_term_string}"},"query-input":{"@type":"PropertyValueSpecification","valueRequired":true,"valueName":"search_term_string"}}],"inLanguage":"ca"},{"@type":"Organization","@id":"https:\/\/www.entreculturas.org\/ca\/#organization","name":"Entreculturas","url":"https:\/\/www.entreculturas.org\/ca\/","logo":{"@type":"ImageObject","inLanguage":"ca","@id":"https:\/\/www.entreculturas.org\/ca\/#\/schema\/logo\/image\/","url":"https:\/\/www.entreculturas.org\/wp-content\/uploads\/2025\/10\/ESP.svg","contentUrl":"https:\/\/www.entreculturas.org\/wp-content\/uploads\/2025\/10\/ESP.svg","caption":"Entreculturas"},"image":{"@id":"https:\/\/www.entreculturas.org\/ca\/#\/schema\/logo\/image\/"},"sameAs":["https:\/\/www.facebook.com\/entreculturas","https:\/\/x.com\/Entreculturas","https:\/\/www.instagram.com\/entreculturas\/","https:\/\/www.youtube.com\/user\/entreculturasvideo","https:\/\/www.linkedin.com\/company\/fundacion-entreculturas-ngdo\/","https:\/\/www.flickr.com\/photos\/98455522@N04\/albums\/"]}]}},"_links":{"self":[{"href":"https:\/\/www.entreculturas.org\/ca\/wp-json\/wp\/v2\/noticia\/23939","targetHints":{"allow":["GET"]}}],"collection":[{"href":"https:\/\/www.entreculturas.org\/ca\/wp-json\/wp\/v2\/noticia"}],"about":[{"href":"https:\/\/www.entreculturas.org\/ca\/wp-json\/wp\/v2\/types\/noticia"}],"wp:featuredmedia":[{"embeddable":true,"href":"https:\/\/www.entreculturas.org\/ca\/wp-json\/wp\/v2\/media\/23941"}],"wp:attachment":[{"href":"https:\/\/www.entreculturas.org\/ca\/wp-json\/wp\/v2\/media?parent=23939"}],"wp:term":[{"taxonomy":"category","embeddable":true,"href":"https:\/\/www.entreculturas.org\/ca\/wp-json\/wp\/v2\/categories?post=23939"},{"taxonomy":"post_tag","embeddable":true,"href":"https:\/\/www.entreculturas.org\/ca\/wp-json\/wp\/v2\/tags?post=23939"},{"taxonomy":"country","embeddable":true,"href":"https:\/\/www.entreculturas.org\/ca\/wp-json\/wp\/v2\/country?post=23939"},{"taxonomy":"cause","embeddable":true,"href":"https:\/\/www.entreculturas.org\/ca\/wp-json\/wp\/v2\/cause?post=23939"}],"curies":[{"name":"wp","href":"https:\/\/api.w.org\/{rel}","templated":true}]}}