{"id":23748,"date":"2024-04-15T10:55:34","date_gmt":"2024-04-15T08:55:34","guid":{"rendered":"https:\/\/www.entreculturas.org\/?post_type=noticia&#038;p=23748"},"modified":"2024-04-16T11:07:30","modified_gmt":"2024-04-16T09:07:30","slug":"guerra-en-sudan","status":"publish","type":"noticia","link":"https:\/\/www.entreculturas.org\/ca\/noticia\/guerra-en-sudan\/","title":{"rendered":"GUERRA EN SUD\u00c1N: UN A\u00d1O DESPU\u00c9S"},"content":{"rendered":"\n<p>Hoy se conmemora un a\u00f1o desde el inicio del conflicto armado en Sud\u00e1n,&nbsp; que ha dejado ya 9 millones de personas desplazadas. El enfrentamiento entre las Fuerzas de Apoyo R\u00e1pido (RSF) y las Fuerzas Armadas de Sud\u00e1n (SAF) dio lugar a una guerra civil en el pa\u00eds.<\/p>\n\n\n\n<div style=\"height:15px\" aria-hidden=\"true\" class=\"wp-block-spacer\"><\/div>\n\n\n\n<p>La situaci\u00f3n en Sud\u00e1n es preocupante. Millones de personas no logran satisfacer sus necesidades b\u00e1sicas para tener una vida digna como alimentos diarios, refugio, educaci\u00f3n, acceso al agua potable y atenci\u00f3n m\u00e9dica.<\/p>\n\n\n\n<div style=\"height:15px\" aria-hidden=\"true\" class=\"wp-block-spacer\"><\/div>\n\n\n\n<h2 class=\"wp-block-heading\" id=\"h-consecuencias-de-la-guerra-en-sudan\"><strong>Consecuencias de la guerra en Sud\u00e1n<\/strong><\/h2>\n\n\n\n<div style=\"height:15px\" aria-hidden=\"true\" class=\"wp-block-spacer\"><\/div>\n\n\n\n<p>La guerra en Sud\u00e1n ha desencadenado una de las crisis humanitarias m\u00e1s duras en la regi\u00f3n. Alrededor de 25 millones de personas, en torno a la mitad de la poblaci\u00f3n, necesitan ayuda humanitaria.<\/p>\n\n\n\n<div style=\"height:15px\" aria-hidden=\"true\" class=\"wp-block-spacer\"><\/div>\n\n\n\n<p>\u201cA pesar del horror, la crueldad y las crecientes necesidades de la poblaci\u00f3n desplazada, la crisis en Sud\u00e1n ha desaparecido de los titulares\u201d, ha se\u00f1alado Paula Casado, Responsable de Comunicaci\u00f3n del Servicio Jesuita a Refugiados (JRS) en \u00c1frica Oriental, entidad cuya labor en terreno apoya la ONG Entreculturas. Paula, que conoce de primera mano la situaci\u00f3n de acogida en los pa\u00edses lim\u00edtrofes, es clara al afirmar que<strong> \u201cla terrible situaci\u00f3n humanitaria persiste<\/strong>, existiendo necesidades urgentes de protecci\u00f3n, educaci\u00f3n, apoyo a la salud mental y refugio\u201d.&nbsp;<\/p>\n\n\n\n<div style=\"height:15px\" aria-hidden=\"true\" class=\"wp-block-spacer\"><\/div>\n\n\n\n<p>Con una gran parte de los hospitales tambi\u00e9n inoperativos, el acceso a la atenci\u00f3n m\u00e9dica es escaso. El 65% de la poblaci\u00f3n carece de acceso a servicios de salud. Adem\u00e1s, cerca de 18 millones sufren altos niveles de hambre. La situaci\u00f3n se ve empeorada por el cierre generalizado de las escuelas, privando a 10 millones de ni\u00f1os y ni\u00f1as de su derecho a la educaci\u00f3n y poniendo en peligro su futuro.<\/p>\n\n\n\n<div style=\"height:15px\" aria-hidden=\"true\" class=\"wp-block-spacer\"><\/div>\n\n\n\n<p>En medio de este panorama, muchos han huido hacia pa\u00edses vecinos en busca de seguridad y esperanza para un futuro mejor.<\/p>\n\n\n\n<div style=\"height:15px\" aria-hidden=\"true\" class=\"wp-block-spacer\"><\/div>\n\n\n\n<div class=\"wp-block-cb-carousel cb-single-slide\" data-slick=\"{&quot;slidesToShow&quot;:1,&quot;slidesToScroll&quot;:1,&quot;speed&quot;:300,&quot;arrows&quot;:true,&quot;dots&quot;:true,&quot;autoplay&quot;:false,&quot;autoplaySpeed&quot;:3000,&quot;infinite&quot;:false,&quot;responsive&quot;:[{&quot;breakpoint&quot;:769,&quot;settings&quot;:{&quot;slidesToShow&quot;:1,&quot;slidesToScroll&quot;:1}}]}\">\n<div class=\"wp-block-cb-slide\">\n<figure class=\"wp-block-image size-large is-resized\"><img decoding=\"async\" width=\"1024\" height=\"683\" src=\"https:\/\/www.entreculturas.org\/wp-content\/uploads\/2024\/04\/Transit-Center_19_Credits-to-Paula-Casado-Aguirregabiria-1024x683.jpg\" alt=\"guerra en Sud\u00e1n 5\" class=\"wp-image-23767\" style=\"object-fit:contain;width:1200px;height:600px\" srcset=\"https:\/\/www.entreculturas.org\/wp-content\/uploads\/2024\/04\/Transit-Center_19_Credits-to-Paula-Casado-Aguirregabiria-1024x683.jpg 1024w, https:\/\/www.entreculturas.org\/wp-content\/uploads\/2024\/04\/Transit-Center_19_Credits-to-Paula-Casado-Aguirregabiria-300x200.jpg 300w, https:\/\/www.entreculturas.org\/wp-content\/uploads\/2024\/04\/Transit-Center_19_Credits-to-Paula-Casado-Aguirregabiria-768x512.jpg 768w, https:\/\/www.entreculturas.org\/wp-content\/uploads\/2024\/04\/Transit-Center_19_Credits-to-Paula-Casado-Aguirregabiria-1536x1024.jpg 1536w, https:\/\/www.entreculturas.org\/wp-content\/uploads\/2024\/04\/Transit-Center_19_Credits-to-Paula-Casado-Aguirregabiria-2048x1365.jpg 2048w\" sizes=\"(max-width: 1024px) 100vw, 1024px\" \/><figcaption class=\"wp-element-caption\">\u00a9 Paula Casado \/ JRS<\/figcaption><\/figure>\n<\/div>\n\n\n\n<div class=\"wp-block-cb-slide\">\n<figure class=\"wp-block-image aligncenter size-large is-resized\"><img decoding=\"async\" width=\"1024\" height=\"683\" src=\"https:\/\/www.entreculturas.org\/wp-content\/uploads\/2024\/04\/Transit-Center_16_Credits-to-Paula-Casado-Aguirregabiria-1024x683.jpg\" alt=\"guerra en Sud\u00e1n 6\" class=\"wp-image-23771\" style=\"object-fit:contain;width:1200px;height:600px\" srcset=\"https:\/\/www.entreculturas.org\/wp-content\/uploads\/2024\/04\/Transit-Center_16_Credits-to-Paula-Casado-Aguirregabiria-1024x683.jpg 1024w, https:\/\/www.entreculturas.org\/wp-content\/uploads\/2024\/04\/Transit-Center_16_Credits-to-Paula-Casado-Aguirregabiria-300x200.jpg 300w, https:\/\/www.entreculturas.org\/wp-content\/uploads\/2024\/04\/Transit-Center_16_Credits-to-Paula-Casado-Aguirregabiria-768x512.jpg 768w, https:\/\/www.entreculturas.org\/wp-content\/uploads\/2024\/04\/Transit-Center_16_Credits-to-Paula-Casado-Aguirregabiria-1536x1024.jpg 1536w, https:\/\/www.entreculturas.org\/wp-content\/uploads\/2024\/04\/Transit-Center_16_Credits-to-Paula-Casado-Aguirregabiria-2048x1365.jpg 2048w\" sizes=\"(max-width: 1024px) 100vw, 1024px\" \/><figcaption class=\"wp-element-caption\">\u00a9 Paula Casado \/ JRS<\/figcaption><\/figure>\n<\/div>\n\n\n\n<div class=\"wp-block-cb-slide\">\n<figure class=\"wp-block-image size-large is-resized\"><img decoding=\"async\" width=\"1024\" height=\"683\" src=\"https:\/\/www.entreculturas.org\/wp-content\/uploads\/2024\/04\/Transit-Center_23_Credits-to-Paula-Casado-Aguirregabiria-1024x683.jpg\" alt=\"guerra en Sud\u00e1n 3\" class=\"wp-image-23759\" style=\"object-fit:contain;width:1200px;height:600px\" srcset=\"https:\/\/www.entreculturas.org\/wp-content\/uploads\/2024\/04\/Transit-Center_23_Credits-to-Paula-Casado-Aguirregabiria-1024x683.jpg 1024w, https:\/\/www.entreculturas.org\/wp-content\/uploads\/2024\/04\/Transit-Center_23_Credits-to-Paula-Casado-Aguirregabiria-300x200.jpg 300w, https:\/\/www.entreculturas.org\/wp-content\/uploads\/2024\/04\/Transit-Center_23_Credits-to-Paula-Casado-Aguirregabiria-768x512.jpg 768w, https:\/\/www.entreculturas.org\/wp-content\/uploads\/2024\/04\/Transit-Center_23_Credits-to-Paula-Casado-Aguirregabiria-1536x1024.jpg 1536w, https:\/\/www.entreculturas.org\/wp-content\/uploads\/2024\/04\/Transit-Center_23_Credits-to-Paula-Casado-Aguirregabiria-2048x1365.jpg 2048w\" sizes=\"(max-width: 1024px) 100vw, 1024px\" \/><figcaption class=\"wp-element-caption\">\u00a9 Paula Casado \/ JRS<\/figcaption><\/figure>\n<\/div>\n\n\n\n<div class=\"wp-block-cb-slide\">\n<figure class=\"wp-block-image size-large is-resized\"><img decoding=\"async\" width=\"1024\" height=\"683\" src=\"https:\/\/www.entreculturas.org\/wp-content\/uploads\/2024\/04\/Reception-Center_11_Credits-to-Paula-Casado-Aguirregabiria-1024x683.jpg\" alt=\"guerra en Sud\u00e1n 5\" class=\"wp-image-23775\" style=\"object-fit:contain;width:1200px;height:600px\" srcset=\"https:\/\/www.entreculturas.org\/wp-content\/uploads\/2024\/04\/Reception-Center_11_Credits-to-Paula-Casado-Aguirregabiria-1024x683.jpg 1024w, https:\/\/www.entreculturas.org\/wp-content\/uploads\/2024\/04\/Reception-Center_11_Credits-to-Paula-Casado-Aguirregabiria-300x200.jpg 300w, https:\/\/www.entreculturas.org\/wp-content\/uploads\/2024\/04\/Reception-Center_11_Credits-to-Paula-Casado-Aguirregabiria-768x512.jpg 768w, https:\/\/www.entreculturas.org\/wp-content\/uploads\/2024\/04\/Reception-Center_11_Credits-to-Paula-Casado-Aguirregabiria-1536x1024.jpg 1536w, https:\/\/www.entreculturas.org\/wp-content\/uploads\/2024\/04\/Reception-Center_11_Credits-to-Paula-Casado-Aguirregabiria-2048x1365.jpg 2048w\" sizes=\"(max-width: 1024px) 100vw, 1024px\" \/><figcaption class=\"wp-element-caption\">\u00a9 Paula Casado \/ JRS<\/figcaption><\/figure>\n<\/div>\n\n\n\n<div class=\"wp-block-cb-slide\">\n<figure class=\"wp-block-image size-large is-resized\"><img decoding=\"async\" width=\"1024\" height=\"683\" src=\"https:\/\/www.entreculturas.org\/wp-content\/uploads\/2024\/04\/Transit-Center_21_Credits-to-Paula-Casado-Aguirregabiria-1024x683.jpg\" alt=\"guerra en Sud\u00e1n 4\" class=\"wp-image-23763\" style=\"object-fit:contain;width:1200px;height:600px\" srcset=\"https:\/\/www.entreculturas.org\/wp-content\/uploads\/2024\/04\/Transit-Center_21_Credits-to-Paula-Casado-Aguirregabiria-1024x683.jpg 1024w, https:\/\/www.entreculturas.org\/wp-content\/uploads\/2024\/04\/Transit-Center_21_Credits-to-Paula-Casado-Aguirregabiria-300x200.jpg 300w, https:\/\/www.entreculturas.org\/wp-content\/uploads\/2024\/04\/Transit-Center_21_Credits-to-Paula-Casado-Aguirregabiria-768x512.jpg 768w, https:\/\/www.entreculturas.org\/wp-content\/uploads\/2024\/04\/Transit-Center_21_Credits-to-Paula-Casado-Aguirregabiria-1536x1024.jpg 1536w, https:\/\/www.entreculturas.org\/wp-content\/uploads\/2024\/04\/Transit-Center_21_Credits-to-Paula-Casado-Aguirregabiria-2048x1365.jpg 2048w\" sizes=\"(max-width: 1024px) 100vw, 1024px\" \/><\/figure>\n<\/div>\n<\/div>\n\n\n\n<div style=\"height:15px\" aria-hidden=\"true\" class=\"wp-block-spacer\"><\/div>\n\n\n\n<h2 class=\"wp-block-heading\" id=\"h-personas-desplazadas-en-paises-vecinos\"><strong>Personas desplazadas en pa\u00edses vecinos<\/strong><\/h2>\n\n\n\n<div style=\"height:15px\" aria-hidden=\"true\" class=\"wp-block-spacer\"><\/div>\n\n\n\n<p>La guerra en Sud\u00e1n ha desplazado a la fuerza a m\u00e1s de 9 millones de personas, convirti\u00e9ndola en la mayor crisis de desplazamiento forzado en el mundo. Aproximadamente 7 millones de ellas son desplazadas internas, mientras que 2 millones son refugiadas que han buscado refugio en los pa\u00edses vecinos.<\/p>\n\n\n\n<div style=\"height:15px\" aria-hidden=\"true\" class=\"wp-block-spacer\"><\/div>\n\n\n\n<p>Sud\u00e1n del Sur es el que m\u00e1s personas desplazadas ha acogido, con m\u00e1s de 600.000 personas. Chad le sigue de cerca, con aproximadamente 600.000 llegadas, mientras que en tercer lugar se encuentra Egipto, con 500.000 personas que han cruzado sus fronteras. Etiop\u00eda y la Rep\u00fablica Centroafricana tambi\u00e9n han recibido n\u00fameros significativos de personas desplazadas desde Sud\u00e1n.<\/p>\n\n\n\n<div style=\"height:15px\" aria-hidden=\"true\" class=\"wp-block-spacer\"><\/div>\n\n\n\n<p>Estas cifras reflejan el impacto que el conflicto en Sud\u00e1n est\u00e1 teniendo en toda la regi\u00f3n oriental de \u00c1frica, donde familias enteras se ven forzadas a huir a otros pa\u00edses buscando refugio. Seg\u00fan datos, el 58% de las personas desplazadas a Chad son mujeres y ni\u00f1as, mientras que el 64% son ni\u00f1os y ni\u00f1as menores de 18 a\u00f1os. Una situaci\u00f3n similar ocurre en Sud\u00e1n del Sur, donde las mujeres y las ni\u00f1as representan el 50% de la poblaci\u00f3n desplazada, con el 51% siendo ni\u00f1os y ni\u00f1as menores de 18 a\u00f1os.<\/p>\n\n\n\n<div style=\"height:15px\" aria-hidden=\"true\" class=\"wp-block-spacer\"><\/div>\n\n\n\n<h2 class=\"wp-block-heading\" id=\"h-como-trabajamos-para-atender-las-necesidades-de-las-personas-desplazadas-por-la-guerra-en-sudan\"><strong>\u00bfC\u00f3mo trabajamos para atender las necesidades de las personas desplazadas por la guerra en Sud\u00e1n?<\/strong><\/h2>\n\n\n\n<div style=\"height:15px\" aria-hidden=\"true\" class=\"wp-block-spacer\"><\/div>\n\n\n\n<p>En respuesta a esta crisis, <a href=\"https:\/\/www.entreculturas.org\/noticia\/junto-al-servicio-jesuita-refugiados-atendemos-personas-desplazadas-por-el-conflicto-en\/\">apoyamos<\/a> la labor del Servicio Jesuita a Refugiados (JRS) tanto en Chad como en Sud\u00e1n del Sur, acompa\u00f1ando a las personas desplazadas por el conflicto en Sud\u00e1n. Nuestro trabajo se centra en la educaci\u00f3n en Chad y brindando rehabilitaci\u00f3n y apoyo en salud mental en Sud\u00e1n del Sur. Tambi\u00e9n proporcionamos art\u00edculos b\u00e1sicos no alimentarios como jab\u00f3n, colchones y mosquiteros para las comunidades desplazadas m\u00e1s vulnerables, incluidas las personas con necesidades especiales y los sobrevivientes de violencia de g\u00e9nero.<\/p>\n\n\n\n<div style=\"height:15px\" aria-hidden=\"true\" class=\"wp-block-spacer\"><\/div>\n\n\n\n<div style=\"height:15px\" aria-hidden=\"true\" class=\"wp-block-spacer\"><\/div>\n\n\n\n<figure class=\"wp-block-image aligncenter size-large is-resized\"><img decoding=\"async\" width=\"1024\" height=\"683\" src=\"https:\/\/www.entreculturas.org\/wp-content\/uploads\/2024\/04\/Physio_Aziza-Agola_42_Credits-to-Paula-Casado-Aguirregabiria-1024x683.jpg\" alt=\"guerra en Sud\u00e1n 7\" class=\"wp-image-23783\" style=\"width:auto;height:550px\" srcset=\"https:\/\/www.entreculturas.org\/wp-content\/uploads\/2024\/04\/Physio_Aziza-Agola_42_Credits-to-Paula-Casado-Aguirregabiria-1024x683.jpg 1024w, https:\/\/www.entreculturas.org\/wp-content\/uploads\/2024\/04\/Physio_Aziza-Agola_42_Credits-to-Paula-Casado-Aguirregabiria-300x200.jpg 300w, https:\/\/www.entreculturas.org\/wp-content\/uploads\/2024\/04\/Physio_Aziza-Agola_42_Credits-to-Paula-Casado-Aguirregabiria-768x512.jpg 768w, https:\/\/www.entreculturas.org\/wp-content\/uploads\/2024\/04\/Physio_Aziza-Agola_42_Credits-to-Paula-Casado-Aguirregabiria-1536x1024.jpg 1536w, https:\/\/www.entreculturas.org\/wp-content\/uploads\/2024\/04\/Physio_Aziza-Agola_42_Credits-to-Paula-Casado-Aguirregabiria-2048x1365.jpg 2048w\" sizes=\"(max-width: 1024px) 100vw, 1024px\" \/><figcaption class=\"wp-element-caption\">\u00a9 Paula Casado \/ JRS<\/figcaption><\/figure>\n\n\n\n<div style=\"height:15px\" aria-hidden=\"true\" class=\"wp-block-spacer\"><\/div>\n\n\n\n<div style=\"height:15px\" aria-hidden=\"true\" class=\"wp-block-spacer\"><\/div>\n\n\n\n<p>A\u00fan hay desaf\u00edos significativos para asegurar los recursos necesarios para continuar con el trabajo humanitario vital en estas regiones. La comunidad global debe unir esfuerzos en apoyo a las personas desplazadas de Sud\u00e1n y servir como un faro de esperanza en esta crisis<\/p>\n","protected":false},"excerpt":{"rendered":"<p>Hoy se conmemora un a\u00f1o desde el inicio del conflicto armado en Sud\u00e1n,&nbsp; que ha dejado ya 9 millones de personas desplazadas. El enfrentamiento entre las Fuerzas de Apoyo R\u00e1pido (RSF) y las Fuerzas Armadas de Sud\u00e1n (SAF) dio lugar a una guerra civil en el pa\u00eds. La situaci\u00f3n en Sud\u00e1n es preocupante. Millones de personas no logran satisfacer sus necesidades b\u00e1sicas para tener una vida digna como alimentos diarios, refugio, educaci\u00f3n, acceso al agua potable y atenci\u00f3n m\u00e9dica. Consecuencias de la guerra en Sud\u00e1n La guerra en Sud\u00e1n ha desencadenado una de las crisis humanitarias m\u00e1s duras en la regi\u00f3n. Alrededor de 25 millones de personas, en torno a la mitad de la poblaci\u00f3n, necesitan ayuda humanitaria. \u201cA pesar del horror, la crueldad y las crecientes necesidades de la poblaci\u00f3n desplazada, la crisis en Sud\u00e1n ha desaparecido de los titulares\u201d, ha se\u00f1alado Paula Casado, Responsable de Comunicaci\u00f3n del Servicio [&hellip;]<\/p>\n","protected":false},"featured_media":23779,"template":"","meta":{"_acf_changed":false},"categories":[7],"tags":[10],"country":[556],"cause":[129],"class_list":["post-23748","noticia","type-noticia","status-publish","has-post-thumbnail","hentry","category-noticia","tag-migracion-y-refugio","country-sudan","cause-migracion-y-refugio"],"acf":[],"yoast_head":"<!-- This site is optimized with the Yoast SEO Premium plugin v21.6 (Yoast SEO v27.4) - https:\/\/yoast.com\/product\/yoast-seo-premium-wordpress\/ -->\n<title>GUERRA EN SUD\u00c1N: UN A\u00d1O DESPU\u00c9S - Entreculturas<\/title>\n<meta name=\"description\" content=\"La guerra en Sud\u00e1n desencaden\u00f3 una de las crisis humanitarias m\u00e1s duras en la regi\u00f3n, forzando el desplazamiento de 9 millones de personas.\" \/>\n<meta name=\"robots\" content=\"index, follow, max-snippet:-1, max-image-preview:large, max-video-preview:-1\" \/>\n<link rel=\"canonical\" href=\"https:\/\/www.entreculturas.org\/ca\/noticia\/guerra-en-sudan\/\" \/>\n<meta property=\"og:locale\" content=\"ca_ES\" \/>\n<meta property=\"og:type\" content=\"article\" \/>\n<meta property=\"og:title\" content=\"GUERRA EN SUD\u00c1N: UN A\u00d1O DESPU\u00c9S\" \/>\n<meta property=\"og:description\" content=\"La guerra en Sud\u00e1n desencaden\u00f3 una de las crisis humanitarias m\u00e1s duras en la regi\u00f3n, forzando el desplazamiento de 9 millones de personas.\" \/>\n<meta property=\"og:url\" content=\"https:\/\/www.entreculturas.org\/ca\/noticia\/guerra-en-sudan\/\" \/>\n<meta property=\"og:site_name\" content=\"Entreculturas\" \/>\n<meta property=\"article:publisher\" content=\"https:\/\/www.facebook.com\/entreculturas\" \/>\n<meta property=\"article:modified_time\" content=\"2024-04-16T09:07:30+00:00\" \/>\n<meta property=\"og:image\" content=\"https:\/\/www.entreculturas.org\/wp-content\/uploads\/2024\/04\/Rebeka-Abraham-and-Martha-Gaduer_Renk-Sudan-Response-SSD_05_Credits-to-Paula-Casado-Aguirregabiria-1-scaled.jpg\" \/>\n\t<meta property=\"og:image:width\" content=\"2560\" \/>\n\t<meta property=\"og:image:height\" content=\"1707\" \/>\n\t<meta property=\"og:image:type\" content=\"image\/jpeg\" \/>\n<meta name=\"twitter:card\" content=\"summary_large_image\" \/>\n<meta name=\"twitter:site\" content=\"@Entreculturas\" \/>\n<script type=\"application\/ld+json\" class=\"yoast-schema-graph\">{\"@context\":\"https:\\\/\\\/schema.org\",\"@graph\":[{\"@type\":\"WebPage\",\"@id\":\"https:\\\/\\\/www.entreculturas.org\\\/ca\\\/noticia\\\/guerra-en-sudan\\\/\",\"url\":\"https:\\\/\\\/www.entreculturas.org\\\/ca\\\/noticia\\\/guerra-en-sudan\\\/\",\"name\":\"GUERRA EN SUD\u00c1N: UN A\u00d1O DESPU\u00c9S - Entreculturas\",\"isPartOf\":{\"@id\":\"https:\\\/\\\/www.entreculturas.org\\\/ca\\\/#website\"},\"primaryImageOfPage\":{\"@id\":\"https:\\\/\\\/www.entreculturas.org\\\/ca\\\/noticia\\\/guerra-en-sudan\\\/#primaryimage\"},\"image\":{\"@id\":\"https:\\\/\\\/www.entreculturas.org\\\/ca\\\/noticia\\\/guerra-en-sudan\\\/#primaryimage\"},\"thumbnailUrl\":\"https:\\\/\\\/www.entreculturas.org\\\/wp-content\\\/uploads\\\/2024\\\/04\\\/Rebeka-Abraham-and-Martha-Gaduer_Renk-Sudan-Response-SSD_05_Credits-to-Paula-Casado-Aguirregabiria-1-scaled.jpg\",\"datePublished\":\"2024-04-15T08:55:34+00:00\",\"dateModified\":\"2024-04-16T09:07:30+00:00\",\"description\":\"La guerra en Sud\u00e1n desencaden\u00f3 una de las crisis humanitarias m\u00e1s duras en la regi\u00f3n, forzando el desplazamiento de 9 millones de personas.\",\"breadcrumb\":{\"@id\":\"https:\\\/\\\/www.entreculturas.org\\\/ca\\\/noticia\\\/guerra-en-sudan\\\/#breadcrumb\"},\"inLanguage\":\"ca\",\"potentialAction\":[{\"@type\":\"ReadAction\",\"target\":[\"https:\\\/\\\/www.entreculturas.org\\\/ca\\\/noticia\\\/guerra-en-sudan\\\/\"]}]},{\"@type\":\"ImageObject\",\"inLanguage\":\"ca\",\"@id\":\"https:\\\/\\\/www.entreculturas.org\\\/ca\\\/noticia\\\/guerra-en-sudan\\\/#primaryimage\",\"url\":\"https:\\\/\\\/www.entreculturas.org\\\/wp-content\\\/uploads\\\/2024\\\/04\\\/Rebeka-Abraham-and-Martha-Gaduer_Renk-Sudan-Response-SSD_05_Credits-to-Paula-Casado-Aguirregabiria-1-scaled.jpg\",\"contentUrl\":\"https:\\\/\\\/www.entreculturas.org\\\/wp-content\\\/uploads\\\/2024\\\/04\\\/Rebeka-Abraham-and-Martha-Gaduer_Renk-Sudan-Response-SSD_05_Credits-to-Paula-Casado-Aguirregabiria-1-scaled.jpg\",\"width\":2560,\"height\":1707,\"caption\":\"guerra en Sud\u00e1n\"},{\"@type\":\"BreadcrumbList\",\"@id\":\"https:\\\/\\\/www.entreculturas.org\\\/ca\\\/noticia\\\/guerra-en-sudan\\\/#breadcrumb\",\"itemListElement\":[{\"@type\":\"ListItem\",\"position\":1,\"name\":\"Home\",\"item\":\"https:\\\/\\\/www.entreculturas.org\\\/ca\\\/\"},{\"@type\":\"ListItem\",\"position\":2,\"name\":\"Noticias\",\"item\":\"https:\\\/\\\/www.entreculturas.org\\\/ca\\\/noticias\\\/\"},{\"@type\":\"ListItem\",\"position\":3,\"name\":\"GUERRA EN SUD\u00c1N: UN A\u00d1O DESPU\u00c9S\"}]},{\"@type\":\"WebSite\",\"@id\":\"https:\\\/\\\/www.entreculturas.org\\\/ca\\\/#website\",\"url\":\"https:\\\/\\\/www.entreculturas.org\\\/ca\\\/\",\"name\":\"Entreculturas\",\"description\":\"\",\"publisher\":{\"@id\":\"https:\\\/\\\/www.entreculturas.org\\\/ca\\\/#organization\"},\"alternateName\":\"Entreculturas\",\"potentialAction\":[{\"@type\":\"SearchAction\",\"target\":{\"@type\":\"EntryPoint\",\"urlTemplate\":\"https:\\\/\\\/www.entreculturas.org\\\/ca\\\/?s={search_term_string}\"},\"query-input\":{\"@type\":\"PropertyValueSpecification\",\"valueRequired\":true,\"valueName\":\"search_term_string\"}}],\"inLanguage\":\"ca\"},{\"@type\":\"Organization\",\"@id\":\"https:\\\/\\\/www.entreculturas.org\\\/ca\\\/#organization\",\"name\":\"Entreculturas\",\"url\":\"https:\\\/\\\/www.entreculturas.org\\\/ca\\\/\",\"logo\":{\"@type\":\"ImageObject\",\"inLanguage\":\"ca\",\"@id\":\"https:\\\/\\\/www.entreculturas.org\\\/ca\\\/#\\\/schema\\\/logo\\\/image\\\/\",\"url\":\"https:\\\/\\\/www.entreculturas.org\\\/wp-content\\\/uploads\\\/2025\\\/10\\\/ESP.svg\",\"contentUrl\":\"https:\\\/\\\/www.entreculturas.org\\\/wp-content\\\/uploads\\\/2025\\\/10\\\/ESP.svg\",\"caption\":\"Entreculturas\"},\"image\":{\"@id\":\"https:\\\/\\\/www.entreculturas.org\\\/ca\\\/#\\\/schema\\\/logo\\\/image\\\/\"},\"sameAs\":[\"https:\\\/\\\/www.facebook.com\\\/entreculturas\",\"https:\\\/\\\/x.com\\\/Entreculturas\",\"https:\\\/\\\/www.instagram.com\\\/entreculturas\\\/\",\"https:\\\/\\\/www.youtube.com\\\/user\\\/entreculturasvideo\",\"https:\\\/\\\/www.linkedin.com\\\/company\\\/fundacion-entreculturas-ngdo\\\/\",\"https:\\\/\\\/www.flickr.com\\\/photos\\\/98455522@N04\\\/albums\\\/\"]}]}<\/script>\n<!-- \/ Yoast SEO Premium plugin. -->","yoast_head_json":{"title":"GUERRA EN SUD\u00c1N: UN A\u00d1O DESPU\u00c9S - Entreculturas","description":"La guerra en Sud\u00e1n desencaden\u00f3 una de las crisis humanitarias m\u00e1s duras en la regi\u00f3n, forzando el desplazamiento de 9 millones de personas.","robots":{"index":"index","follow":"follow","max-snippet":"max-snippet:-1","max-image-preview":"max-image-preview:large","max-video-preview":"max-video-preview:-1"},"canonical":"https:\/\/www.entreculturas.org\/ca\/noticia\/guerra-en-sudan\/","og_locale":"ca_ES","og_type":"article","og_title":"GUERRA EN SUD\u00c1N: UN A\u00d1O DESPU\u00c9S","og_description":"La guerra en Sud\u00e1n desencaden\u00f3 una de las crisis humanitarias m\u00e1s duras en la regi\u00f3n, forzando el desplazamiento de 9 millones de personas.","og_url":"https:\/\/www.entreculturas.org\/ca\/noticia\/guerra-en-sudan\/","og_site_name":"Entreculturas","article_publisher":"https:\/\/www.facebook.com\/entreculturas","article_modified_time":"2024-04-16T09:07:30+00:00","og_image":[{"width":2560,"height":1707,"url":"https:\/\/www.entreculturas.org\/wp-content\/uploads\/2024\/04\/Rebeka-Abraham-and-Martha-Gaduer_Renk-Sudan-Response-SSD_05_Credits-to-Paula-Casado-Aguirregabiria-1-scaled.jpg","type":"image\/jpeg"}],"twitter_card":"summary_large_image","twitter_site":"@Entreculturas","schema":{"@context":"https:\/\/schema.org","@graph":[{"@type":"WebPage","@id":"https:\/\/www.entreculturas.org\/ca\/noticia\/guerra-en-sudan\/","url":"https:\/\/www.entreculturas.org\/ca\/noticia\/guerra-en-sudan\/","name":"GUERRA EN SUD\u00c1N: UN A\u00d1O DESPU\u00c9S - Entreculturas","isPartOf":{"@id":"https:\/\/www.entreculturas.org\/ca\/#website"},"primaryImageOfPage":{"@id":"https:\/\/www.entreculturas.org\/ca\/noticia\/guerra-en-sudan\/#primaryimage"},"image":{"@id":"https:\/\/www.entreculturas.org\/ca\/noticia\/guerra-en-sudan\/#primaryimage"},"thumbnailUrl":"https:\/\/www.entreculturas.org\/wp-content\/uploads\/2024\/04\/Rebeka-Abraham-and-Martha-Gaduer_Renk-Sudan-Response-SSD_05_Credits-to-Paula-Casado-Aguirregabiria-1-scaled.jpg","datePublished":"2024-04-15T08:55:34+00:00","dateModified":"2024-04-16T09:07:30+00:00","description":"La guerra en Sud\u00e1n desencaden\u00f3 una de las crisis humanitarias m\u00e1s duras en la regi\u00f3n, forzando el desplazamiento de 9 millones de personas.","breadcrumb":{"@id":"https:\/\/www.entreculturas.org\/ca\/noticia\/guerra-en-sudan\/#breadcrumb"},"inLanguage":"ca","potentialAction":[{"@type":"ReadAction","target":["https:\/\/www.entreculturas.org\/ca\/noticia\/guerra-en-sudan\/"]}]},{"@type":"ImageObject","inLanguage":"ca","@id":"https:\/\/www.entreculturas.org\/ca\/noticia\/guerra-en-sudan\/#primaryimage","url":"https:\/\/www.entreculturas.org\/wp-content\/uploads\/2024\/04\/Rebeka-Abraham-and-Martha-Gaduer_Renk-Sudan-Response-SSD_05_Credits-to-Paula-Casado-Aguirregabiria-1-scaled.jpg","contentUrl":"https:\/\/www.entreculturas.org\/wp-content\/uploads\/2024\/04\/Rebeka-Abraham-and-Martha-Gaduer_Renk-Sudan-Response-SSD_05_Credits-to-Paula-Casado-Aguirregabiria-1-scaled.jpg","width":2560,"height":1707,"caption":"guerra en Sud\u00e1n"},{"@type":"BreadcrumbList","@id":"https:\/\/www.entreculturas.org\/ca\/noticia\/guerra-en-sudan\/#breadcrumb","itemListElement":[{"@type":"ListItem","position":1,"name":"Home","item":"https:\/\/www.entreculturas.org\/ca\/"},{"@type":"ListItem","position":2,"name":"Noticias","item":"https:\/\/www.entreculturas.org\/ca\/noticias\/"},{"@type":"ListItem","position":3,"name":"GUERRA EN SUD\u00c1N: UN A\u00d1O DESPU\u00c9S"}]},{"@type":"WebSite","@id":"https:\/\/www.entreculturas.org\/ca\/#website","url":"https:\/\/www.entreculturas.org\/ca\/","name":"Entreculturas","description":"","publisher":{"@id":"https:\/\/www.entreculturas.org\/ca\/#organization"},"alternateName":"Entreculturas","potentialAction":[{"@type":"SearchAction","target":{"@type":"EntryPoint","urlTemplate":"https:\/\/www.entreculturas.org\/ca\/?s={search_term_string}"},"query-input":{"@type":"PropertyValueSpecification","valueRequired":true,"valueName":"search_term_string"}}],"inLanguage":"ca"},{"@type":"Organization","@id":"https:\/\/www.entreculturas.org\/ca\/#organization","name":"Entreculturas","url":"https:\/\/www.entreculturas.org\/ca\/","logo":{"@type":"ImageObject","inLanguage":"ca","@id":"https:\/\/www.entreculturas.org\/ca\/#\/schema\/logo\/image\/","url":"https:\/\/www.entreculturas.org\/wp-content\/uploads\/2025\/10\/ESP.svg","contentUrl":"https:\/\/www.entreculturas.org\/wp-content\/uploads\/2025\/10\/ESP.svg","caption":"Entreculturas"},"image":{"@id":"https:\/\/www.entreculturas.org\/ca\/#\/schema\/logo\/image\/"},"sameAs":["https:\/\/www.facebook.com\/entreculturas","https:\/\/x.com\/Entreculturas","https:\/\/www.instagram.com\/entreculturas\/","https:\/\/www.youtube.com\/user\/entreculturasvideo","https:\/\/www.linkedin.com\/company\/fundacion-entreculturas-ngdo\/","https:\/\/www.flickr.com\/photos\/98455522@N04\/albums\/"]}]}},"_links":{"self":[{"href":"https:\/\/www.entreculturas.org\/ca\/wp-json\/wp\/v2\/noticia\/23748","targetHints":{"allow":["GET"]}}],"collection":[{"href":"https:\/\/www.entreculturas.org\/ca\/wp-json\/wp\/v2\/noticia"}],"about":[{"href":"https:\/\/www.entreculturas.org\/ca\/wp-json\/wp\/v2\/types\/noticia"}],"wp:featuredmedia":[{"embeddable":true,"href":"https:\/\/www.entreculturas.org\/ca\/wp-json\/wp\/v2\/media\/23779"}],"wp:attachment":[{"href":"https:\/\/www.entreculturas.org\/ca\/wp-json\/wp\/v2\/media?parent=23748"}],"wp:term":[{"taxonomy":"category","embeddable":true,"href":"https:\/\/www.entreculturas.org\/ca\/wp-json\/wp\/v2\/categories?post=23748"},{"taxonomy":"post_tag","embeddable":true,"href":"https:\/\/www.entreculturas.org\/ca\/wp-json\/wp\/v2\/tags?post=23748"},{"taxonomy":"country","embeddable":true,"href":"https:\/\/www.entreculturas.org\/ca\/wp-json\/wp\/v2\/country?post=23748"},{"taxonomy":"cause","embeddable":true,"href":"https:\/\/www.entreculturas.org\/ca\/wp-json\/wp\/v2\/cause?post=23748"}],"curies":[{"name":"wp","href":"https:\/\/api.w.org\/{rel}","templated":true}]}}