{"id":2343,"date":"2018-11-14T13:17:51","date_gmt":"2018-11-14T13:17:51","guid":{"rendered":"https:\/\/entreculturasi.wpenginepowered.com\/?noticias=encuentro-de-jovenes-el-primer-paso-para-potenciar-la-participacion-de-los-y-las-jovenes-en"},"modified":"2024-02-23T10:00:44","modified_gmt":"2024-02-23T09:00:44","slug":"jovenes-el-primer-paso-para-potenciar-la-participacion-de-los-y-las-jovenes-en","status":"publish","type":"noticia","link":"https:\/\/www.entreculturas.org\/ca\/noticia\/jovenes-el-primer-paso-para-potenciar-la-participacion-de-los-y-las-jovenes-en\/","title":{"rendered":"Encuentro de j\u00f3venes: El primer paso para potenciar la participaci\u00f3n de los y las j\u00f3venes en la toma de decisiones de la CME"},"content":{"rendered":"<p>Durante los d\u00edas 14 y 15 de noviembre y en el marco de la 6\u00aa Asamblea Mundial de la Campa\u00f1a Mundial por la Educaci\u00f3n que se est\u00e1 celebrado en Katmand\u00fa, Nepal, est\u00e1 teniendo lugar, por primera vez, un <strong>Caucus Juvenil<\/strong>. Un espacio que <strong>ha reunido a m\u00e1s de 37 j\u00f3venes provenientes de 19 pa\u00edses para dialogar sobre los principales retos mundiales en torno al derecho a la educaci\u00f3n<\/strong>. El objetivo general de este encuentro de j\u00f3venes (Youth Caucus, en ingl\u00e9s) es <strong>garantizar la participaci\u00f3n de este colectivo en los procesos de toma de decisiones dentro de la Campa\u00f1a Mundial por la Educaci\u00f3n<\/strong>, as\u00ed como formar una red de trabajo de j\u00f3venes que les permita compartir aprendizajes y trabajar juntos en torno al derecho a la educaci\u00f3n.<\/p>\n<p><strong>Entreculturas y Fe y Alegr\u00eda est\u00e1n presentes en esta&nbsp;6\u00aa Asamblea Mundial<\/strong>. Por parte de Entreculturas, nuestras compa\u00f1eras Vega Castrillo y Cristina \u00c1lvarez han viajado a Nepal representando a la delegaci\u00f3n de la Campa\u00f1a Mundial en Espa\u00f1a. Por su parte, Luc\u00eda Rodr\u00edguez y Luis Carlos Soler han acudido en representaci\u00f3n de la Federaci\u00f3n Inernacional de Fe y Alegr\u00eda. Adem\u00e1s, Luis Carlos va a&nbsp; participar en el Caucus Juvenil.&nbsp;<\/p>\n<p>La integraci\u00f3n de los j\u00f3venes y las j\u00f3venes en los procesos de toma de decisiones dentro de la Campa\u00f1a Mundial por la Educaci\u00f3n (CME) permitir\u00e1 generar <strong>nuevas agendas y \u00e1mbitos de trabajo<\/strong> en los que la CME podr\u00e1 profundizar en el futuro. Asimismo, este encuentro servir\u00e1 para <strong>fomentar la participaci\u00f3n y el liderazgo de los y las j\u00f3venes y facilitar el desarrollo de una ciudadan\u00eda global<\/strong>, adem\u00e1s de ofrecer a los y las j\u00f3venes la oportunidad de conocer mejor las dificultades para promover el acceso equitativo de todos y todas las personas a la educaci\u00f3n.&nbsp;<\/p>\n<p>&nbsp;<\/p>\n<\/p>\n<p>Por \u00faltimo, el Encuentro de j\u00f3venes constituye <strong>un primer paso de cara a mejorar la visibilidad y el impacto de la agenda juvenil dentro del movimiento de la CME,<\/strong> ya que est\u00e1 permitiendo sentar las bases para mejorar la participaci\u00f3n de los sindicatos y movimientos juveniles en la toma de decisiones que suele ser marginal, ya sea por negligencia, falta de financiaci\u00f3n y capacidad o bien por cuestiones de discriminaci\u00f3n y estereotipos. Los y las j\u00f3venes se enfrentan a prejuicios sistem\u00e1ticos y a menudo se les considera demasiado inexpertos como para contribuir a la educaci\u00f3n y al desarrollo de pol\u00edticas. El Encuentro de J\u00f3venes de la CME se propone desafiar estos prejuicios y garantizar que las perspectivas, percepciones y capacidades de este colectivo sean tenidas en cuenta en los debates sobre pol\u00edticas educativas y contribuyan a configurar a las posiciones del movimiento educativo para los pr\u00f3ximos a\u00f1os.&nbsp;&nbsp;<\/p>\n<p><strong><span style=\"color:#ff0101\">Resumen Encuentro de J\u00f3venes &#8211;&nbsp; 14 noviembre<\/span><\/strong><\/p>\n<p>Durante la ma\u00f1ana del mi\u00e9rcoles 14 de noviembre, los j\u00f3venes y las j\u00f3venes han podido conocer m\u00e1s de cerca qu\u00e9 es la Campa\u00f1a Mundial por la Educaci\u00f3n, cu\u00e1l es su historia, su estructura, sus logros y los retos a los que se enfrenta de la mano de Camilla Crosso, Presidenta de la CME y de Monique Foulhoux, Directora de la Junta Directiva de la CME.&nbsp;<\/p>\n<p>Las din\u00e1micas de apertura del Encuentro se han centrado en que los y las participantes pudieran conocerse mejor para que este encuentro pueda ser un espacio seguro e inclusivo donde los y las j\u00f3venes se impliquen y participen en la construcci\u00f3n del mismo. La jornada comenzaba con una explicaci\u00f3n del c\u00f3digo de conducta, con un debate en grupos y puesta en com\u00fan sobre el <strong>significado de palabras como inclusi\u00f3n, poder, respecto, seguridad o privilegio<\/strong> y con un bingo humano donde los moderadores planteaban preguntas y los j\u00f3venes respond\u00edan en plenario para que todo el mundo pudiese conocer alg\u00fan detalle de cada persona. Preguntas c\u00f3mo; \u00bfLlevas algo que represente a tu pa\u00eds? \u00bfqui\u00e9n ha viajado a m\u00e1s de 5 pa\u00edses? \u00bfqui\u00e9n tiene un trabajo a tiempo parcial? \u00bfQui\u00e9n cree que el derecho a la educaci\u00f3n es un derecho? \u00bfa qui\u00e9n le gusta cocinar y cu\u00e1l es tu plato preferido? \u00bfQui\u00e9n toca la guitarra?.&nbsp;<\/p>\n<p>Las j\u00f3venes y los j\u00f3venes tambi\u00e9n han podido conversar acerca del<strong> potencial que tienen y del papel que pueden desempe\u00f1ar como activistas juveniles<\/strong> del derecho a la educaci\u00f3n dentro de la Campa\u00f1a Mundial por la Educaci\u00f3n. <strong>Bhawana Bhatta, activista de derechos humanos en Nepal <\/strong>ha explicado el rol de la sociedad civil nepal\u00ed y c\u00f3mo los j\u00f3venes pueden convertirse en activistas y emprendedores del derecho a la educaci\u00f3n.&nbsp; &nbsp;<\/p>\n<p>La ma\u00f1ana conclu\u00eda con un mesa redonda donde han participado Natasha Harris-Harb, activista juvenil de la educaci\u00f3n de las ni\u00f1as para UNGEI y Plan International, Tony Baker, Director Asociado del Departamento de Educaci\u00f3n de RESULTS, Jeniffer Slawich, CoDirectrora de la Coalici\u00f3n de la Campa\u00f1a Mundial por la Educaci\u00f3n de Canad\u00e1, Vernor Mu\u00f1oz, Director de Pol\u00edticas e Incidencia de la Campa\u00f1a Mundial por la Educaci\u00f3n y Ojonwa Debora, activista juvenil. Una mesa que ha profundizado un poco m\u00e1s sobre qu\u00e9 es la CME y ha permitido una discusi\u00f3n compartida entre representantes de la campa\u00f1a y los y las j\u00f3venes. La CME es un movimiento de educaci\u00f3n global con muchos aspectos que entender y es importante que todos los delegados j\u00f3venes que participan en el Caucus tengan una visi\u00f3n general sobre el movimiento de la CME.<\/p>\n<p>La tarde del d\u00eda 14 ha comenzado con una din\u00e1mica en la cual los y las j\u00f3venes han compartido desde su propia experiencia sus conocimientos como j\u00f3venes activistas. Todos ellos participan de alguna manera en organizaciones juveniles y\/o coaliciones de miembros de Asia-Pac\u00edfico, \u00c1frica, Oriente Medio, Europa\/Norteam\u00e9rica o Am\u00e9rica Latina y conocen muy bien los retos a los que se enfrenta la juventud. <strong>A trav\u00e9s del intercambio de experiencias se ha puesto en com\u00fan los sue\u00f1os<\/strong> y los desaf\u00edos que tienen en com\u00fan y se ha dialogado sobre qu\u00e9 es y c\u00f3mo debe ser la participaci\u00f3n juvenil.&nbsp;<\/p>\n<p><img decoding=\"async\" alt=\"\" src=\"https:\/\/www.entreculturas.org\/wp-content\/uploads\/2018\/11\/jovenes-cme.jpg\" style=\"width: 800px;height: 493px\"><\/p>\n<p>Tras este di\u00e1logo y una jornada de conocimiento mutuo y de profundizaci\u00f3n en la campa\u00f1a mundial por la educaci\u00f3n el primer momento en el que la campa\u00f1a ha comenzado a trabajar con los j\u00f3venes y las j\u00f3venes ha sido durante la segunda sesi\u00f3n de la tarde, centrada en <strong>c\u00f3mo pueden los y las j\u00f3venes participar en la toma de decisiones de la campa\u00f1a<\/strong>. La sesi\u00f3n ha comenzado un dialogo por grupos sobre las siguientes preguntas; <strong>\u00bfC\u00f3mo quer\u00e9is trabajar juntos como j\u00f3venes activistas? \u00bfQu\u00e9 esper\u00e1is de las organizaciones o coaliciones con las que hab\u00e9is venido? \u00bfQu\u00e9 esper\u00e1is de la Campa\u00f1a Mundial por la Educaci\u00f3n?<\/strong> Adem\u00e1s, la campa\u00f1a mundial ha considerado importante debatir junto con los y las j\u00f3venes delegados las mociones que se debatir\u00e1n y aprobar\u00e1n el la Asamblea Mundial a fin de obtener retroalimentaci\u00f3n e involucrar a los j\u00f3venes en el desarrollo y la finalizaci\u00f3n de las mociones.&nbsp;<\/p>\n<p>La tercera sesi\u00f3n de la tarde ha estado orientada a preparar la ponencia que los representantes del Caucus Juvenil llevar\u00e1n al Evento de Aprendizaje Global del FRESCE donde compartir\u00e1n con las coaliciones nacionales de FRESCE un resumen del caucus y discutir\u00e1n juntos c\u00f3mo el FRESCE puede contribuir al trabajo juvenil.<\/p>\n<p><span style=\"font-size:14px\"><span style=\"color:#ff0101\"><strong>Resumen Encuentro 15 noviembre<\/strong><\/span><\/span><\/p>\n<p>La segunda jornada del Encuentro de J\u00f3venes activistas del derecho a la educaci\u00f3n ha comenzado con una reflexi\u00f3n sobre los <strong>desaf\u00edos que tienen que afrontar para tener mayor participaci\u00f3n en la campa\u00f1a mundial por la educaci\u00f3n<\/strong>.&nbsp;<\/p>\n<p>El primero de ellos es la<strong> representaci\u00f3n de j\u00f3venes en la Junta de la Campa\u00f1a Mundial por la Educaci\u00f3n<\/strong>. La European Student&#8217;s Union es la \u00fanica organizaci\u00f3n que puede presentar candidaturas para las elecciones y se debatir\u00e1 durante la Asamblea Mundial. Por ello, se ha debatido sobre el proceso de selecci\u00f3n del pr\u00f3ximo representante de la juventud ante la CME. Los y las j\u00f3venes han expuesto que un solo j\u00f3ven en la Junta de la CME no puede representar la diversidad ni todos los temas que el grupo tiene sobre la mesa. Para los j\u00f3venes es importante que esa riqueza se refleje a trav\u00e9s de varias voces.&nbsp;<\/p>\n<p>El segundo de los desaf\u00edos ha sido <strong>conocer m\u00e1s de cerca el Plan Estrat\u00e9gico de la CME para 2019-2022 y las mociones pol\u00edticas que se discutir\u00e1n y aprobar\u00e1n durante la Asamblea<\/strong>. Adem\u00e1s de conocerlas, los j\u00f3venes y las j\u00f3venes han trabajo durante todo el d\u00eda con los documentos y han hecho sus aportes a los mismos, los cuales,&nbsp; siguiendo&nbsp;la recomendaci\u00f3n de la Global Partnership For Education, ser\u00e1n presentados por representantes de los j\u00f3venes durante la Asamblea Mundial. Algunos de los aportes que han salido han sido; \u201cNo podemos dejar fuera dell sistema educativo a personas con diferentes capacidades, personas con diferentes orientaciones sexuales, personas que viven en la calle, <strong>nadie es invisible<\/strong>, todos tienen que estar incluidos. Necesitamos inclusividad para que todo el mundo pueda recibir la misma educaci\u00f3n\u201d, \u201cSeguir haciendo hincapi\u00e9 en la importancia de <strong>cuidar la educaci\u00f3n en&nbsp;situaciones de emergencia <\/strong>y encontrar mecanismos para asegurarse de ello\u201d, la importancia de cuidar la educaci\u00f3n transformadora donde haya participaci\u00f3n, esperanza, alegr\u00eda, justicia, la educaci\u00f3n debe construir una sociedad justa\u201d y han hablado de un concepto novedoso, la educaci\u00f3n alternativa para aquellos que tienen que dejar de estudiar por alg\u00fan motivo y que puedan encontrar un sistema alternativo para el aprendizaje.<\/p>\n<p><img decoding=\"async\" alt=\"\" height=\"388\" src=\"https:\/\/www.entreculturas.org\/wp-content\/uploads\/2018\/11\/cme-caucus-juv2.jpg.jpg\" width=\"800\"><\/p>\n<p>A pesar de que el Caucus ha concluido oficialmente, <strong>representantes juveniles&nbsp;van a seguir trabajando durante dos d\u00edas sus propuestas <\/strong>para las mociones pol\u00edticas que se presentar\u00e1n en la Asamblea Mundial.&nbsp;<\/p>\n<p>El Encuentro de J\u00f3venes terminaba con aplausos por parte de todos los participantes y teniendo claro que no hay un espacio en el mundo con tanta representaci\u00f3n de j\u00f3venes activistas del derecho a la educaci\u00f3n. El reto adem\u00e1s de seguir trabajando en ese espacio para los j\u00f3venes dentro de la CME es ver si juntos y juntas pueden organizar un movimiento mundial de j\u00f3venes activistas. En palabras de <strong>Luis Carlos Soler, joven activista de la Red Generaci\u00f3n 21 \u201csalgo del encuentro con mucho enriquecimiento cultural. He abierto mi mente y he conocido a personas de diferentes regiones con pensamientos diferentes que nutren mi conocimiento actual\u201d.<\/strong> Para el futuro, Luis Carlos se imagina que ese movimiento de j\u00f3venes activistas se haga realidad y sea reconocido mundialmente y haya participaci\u00f3n de todos los pa\u00edses del mundo.&nbsp;<\/p>\n<p>&nbsp;<\/p>\n<p>&nbsp;<\/p>\n<p dir=\"ltr\" style=\"line-height:1.7991;margin-top:0pt;margin-bottom:0pt;text-align: justify\">&nbsp;<\/p>\n","protected":false},"excerpt":{"rendered":"<p>Durante los d\u00edas 14 y 15 de noviembre y en el marco de la 6\u00aa Asamblea Mundial de la Campa\u00f1a Mundial por la Educaci\u00f3n que se est\u00e1 celebrado en Katmand\u00fa, Nepal, est\u00e1 teniendo lugar, por primera vez, un Caucus Juvenil. Un espacio que ha reunido a m\u00e1s de 37 j\u00f3venes provenientes de 19 pa\u00edses para dialogar sobre los principales retos mundiales en torno al derecho a la educaci\u00f3n. El objetivo general de este encuentro de j\u00f3venes (Youth Caucus, en ingl\u00e9s) es garantizar la participaci\u00f3n de este colectivo en los procesos de toma de decisiones dentro de la Campa\u00f1a Mundial por la Educaci\u00f3n, as\u00ed como formar una red de trabajo de j\u00f3venes que les permita compartir aprendizajes y trabajar juntos en torno al derecho a la educaci\u00f3n. Entreculturas y Fe y Alegr\u00eda est\u00e1n presentes en esta&nbsp;6\u00aa Asamblea Mundial. Por parte de Entreculturas, nuestras compa\u00f1eras Vega Castrillo y Cristina \u00c1lvarez han viajado [&hellip;]<\/p>\n","protected":false},"featured_media":2340,"template":"single-noticia","meta":{"_acf_changed":false},"categories":[7],"tags":[8],"country":[297],"cause":[132],"class_list":["post-2343","noticia","type-noticia","status-publish","has-post-thumbnail","hentry","category-noticia","tag-participacion-y-ciudadania-global","country-nepal","cause-participacion-y-ciudadania-global"],"acf":[],"yoast_head":"<!-- This site is optimized with the Yoast SEO Premium plugin v21.6 (Yoast SEO v27.5) - https:\/\/yoast.com\/product\/yoast-seo-premium-wordpress\/ -->\n<title>Encuentro de j\u00f3venes: El primer paso para potenciar la participaci\u00f3n de los y las j\u00f3venes en la toma de decisiones de la CME - Entreculturas<\/title>\n<meta name=\"robots\" content=\"index, follow, max-snippet:-1, max-image-preview:large, max-video-preview:-1\" \/>\n<link rel=\"canonical\" href=\"https:\/\/www.entreculturas.org\/ca\/noticia\/jovenes-el-primer-paso-para-potenciar-la-participacion-de-los-y-las-jovenes-en\/\" \/>\n<meta property=\"og:locale\" content=\"ca_ES\" \/>\n<meta property=\"og:type\" content=\"article\" \/>\n<meta property=\"og:title\" content=\"Encuentro de j\u00f3venes: El primer paso para potenciar la participaci\u00f3n de los y las j\u00f3venes en la toma de decisiones de la CME\" \/>\n<meta property=\"og:description\" content=\"Durante los d\u00edas 14 y 15 de noviembre y en el marco de la 6\u00aa Asamblea Mundial de la Campa\u00f1a Mundial por la Educaci\u00f3n que se est\u00e1 celebrado en Katmand\u00fa, Nepal, est\u00e1 teniendo lugar, por primera vez, un Caucus Juvenil. Un espacio que ha reunido a m\u00e1s de 37 j\u00f3venes provenientes de 19 pa\u00edses para dialogar sobre los principales retos mundiales en torno al derecho a la educaci\u00f3n. El objetivo general de este encuentro de j\u00f3venes (Youth Caucus, en ingl\u00e9s) es garantizar la participaci\u00f3n de este colectivo en los procesos de toma de decisiones dentro de la Campa\u00f1a Mundial por la Educaci\u00f3n, as\u00ed como formar una red de trabajo de j\u00f3venes que les permita compartir aprendizajes y trabajar juntos en torno al derecho a la educaci\u00f3n. Entreculturas y Fe y Alegr\u00eda est\u00e1n presentes en esta&nbsp;6\u00aa Asamblea Mundial. Por parte de Entreculturas, nuestras compa\u00f1eras Vega Castrillo y Cristina \u00c1lvarez han viajado [&hellip;]\" \/>\n<meta property=\"og:url\" content=\"https:\/\/www.entreculturas.org\/ca\/noticia\/jovenes-el-primer-paso-para-potenciar-la-participacion-de-los-y-las-jovenes-en\/\" \/>\n<meta property=\"og:site_name\" content=\"Entreculturas\" \/>\n<meta property=\"article:publisher\" content=\"https:\/\/www.facebook.com\/entreculturas\" \/>\n<meta property=\"article:modified_time\" content=\"2024-02-23T09:00:44+00:00\" \/>\n<meta property=\"og:image\" content=\"https:\/\/www.entreculturas.org\/wp-content\/uploads\/2018\/11\/cme-jovenes2.jpg\" \/>\n\t<meta property=\"og:image:width\" content=\"1500\" \/>\n\t<meta property=\"og:image:height\" content=\"942\" \/>\n\t<meta property=\"og:image:type\" content=\"image\/jpeg\" \/>\n<meta name=\"twitter:card\" content=\"summary_large_image\" \/>\n<meta name=\"twitter:site\" content=\"@Entreculturas\" \/>\n<script type=\"application\/ld+json\" class=\"yoast-schema-graph\">{\"@context\":\"https:\\\/\\\/schema.org\",\"@graph\":[{\"@type\":\"WebPage\",\"@id\":\"https:\\\/\\\/www.entreculturas.org\\\/ca\\\/noticia\\\/jovenes-el-primer-paso-para-potenciar-la-participacion-de-los-y-las-jovenes-en\\\/\",\"url\":\"https:\\\/\\\/www.entreculturas.org\\\/ca\\\/noticia\\\/jovenes-el-primer-paso-para-potenciar-la-participacion-de-los-y-las-jovenes-en\\\/\",\"name\":\"Encuentro de j\u00f3venes: El primer paso para potenciar la participaci\u00f3n de los y las j\u00f3venes en la toma de decisiones de la CME - Entreculturas\",\"isPartOf\":{\"@id\":\"https:\\\/\\\/www.entreculturas.org\\\/ca\\\/#website\"},\"primaryImageOfPage\":{\"@id\":\"https:\\\/\\\/www.entreculturas.org\\\/ca\\\/noticia\\\/jovenes-el-primer-paso-para-potenciar-la-participacion-de-los-y-las-jovenes-en\\\/#primaryimage\"},\"image\":{\"@id\":\"https:\\\/\\\/www.entreculturas.org\\\/ca\\\/noticia\\\/jovenes-el-primer-paso-para-potenciar-la-participacion-de-los-y-las-jovenes-en\\\/#primaryimage\"},\"thumbnailUrl\":\"https:\\\/\\\/www.entreculturas.org\\\/wp-content\\\/uploads\\\/2018\\\/11\\\/cme-jovenes2.jpg\",\"datePublished\":\"2018-11-14T13:17:51+00:00\",\"dateModified\":\"2024-02-23T09:00:44+00:00\",\"breadcrumb\":{\"@id\":\"https:\\\/\\\/www.entreculturas.org\\\/ca\\\/noticia\\\/jovenes-el-primer-paso-para-potenciar-la-participacion-de-los-y-las-jovenes-en\\\/#breadcrumb\"},\"inLanguage\":\"ca\",\"potentialAction\":[{\"@type\":\"ReadAction\",\"target\":[\"https:\\\/\\\/www.entreculturas.org\\\/ca\\\/noticia\\\/jovenes-el-primer-paso-para-potenciar-la-participacion-de-los-y-las-jovenes-en\\\/\"]}]},{\"@type\":\"ImageObject\",\"inLanguage\":\"ca\",\"@id\":\"https:\\\/\\\/www.entreculturas.org\\\/ca\\\/noticia\\\/jovenes-el-primer-paso-para-potenciar-la-participacion-de-los-y-las-jovenes-en\\\/#primaryimage\",\"url\":\"https:\\\/\\\/www.entreculturas.org\\\/wp-content\\\/uploads\\\/2018\\\/11\\\/cme-jovenes2.jpg\",\"contentUrl\":\"https:\\\/\\\/www.entreculturas.org\\\/wp-content\\\/uploads\\\/2018\\\/11\\\/cme-jovenes2.jpg\",\"width\":1500,\"height\":942},{\"@type\":\"BreadcrumbList\",\"@id\":\"https:\\\/\\\/www.entreculturas.org\\\/ca\\\/noticia\\\/jovenes-el-primer-paso-para-potenciar-la-participacion-de-los-y-las-jovenes-en\\\/#breadcrumb\",\"itemListElement\":[{\"@type\":\"ListItem\",\"position\":1,\"name\":\"Home\",\"item\":\"https:\\\/\\\/www.entreculturas.org\\\/ca\\\/\"},{\"@type\":\"ListItem\",\"position\":2,\"name\":\"Noticias\",\"item\":\"https:\\\/\\\/www.entreculturas.org\\\/ca\\\/noticias\\\/\"},{\"@type\":\"ListItem\",\"position\":3,\"name\":\"Encuentro de j\u00f3venes: El primer paso para potenciar la participaci\u00f3n de los y las j\u00f3venes en la toma de decisiones de la CME\"}]},{\"@type\":\"WebSite\",\"@id\":\"https:\\\/\\\/www.entreculturas.org\\\/ca\\\/#website\",\"url\":\"https:\\\/\\\/www.entreculturas.org\\\/ca\\\/\",\"name\":\"Entreculturas\",\"description\":\"\",\"publisher\":{\"@id\":\"https:\\\/\\\/www.entreculturas.org\\\/ca\\\/#organization\"},\"alternateName\":\"Entreculturas\",\"potentialAction\":[{\"@type\":\"SearchAction\",\"target\":{\"@type\":\"EntryPoint\",\"urlTemplate\":\"https:\\\/\\\/www.entreculturas.org\\\/ca\\\/?s={search_term_string}\"},\"query-input\":{\"@type\":\"PropertyValueSpecification\",\"valueRequired\":true,\"valueName\":\"search_term_string\"}}],\"inLanguage\":\"ca\"},{\"@type\":\"Organization\",\"@id\":\"https:\\\/\\\/www.entreculturas.org\\\/ca\\\/#organization\",\"name\":\"Entreculturas\",\"url\":\"https:\\\/\\\/www.entreculturas.org\\\/ca\\\/\",\"logo\":{\"@type\":\"ImageObject\",\"inLanguage\":\"ca\",\"@id\":\"https:\\\/\\\/www.entreculturas.org\\\/ca\\\/#\\\/schema\\\/logo\\\/image\\\/\",\"url\":\"https:\\\/\\\/www.entreculturas.org\\\/wp-content\\\/uploads\\\/2025\\\/10\\\/ESP.svg\",\"contentUrl\":\"https:\\\/\\\/www.entreculturas.org\\\/wp-content\\\/uploads\\\/2025\\\/10\\\/ESP.svg\",\"caption\":\"Entreculturas\"},\"image\":{\"@id\":\"https:\\\/\\\/www.entreculturas.org\\\/ca\\\/#\\\/schema\\\/logo\\\/image\\\/\"},\"sameAs\":[\"https:\\\/\\\/www.facebook.com\\\/entreculturas\",\"https:\\\/\\\/x.com\\\/Entreculturas\",\"https:\\\/\\\/www.instagram.com\\\/entreculturas\\\/\",\"https:\\\/\\\/www.youtube.com\\\/user\\\/entreculturasvideo\",\"https:\\\/\\\/www.linkedin.com\\\/company\\\/fundacion-entreculturas-ngdo\\\/\",\"https:\\\/\\\/www.flickr.com\\\/photos\\\/98455522@N04\\\/albums\\\/\"]}]}<\/script>\n<!-- \/ Yoast SEO Premium plugin. -->","yoast_head_json":{"title":"Encuentro de j\u00f3venes: El primer paso para potenciar la participaci\u00f3n de los y las j\u00f3venes en la toma de decisiones de la CME - Entreculturas","robots":{"index":"index","follow":"follow","max-snippet":"max-snippet:-1","max-image-preview":"max-image-preview:large","max-video-preview":"max-video-preview:-1"},"canonical":"https:\/\/www.entreculturas.org\/ca\/noticia\/jovenes-el-primer-paso-para-potenciar-la-participacion-de-los-y-las-jovenes-en\/","og_locale":"ca_ES","og_type":"article","og_title":"Encuentro de j\u00f3venes: El primer paso para potenciar la participaci\u00f3n de los y las j\u00f3venes en la toma de decisiones de la CME","og_description":"Durante los d\u00edas 14 y 15 de noviembre y en el marco de la 6\u00aa Asamblea Mundial de la Campa\u00f1a Mundial por la Educaci\u00f3n que se est\u00e1 celebrado en Katmand\u00fa, Nepal, est\u00e1 teniendo lugar, por primera vez, un Caucus Juvenil. Un espacio que ha reunido a m\u00e1s de 37 j\u00f3venes provenientes de 19 pa\u00edses para dialogar sobre los principales retos mundiales en torno al derecho a la educaci\u00f3n. El objetivo general de este encuentro de j\u00f3venes (Youth Caucus, en ingl\u00e9s) es garantizar la participaci\u00f3n de este colectivo en los procesos de toma de decisiones dentro de la Campa\u00f1a Mundial por la Educaci\u00f3n, as\u00ed como formar una red de trabajo de j\u00f3venes que les permita compartir aprendizajes y trabajar juntos en torno al derecho a la educaci\u00f3n. Entreculturas y Fe y Alegr\u00eda est\u00e1n presentes en esta&nbsp;6\u00aa Asamblea Mundial. Por parte de Entreculturas, nuestras compa\u00f1eras Vega Castrillo y Cristina \u00c1lvarez han viajado [&hellip;]","og_url":"https:\/\/www.entreculturas.org\/ca\/noticia\/jovenes-el-primer-paso-para-potenciar-la-participacion-de-los-y-las-jovenes-en\/","og_site_name":"Entreculturas","article_publisher":"https:\/\/www.facebook.com\/entreculturas","article_modified_time":"2024-02-23T09:00:44+00:00","og_image":[{"width":1500,"height":942,"url":"https:\/\/www.entreculturas.org\/wp-content\/uploads\/2018\/11\/cme-jovenes2.jpg","type":"image\/jpeg"}],"twitter_card":"summary_large_image","twitter_site":"@Entreculturas","schema":{"@context":"https:\/\/schema.org","@graph":[{"@type":"WebPage","@id":"https:\/\/www.entreculturas.org\/ca\/noticia\/jovenes-el-primer-paso-para-potenciar-la-participacion-de-los-y-las-jovenes-en\/","url":"https:\/\/www.entreculturas.org\/ca\/noticia\/jovenes-el-primer-paso-para-potenciar-la-participacion-de-los-y-las-jovenes-en\/","name":"Encuentro de j\u00f3venes: El primer paso para potenciar la participaci\u00f3n de los y las j\u00f3venes en la toma de decisiones de la CME - Entreculturas","isPartOf":{"@id":"https:\/\/www.entreculturas.org\/ca\/#website"},"primaryImageOfPage":{"@id":"https:\/\/www.entreculturas.org\/ca\/noticia\/jovenes-el-primer-paso-para-potenciar-la-participacion-de-los-y-las-jovenes-en\/#primaryimage"},"image":{"@id":"https:\/\/www.entreculturas.org\/ca\/noticia\/jovenes-el-primer-paso-para-potenciar-la-participacion-de-los-y-las-jovenes-en\/#primaryimage"},"thumbnailUrl":"https:\/\/www.entreculturas.org\/wp-content\/uploads\/2018\/11\/cme-jovenes2.jpg","datePublished":"2018-11-14T13:17:51+00:00","dateModified":"2024-02-23T09:00:44+00:00","breadcrumb":{"@id":"https:\/\/www.entreculturas.org\/ca\/noticia\/jovenes-el-primer-paso-para-potenciar-la-participacion-de-los-y-las-jovenes-en\/#breadcrumb"},"inLanguage":"ca","potentialAction":[{"@type":"ReadAction","target":["https:\/\/www.entreculturas.org\/ca\/noticia\/jovenes-el-primer-paso-para-potenciar-la-participacion-de-los-y-las-jovenes-en\/"]}]},{"@type":"ImageObject","inLanguage":"ca","@id":"https:\/\/www.entreculturas.org\/ca\/noticia\/jovenes-el-primer-paso-para-potenciar-la-participacion-de-los-y-las-jovenes-en\/#primaryimage","url":"https:\/\/www.entreculturas.org\/wp-content\/uploads\/2018\/11\/cme-jovenes2.jpg","contentUrl":"https:\/\/www.entreculturas.org\/wp-content\/uploads\/2018\/11\/cme-jovenes2.jpg","width":1500,"height":942},{"@type":"BreadcrumbList","@id":"https:\/\/www.entreculturas.org\/ca\/noticia\/jovenes-el-primer-paso-para-potenciar-la-participacion-de-los-y-las-jovenes-en\/#breadcrumb","itemListElement":[{"@type":"ListItem","position":1,"name":"Home","item":"https:\/\/www.entreculturas.org\/ca\/"},{"@type":"ListItem","position":2,"name":"Noticias","item":"https:\/\/www.entreculturas.org\/ca\/noticias\/"},{"@type":"ListItem","position":3,"name":"Encuentro de j\u00f3venes: El primer paso para potenciar la participaci\u00f3n de los y las j\u00f3venes en la toma de decisiones de la CME"}]},{"@type":"WebSite","@id":"https:\/\/www.entreculturas.org\/ca\/#website","url":"https:\/\/www.entreculturas.org\/ca\/","name":"Entreculturas","description":"","publisher":{"@id":"https:\/\/www.entreculturas.org\/ca\/#organization"},"alternateName":"Entreculturas","potentialAction":[{"@type":"SearchAction","target":{"@type":"EntryPoint","urlTemplate":"https:\/\/www.entreculturas.org\/ca\/?s={search_term_string}"},"query-input":{"@type":"PropertyValueSpecification","valueRequired":true,"valueName":"search_term_string"}}],"inLanguage":"ca"},{"@type":"Organization","@id":"https:\/\/www.entreculturas.org\/ca\/#organization","name":"Entreculturas","url":"https:\/\/www.entreculturas.org\/ca\/","logo":{"@type":"ImageObject","inLanguage":"ca","@id":"https:\/\/www.entreculturas.org\/ca\/#\/schema\/logo\/image\/","url":"https:\/\/www.entreculturas.org\/wp-content\/uploads\/2025\/10\/ESP.svg","contentUrl":"https:\/\/www.entreculturas.org\/wp-content\/uploads\/2025\/10\/ESP.svg","caption":"Entreculturas"},"image":{"@id":"https:\/\/www.entreculturas.org\/ca\/#\/schema\/logo\/image\/"},"sameAs":["https:\/\/www.facebook.com\/entreculturas","https:\/\/x.com\/Entreculturas","https:\/\/www.instagram.com\/entreculturas\/","https:\/\/www.youtube.com\/user\/entreculturasvideo","https:\/\/www.linkedin.com\/company\/fundacion-entreculturas-ngdo\/","https:\/\/www.flickr.com\/photos\/98455522@N04\/albums\/"]}]}},"_links":{"self":[{"href":"https:\/\/www.entreculturas.org\/ca\/wp-json\/wp\/v2\/noticia\/2343","targetHints":{"allow":["GET"]}}],"collection":[{"href":"https:\/\/www.entreculturas.org\/ca\/wp-json\/wp\/v2\/noticia"}],"about":[{"href":"https:\/\/www.entreculturas.org\/ca\/wp-json\/wp\/v2\/types\/noticia"}],"wp:featuredmedia":[{"embeddable":true,"href":"https:\/\/www.entreculturas.org\/ca\/wp-json\/wp\/v2\/media\/2340"}],"wp:attachment":[{"href":"https:\/\/www.entreculturas.org\/ca\/wp-json\/wp\/v2\/media?parent=2343"}],"wp:term":[{"taxonomy":"category","embeddable":true,"href":"https:\/\/www.entreculturas.org\/ca\/wp-json\/wp\/v2\/categories?post=2343"},{"taxonomy":"post_tag","embeddable":true,"href":"https:\/\/www.entreculturas.org\/ca\/wp-json\/wp\/v2\/tags?post=2343"},{"taxonomy":"country","embeddable":true,"href":"https:\/\/www.entreculturas.org\/ca\/wp-json\/wp\/v2\/country?post=2343"},{"taxonomy":"cause","embeddable":true,"href":"https:\/\/www.entreculturas.org\/ca\/wp-json\/wp\/v2\/cause?post=2343"}],"curies":[{"name":"wp","href":"https:\/\/api.w.org\/{rel}","templated":true}]}}