{"id":2333,"date":"2018-11-13T10:58:08","date_gmt":"2018-11-13T10:58:08","guid":{"rendered":"https:\/\/entreculturasi.wpenginepowered.com\/?noticias=presentes-en-la-6a-asamblea-mundial-de-la-campana-mundial-por-la-educacion-en-nepal"},"modified":"2023-12-18T10:34:01","modified_gmt":"2023-12-18T09:34:01","slug":"presentes-en-la-6a-asamblea-mundial-de-la-campana-mundial-por-la-educacion-en-nepal","status":"publish","type":"noticia","link":"https:\/\/www.entreculturas.org\/ca\/noticia\/presentes-en-la-6a-asamblea-mundial-de-la-campana-mundial-por-la-educacion-en-nepal\/","title":{"rendered":"Presentes en la 6\u00aa Asamblea Mundial de la Campa\u00f1a Mundial por la Educaci\u00f3n en Nepal"},"content":{"rendered":"<p>Durante esta semana, entre el 13 y el 18 de noviembre, se est\u00e1 celebrando en Katmand\u00fa, Nepal, la 6\u00aa Asamblea Mundial de la Campa\u00f1a Mundial por la Educaci\u00f3n (CME) donde miembros y aliados de la CME de todos los rincones del planeta nos reunimos para discutir temas cruciales y emergentes en educaci\u00f3n. La Campa\u00f1a Mundial por la Educaci\u00f3n es el <strong>movimiento de la sociedad civil m\u00e1s grande del mundo que trabaja para hacer realidad el derecho a la educaci\u00f3n de calidad para todas las personas<\/strong> y la Asamblea Mundial, que se celebra cada cuatro a\u00f1os, es el \u00f3rgano de gobierno de la Campa\u00f1a Mundial por la Educaci\u00f3n, que re\u00fane a miembros del movimiento de la CME para reflexionar sobre nuestros logros y compartir los conocimientos adquiridos durante el periodo anterior, discutir asuntos actuales y emergentes en la educaci\u00f3n mundial y participar en la planificaci\u00f3n estrat\u00e9gica compartida de los pr\u00f3ximos cuatro a\u00f1os.&nbsp;<\/p>\n<p>Desde la Coalici\u00f3n Espa\u00f1ola de la Campa\u00f1a Mundial por la Educaci\u00f3n est\u00e1n en Nepal Cristina \u00c1lvarez, Coordinadora de la Campa\u00f1a y Vega Castrillo, Coordinadora de Comunicaci\u00f3n de la Campa\u00f1a. Adem\u00e1s, Luc\u00eda Rodr\u00edguez Donate y Luis Carlos Soler, participan tambi\u00e9n en representaci\u00f3n de la Federaci\u00f3n Internacional de Fe y Alegr\u00eda y de la Red Generaci\u00f3n 21. La Asamblea Mundial es uno de los mayores encuentros internacionales de activistas en el sector de la educaci\u00f3n.&nbsp;<img decoding=\"async\" alt=\"\" src=\"https:\/\/www.entreculturas.org\/wp-content\/uploads\/2018\/11\/img_2704-scaled-1.jpg\" style=\"width: 200px;height: 150px;margin: 10px;float: right\"><\/p>\n<p>El tema de la 6\u00aa Asamblea Mundial es <strong>\u201cTransformar los sistemas educativos para la igualdad, la inclusi\u00f3n y la justicia\u201d.<\/strong> El tema refleja la creencia fundamental de la Campa\u00f1a Mundial por la Educaci\u00f3n de que la educaci\u00f3n es un derecho humano, y que la educaci\u00f3n de calidad para todos es alcanzable si los gobiernos y la comunidad internacional tienen suficiente voluntad pol\u00edtica para concentrarse e invertir en educaci\u00f3n. Tambi\u00e9n define las \u00e1reas estrat\u00e9gicas centrales de enfoque para el Movimiento en los pr\u00f3ximos a\u00f1os. Habr\u00e1 tres momentos diferenciados:<\/p>\n<p><strong><span style=\"color:#FF0000\">13 de noviembre Evento de Aprendizaje Global del FRESCE<\/span><\/strong><\/p>\n<p>Agrupar\u00e1 a todos los miembros nacionales y regionales que en la actualidad est\u00e1n financiados por el programa del FRESCE y que a menudo no tienen la oportunidad de trabajar juntos en las regiones, s\u00f3lo cada tres o cuatro a\u00f1os, por lo tanto es una oportunidad para discutir en profundidad, compartir desaf\u00edos y \u00e9xitos y para aprender los unos de los otros. Puedes seguir el evento a trav\u00e9s de #EduLearning2018; #EducationResearch #AdvocacyResearch<\/p>\n<p><strong><span style=\"color:#FF0000\">14 y 15 de noviembre Reuni\u00f3n de j\u00f3venes previa a la Asamblea Mundial<\/span><\/strong><\/p>\n<p>Este a\u00f1o es la primera vez que la Campa\u00f1a Mundial por la Educaci\u00f3n organizar\u00e1 este encuentro . Durante dos d\u00edas, activistas j\u00f3venes por la educaci\u00f3n de todo el mundo est\u00e1n invitados a discutir y debatir sobre los asuntos principales relacionados con el sector educativo hoy en d\u00eda. Adem\u00e1s, los representantes ser\u00e1n invitados a presentar sus mociones pol\u00edticas para su discusi\u00f3n y adopci\u00f3n, por la Asamblea Mundial. Puedes seguir el evento a trav\u00e9s de #gceyouthcaucus2018<\/p>\n<p><span style=\"color:#FF0000\"><strong>16, 17 y 18 de noviembre Asamblea Mundial<\/strong><\/span><\/p>\n<p>Que tendr\u00e1 tres momentos: un foro de pol\u00edticas de un d\u00eda para un debate de alto nivel sobre el futuro de la educaci\u00f3n, una reflexi\u00f3n sobre el impacto de la CME y sobre la forma de avanzar para alcanzar los objetivos de los ODS 4 que dar\u00e1 resultado al nuevo plan estrat\u00e9gico y las propuestas de pol\u00edtica de la CME y, la elecci\u00f3n de la Junta y del nuevo presidente de la CME.<\/p>\n<p>Puedes seguir todo lo relativo a la Asamblea en Facebook, Twitter de la Campa\u00f1a Mundial por la Educaci\u00f3n Espa\u00f1a o a trav\u00e9s de <strong><span style=\"color:#FF0000\">#GCEWorldAssembly2018<\/span><\/strong>.<\/p>\n","protected":false},"excerpt":{"rendered":"<p>Durante esta semana, entre el 13 y el 18 de noviembre, se est\u00e1 celebrando en Katmand\u00fa, Nepal, la 6\u00aa Asamblea Mundial de la Campa\u00f1a Mundial por la Educaci\u00f3n (CME) donde miembros y aliados de la CME de todos los rincones del planeta nos reunimos para discutir temas cruciales y emergentes en educaci\u00f3n. La Campa\u00f1a Mundial por la Educaci\u00f3n es el movimiento de la sociedad civil m\u00e1s grande del mundo que trabaja para hacer realidad el derecho a la educaci\u00f3n de calidad para todas las personas y la Asamblea Mundial, que se celebra cada cuatro a\u00f1os, es el \u00f3rgano de gobierno de la Campa\u00f1a Mundial por la Educaci\u00f3n, que re\u00fane a miembros del movimiento de la CME para reflexionar sobre nuestros logros y compartir los conocimientos adquiridos durante el periodo anterior, discutir asuntos actuales y emergentes en la educaci\u00f3n mundial y participar en la planificaci\u00f3n estrat\u00e9gica compartida de los pr\u00f3ximos cuatro [&hellip;]<\/p>\n","protected":false},"featured_media":2329,"template":"single-noticia","meta":{"_acf_changed":false},"categories":[7],"tags":[289],"country":[297],"cause":[128],"class_list":["post-2333","noticia","type-noticia","status-publish","has-post-thumbnail","hentry","category-noticia","tag-educacion","country-nepal","cause-educacion"],"acf":[],"yoast_head":"<!-- This site is optimized with the Yoast SEO Premium plugin v21.6 (Yoast SEO v27.5) - https:\/\/yoast.com\/product\/yoast-seo-premium-wordpress\/ -->\n<title>Presentes en la 6\u00aa Asamblea Mundial de la Campa\u00f1a Mundial por la Educaci\u00f3n en Nepal - Entreculturas<\/title>\n<meta name=\"robots\" content=\"index, follow, max-snippet:-1, max-image-preview:large, max-video-preview:-1\" \/>\n<link rel=\"canonical\" href=\"https:\/\/www.entreculturas.org\/ca\/noticia\/presentes-en-la-6a-asamblea-mundial-de-la-campana-mundial-por-la-educacion-en-nepal\/\" \/>\n<meta property=\"og:locale\" content=\"ca_ES\" \/>\n<meta property=\"og:type\" content=\"article\" \/>\n<meta property=\"og:title\" content=\"Presentes en la 6\u00aa Asamblea Mundial de la Campa\u00f1a Mundial por la Educaci\u00f3n en Nepal\" \/>\n<meta property=\"og:description\" content=\"Durante esta semana, entre el 13 y el 18 de noviembre, se est\u00e1 celebrando en Katmand\u00fa, Nepal, la 6\u00aa Asamblea Mundial de la Campa\u00f1a Mundial por la Educaci\u00f3n (CME) donde miembros y aliados de la CME de todos los rincones del planeta nos reunimos para discutir temas cruciales y emergentes en educaci\u00f3n. La Campa\u00f1a Mundial por la Educaci\u00f3n es el movimiento de la sociedad civil m\u00e1s grande del mundo que trabaja para hacer realidad el derecho a la educaci\u00f3n de calidad para todas las personas y la Asamblea Mundial, que se celebra cada cuatro a\u00f1os, es el \u00f3rgano de gobierno de la Campa\u00f1a Mundial por la Educaci\u00f3n, que re\u00fane a miembros del movimiento de la CME para reflexionar sobre nuestros logros y compartir los conocimientos adquiridos durante el periodo anterior, discutir asuntos actuales y emergentes en la educaci\u00f3n mundial y participar en la planificaci\u00f3n estrat\u00e9gica compartida de los pr\u00f3ximos cuatro [&hellip;]\" \/>\n<meta property=\"og:url\" content=\"https:\/\/www.entreculturas.org\/ca\/noticia\/presentes-en-la-6a-asamblea-mundial-de-la-campana-mundial-por-la-educacion-en-nepal\/\" \/>\n<meta property=\"og:site_name\" content=\"Entreculturas\" \/>\n<meta property=\"article:publisher\" content=\"https:\/\/www.facebook.com\/entreculturas\" \/>\n<meta property=\"article:modified_time\" content=\"2023-12-18T09:34:01+00:00\" \/>\n<meta property=\"og:image\" content=\"https:\/\/www.entreculturas.org\/wp-content\/uploads\/2018\/11\/img_2707-scaled-1.jpg\" \/>\n\t<meta property=\"og:image:width\" content=\"1920\" \/>\n\t<meta property=\"og:image:height\" content=\"2560\" \/>\n\t<meta property=\"og:image:type\" content=\"image\/jpeg\" \/>\n<meta name=\"twitter:card\" content=\"summary_large_image\" \/>\n<meta name=\"twitter:site\" content=\"@Entreculturas\" \/>\n<script type=\"application\/ld+json\" class=\"yoast-schema-graph\">{\"@context\":\"https:\\\/\\\/schema.org\",\"@graph\":[{\"@type\":\"WebPage\",\"@id\":\"https:\\\/\\\/www.entreculturas.org\\\/ca\\\/noticia\\\/presentes-en-la-6a-asamblea-mundial-de-la-campana-mundial-por-la-educacion-en-nepal\\\/\",\"url\":\"https:\\\/\\\/www.entreculturas.org\\\/ca\\\/noticia\\\/presentes-en-la-6a-asamblea-mundial-de-la-campana-mundial-por-la-educacion-en-nepal\\\/\",\"name\":\"Presentes en la 6\u00aa Asamblea Mundial de la Campa\u00f1a Mundial por la Educaci\u00f3n en Nepal - Entreculturas\",\"isPartOf\":{\"@id\":\"https:\\\/\\\/www.entreculturas.org\\\/ca\\\/#website\"},\"primaryImageOfPage\":{\"@id\":\"https:\\\/\\\/www.entreculturas.org\\\/ca\\\/noticia\\\/presentes-en-la-6a-asamblea-mundial-de-la-campana-mundial-por-la-educacion-en-nepal\\\/#primaryimage\"},\"image\":{\"@id\":\"https:\\\/\\\/www.entreculturas.org\\\/ca\\\/noticia\\\/presentes-en-la-6a-asamblea-mundial-de-la-campana-mundial-por-la-educacion-en-nepal\\\/#primaryimage\"},\"thumbnailUrl\":\"https:\\\/\\\/www.entreculturas.org\\\/wp-content\\\/uploads\\\/2018\\\/11\\\/img_2707-scaled-1.jpg\",\"datePublished\":\"2018-11-13T10:58:08+00:00\",\"dateModified\":\"2023-12-18T09:34:01+00:00\",\"breadcrumb\":{\"@id\":\"https:\\\/\\\/www.entreculturas.org\\\/ca\\\/noticia\\\/presentes-en-la-6a-asamblea-mundial-de-la-campana-mundial-por-la-educacion-en-nepal\\\/#breadcrumb\"},\"inLanguage\":\"ca\",\"potentialAction\":[{\"@type\":\"ReadAction\",\"target\":[\"https:\\\/\\\/www.entreculturas.org\\\/ca\\\/noticia\\\/presentes-en-la-6a-asamblea-mundial-de-la-campana-mundial-por-la-educacion-en-nepal\\\/\"]}]},{\"@type\":\"ImageObject\",\"inLanguage\":\"ca\",\"@id\":\"https:\\\/\\\/www.entreculturas.org\\\/ca\\\/noticia\\\/presentes-en-la-6a-asamblea-mundial-de-la-campana-mundial-por-la-educacion-en-nepal\\\/#primaryimage\",\"url\":\"https:\\\/\\\/www.entreculturas.org\\\/wp-content\\\/uploads\\\/2018\\\/11\\\/img_2707-scaled-1.jpg\",\"contentUrl\":\"https:\\\/\\\/www.entreculturas.org\\\/wp-content\\\/uploads\\\/2018\\\/11\\\/img_2707-scaled-1.jpg\",\"width\":1920,\"height\":2560},{\"@type\":\"BreadcrumbList\",\"@id\":\"https:\\\/\\\/www.entreculturas.org\\\/ca\\\/noticia\\\/presentes-en-la-6a-asamblea-mundial-de-la-campana-mundial-por-la-educacion-en-nepal\\\/#breadcrumb\",\"itemListElement\":[{\"@type\":\"ListItem\",\"position\":1,\"name\":\"Home\",\"item\":\"https:\\\/\\\/www.entreculturas.org\\\/ca\\\/\"},{\"@type\":\"ListItem\",\"position\":2,\"name\":\"Noticias\",\"item\":\"https:\\\/\\\/www.entreculturas.org\\\/ca\\\/noticias\\\/\"},{\"@type\":\"ListItem\",\"position\":3,\"name\":\"Presentes en la 6\u00aa Asamblea Mundial de la Campa\u00f1a Mundial por la Educaci\u00f3n en Nepal\"}]},{\"@type\":\"WebSite\",\"@id\":\"https:\\\/\\\/www.entreculturas.org\\\/ca\\\/#website\",\"url\":\"https:\\\/\\\/www.entreculturas.org\\\/ca\\\/\",\"name\":\"Entreculturas\",\"description\":\"\",\"publisher\":{\"@id\":\"https:\\\/\\\/www.entreculturas.org\\\/ca\\\/#organization\"},\"alternateName\":\"Entreculturas\",\"potentialAction\":[{\"@type\":\"SearchAction\",\"target\":{\"@type\":\"EntryPoint\",\"urlTemplate\":\"https:\\\/\\\/www.entreculturas.org\\\/ca\\\/?s={search_term_string}\"},\"query-input\":{\"@type\":\"PropertyValueSpecification\",\"valueRequired\":true,\"valueName\":\"search_term_string\"}}],\"inLanguage\":\"ca\"},{\"@type\":\"Organization\",\"@id\":\"https:\\\/\\\/www.entreculturas.org\\\/ca\\\/#organization\",\"name\":\"Entreculturas\",\"url\":\"https:\\\/\\\/www.entreculturas.org\\\/ca\\\/\",\"logo\":{\"@type\":\"ImageObject\",\"inLanguage\":\"ca\",\"@id\":\"https:\\\/\\\/www.entreculturas.org\\\/ca\\\/#\\\/schema\\\/logo\\\/image\\\/\",\"url\":\"https:\\\/\\\/www.entreculturas.org\\\/wp-content\\\/uploads\\\/2025\\\/10\\\/ESP.svg\",\"contentUrl\":\"https:\\\/\\\/www.entreculturas.org\\\/wp-content\\\/uploads\\\/2025\\\/10\\\/ESP.svg\",\"caption\":\"Entreculturas\"},\"image\":{\"@id\":\"https:\\\/\\\/www.entreculturas.org\\\/ca\\\/#\\\/schema\\\/logo\\\/image\\\/\"},\"sameAs\":[\"https:\\\/\\\/www.facebook.com\\\/entreculturas\",\"https:\\\/\\\/x.com\\\/Entreculturas\",\"https:\\\/\\\/www.instagram.com\\\/entreculturas\\\/\",\"https:\\\/\\\/www.youtube.com\\\/user\\\/entreculturasvideo\",\"https:\\\/\\\/www.linkedin.com\\\/company\\\/fundacion-entreculturas-ngdo\\\/\",\"https:\\\/\\\/www.flickr.com\\\/photos\\\/98455522@N04\\\/albums\\\/\"]}]}<\/script>\n<!-- \/ Yoast SEO Premium plugin. -->","yoast_head_json":{"title":"Presentes en la 6\u00aa Asamblea Mundial de la Campa\u00f1a Mundial por la Educaci\u00f3n en Nepal - Entreculturas","robots":{"index":"index","follow":"follow","max-snippet":"max-snippet:-1","max-image-preview":"max-image-preview:large","max-video-preview":"max-video-preview:-1"},"canonical":"https:\/\/www.entreculturas.org\/ca\/noticia\/presentes-en-la-6a-asamblea-mundial-de-la-campana-mundial-por-la-educacion-en-nepal\/","og_locale":"ca_ES","og_type":"article","og_title":"Presentes en la 6\u00aa Asamblea Mundial de la Campa\u00f1a Mundial por la Educaci\u00f3n en Nepal","og_description":"Durante esta semana, entre el 13 y el 18 de noviembre, se est\u00e1 celebrando en Katmand\u00fa, Nepal, la 6\u00aa Asamblea Mundial de la Campa\u00f1a Mundial por la Educaci\u00f3n (CME) donde miembros y aliados de la CME de todos los rincones del planeta nos reunimos para discutir temas cruciales y emergentes en educaci\u00f3n. La Campa\u00f1a Mundial por la Educaci\u00f3n es el movimiento de la sociedad civil m\u00e1s grande del mundo que trabaja para hacer realidad el derecho a la educaci\u00f3n de calidad para todas las personas y la Asamblea Mundial, que se celebra cada cuatro a\u00f1os, es el \u00f3rgano de gobierno de la Campa\u00f1a Mundial por la Educaci\u00f3n, que re\u00fane a miembros del movimiento de la CME para reflexionar sobre nuestros logros y compartir los conocimientos adquiridos durante el periodo anterior, discutir asuntos actuales y emergentes en la educaci\u00f3n mundial y participar en la planificaci\u00f3n estrat\u00e9gica compartida de los pr\u00f3ximos cuatro [&hellip;]","og_url":"https:\/\/www.entreculturas.org\/ca\/noticia\/presentes-en-la-6a-asamblea-mundial-de-la-campana-mundial-por-la-educacion-en-nepal\/","og_site_name":"Entreculturas","article_publisher":"https:\/\/www.facebook.com\/entreculturas","article_modified_time":"2023-12-18T09:34:01+00:00","og_image":[{"width":1920,"height":2560,"url":"https:\/\/www.entreculturas.org\/wp-content\/uploads\/2018\/11\/img_2707-scaled-1.jpg","type":"image\/jpeg"}],"twitter_card":"summary_large_image","twitter_site":"@Entreculturas","schema":{"@context":"https:\/\/schema.org","@graph":[{"@type":"WebPage","@id":"https:\/\/www.entreculturas.org\/ca\/noticia\/presentes-en-la-6a-asamblea-mundial-de-la-campana-mundial-por-la-educacion-en-nepal\/","url":"https:\/\/www.entreculturas.org\/ca\/noticia\/presentes-en-la-6a-asamblea-mundial-de-la-campana-mundial-por-la-educacion-en-nepal\/","name":"Presentes en la 6\u00aa Asamblea Mundial de la Campa\u00f1a Mundial por la Educaci\u00f3n en Nepal - Entreculturas","isPartOf":{"@id":"https:\/\/www.entreculturas.org\/ca\/#website"},"primaryImageOfPage":{"@id":"https:\/\/www.entreculturas.org\/ca\/noticia\/presentes-en-la-6a-asamblea-mundial-de-la-campana-mundial-por-la-educacion-en-nepal\/#primaryimage"},"image":{"@id":"https:\/\/www.entreculturas.org\/ca\/noticia\/presentes-en-la-6a-asamblea-mundial-de-la-campana-mundial-por-la-educacion-en-nepal\/#primaryimage"},"thumbnailUrl":"https:\/\/www.entreculturas.org\/wp-content\/uploads\/2018\/11\/img_2707-scaled-1.jpg","datePublished":"2018-11-13T10:58:08+00:00","dateModified":"2023-12-18T09:34:01+00:00","breadcrumb":{"@id":"https:\/\/www.entreculturas.org\/ca\/noticia\/presentes-en-la-6a-asamblea-mundial-de-la-campana-mundial-por-la-educacion-en-nepal\/#breadcrumb"},"inLanguage":"ca","potentialAction":[{"@type":"ReadAction","target":["https:\/\/www.entreculturas.org\/ca\/noticia\/presentes-en-la-6a-asamblea-mundial-de-la-campana-mundial-por-la-educacion-en-nepal\/"]}]},{"@type":"ImageObject","inLanguage":"ca","@id":"https:\/\/www.entreculturas.org\/ca\/noticia\/presentes-en-la-6a-asamblea-mundial-de-la-campana-mundial-por-la-educacion-en-nepal\/#primaryimage","url":"https:\/\/www.entreculturas.org\/wp-content\/uploads\/2018\/11\/img_2707-scaled-1.jpg","contentUrl":"https:\/\/www.entreculturas.org\/wp-content\/uploads\/2018\/11\/img_2707-scaled-1.jpg","width":1920,"height":2560},{"@type":"BreadcrumbList","@id":"https:\/\/www.entreculturas.org\/ca\/noticia\/presentes-en-la-6a-asamblea-mundial-de-la-campana-mundial-por-la-educacion-en-nepal\/#breadcrumb","itemListElement":[{"@type":"ListItem","position":1,"name":"Home","item":"https:\/\/www.entreculturas.org\/ca\/"},{"@type":"ListItem","position":2,"name":"Noticias","item":"https:\/\/www.entreculturas.org\/ca\/noticias\/"},{"@type":"ListItem","position":3,"name":"Presentes en la 6\u00aa Asamblea Mundial de la Campa\u00f1a Mundial por la Educaci\u00f3n en Nepal"}]},{"@type":"WebSite","@id":"https:\/\/www.entreculturas.org\/ca\/#website","url":"https:\/\/www.entreculturas.org\/ca\/","name":"Entreculturas","description":"","publisher":{"@id":"https:\/\/www.entreculturas.org\/ca\/#organization"},"alternateName":"Entreculturas","potentialAction":[{"@type":"SearchAction","target":{"@type":"EntryPoint","urlTemplate":"https:\/\/www.entreculturas.org\/ca\/?s={search_term_string}"},"query-input":{"@type":"PropertyValueSpecification","valueRequired":true,"valueName":"search_term_string"}}],"inLanguage":"ca"},{"@type":"Organization","@id":"https:\/\/www.entreculturas.org\/ca\/#organization","name":"Entreculturas","url":"https:\/\/www.entreculturas.org\/ca\/","logo":{"@type":"ImageObject","inLanguage":"ca","@id":"https:\/\/www.entreculturas.org\/ca\/#\/schema\/logo\/image\/","url":"https:\/\/www.entreculturas.org\/wp-content\/uploads\/2025\/10\/ESP.svg","contentUrl":"https:\/\/www.entreculturas.org\/wp-content\/uploads\/2025\/10\/ESP.svg","caption":"Entreculturas"},"image":{"@id":"https:\/\/www.entreculturas.org\/ca\/#\/schema\/logo\/image\/"},"sameAs":["https:\/\/www.facebook.com\/entreculturas","https:\/\/x.com\/Entreculturas","https:\/\/www.instagram.com\/entreculturas\/","https:\/\/www.youtube.com\/user\/entreculturasvideo","https:\/\/www.linkedin.com\/company\/fundacion-entreculturas-ngdo\/","https:\/\/www.flickr.com\/photos\/98455522@N04\/albums\/"]}]}},"_links":{"self":[{"href":"https:\/\/www.entreculturas.org\/ca\/wp-json\/wp\/v2\/noticia\/2333","targetHints":{"allow":["GET"]}}],"collection":[{"href":"https:\/\/www.entreculturas.org\/ca\/wp-json\/wp\/v2\/noticia"}],"about":[{"href":"https:\/\/www.entreculturas.org\/ca\/wp-json\/wp\/v2\/types\/noticia"}],"wp:featuredmedia":[{"embeddable":true,"href":"https:\/\/www.entreculturas.org\/ca\/wp-json\/wp\/v2\/media\/2329"}],"wp:attachment":[{"href":"https:\/\/www.entreculturas.org\/ca\/wp-json\/wp\/v2\/media?parent=2333"}],"wp:term":[{"taxonomy":"category","embeddable":true,"href":"https:\/\/www.entreculturas.org\/ca\/wp-json\/wp\/v2\/categories?post=2333"},{"taxonomy":"post_tag","embeddable":true,"href":"https:\/\/www.entreculturas.org\/ca\/wp-json\/wp\/v2\/tags?post=2333"},{"taxonomy":"country","embeddable":true,"href":"https:\/\/www.entreculturas.org\/ca\/wp-json\/wp\/v2\/country?post=2333"},{"taxonomy":"cause","embeddable":true,"href":"https:\/\/www.entreculturas.org\/ca\/wp-json\/wp\/v2\/cause?post=2333"}],"curies":[{"name":"wp","href":"https:\/\/api.w.org\/{rel}","templated":true}]}}