{"id":2312,"date":"2018-10-30T09:04:17","date_gmt":"2018-10-30T09:04:17","guid":{"rendered":"https:\/\/entreculturasi.wpenginepowered.com\/?noticias=videoconferencia-con-prensa-en-conexion-con-mexico-y-honduras-sobre-la-caravanamigrantes"},"modified":"2023-12-18T10:34:02","modified_gmt":"2023-12-18T09:34:02","slug":"videoconferencia-con-prensa-en-conexion-con-mexico-y-honduras-sobre-la-caravanamigrantes","status":"publish","type":"noticia","link":"https:\/\/www.entreculturas.org\/ca\/noticia\/videoconferencia-con-prensa-en-conexion-con-mexico-y-honduras-sobre-la-caravanamigrantes\/","title":{"rendered":"Videoconferencia con prensa en conexi\u00f3n con M\u00e9xico y Honduras sobre la #CaravanaMigrantes"},"content":{"rendered":"<p>En las \u00faltimas semanas hemos vivido y seguido con preocupaci\u00f3n la situaci\u00f3n de la llamada \u201cCaravana de Migrantes\u201d de personas de Centroam\u00e9rica, fundamentalmente hondure\u00f1as, en su rumbo hacia M\u00e9xico y Estados Unidos. Con seguridad sabemos que m\u00e1s de 10.000 personas hondure\u00f1as caminan, vinculadas a esta Caravana, por Honduras, El Salvador, Guatemala, hacia M\u00e9xico o Estados Unidos, en busca de asilo o de un proyecto de vida digna. <strong>Es un \u00e9xodo masivo fruto de una crisis compleja, permanente y creciente en su pa\u00eds y sus comunidades de origen.&nbsp;<\/strong><\/p>\n<p>Un abordaje adecuado de la actual crisis de la llamada \u201cCaravana de Migrantes\u201d empieza por se\u00f1alar sus causas y a sus causantes, entender que la seguridad que est\u00e1 en juego es principalmente la de las personas migrantes en la ruta y por promocionar una cultura de la Hospitalidad entre los pueblos y los seres humanos: \u00bfQu\u00e9 pasa en Centroam\u00e9rica?, \u00bfPor qu\u00e9 se lanzan tantas personas fuera su pa\u00eds?, \u00bfC\u00f3mo se explica este \u00e9xodo?, \u00bfQu\u00e9 seguridad est\u00e1 en juego?<\/p>\n<p>Entreculturas y Alboan contamos con d\u00e9cadas de trabajo educativo y social en Centroam\u00e9rica y con personas migrantes en M\u00e9xico, colaborando con organizaciones jesuitas y otras de la sociedad civil. Para hablar de esta situaci\u00f3n, <strong>desde Entreculturas y Alboan organizamos una videoconferencia para prensa que se celebr\u00f3 el pasado lunes 29 de octubre y en la cual se contact\u00f3 con Honduras y M\u00e9xico<\/strong> para abordar esta situaci\u00f3n desde los dos focos de la noticia.&nbsp;<\/p>\n<p>Al acto acudieron 32 personas: 11 de ellas eran periodistas de diversos medios de comunicaci\u00f3n espa\u00f1oles. La videoconferencia se realiz\u00f3 en la sede de Entreculturas en Madrid y fue moderada por <strong>la responsable de Migraciones de Entreculturas, Cristina Manzanedo<\/strong>, y se pudieron escuchar los testimonios del <strong>Padre Ismael Moreno SJ (P. Melo), que lidera ERIC-Radio Progreso<\/strong> y se conect\u00f3 desde Honduras, y de <strong>Andrea Villase\u00f1or, Directora del Servicio Jesuita Refugiados-M\u00e9xico<\/strong>, quien se conect\u00f3 desde M\u00e9xico.&nbsp;Ambos asistentes mantuvieron sendas intervenciones de diez minutos en los que hablaron de los problemas en el origen de la caravana (Honduras, con el Padre Melo) y en el trayecto a trav\u00e9s de M\u00e9xico y su incierta llegada a la frontera con Estados Unidos (con Villase\u00f1or).<\/p>\n<p>El jesuita reconoci\u00f3 que esta caravana de migrantes \u201cha rebasado todos nuestros an\u00e1lisis y nos sit\u00faa en una problem\u00e1tica tan compleja que es impensable que podamos darle una respuesta a nivel local y nacional\u201d. Analiz\u00f3 la situaci\u00f3n que ha ocasionado este \u00e9xodo masivo poniendo el foco en el alt\u00edsimo grado de desigualdad que sufre Honduras, llegando a clasificar esta realidad de \u201colla a presi\u00f3n\u201d: \u201cHonduras ha atizado esta situaci\u00f3n con el fuego de un modelo de desarrollo basado en la acumulaci\u00f3n infinita de riqueza en unas pocas familias\u201d,&nbsp; denunci\u00f3. Y aport\u00f3 datos para que se entienda a qu\u00e9 se refiere: \u201cde los 9 millones de habitantes de Honduras, 6 se encuentran fuera de los c\u00edrculos de la econom\u00eda formal -esto supone casi el 70% de la poblaci\u00f3n- y al menos 4 millones est\u00e1n en desempleo\u201d.<\/p>\n<\/p>\n<p><strong>La propuesta que hace el padre Melo para intentar combatir esta situaci\u00f3n pasa, como \u00e9l dice, por \u201ccuestionar el modelo de desarrollo que genera desplazamientos, crear redes conjuntas y trabajar por una propuesta alternativa para un modelo de inclusi\u00f3n social\u201d.<\/strong><\/p>\n<p>Por su parte, Andrea Villase\u00f1or explic\u00f3 desde M\u00e9xico DF la situaci\u00f3n actual de los migrantes a su paso por el pa\u00eds. Las principales preocupaciones de JRS ahora mismo se van quedando rezagadas: \u201cdesde la ciudad de Hidalgo hasta donde se encuentran ahora (Tapanatepec), han pasado de unos 7.300 a unos 6.000. En torno a 1.000 personas han pedido regresar a sus pa\u00edses de origen, la mayor\u00eda hondure\u00f1os\u201d.<\/p>\n<p>Como nota optimista de la situaci\u00f3n de los migrantes, <strong>Villase\u00f1or celebr\u00f3 que la respuesta de la sociedad civil cada vez es mayor. Asegura que desde que la caravana de migrantes pas\u00f3 por Chiapas la poblaci\u00f3n civil se ha ofrecido a ayudar y acompa\u00f1ar a las personas que forman esta columna.<\/strong> Adem\u00e1s, insisti\u00f3 en que \u201cen M\u00e9xico somos 110 millones de habitantes, tenemos capacidad para acoger a las personas\u201d e incidi\u00f3 en que los mensajes de criminalizaci\u00f3n de los migrantes hay que combatirlos explicando que las personas que vienen lo hacen en busca de una vida mejor.&nbsp;<\/p>\n<p>El padre Melo agradeci\u00f3 a Entreculturas y Alboan por este encuentro que sirve para dar voz a las voces de Honduras: <strong>\u201ca nosotros no nos invitan a los debates. Tenemos que hablar a trav\u00e9s de los altavoces de nuestros aliados en otros lugares como Espa\u00f1a\u201d<\/strong>.<br \/>&nbsp;<\/p><\/p>\n","protected":false},"excerpt":{"rendered":"<p>Entreculturas y Alboan contamos con d\u00e9cadas de trabajo educativo y social en Centroam\u00e9rica y con personas migrantes en M\u00e9xico, colaborando con organizaciones jesuitas y otras de la sociedad civil. Para hablar de esta situaci\u00f3n, desde Entreculturas y Alboan organizamos una videoconferencia para prensa que se celebr\u00f3 el pasado lunes 29 de octubre y en la cual se contact\u00f3 con Honduras y M\u00e9xico para abordar esta situaci\u00f3n desde los dos focos de la noticia. <\/p>\n","protected":false},"featured_media":2311,"template":"single-noticia","meta":{"_acf_changed":false},"categories":[7],"tags":[10],"country":[146],"cause":[129],"class_list":["post-2312","noticia","type-noticia","status-publish","has-post-thumbnail","hentry","category-noticia","tag-migracion-y-refugio","country-honduras","cause-migracion-y-refugio"],"acf":[],"yoast_head":"<!-- This site is optimized with the Yoast SEO Premium plugin v21.6 (Yoast SEO v27.5) - https:\/\/yoast.com\/product\/yoast-seo-premium-wordpress\/ -->\n<title>Videoconferencia con prensa en conexi\u00f3n con M\u00e9xico y Honduras sobre la #CaravanaMigrantes - Entreculturas<\/title>\n<meta name=\"robots\" content=\"index, follow, max-snippet:-1, max-image-preview:large, max-video-preview:-1\" \/>\n<link rel=\"canonical\" href=\"https:\/\/www.entreculturas.org\/ca\/noticia\/videoconferencia-con-prensa-en-conexion-con-mexico-y-honduras-sobre-la-caravanamigrantes\/\" \/>\n<meta property=\"og:locale\" content=\"ca_ES\" \/>\n<meta property=\"og:type\" content=\"article\" \/>\n<meta property=\"og:title\" content=\"Videoconferencia con prensa en conexi\u00f3n con M\u00e9xico y Honduras sobre la #CaravanaMigrantes\" \/>\n<meta property=\"og:description\" content=\"Entreculturas y Alboan contamos con d\u00e9cadas de trabajo educativo y social en Centroam\u00e9rica y con personas migrantes en M\u00e9xico, colaborando con organizaciones jesuitas y otras de la sociedad civil. Para hablar de esta situaci\u00f3n, desde Entreculturas y Alboan organizamos una videoconferencia para prensa que se celebr\u00f3 el pasado lunes 29 de octubre y en la cual se contact\u00f3 con Honduras y M\u00e9xico para abordar esta situaci\u00f3n desde los dos focos de la noticia.\" \/>\n<meta property=\"og:url\" content=\"https:\/\/www.entreculturas.org\/ca\/noticia\/videoconferencia-con-prensa-en-conexion-con-mexico-y-honduras-sobre-la-caravanamigrantes\/\" \/>\n<meta property=\"og:site_name\" content=\"Entreculturas\" \/>\n<meta property=\"article:publisher\" content=\"https:\/\/www.facebook.com\/entreculturas\" \/>\n<meta property=\"article:modified_time\" content=\"2023-12-18T09:34:02+00:00\" \/>\n<meta property=\"og:image\" content=\"https:\/\/www.entreculturas.org\/wp-content\/uploads\/2018\/10\/img_7423.jpg\" \/>\n\t<meta property=\"og:image:width\" content=\"1417\" \/>\n\t<meta property=\"og:image:height\" content=\"945\" \/>\n\t<meta property=\"og:image:type\" content=\"image\/jpeg\" \/>\n<meta name=\"twitter:card\" content=\"summary_large_image\" \/>\n<meta name=\"twitter:site\" content=\"@Entreculturas\" \/>\n<script type=\"application\/ld+json\" class=\"yoast-schema-graph\">{\"@context\":\"https:\\\/\\\/schema.org\",\"@graph\":[{\"@type\":\"WebPage\",\"@id\":\"https:\\\/\\\/www.entreculturas.org\\\/ca\\\/noticia\\\/videoconferencia-con-prensa-en-conexion-con-mexico-y-honduras-sobre-la-caravanamigrantes\\\/\",\"url\":\"https:\\\/\\\/www.entreculturas.org\\\/ca\\\/noticia\\\/videoconferencia-con-prensa-en-conexion-con-mexico-y-honduras-sobre-la-caravanamigrantes\\\/\",\"name\":\"Videoconferencia con prensa en conexi\u00f3n con M\u00e9xico y Honduras sobre la #CaravanaMigrantes - Entreculturas\",\"isPartOf\":{\"@id\":\"https:\\\/\\\/www.entreculturas.org\\\/ca\\\/#website\"},\"primaryImageOfPage\":{\"@id\":\"https:\\\/\\\/www.entreculturas.org\\\/ca\\\/noticia\\\/videoconferencia-con-prensa-en-conexion-con-mexico-y-honduras-sobre-la-caravanamigrantes\\\/#primaryimage\"},\"image\":{\"@id\":\"https:\\\/\\\/www.entreculturas.org\\\/ca\\\/noticia\\\/videoconferencia-con-prensa-en-conexion-con-mexico-y-honduras-sobre-la-caravanamigrantes\\\/#primaryimage\"},\"thumbnailUrl\":\"https:\\\/\\\/www.entreculturas.org\\\/wp-content\\\/uploads\\\/2018\\\/10\\\/img_7423.jpg\",\"datePublished\":\"2018-10-30T09:04:17+00:00\",\"dateModified\":\"2023-12-18T09:34:02+00:00\",\"breadcrumb\":{\"@id\":\"https:\\\/\\\/www.entreculturas.org\\\/ca\\\/noticia\\\/videoconferencia-con-prensa-en-conexion-con-mexico-y-honduras-sobre-la-caravanamigrantes\\\/#breadcrumb\"},\"inLanguage\":\"ca\",\"potentialAction\":[{\"@type\":\"ReadAction\",\"target\":[\"https:\\\/\\\/www.entreculturas.org\\\/ca\\\/noticia\\\/videoconferencia-con-prensa-en-conexion-con-mexico-y-honduras-sobre-la-caravanamigrantes\\\/\"]}]},{\"@type\":\"ImageObject\",\"inLanguage\":\"ca\",\"@id\":\"https:\\\/\\\/www.entreculturas.org\\\/ca\\\/noticia\\\/videoconferencia-con-prensa-en-conexion-con-mexico-y-honduras-sobre-la-caravanamigrantes\\\/#primaryimage\",\"url\":\"https:\\\/\\\/www.entreculturas.org\\\/wp-content\\\/uploads\\\/2018\\\/10\\\/img_7423.jpg\",\"contentUrl\":\"https:\\\/\\\/www.entreculturas.org\\\/wp-content\\\/uploads\\\/2018\\\/10\\\/img_7423.jpg\",\"width\":1417,\"height\":945},{\"@type\":\"BreadcrumbList\",\"@id\":\"https:\\\/\\\/www.entreculturas.org\\\/ca\\\/noticia\\\/videoconferencia-con-prensa-en-conexion-con-mexico-y-honduras-sobre-la-caravanamigrantes\\\/#breadcrumb\",\"itemListElement\":[{\"@type\":\"ListItem\",\"position\":1,\"name\":\"Home\",\"item\":\"https:\\\/\\\/www.entreculturas.org\\\/ca\\\/\"},{\"@type\":\"ListItem\",\"position\":2,\"name\":\"Noticias\",\"item\":\"https:\\\/\\\/www.entreculturas.org\\\/ca\\\/noticias\\\/\"},{\"@type\":\"ListItem\",\"position\":3,\"name\":\"Videoconferencia con prensa en conexi\u00f3n con M\u00e9xico y Honduras sobre la #CaravanaMigrantes\"}]},{\"@type\":\"WebSite\",\"@id\":\"https:\\\/\\\/www.entreculturas.org\\\/ca\\\/#website\",\"url\":\"https:\\\/\\\/www.entreculturas.org\\\/ca\\\/\",\"name\":\"Entreculturas\",\"description\":\"\",\"publisher\":{\"@id\":\"https:\\\/\\\/www.entreculturas.org\\\/ca\\\/#organization\"},\"alternateName\":\"Entreculturas\",\"potentialAction\":[{\"@type\":\"SearchAction\",\"target\":{\"@type\":\"EntryPoint\",\"urlTemplate\":\"https:\\\/\\\/www.entreculturas.org\\\/ca\\\/?s={search_term_string}\"},\"query-input\":{\"@type\":\"PropertyValueSpecification\",\"valueRequired\":true,\"valueName\":\"search_term_string\"}}],\"inLanguage\":\"ca\"},{\"@type\":\"Organization\",\"@id\":\"https:\\\/\\\/www.entreculturas.org\\\/ca\\\/#organization\",\"name\":\"Entreculturas\",\"url\":\"https:\\\/\\\/www.entreculturas.org\\\/ca\\\/\",\"logo\":{\"@type\":\"ImageObject\",\"inLanguage\":\"ca\",\"@id\":\"https:\\\/\\\/www.entreculturas.org\\\/ca\\\/#\\\/schema\\\/logo\\\/image\\\/\",\"url\":\"https:\\\/\\\/www.entreculturas.org\\\/wp-content\\\/uploads\\\/2025\\\/10\\\/ESP.svg\",\"contentUrl\":\"https:\\\/\\\/www.entreculturas.org\\\/wp-content\\\/uploads\\\/2025\\\/10\\\/ESP.svg\",\"caption\":\"Entreculturas\"},\"image\":{\"@id\":\"https:\\\/\\\/www.entreculturas.org\\\/ca\\\/#\\\/schema\\\/logo\\\/image\\\/\"},\"sameAs\":[\"https:\\\/\\\/www.facebook.com\\\/entreculturas\",\"https:\\\/\\\/x.com\\\/Entreculturas\",\"https:\\\/\\\/www.instagram.com\\\/entreculturas\\\/\",\"https:\\\/\\\/www.youtube.com\\\/user\\\/entreculturasvideo\",\"https:\\\/\\\/www.linkedin.com\\\/company\\\/fundacion-entreculturas-ngdo\\\/\",\"https:\\\/\\\/www.flickr.com\\\/photos\\\/98455522@N04\\\/albums\\\/\"]}]}<\/script>\n<!-- \/ Yoast SEO Premium plugin. -->","yoast_head_json":{"title":"Videoconferencia con prensa en conexi\u00f3n con M\u00e9xico y Honduras sobre la #CaravanaMigrantes - Entreculturas","robots":{"index":"index","follow":"follow","max-snippet":"max-snippet:-1","max-image-preview":"max-image-preview:large","max-video-preview":"max-video-preview:-1"},"canonical":"https:\/\/www.entreculturas.org\/ca\/noticia\/videoconferencia-con-prensa-en-conexion-con-mexico-y-honduras-sobre-la-caravanamigrantes\/","og_locale":"ca_ES","og_type":"article","og_title":"Videoconferencia con prensa en conexi\u00f3n con M\u00e9xico y Honduras sobre la #CaravanaMigrantes","og_description":"Entreculturas y Alboan contamos con d\u00e9cadas de trabajo educativo y social en Centroam\u00e9rica y con personas migrantes en M\u00e9xico, colaborando con organizaciones jesuitas y otras de la sociedad civil. Para hablar de esta situaci\u00f3n, desde Entreculturas y Alboan organizamos una videoconferencia para prensa que se celebr\u00f3 el pasado lunes 29 de octubre y en la cual se contact\u00f3 con Honduras y M\u00e9xico para abordar esta situaci\u00f3n desde los dos focos de la noticia.","og_url":"https:\/\/www.entreculturas.org\/ca\/noticia\/videoconferencia-con-prensa-en-conexion-con-mexico-y-honduras-sobre-la-caravanamigrantes\/","og_site_name":"Entreculturas","article_publisher":"https:\/\/www.facebook.com\/entreculturas","article_modified_time":"2023-12-18T09:34:02+00:00","og_image":[{"width":1417,"height":945,"url":"https:\/\/www.entreculturas.org\/wp-content\/uploads\/2018\/10\/img_7423.jpg","type":"image\/jpeg"}],"twitter_card":"summary_large_image","twitter_site":"@Entreculturas","schema":{"@context":"https:\/\/schema.org","@graph":[{"@type":"WebPage","@id":"https:\/\/www.entreculturas.org\/ca\/noticia\/videoconferencia-con-prensa-en-conexion-con-mexico-y-honduras-sobre-la-caravanamigrantes\/","url":"https:\/\/www.entreculturas.org\/ca\/noticia\/videoconferencia-con-prensa-en-conexion-con-mexico-y-honduras-sobre-la-caravanamigrantes\/","name":"Videoconferencia con prensa en conexi\u00f3n con M\u00e9xico y Honduras sobre la #CaravanaMigrantes - Entreculturas","isPartOf":{"@id":"https:\/\/www.entreculturas.org\/ca\/#website"},"primaryImageOfPage":{"@id":"https:\/\/www.entreculturas.org\/ca\/noticia\/videoconferencia-con-prensa-en-conexion-con-mexico-y-honduras-sobre-la-caravanamigrantes\/#primaryimage"},"image":{"@id":"https:\/\/www.entreculturas.org\/ca\/noticia\/videoconferencia-con-prensa-en-conexion-con-mexico-y-honduras-sobre-la-caravanamigrantes\/#primaryimage"},"thumbnailUrl":"https:\/\/www.entreculturas.org\/wp-content\/uploads\/2018\/10\/img_7423.jpg","datePublished":"2018-10-30T09:04:17+00:00","dateModified":"2023-12-18T09:34:02+00:00","breadcrumb":{"@id":"https:\/\/www.entreculturas.org\/ca\/noticia\/videoconferencia-con-prensa-en-conexion-con-mexico-y-honduras-sobre-la-caravanamigrantes\/#breadcrumb"},"inLanguage":"ca","potentialAction":[{"@type":"ReadAction","target":["https:\/\/www.entreculturas.org\/ca\/noticia\/videoconferencia-con-prensa-en-conexion-con-mexico-y-honduras-sobre-la-caravanamigrantes\/"]}]},{"@type":"ImageObject","inLanguage":"ca","@id":"https:\/\/www.entreculturas.org\/ca\/noticia\/videoconferencia-con-prensa-en-conexion-con-mexico-y-honduras-sobre-la-caravanamigrantes\/#primaryimage","url":"https:\/\/www.entreculturas.org\/wp-content\/uploads\/2018\/10\/img_7423.jpg","contentUrl":"https:\/\/www.entreculturas.org\/wp-content\/uploads\/2018\/10\/img_7423.jpg","width":1417,"height":945},{"@type":"BreadcrumbList","@id":"https:\/\/www.entreculturas.org\/ca\/noticia\/videoconferencia-con-prensa-en-conexion-con-mexico-y-honduras-sobre-la-caravanamigrantes\/#breadcrumb","itemListElement":[{"@type":"ListItem","position":1,"name":"Home","item":"https:\/\/www.entreculturas.org\/ca\/"},{"@type":"ListItem","position":2,"name":"Noticias","item":"https:\/\/www.entreculturas.org\/ca\/noticias\/"},{"@type":"ListItem","position":3,"name":"Videoconferencia con prensa en conexi\u00f3n con M\u00e9xico y Honduras sobre la #CaravanaMigrantes"}]},{"@type":"WebSite","@id":"https:\/\/www.entreculturas.org\/ca\/#website","url":"https:\/\/www.entreculturas.org\/ca\/","name":"Entreculturas","description":"","publisher":{"@id":"https:\/\/www.entreculturas.org\/ca\/#organization"},"alternateName":"Entreculturas","potentialAction":[{"@type":"SearchAction","target":{"@type":"EntryPoint","urlTemplate":"https:\/\/www.entreculturas.org\/ca\/?s={search_term_string}"},"query-input":{"@type":"PropertyValueSpecification","valueRequired":true,"valueName":"search_term_string"}}],"inLanguage":"ca"},{"@type":"Organization","@id":"https:\/\/www.entreculturas.org\/ca\/#organization","name":"Entreculturas","url":"https:\/\/www.entreculturas.org\/ca\/","logo":{"@type":"ImageObject","inLanguage":"ca","@id":"https:\/\/www.entreculturas.org\/ca\/#\/schema\/logo\/image\/","url":"https:\/\/www.entreculturas.org\/wp-content\/uploads\/2025\/10\/ESP.svg","contentUrl":"https:\/\/www.entreculturas.org\/wp-content\/uploads\/2025\/10\/ESP.svg","caption":"Entreculturas"},"image":{"@id":"https:\/\/www.entreculturas.org\/ca\/#\/schema\/logo\/image\/"},"sameAs":["https:\/\/www.facebook.com\/entreculturas","https:\/\/x.com\/Entreculturas","https:\/\/www.instagram.com\/entreculturas\/","https:\/\/www.youtube.com\/user\/entreculturasvideo","https:\/\/www.linkedin.com\/company\/fundacion-entreculturas-ngdo\/","https:\/\/www.flickr.com\/photos\/98455522@N04\/albums\/"]}]}},"_links":{"self":[{"href":"https:\/\/www.entreculturas.org\/ca\/wp-json\/wp\/v2\/noticia\/2312","targetHints":{"allow":["GET"]}}],"collection":[{"href":"https:\/\/www.entreculturas.org\/ca\/wp-json\/wp\/v2\/noticia"}],"about":[{"href":"https:\/\/www.entreculturas.org\/ca\/wp-json\/wp\/v2\/types\/noticia"}],"wp:featuredmedia":[{"embeddable":true,"href":"https:\/\/www.entreculturas.org\/ca\/wp-json\/wp\/v2\/media\/2311"}],"wp:attachment":[{"href":"https:\/\/www.entreculturas.org\/ca\/wp-json\/wp\/v2\/media?parent=2312"}],"wp:term":[{"taxonomy":"category","embeddable":true,"href":"https:\/\/www.entreculturas.org\/ca\/wp-json\/wp\/v2\/categories?post=2312"},{"taxonomy":"post_tag","embeddable":true,"href":"https:\/\/www.entreculturas.org\/ca\/wp-json\/wp\/v2\/tags?post=2312"},{"taxonomy":"country","embeddable":true,"href":"https:\/\/www.entreculturas.org\/ca\/wp-json\/wp\/v2\/country?post=2312"},{"taxonomy":"cause","embeddable":true,"href":"https:\/\/www.entreculturas.org\/ca\/wp-json\/wp\/v2\/cause?post=2312"}],"curies":[{"name":"wp","href":"https:\/\/api.w.org\/{rel}","templated":true}]}}