{"id":21045,"date":"2024-02-22T08:49:00","date_gmt":"2024-02-22T07:49:00","guid":{"rendered":"https:\/\/www.entreculturas.org\/?post_type=noticia&#038;p=21045"},"modified":"2024-02-22T17:23:33","modified_gmt":"2024-02-22T16:23:33","slug":"poblacion-migrante-en-marruecos","status":"publish","type":"noticia","link":"https:\/\/www.entreculturas.org\/ca\/noticia\/poblacion-migrante-en-marruecos\/","title":{"rendered":"Poblaci\u00f3n Migrante en Marruecos: asistencia y protecci\u00f3n"},"content":{"rendered":"\n<p>Durante el \u00faltimo a\u00f1o, con el respaldo de la <strong>Agencia Extreme\u00f1a de Cooperaci\u00f3n Internacional para el Desarrollo (AEXCID)<\/strong>, desde Entreculturas y la Delegaci\u00f3n Diocesana de Migraciones (DDM), hemos brindado asistencia y protecci\u00f3n a la poblaci\u00f3n migrante y refugiada en T\u00e1nger y Nador. Nos hemos centrado en atender las necesidades m\u00e1s urgentes de aquellos en situaciones vulnerables, como mujeres, ni\u00f1as, ni\u00f1os y personas enfermas. En total, hemos acompa\u00f1ado a 619 mujeres y 523 hombres en Marruecos a trav\u00e9s del proyecto<strong> \u00b4Asistencia y Protecci\u00f3n de la Poblaci\u00f3n Migrante y Refugiada en el Norte de Marruecos\u00b4.<\/strong><\/p>\n\n\n\n<div style=\"height:15px\" aria-hidden=\"true\" class=\"wp-block-spacer\"><\/div>\n\n\n\n<h3 class=\"wp-block-heading\" id=\"h-cuidando-el-bienestar-y-promoviendo-derechos\"><strong>Cuidando el bienestar y promoviendo derechos<\/strong><\/h3>\n\n\n\n<div style=\"height:15px\" aria-hidden=\"true\" class=\"wp-block-spacer\"><\/div>\n\n\n\n<p>Desde el primer momento, nos comprometimos a escuchar y comprender las necesidades de quienes buscan seguridad. Establecimos una <strong>primera acogida, distribuimos ayuda humanitaria y garantizamos servicios b\u00e1sico<\/strong>s de higiene como duchas y lavander\u00edas para asegurar un acceso digno a la asistencia. Pero nuestra labor no se detuvo all\u00ed.<\/p>\n\n\n\n<p>Adem\u00e1s, hemos organizado sesiones grupales de sensibilizaci\u00f3n para informar sobre derechos y empoderar a poblaci\u00f3n migrante en Marruecos en la defensa de los mismos. En estas sesiones, no s\u00f3lo <strong>proporcionamos informaci\u00f3n sobre derechos legales y humanos<\/strong>, sino que tambi\u00e9n creamos un espacio seguro donde las personas migrantes pudieran compartir sus experiencias y preocupaciones. Fomentamos un di\u00e1logo abierto y constructivo, fortaleciendo as\u00ed el sentido de comunidad y solidaridad entre los participantes. Adem\u00e1s, brindamos herramientas pr\u00e1cticas para abordar situaciones dif\u00edciles, como la discriminaci\u00f3n o el acceso limitado a servicios b\u00e1sicos.<\/p>\n\n\n\n<div style=\"height:15px\" aria-hidden=\"true\" class=\"wp-block-spacer\"><\/div>\n\n\n\n<h3 class=\"wp-block-heading\" id=\"h-cuidado-integral-y-acceso-a-la-salud-de-la-poblacion-migrante-en-marruecos\"><strong>Cuidado integral y acceso a la salud<\/strong> de la poblaci\u00f3n migrante en Marruecos<\/h3>\n\n\n\n<div style=\"height:15px\" aria-hidden=\"true\" class=\"wp-block-spacer\"><\/div>\n\n\n\n<p>Nuestro compromiso con la comunidad migrante va m\u00e1s all\u00e1 de satisfacer las necesidades b\u00e1sicas:<strong> tambi\u00e9n trabajamos para garantizar que tengan acceso a la atenci\u00f3n m\u00e9dica adecuada.<\/strong> En estrecha colaboraci\u00f3n con los servicios m\u00e9dicos locales en T\u00e1nger y Nador, facilitamos orientaci\u00f3n y atenci\u00f3n m\u00e9dica a quienes m\u00e1s lo necesitaban. Para muchas personas migrantes y refugiadas, acceder a la atenci\u00f3n m\u00e9dica puede ser un desaf\u00edo debido a barreras ling\u00fc\u00edsticas, falta de recursos financieros o desconocimiento de los servicios disponibles. Es por eso que nuestro equipo se dedic\u00f3 a romper esas barreras y asegurarse de que cada persona recibiera la atenci\u00f3n que merec\u00eda.<\/p>\n\n\n\n<div style=\"height:15px\" aria-hidden=\"true\" class=\"wp-block-spacer\"><\/div>\n\n\n\n<div style=\"height:15px\" aria-hidden=\"true\" class=\"wp-block-spacer\"><\/div>\n\n\n\n<figure class=\"wp-block-image aligncenter size-large is-resized\"><img decoding=\"async\" width=\"1024\" height=\"683\" src=\"https:\/\/www.entreculturas.org\/wp-content\/uploads\/2024\/02\/MG_9457-1024x683.jpg\" alt=\"\" class=\"wp-image-21058\" style=\"width:742px;height:auto\" srcset=\"https:\/\/www.entreculturas.org\/wp-content\/uploads\/2024\/02\/MG_9457-1024x683.jpg 1024w, https:\/\/www.entreculturas.org\/wp-content\/uploads\/2024\/02\/MG_9457-300x200.jpg 300w, https:\/\/www.entreculturas.org\/wp-content\/uploads\/2024\/02\/MG_9457-768x512.jpg 768w, https:\/\/www.entreculturas.org\/wp-content\/uploads\/2024\/02\/MG_9457.jpg 1300w\" sizes=\"(max-width: 1024px) 100vw, 1024px\" \/><\/figure>\n\n\n\n<div style=\"height:15px\" aria-hidden=\"true\" class=\"wp-block-spacer\"><\/div>\n\n\n\n<p>Adem\u00e1s de brindar atenci\u00f3n m\u00e9dica b\u00e1sica, como chequeos regulares y tratamiento de enfermedades comunes, <strong>nos enfocamos en necesidades espec\u00edficas de la poblaci\u00f3n migrante en Marruecos<\/strong>, especialmente en la infancia. Sabemos que los ni\u00f1os y ni\u00f1as son especialmente vulnerables, y es por eso que implementamos consultas pedi\u00e1tricas especializadas. Estas consultas no solo se centraron en el tratamiento de enfermedades, sino tambi\u00e9n en la prevenci\u00f3n, educando a los padres y madres sobre pr\u00e1cticas saludables y brindando apoyo emocional y psicol\u00f3gico tanto a los ni\u00f1os y ni\u00f1as como a sus cuidadores.<\/p>\n\n\n\n<div style=\"height:15px\" aria-hidden=\"true\" class=\"wp-block-spacer\"><\/div>\n\n\n\n<figure class=\"wp-block-embed is-type-video is-provider-youtube wp-block-embed-youtube wp-embed-aspect-4-3 wp-has-aspect-ratio\" style=\"margin-top:0;margin-right:0;margin-bottom:0;margin-left:0\"><div class=\"wp-block-embed__wrapper\">\n<iframe loading=\"lazy\" title=\"Poblaci\u00f3n Migrante en Marruecos: asistencia y protecci\u00f3n\" width=\"500\" height=\"281\" src=\"https:\/\/www.youtube.com\/embed\/ks1P-QsaIYo?feature=oembed\" frameborder=\"0\" allow=\"accelerometer; autoplay; clipboard-write; encrypted-media; gyroscope; picture-in-picture; web-share\" referrerpolicy=\"strict-origin-when-cross-origin\" allowfullscreen><\/iframe>\n<\/div><\/figure>\n","protected":false},"excerpt":{"rendered":"<p>Durante el \u00faltimo a\u00f1o, con el respaldo de la Agencia Extreme\u00f1a de Cooperaci\u00f3n Internacional para el Desarrollo (AEXCID), desde Entreculturas y la Delegaci\u00f3n Diocesana de Migraciones (DDM), hemos brindado asistencia y protecci\u00f3n a la poblaci\u00f3n migrante y refugiada en T\u00e1nger y Nador. Nos hemos centrado en atender las necesidades m\u00e1s urgentes de aquellos en situaciones vulnerables, como mujeres, ni\u00f1as, ni\u00f1os y personas enfermas. En total, hemos acompa\u00f1ado a 619 mujeres y 523 hombres en Marruecos a trav\u00e9s del proyecto \u00b4Asistencia y Protecci\u00f3n de la Poblaci\u00f3n Migrante y Refugiada en el Norte de Marruecos\u00b4. Cuidando el bienestar y promoviendo derechos Desde el primer momento, nos comprometimos a escuchar y comprender las necesidades de quienes buscan seguridad. Establecimos una primera acogida, distribuimos ayuda humanitaria y garantizamos servicios b\u00e1sicos de higiene como duchas y lavander\u00edas para asegurar un acceso digno a la asistencia. Pero nuestra labor no se detuvo all\u00ed. Adem\u00e1s, hemos organizado [&hellip;]<\/p>\n","protected":false},"featured_media":21048,"template":"","meta":{"_acf_changed":false},"categories":[7],"tags":[10],"country":[],"cause":[129],"class_list":["post-21045","noticia","type-noticia","status-publish","has-post-thumbnail","hentry","category-noticia","tag-migracion-y-refugio","cause-migracion-y-refugio"],"acf":[],"yoast_head":"<!-- This site is optimized with the Yoast SEO Premium plugin v21.6 (Yoast SEO v27.5) - https:\/\/yoast.com\/product\/yoast-seo-premium-wordpress\/ -->\n<title>Poblaci\u00f3n Migrante en Marruecos: Asistencia y Protecci\u00f3n<\/title>\n<meta name=\"description\" content=\"Desde Entreculturas y la Delegaci\u00f3n Diocesana de Migraciones hemos brindado asistencia y protecci\u00f3n a la poblaci\u00f3n migrante en Marruecos.\" \/>\n<meta name=\"robots\" content=\"index, follow, max-snippet:-1, max-image-preview:large, max-video-preview:-1\" \/>\n<link rel=\"canonical\" href=\"https:\/\/www.entreculturas.org\/ca\/noticia\/poblacion-migrante-en-marruecos\/\" \/>\n<meta property=\"og:locale\" content=\"ca_ES\" \/>\n<meta property=\"og:type\" content=\"article\" \/>\n<meta property=\"og:title\" content=\"Poblaci\u00f3n Migrante en Marruecos: asistencia y protecci\u00f3n\" \/>\n<meta property=\"og:description\" content=\"Desde Entreculturas y la Delegaci\u00f3n Diocesana de Migraciones hemos brindado asistencia y protecci\u00f3n a la poblaci\u00f3n migrante en Marruecos.\" \/>\n<meta property=\"og:url\" content=\"https:\/\/www.entreculturas.org\/ca\/noticia\/poblacion-migrante-en-marruecos\/\" \/>\n<meta property=\"og:site_name\" content=\"Entreculturas\" \/>\n<meta property=\"article:publisher\" content=\"https:\/\/www.facebook.com\/entreculturas\" \/>\n<meta property=\"article:modified_time\" content=\"2024-02-22T16:23:33+00:00\" \/>\n<meta property=\"og:image\" content=\"https:\/\/www.entreculturas.org\/wp-content\/uploads\/2024\/02\/MG_9365-scaled.jpg\" \/>\n\t<meta property=\"og:image:width\" content=\"2560\" \/>\n\t<meta property=\"og:image:height\" content=\"1707\" \/>\n\t<meta property=\"og:image:type\" content=\"image\/jpeg\" \/>\n<meta name=\"twitter:card\" content=\"summary_large_image\" \/>\n<meta name=\"twitter:site\" content=\"@Entreculturas\" \/>\n<script type=\"application\/ld+json\" class=\"yoast-schema-graph\">{\"@context\":\"https:\\\/\\\/schema.org\",\"@graph\":[{\"@type\":\"WebPage\",\"@id\":\"https:\\\/\\\/www.entreculturas.org\\\/ca\\\/noticia\\\/poblacion-migrante-en-marruecos\\\/\",\"url\":\"https:\\\/\\\/www.entreculturas.org\\\/ca\\\/noticia\\\/poblacion-migrante-en-marruecos\\\/\",\"name\":\"Poblaci\u00f3n Migrante en Marruecos: Asistencia y Protecci\u00f3n\",\"isPartOf\":{\"@id\":\"https:\\\/\\\/www.entreculturas.org\\\/ca\\\/#website\"},\"primaryImageOfPage\":{\"@id\":\"https:\\\/\\\/www.entreculturas.org\\\/ca\\\/noticia\\\/poblacion-migrante-en-marruecos\\\/#primaryimage\"},\"image\":{\"@id\":\"https:\\\/\\\/www.entreculturas.org\\\/ca\\\/noticia\\\/poblacion-migrante-en-marruecos\\\/#primaryimage\"},\"thumbnailUrl\":\"https:\\\/\\\/www.entreculturas.org\\\/wp-content\\\/uploads\\\/2024\\\/02\\\/MG_9365-scaled.jpg\",\"datePublished\":\"2024-02-22T07:49:00+00:00\",\"dateModified\":\"2024-02-22T16:23:33+00:00\",\"description\":\"Desde Entreculturas y la Delegaci\u00f3n Diocesana de Migraciones hemos brindado asistencia y protecci\u00f3n a la poblaci\u00f3n migrante en Marruecos.\",\"breadcrumb\":{\"@id\":\"https:\\\/\\\/www.entreculturas.org\\\/ca\\\/noticia\\\/poblacion-migrante-en-marruecos\\\/#breadcrumb\"},\"inLanguage\":\"ca\",\"potentialAction\":[{\"@type\":\"ReadAction\",\"target\":[\"https:\\\/\\\/www.entreculturas.org\\\/ca\\\/noticia\\\/poblacion-migrante-en-marruecos\\\/\"]}]},{\"@type\":\"ImageObject\",\"inLanguage\":\"ca\",\"@id\":\"https:\\\/\\\/www.entreculturas.org\\\/ca\\\/noticia\\\/poblacion-migrante-en-marruecos\\\/#primaryimage\",\"url\":\"https:\\\/\\\/www.entreculturas.org\\\/wp-content\\\/uploads\\\/2024\\\/02\\\/MG_9365-scaled.jpg\",\"contentUrl\":\"https:\\\/\\\/www.entreculturas.org\\\/wp-content\\\/uploads\\\/2024\\\/02\\\/MG_9365-scaled.jpg\",\"width\":2560,\"height\":1707,\"caption\":\"poblaci\u00f3n migrante en marruecos\"},{\"@type\":\"BreadcrumbList\",\"@id\":\"https:\\\/\\\/www.entreculturas.org\\\/ca\\\/noticia\\\/poblacion-migrante-en-marruecos\\\/#breadcrumb\",\"itemListElement\":[{\"@type\":\"ListItem\",\"position\":1,\"name\":\"Home\",\"item\":\"https:\\\/\\\/www.entreculturas.org\\\/ca\\\/\"},{\"@type\":\"ListItem\",\"position\":2,\"name\":\"Noticias\",\"item\":\"https:\\\/\\\/www.entreculturas.org\\\/ca\\\/noticias\\\/\"},{\"@type\":\"ListItem\",\"position\":3,\"name\":\"Poblaci\u00f3n Migrante en Marruecos: asistencia y protecci\u00f3n\"}]},{\"@type\":\"WebSite\",\"@id\":\"https:\\\/\\\/www.entreculturas.org\\\/ca\\\/#website\",\"url\":\"https:\\\/\\\/www.entreculturas.org\\\/ca\\\/\",\"name\":\"Entreculturas\",\"description\":\"\",\"publisher\":{\"@id\":\"https:\\\/\\\/www.entreculturas.org\\\/ca\\\/#organization\"},\"alternateName\":\"Entreculturas\",\"potentialAction\":[{\"@type\":\"SearchAction\",\"target\":{\"@type\":\"EntryPoint\",\"urlTemplate\":\"https:\\\/\\\/www.entreculturas.org\\\/ca\\\/?s={search_term_string}\"},\"query-input\":{\"@type\":\"PropertyValueSpecification\",\"valueRequired\":true,\"valueName\":\"search_term_string\"}}],\"inLanguage\":\"ca\"},{\"@type\":\"Organization\",\"@id\":\"https:\\\/\\\/www.entreculturas.org\\\/ca\\\/#organization\",\"name\":\"Entreculturas\",\"url\":\"https:\\\/\\\/www.entreculturas.org\\\/ca\\\/\",\"logo\":{\"@type\":\"ImageObject\",\"inLanguage\":\"ca\",\"@id\":\"https:\\\/\\\/www.entreculturas.org\\\/ca\\\/#\\\/schema\\\/logo\\\/image\\\/\",\"url\":\"https:\\\/\\\/www.entreculturas.org\\\/wp-content\\\/uploads\\\/2025\\\/10\\\/ESP.svg\",\"contentUrl\":\"https:\\\/\\\/www.entreculturas.org\\\/wp-content\\\/uploads\\\/2025\\\/10\\\/ESP.svg\",\"caption\":\"Entreculturas\"},\"image\":{\"@id\":\"https:\\\/\\\/www.entreculturas.org\\\/ca\\\/#\\\/schema\\\/logo\\\/image\\\/\"},\"sameAs\":[\"https:\\\/\\\/www.facebook.com\\\/entreculturas\",\"https:\\\/\\\/x.com\\\/Entreculturas\",\"https:\\\/\\\/www.instagram.com\\\/entreculturas\\\/\",\"https:\\\/\\\/www.youtube.com\\\/user\\\/entreculturasvideo\",\"https:\\\/\\\/www.linkedin.com\\\/company\\\/fundacion-entreculturas-ngdo\\\/\",\"https:\\\/\\\/www.flickr.com\\\/photos\\\/98455522@N04\\\/albums\\\/\"]}]}<\/script>\n<!-- \/ Yoast SEO Premium plugin. -->","yoast_head_json":{"title":"Poblaci\u00f3n Migrante en Marruecos: Asistencia y Protecci\u00f3n","description":"Desde Entreculturas y la Delegaci\u00f3n Diocesana de Migraciones hemos brindado asistencia y protecci\u00f3n a la poblaci\u00f3n migrante en Marruecos.","robots":{"index":"index","follow":"follow","max-snippet":"max-snippet:-1","max-image-preview":"max-image-preview:large","max-video-preview":"max-video-preview:-1"},"canonical":"https:\/\/www.entreculturas.org\/ca\/noticia\/poblacion-migrante-en-marruecos\/","og_locale":"ca_ES","og_type":"article","og_title":"Poblaci\u00f3n Migrante en Marruecos: asistencia y protecci\u00f3n","og_description":"Desde Entreculturas y la Delegaci\u00f3n Diocesana de Migraciones hemos brindado asistencia y protecci\u00f3n a la poblaci\u00f3n migrante en Marruecos.","og_url":"https:\/\/www.entreculturas.org\/ca\/noticia\/poblacion-migrante-en-marruecos\/","og_site_name":"Entreculturas","article_publisher":"https:\/\/www.facebook.com\/entreculturas","article_modified_time":"2024-02-22T16:23:33+00:00","og_image":[{"width":2560,"height":1707,"url":"https:\/\/www.entreculturas.org\/wp-content\/uploads\/2024\/02\/MG_9365-scaled.jpg","type":"image\/jpeg"}],"twitter_card":"summary_large_image","twitter_site":"@Entreculturas","schema":{"@context":"https:\/\/schema.org","@graph":[{"@type":"WebPage","@id":"https:\/\/www.entreculturas.org\/ca\/noticia\/poblacion-migrante-en-marruecos\/","url":"https:\/\/www.entreculturas.org\/ca\/noticia\/poblacion-migrante-en-marruecos\/","name":"Poblaci\u00f3n Migrante en Marruecos: Asistencia y Protecci\u00f3n","isPartOf":{"@id":"https:\/\/www.entreculturas.org\/ca\/#website"},"primaryImageOfPage":{"@id":"https:\/\/www.entreculturas.org\/ca\/noticia\/poblacion-migrante-en-marruecos\/#primaryimage"},"image":{"@id":"https:\/\/www.entreculturas.org\/ca\/noticia\/poblacion-migrante-en-marruecos\/#primaryimage"},"thumbnailUrl":"https:\/\/www.entreculturas.org\/wp-content\/uploads\/2024\/02\/MG_9365-scaled.jpg","datePublished":"2024-02-22T07:49:00+00:00","dateModified":"2024-02-22T16:23:33+00:00","description":"Desde Entreculturas y la Delegaci\u00f3n Diocesana de Migraciones hemos brindado asistencia y protecci\u00f3n a la poblaci\u00f3n migrante en Marruecos.","breadcrumb":{"@id":"https:\/\/www.entreculturas.org\/ca\/noticia\/poblacion-migrante-en-marruecos\/#breadcrumb"},"inLanguage":"ca","potentialAction":[{"@type":"ReadAction","target":["https:\/\/www.entreculturas.org\/ca\/noticia\/poblacion-migrante-en-marruecos\/"]}]},{"@type":"ImageObject","inLanguage":"ca","@id":"https:\/\/www.entreculturas.org\/ca\/noticia\/poblacion-migrante-en-marruecos\/#primaryimage","url":"https:\/\/www.entreculturas.org\/wp-content\/uploads\/2024\/02\/MG_9365-scaled.jpg","contentUrl":"https:\/\/www.entreculturas.org\/wp-content\/uploads\/2024\/02\/MG_9365-scaled.jpg","width":2560,"height":1707,"caption":"poblaci\u00f3n migrante en marruecos"},{"@type":"BreadcrumbList","@id":"https:\/\/www.entreculturas.org\/ca\/noticia\/poblacion-migrante-en-marruecos\/#breadcrumb","itemListElement":[{"@type":"ListItem","position":1,"name":"Home","item":"https:\/\/www.entreculturas.org\/ca\/"},{"@type":"ListItem","position":2,"name":"Noticias","item":"https:\/\/www.entreculturas.org\/ca\/noticias\/"},{"@type":"ListItem","position":3,"name":"Poblaci\u00f3n Migrante en Marruecos: asistencia y protecci\u00f3n"}]},{"@type":"WebSite","@id":"https:\/\/www.entreculturas.org\/ca\/#website","url":"https:\/\/www.entreculturas.org\/ca\/","name":"Entreculturas","description":"","publisher":{"@id":"https:\/\/www.entreculturas.org\/ca\/#organization"},"alternateName":"Entreculturas","potentialAction":[{"@type":"SearchAction","target":{"@type":"EntryPoint","urlTemplate":"https:\/\/www.entreculturas.org\/ca\/?s={search_term_string}"},"query-input":{"@type":"PropertyValueSpecification","valueRequired":true,"valueName":"search_term_string"}}],"inLanguage":"ca"},{"@type":"Organization","@id":"https:\/\/www.entreculturas.org\/ca\/#organization","name":"Entreculturas","url":"https:\/\/www.entreculturas.org\/ca\/","logo":{"@type":"ImageObject","inLanguage":"ca","@id":"https:\/\/www.entreculturas.org\/ca\/#\/schema\/logo\/image\/","url":"https:\/\/www.entreculturas.org\/wp-content\/uploads\/2025\/10\/ESP.svg","contentUrl":"https:\/\/www.entreculturas.org\/wp-content\/uploads\/2025\/10\/ESP.svg","caption":"Entreculturas"},"image":{"@id":"https:\/\/www.entreculturas.org\/ca\/#\/schema\/logo\/image\/"},"sameAs":["https:\/\/www.facebook.com\/entreculturas","https:\/\/x.com\/Entreculturas","https:\/\/www.instagram.com\/entreculturas\/","https:\/\/www.youtube.com\/user\/entreculturasvideo","https:\/\/www.linkedin.com\/company\/fundacion-entreculturas-ngdo\/","https:\/\/www.flickr.com\/photos\/98455522@N04\/albums\/"]}]}},"_links":{"self":[{"href":"https:\/\/www.entreculturas.org\/ca\/wp-json\/wp\/v2\/noticia\/21045","targetHints":{"allow":["GET"]}}],"collection":[{"href":"https:\/\/www.entreculturas.org\/ca\/wp-json\/wp\/v2\/noticia"}],"about":[{"href":"https:\/\/www.entreculturas.org\/ca\/wp-json\/wp\/v2\/types\/noticia"}],"wp:featuredmedia":[{"embeddable":true,"href":"https:\/\/www.entreculturas.org\/ca\/wp-json\/wp\/v2\/media\/21048"}],"wp:attachment":[{"href":"https:\/\/www.entreculturas.org\/ca\/wp-json\/wp\/v2\/media?parent=21045"}],"wp:term":[{"taxonomy":"category","embeddable":true,"href":"https:\/\/www.entreculturas.org\/ca\/wp-json\/wp\/v2\/categories?post=21045"},{"taxonomy":"post_tag","embeddable":true,"href":"https:\/\/www.entreculturas.org\/ca\/wp-json\/wp\/v2\/tags?post=21045"},{"taxonomy":"country","embeddable":true,"href":"https:\/\/www.entreculturas.org\/ca\/wp-json\/wp\/v2\/country?post=21045"},{"taxonomy":"cause","embeddable":true,"href":"https:\/\/www.entreculturas.org\/ca\/wp-json\/wp\/v2\/cause?post=21045"}],"curies":[{"name":"wp","href":"https:\/\/api.w.org\/{rel}","templated":true}]}}