{"id":11587,"date":"2024-01-29T12:28:54","date_gmt":"2024-01-29T11:28:54","guid":{"rendered":"https:\/\/www.entreculturas.org\/?post_type=noticia&#038;p=11587"},"modified":"2024-02-09T11:40:38","modified_gmt":"2024-02-09T10:40:38","slug":"angie-torres-del-refugio-al-activismo","status":"publish","type":"noticia","link":"https:\/\/www.entreculturas.org\/ca\/noticia\/angie-torres-del-refugio-al-activismo\/","title":{"rendered":"Angie Torres: del refugio al activismo"},"content":{"rendered":"\n<p>Angie Torres Angulo es una mujer afrocolombiana refugiada en Ecuador que aboga por la defensa de los derechos de las personas refugiadas y migrantes. Desde su experiencia, reflexiona sobre los retos y desaf\u00edos que enfrentan estas personas en su camino hacia la integraci\u00f3n y la b\u00fasqueda de oportunidades. <\/p>\n\n\n\n<p><\/p>\n\n\n\n<p>El pasado mes de diciembre particip\u00f3 en el Foro Mundial sobre los Refugiados que se realiz\u00f3 en Ginebra. En este contexto, Angie llev\u00f3 la voz y presencia de las personas refugiadas de Latinoam\u00e9rica y el Caribe en diversos espacios de incidencia, como el evento Cartagena+40.<\/p>\n\n\n\n<p><\/p>\n\n\n\n<p>Tras su participaci\u00f3n en el Foro, viaj\u00f3 a Madrid, donde particip\u00f3 en distintas actividades, como nuestra <a href=\"https:\/\/www.entreculturas.org\/noticia\/entreculturas-y-alboan-alertan-sobre-las-duras-violencias-que-sufren-las-mujeres-migrantes\/\">rueda de prensa<\/a> de presentaci\u00f3n de nuestra campa\u00f1a <a href=\"https:\/\/www.mujeresenmarcha.org\">Mujeres en Marcha<\/a>, donde tuvimos la oportunidad de entrevistarla para conocer un poco m\u00e1s sobre su historia.&nbsp;<\/p>\n\n\n\n<figure class=\"wp-block-embed is-type-video is-provider-youtube wp-block-embed-youtube wp-embed-aspect-16-9 wp-has-aspect-ratio\"><div class=\"wp-block-embed__wrapper\">\n<iframe loading=\"lazy\" title=\"Angie Torres: del refugio al activismo | Mujeres en Marcha\" width=\"500\" height=\"281\" src=\"https:\/\/www.youtube.com\/embed\/wtOyBo0aCHA?feature=oembed\" frameborder=\"0\" allow=\"accelerometer; autoplay; clipboard-write; encrypted-media; gyroscope; picture-in-picture; web-share\" referrerpolicy=\"strict-origin-when-cross-origin\" allowfullscreen><\/iframe>\n<\/div><\/figure>\n\n\n\n<p><strong>Angie, cu\u00e9ntanos sobre ti.<\/strong><\/p>\n\n\n\n<p><\/p>\n\n\n\n<p>Mi nombre es Angie Torres Angulo. Soy una mujer negra afrocolombiana. Tengo 24 a\u00f1os. Vivo en la frontera con Ecuador desde 2016. Y soy migrante.<\/p>\n\n\n\n<p><\/p>\n\n\n\n<p><strong>\u00bfQu\u00e9 has venido a hacer en Ginebra?<\/strong><\/p>\n\n\n\n<p><\/p>\n\n\n\n<p>En el Foro Mundial sobre Los Refugiados en Ginebra mi participaci\u00f3n fue acerca de las voces de las personas refugiadas y de mis coterr\u00e1neos. Para que el Estado nos tome en cuenta en La Declaraci\u00f3n de Cartagena+40 desde nuestras voces y necesidades.<\/p>\n\n\n\n<p><\/p>\n\n\n\n<p>La declaraci\u00f3n de Cartagena+40 es el nombre que recibe el pacto de algunos pa\u00edses. El Foro Mundial de Refugiados se celebra cada 4 a\u00f1os, donde se busca una respuesta de manera integral a las personas migrantes y refugiadas en muchos pa\u00edses del mundo. Se hace para darles inclusi\u00f3n laboral, para que sean visibilizados como personas migrantes, para darles acceso a derechos, reunificaciones familiares y un gran n\u00famero de posibilidades, acompa\u00f1amientos y asistencia de parte del Estado y de algunas organizaciones de La compa\u00f1\u00eda de Jes\u00fas.<\/p>\n\n\n\n<p><\/p>\n\n\n\n<p><strong>Cu\u00e9ntanos un poco m\u00e1s sobre tu historia personal y migratoria.<\/strong><\/p>\n\n\n\n<p><\/p>\n\n\n\n<p>En 2016, cuando ten\u00eda 15 a\u00f1os, migr\u00e9 con mi familia hacia la frontera con Ecuador, concretamente en Esmeraldas, por el conflicto armado que hab\u00eda en mi pa\u00eds, ya que viv\u00ed en una ciudad catalogada como peligrosa a nivel mundial. Tuvimos que huir mi familia y yo para guardar nuestras vidas.<\/p>\n\n\n\n<p><\/p>\n\n\n\n<p>Cumpl\u00ed mis 16 a\u00f1os en Ecuador e intent\u00e9 entrar en la educaci\u00f3n superior, pero durante un a\u00f1o esto fue una barrera, ya que no pude tener acceso a educaci\u00f3n debido a mi documentaci\u00f3n de solicitante de refugio porque no era reconocida por el estado. Finalmente logr\u00e9 acceder a los estudios gracias a distintas organizaciones y a La Compa\u00f1\u00eda de Jes\u00fas. Consegu\u00ed entrar a la educaci\u00f3n superior y este a\u00f1o me estoy graduando de ingenier\u00eda forestal.<\/p>\n\n\n\n<p><\/p>\n\n\n\n<p><strong>\u00bfQu\u00e9 es lo que m\u00e1s te gusta de lo que estudias y a qu\u00e9 te quieres dedicar en el futuro?<\/strong><\/p>\n\n\n\n<p><\/p>\n\n\n\n<p>Lo que estudio me resulta alejado de mi trabajo, ya que trabajo con comunidades a nivel social y lo que estudio es m\u00e1s t\u00e9cnico. Pero siempre me ha gustado el cuidado de la naturaleza y el medio ambiente e incluso ahora el impacto clim\u00e1tico es un detonante para las migraciones en muchas personas e incluso a nivel local, como por ejemplo en Ecuador, que se est\u00e1 viendo el fen\u00f3meno del ni\u00f1o y muchas personas deben migrar de sus ciudades por este fen\u00f3meno.<\/p>\n\n\n\n<p><\/p>\n\n\n\n<p>Por ello me parece que desde mi carrera puedo hacer una gran labor para investigar acerca de estas problem\u00e1ticas y ver c\u00f3mo desde mis posibilidades puedo dar sustento o herramientas para que este fen\u00f3meno no impacte de manera tan fuerte.<\/p>\n\n\n\n<p><\/p>\n\n\n\n<p><strong>En este proceso migratorio y de acceso a la educaci\u00f3n, \u00bfqu\u00e9 rol est\u00e1 jugando el Servicio Jesuita a los Refugiados (JRS)?<\/strong><\/p>\n\n\n\n<p><\/p>\n\n\n\n<p>Tuve relaci\u00f3n con JRS desde que llegu\u00e9 a Ecuador porque hab\u00eda una escuela de ciudadan\u00eda en derechos y pol\u00edticas p\u00fablicas y estuve muchos a\u00f1os aprendiendo acerca de derechos. Si me preguntas ahora qu\u00e9 me moviliza por las otras personas dir\u00eda que el cumplimiento de los derechos, JRS ha hecho un gran cambio en mi vida, ya que tambi\u00e9n a ra\u00edz de eso soy una persona que lucha por los derechos de las dem\u00e1s personas, por mis coterr\u00e1neos y por los derechos de las personas nacionales en Ecuador que es el pa\u00eds de acogida.<\/p>\n\n\n\n<p><\/p>\n\n\n\n<p><strong>Entonces ha sido un catalizador para volverte activista, \u00bfte consideras activista?<\/strong><\/p>\n\n\n\n<p><\/p>\n\n\n\n<p>Si, soy activista por los derechos humanos de las personas. Me brindaron una herramienta muy importante con solo 16 a\u00f1os, cuando no conoc\u00eda apenas derechos e incluso muchos de ellos al ser una persona migrante me hab\u00edan sido vulnerados.<\/p>\n\n\n\n<p><\/p>\n\n\n\n<p>Por ello brindarme esta apertura de posibilidades y oportunidades al mundo ha sido muy bueno para m\u00ed para luchar y reclamar por mis derechos como persona y por los derechos de las personas que est\u00e1n en contexto de movilidad humana.<\/p>\n\n\n\n<p><\/p>\n\n\n\n<p><strong>\u00bfCu\u00e1les dir\u00edas que son los principales retos a los que os enfrent\u00e1is las personas migrantes en origen y cu\u00e1les crees que son los retos que se dan en destino\/acogida?&nbsp;<\/strong><\/p>\n\n\n\n<p><\/p>\n\n\n\n<p>Yo nac\u00ed en Buenaventura, pero mi familia y yo viv\u00edamos en Tumaco, entonces mi migraci\u00f3n fue desde Tumaco hasta Ecuador. Tumaco tambi\u00e9n es una ciudad conflictiva donde se vulneran los derechos de las personas, incluso el m\u00e1s importante, que es el derecho a la vida. Las personas no tenemos derecho a tener una voz propia.<\/p>\n\n\n\n<p><\/p>\n\n\n\n<p>Al llegar a Ecuador llegamos a un pa\u00eds con posibilidades de estas aperturas para personas migrantes, aunque no est\u00e1 muy sensibilizado por ciertas personas y fuimos incluso v\u00edctimas de actos xenof\u00f3bicos por parte de las personas nacionales y de algunos funcionarios p\u00fablicos que deber\u00edan de tener muy interiorizado el contexto de movilidad humana.&nbsp;<\/p>\n\n\n\n<p><\/p>\n\n\n\n<p>A pesar de esto, hemos avanzado un poco. Sin embargo, el pa\u00eds de Ecuador est\u00e1 sufriendo un grave retroceso en cuanto a ser un pa\u00eds de acogida porque ya no es un pa\u00eds seguro, entonces las personas migrantes que vivimos ah\u00ed estamos volviendo a sentir esta experiencia de vulnerabilidad de derechos de las personas.<\/p>\n\n\n\n<p><\/p>\n\n\n\n<p><strong>\u00bfCu\u00e1les son los aspectos m\u00e1s positivos de vivir en Ecuador, tanto para ti como para otras personas desplazadas?&nbsp;<\/strong><\/p>\n\n\n\n<p><\/p>\n\n\n\n<p>Ecuador es un pa\u00eds de acogida, y en su constituci\u00f3n se recoge que las personas migrantes tenemos el total derecho de acceso a las mismas oportunidades que las personas nacionales.<\/p>\n\n\n\n<p><\/p>\n\n\n\n<p>Ecuador es un pa\u00eds que brinda educaci\u00f3n porque es gratuita, y para una persona migrante eso es s\u00faper positivo. Es un pa\u00eds que no tiene restricciones en salud, porque la salud es gratuita. En general, brindan muchas oportunidades que son positivas para nosotros como migrantes.&nbsp;<\/p>\n\n\n\n<p><\/p>\n\n\n\n<p>Dir\u00eda que el lado positivo de esta migraci\u00f3n, desde mi experiencia, es que yo no ser\u00eda la misma persona si me hubiese quedado en mi pa\u00eds para siempre. Esto se debe a que Ecuador es un pa\u00eds que me ha brindado herramientas de aprendizaje y conocimientos de nuevas realidades. Si yo no hubiese venido a Ecuador ahora no tendr\u00eda la suerte de conocer estas herramientas.&nbsp;<\/p>\n\n\n\n<p><\/p>\n\n\n\n<p>Considero que es un pa\u00eds muy cultural. Las personas son muy amables. Aparte, compartimos incluso algunas culturas porque estamos en frontera entonces me hace sentir tambi\u00e9n en casa.<\/p>\n\n\n\n<p><\/p>\n\n\n\n<p><strong>Como sabes, en Entreculturas defendemos que el derecho a la educaci\u00f3n es la clave para ofrecer futuro y oportunidades. \u00bfQu\u00e9 dir\u00edas que aporta la educaci\u00f3n a una persona desplazada?<\/strong><\/p>\n\n\n\n<p><\/p>\n\n\n\n<p>Pienso que la educaci\u00f3n para cualquier persona es una herramienta importante, porque si nos educamos podemos mejorar nuestra calidad de vida. En mi caso, si no me hubiese aportado la educaci\u00f3n el estado de Ecuador, no hubiese podido acceder a la empleabilidad. Son pasos peque\u00f1os que las personas van dando, pero tambi\u00e9n son herramientas necesarias para la vida y para desarrollarte como persona humana.&nbsp;&nbsp;&nbsp;&nbsp;&nbsp;&nbsp;&nbsp;&nbsp;&nbsp;&nbsp;&nbsp;&nbsp;&nbsp;&nbsp;&nbsp;&nbsp;&nbsp;&nbsp;&nbsp;&nbsp;&nbsp;&nbsp;&nbsp;&nbsp;&nbsp;&nbsp;&nbsp;&nbsp;&nbsp;&nbsp;&nbsp;&nbsp;&nbsp;&nbsp;&nbsp;&nbsp;&nbsp;&nbsp;&nbsp;&nbsp;&nbsp;&nbsp;&nbsp;&nbsp;&nbsp;&nbsp;&nbsp;&nbsp;&nbsp;&nbsp;&nbsp;&nbsp;&nbsp;&nbsp;&nbsp;&nbsp;&nbsp;&nbsp;&nbsp;&nbsp;&nbsp;&nbsp;&nbsp;&nbsp;&nbsp;&nbsp;&nbsp;&nbsp;&nbsp;&nbsp;&nbsp;&nbsp;&nbsp;&nbsp;&nbsp;&nbsp;&nbsp;&nbsp;&nbsp;&nbsp;&nbsp;&nbsp;&nbsp;&nbsp;&nbsp;&nbsp;&nbsp;&nbsp;&nbsp;&nbsp;&nbsp;&nbsp;&nbsp;&nbsp;&nbsp;&nbsp;&nbsp;&nbsp;&nbsp;&nbsp;&nbsp;&nbsp;&nbsp;&nbsp;&nbsp;&nbsp;&nbsp;&nbsp;&nbsp;&nbsp;&nbsp;&nbsp;&nbsp;&nbsp;&nbsp;&nbsp;&nbsp;&nbsp;&nbsp;&nbsp;&nbsp;&nbsp;&nbsp;&nbsp;&nbsp;&nbsp;&nbsp;&nbsp;&nbsp;&nbsp;&nbsp;&nbsp;&nbsp;&nbsp;&nbsp;&nbsp;&nbsp;&nbsp;&nbsp;&nbsp;&nbsp;&nbsp;&nbsp;&nbsp;&nbsp;&nbsp;&nbsp;&nbsp;&nbsp;&nbsp;&nbsp;&nbsp;&nbsp;&nbsp;&nbsp;&nbsp;&nbsp;&nbsp;&nbsp;&nbsp;&nbsp;&nbsp;&nbsp;&nbsp;&nbsp;&nbsp;&nbsp;&nbsp;&nbsp;&nbsp;&nbsp;&nbsp;&nbsp;&nbsp;&nbsp;&nbsp;&nbsp;&nbsp;&nbsp;&nbsp;&nbsp;&nbsp;&nbsp;&nbsp;&nbsp;&nbsp;&nbsp;&nbsp;&nbsp;&nbsp;&nbsp;&nbsp;&nbsp;&nbsp;&nbsp;&nbsp;&nbsp;&nbsp;&nbsp;&nbsp;&nbsp;&nbsp;&nbsp;&nbsp;&nbsp;&nbsp;&nbsp;&nbsp;&nbsp;&nbsp;&nbsp;&nbsp;&nbsp;&nbsp;&nbsp;&nbsp;&nbsp;&nbsp;&nbsp;&nbsp;&nbsp;&nbsp;&nbsp;&nbsp;&nbsp;&nbsp;&nbsp;&nbsp;&nbsp;&nbsp;&nbsp;&nbsp;&nbsp;&nbsp;&nbsp;&nbsp;&nbsp;&nbsp;&nbsp;&nbsp;&nbsp;&nbsp;&nbsp;&nbsp;&nbsp;&nbsp;&nbsp;&nbsp;&nbsp;&nbsp;&nbsp;&nbsp;&nbsp;&nbsp;&nbsp;&nbsp;&nbsp;&nbsp;&nbsp;&nbsp;&nbsp;&nbsp;&nbsp;&nbsp;&nbsp;&nbsp;&nbsp;&nbsp;&nbsp;&nbsp;&nbsp;&nbsp;&nbsp;&nbsp;&nbsp;&nbsp;&nbsp;&nbsp;&nbsp;&nbsp;&nbsp;&nbsp;&nbsp;&nbsp;&nbsp;&nbsp;&nbsp;&nbsp;&nbsp;&nbsp;&nbsp;&nbsp;&nbsp;&nbsp;&nbsp;&nbsp;&nbsp;&nbsp;&nbsp;&nbsp;&nbsp;&nbsp;&nbsp;&nbsp;&nbsp;&nbsp;&nbsp;&nbsp;&nbsp;&nbsp;&nbsp;&nbsp;&nbsp;&nbsp;&nbsp;&nbsp;&nbsp;&nbsp;&nbsp;&nbsp;&nbsp;&nbsp;&nbsp;&nbsp;&nbsp;&nbsp;&nbsp;&nbsp;&nbsp;&nbsp;&nbsp;&nbsp;&nbsp;&nbsp;&nbsp;&nbsp;&nbsp;&nbsp;&nbsp;&nbsp;&nbsp;&nbsp;&nbsp;&nbsp;&nbsp;&nbsp;&nbsp;&nbsp;&nbsp;&nbsp;&nbsp;&nbsp;&nbsp;&nbsp;&nbsp;&nbsp;&nbsp;&nbsp;&nbsp;&nbsp;&nbsp;&nbsp;&nbsp;&nbsp;&nbsp;&nbsp;&nbsp;&nbsp;&nbsp;&nbsp;&nbsp;&nbsp;&nbsp;&nbsp;&nbsp;&nbsp;&nbsp;&nbsp;&nbsp;&nbsp;&nbsp;&nbsp;&nbsp;&nbsp;&nbsp;&nbsp;&nbsp;&nbsp;&nbsp;&nbsp;&nbsp;&nbsp;&nbsp;&nbsp;&nbsp;&nbsp;&nbsp;&nbsp;&nbsp;&nbsp;&nbsp;&nbsp;&nbsp;&nbsp;&nbsp;&nbsp;&nbsp;&nbsp;&nbsp;&nbsp;&nbsp;&nbsp;&nbsp;&nbsp;&nbsp;&nbsp;&nbsp;&nbsp;&nbsp;&nbsp;&nbsp;&nbsp;&nbsp;&nbsp;&nbsp;&nbsp;&nbsp;&nbsp;&nbsp;&nbsp;&nbsp;&nbsp;&nbsp;&nbsp;&nbsp;&nbsp;&nbsp;&nbsp;&nbsp;&nbsp;&nbsp;&nbsp;&nbsp;&nbsp;&nbsp;&nbsp;&nbsp;&nbsp;&nbsp;&nbsp;&nbsp;&nbsp;&nbsp;&nbsp;&nbsp;&nbsp;&nbsp;&nbsp;&nbsp;&nbsp;&nbsp;&nbsp;&nbsp;&nbsp;&nbsp;&nbsp;&nbsp;&nbsp;&nbsp;&nbsp;&nbsp;&nbsp;&nbsp;&nbsp;&nbsp;&nbsp;&nbsp;&nbsp;&nbsp;&nbsp;&nbsp;&nbsp;&nbsp;&nbsp;&nbsp;&nbsp;&nbsp;&nbsp;&nbsp;&nbsp;&nbsp;&nbsp;&nbsp;&nbsp;&nbsp;&nbsp;&nbsp;&nbsp;&nbsp;&nbsp;&nbsp;&nbsp;&nbsp;&nbsp;&nbsp;&nbsp;&nbsp;&nbsp;&nbsp;&nbsp;&nbsp;&nbsp;&nbsp;&nbsp;&nbsp;&nbsp;&nbsp;&nbsp;&nbsp;&nbsp;&nbsp;&nbsp;&nbsp;&nbsp;&nbsp;&nbsp;&nbsp;&nbsp;&nbsp;&nbsp;&nbsp;&nbsp;&nbsp;&nbsp;&nbsp;&nbsp;&nbsp;&nbsp;&nbsp;&nbsp;&nbsp;&nbsp;&nbsp;&nbsp;&nbsp;&nbsp;&nbsp;&nbsp;&nbsp;&nbsp;&nbsp;&nbsp;&nbsp;&nbsp;&nbsp;&nbsp;&nbsp;&nbsp;&nbsp;&nbsp;&nbsp;&nbsp;&nbsp;&nbsp;&nbsp;&nbsp;&nbsp;&nbsp;&nbsp;&nbsp;&nbsp;&nbsp;&nbsp;&nbsp;&nbsp;&nbsp;&nbsp;&nbsp;&nbsp;&nbsp;&nbsp;&nbsp;&nbsp;&nbsp;&nbsp;&nbsp;&nbsp;&nbsp;&nbsp;&nbsp;&nbsp;&nbsp;&nbsp;&nbsp;&nbsp;&nbsp;&nbsp;&nbsp;&nbsp;&nbsp;&nbsp;&nbsp;&nbsp;&nbsp;&nbsp;&nbsp;&nbsp;&nbsp;&nbsp;&nbsp;&nbsp;&nbsp;&nbsp;&nbsp;&nbsp;&nbsp;&nbsp;&nbsp;&nbsp;&nbsp;&nbsp;&nbsp;&nbsp;&nbsp;&nbsp;&nbsp;&nbsp;&nbsp;&nbsp;&nbsp;&nbsp;&nbsp;&nbsp;&nbsp;&nbsp;&nbsp;&nbsp;&nbsp;&nbsp;&nbsp;&nbsp;&nbsp;&nbsp;&nbsp;&nbsp;&nbsp;&nbsp;&nbsp;&nbsp;&nbsp;&nbsp;&nbsp;&nbsp;&nbsp;&nbsp;&nbsp;&nbsp;&nbsp;&nbsp;&nbsp;&nbsp;&nbsp;&nbsp;&nbsp;&nbsp;&nbsp;&nbsp;&nbsp;&nbsp;&nbsp;&nbsp;&nbsp;&nbsp;&nbsp;&nbsp;&nbsp;&nbsp;&nbsp;&nbsp;&nbsp;&nbsp;&nbsp;&nbsp;&nbsp;&nbsp;&nbsp;&nbsp;&nbsp;&nbsp;&nbsp;&nbsp;&nbsp;&nbsp;&nbsp;&nbsp;&nbsp;&nbsp;&nbsp;&nbsp;&nbsp;&nbsp;&nbsp;&nbsp;&nbsp;&nbsp;&nbsp;&nbsp;&nbsp;&nbsp;&nbsp;&nbsp;&nbsp;&nbsp;&nbsp;&nbsp;&nbsp;&nbsp;&nbsp;&nbsp;&nbsp;&nbsp;&nbsp;&nbsp;&nbsp;&nbsp;&nbsp;&nbsp;&nbsp;&nbsp;&nbsp;&nbsp;&nbsp;&nbsp;&nbsp;&nbsp;&nbsp;&nbsp;&nbsp;&nbsp;&nbsp;&nbsp;&nbsp;&nbsp;&nbsp;&nbsp;&nbsp;&nbsp;&nbsp;&nbsp;&nbsp;&nbsp;&nbsp;&nbsp;&nbsp;&nbsp;&nbsp;&nbsp;&nbsp;&nbsp;&nbsp;&nbsp;&nbsp;&nbsp;&nbsp;&nbsp;&nbsp;&nbsp;&nbsp;&nbsp;&nbsp;&nbsp;&nbsp;&nbsp;&nbsp;&nbsp;&nbsp;&nbsp;&nbsp;&nbsp;&nbsp;&nbsp;&nbsp;&nbsp;&nbsp;&nbsp;&nbsp;&nbsp;&nbsp;&nbsp;&nbsp;&nbsp;&nbsp;&nbsp;&nbsp;&nbsp;&nbsp;&nbsp;&nbsp;&nbsp;&nbsp;&nbsp;&nbsp;&nbsp;&nbsp;&nbsp;&nbsp;&nbsp;&nbsp;&nbsp;&nbsp;&nbsp;&nbsp;&nbsp;&nbsp;&nbsp;&nbsp;&nbsp;&nbsp;&nbsp;&nbsp;&nbsp;&nbsp;&nbsp;&nbsp;&nbsp;&nbsp;&nbsp;&nbsp;&nbsp;&nbsp;&nbsp;&nbsp;&nbsp;&nbsp;&nbsp;&nbsp;&nbsp;&nbsp;&nbsp;&nbsp;&nbsp;&nbsp;&nbsp;&nbsp;&nbsp;&nbsp;&nbsp;&nbsp;&nbsp;&nbsp;&nbsp;&nbsp;&nbsp;&nbsp;&nbsp;&nbsp;&nbsp;&nbsp;&nbsp;&nbsp;&nbsp;&nbsp;&nbsp;&nbsp;&nbsp;&nbsp;&nbsp;&nbsp;&nbsp;&nbsp;&nbsp;&nbsp;&nbsp;&nbsp;&nbsp;&nbsp;&nbsp;&nbsp;&nbsp;&nbsp;&nbsp;&nbsp;&nbsp;&nbsp;&nbsp;&nbsp;&nbsp;&nbsp;&nbsp;&nbsp;<\/p>\n","protected":false},"excerpt":{"rendered":"<p>Angie Torres Angulo es una mujer afrocolombiana refugiada en Ecuador que aboga por la defensa de los derechos de las personas refugiadas y migrantes. Desde su experiencia, reflexiona sobre los retos y desaf\u00edos que enfrentan estas personas en su camino hacia la integraci\u00f3n y la b\u00fasqueda de oportunidades. El pasado mes de diciembre particip\u00f3 en el Foro Mundial sobre los Refugiados que se realiz\u00f3 en Ginebra. En este contexto, Angie llev\u00f3 la voz y presencia de las personas refugiadas de Latinoam\u00e9rica y el Caribe en diversos espacios de incidencia, como el evento Cartagena+40. Tras su participaci\u00f3n en el Foro, viaj\u00f3 a Madrid, donde particip\u00f3 en distintas actividades, como nuestra rueda de prensa de presentaci\u00f3n de nuestra campa\u00f1a Mujeres en Marcha, donde tuvimos la oportunidad de entrevistarla para conocer un poco m\u00e1s sobre su historia.&nbsp; Angie, cu\u00e9ntanos sobre ti. Mi nombre es Angie Torres Angulo. Soy una mujer negra afrocolombiana. Tengo [&hellip;]<\/p>\n","protected":false},"featured_media":20190,"template":"","meta":{"_acf_changed":false},"categories":[7],"tags":[10],"country":[],"cause":[129],"class_list":["post-11587","noticia","type-noticia","status-publish","has-post-thumbnail","hentry","category-noticia","tag-migracion-y-refugio","cause-migracion-y-refugio"],"acf":[],"yoast_head":"<!-- This site is optimized with the Yoast SEO Premium plugin v21.6 (Yoast SEO v27.5) - https:\/\/yoast.com\/product\/yoast-seo-premium-wordpress\/ -->\n<title>Angie Torres: del refugio al activismo - Entreculturas<\/title>\n<meta name=\"robots\" content=\"index, follow, max-snippet:-1, max-image-preview:large, max-video-preview:-1\" \/>\n<link rel=\"canonical\" href=\"https:\/\/www.entreculturas.org\/ca\/noticia\/angie-torres-del-refugio-al-activismo\/\" \/>\n<meta property=\"og:locale\" content=\"ca_ES\" \/>\n<meta property=\"og:type\" content=\"article\" \/>\n<meta property=\"og:title\" content=\"Angie Torres: del refugio al activismo\" \/>\n<meta property=\"og:description\" content=\"Angie Torres Angulo es una mujer afrocolombiana refugiada en Ecuador que aboga por la defensa de los derechos de las personas refugiadas y migrantes. Desde su experiencia, reflexiona sobre los retos y desaf\u00edos que enfrentan estas personas en su camino hacia la integraci\u00f3n y la b\u00fasqueda de oportunidades. El pasado mes de diciembre particip\u00f3 en el Foro Mundial sobre los Refugiados que se realiz\u00f3 en Ginebra. En este contexto, Angie llev\u00f3 la voz y presencia de las personas refugiadas de Latinoam\u00e9rica y el Caribe en diversos espacios de incidencia, como el evento Cartagena+40. Tras su participaci\u00f3n en el Foro, viaj\u00f3 a Madrid, donde particip\u00f3 en distintas actividades, como nuestra rueda de prensa de presentaci\u00f3n de nuestra campa\u00f1a Mujeres en Marcha, donde tuvimos la oportunidad de entrevistarla para conocer un poco m\u00e1s sobre su historia.&nbsp; Angie, cu\u00e9ntanos sobre ti. Mi nombre es Angie Torres Angulo. Soy una mujer negra afrocolombiana. Tengo [&hellip;]\" \/>\n<meta property=\"og:url\" content=\"https:\/\/www.entreculturas.org\/ca\/noticia\/angie-torres-del-refugio-al-activismo\/\" \/>\n<meta property=\"og:site_name\" content=\"Entreculturas\" \/>\n<meta property=\"article:publisher\" content=\"https:\/\/www.facebook.com\/entreculturas\" \/>\n<meta property=\"article:modified_time\" content=\"2024-02-09T10:40:38+00:00\" \/>\n<meta property=\"og:image\" content=\"https:\/\/www.entreculturas.org\/wp-content\/uploads\/2024\/01\/DSC05030-e1706525688173.jpg\" \/>\n\t<meta property=\"og:image:width\" content=\"1800\" \/>\n\t<meta property=\"og:image:height\" content=\"960\" \/>\n\t<meta property=\"og:image:type\" content=\"image\/jpeg\" \/>\n<meta name=\"twitter:card\" content=\"summary_large_image\" \/>\n<meta name=\"twitter:site\" content=\"@Entreculturas\" \/>\n<script type=\"application\/ld+json\" class=\"yoast-schema-graph\">{\"@context\":\"https:\\\/\\\/schema.org\",\"@graph\":[{\"@type\":\"WebPage\",\"@id\":\"https:\\\/\\\/www.entreculturas.org\\\/ca\\\/noticia\\\/angie-torres-del-refugio-al-activismo\\\/\",\"url\":\"https:\\\/\\\/www.entreculturas.org\\\/ca\\\/noticia\\\/angie-torres-del-refugio-al-activismo\\\/\",\"name\":\"Angie Torres: del refugio al activismo - Entreculturas\",\"isPartOf\":{\"@id\":\"https:\\\/\\\/www.entreculturas.org\\\/ca\\\/#website\"},\"primaryImageOfPage\":{\"@id\":\"https:\\\/\\\/www.entreculturas.org\\\/ca\\\/noticia\\\/angie-torres-del-refugio-al-activismo\\\/#primaryimage\"},\"image\":{\"@id\":\"https:\\\/\\\/www.entreculturas.org\\\/ca\\\/noticia\\\/angie-torres-del-refugio-al-activismo\\\/#primaryimage\"},\"thumbnailUrl\":\"https:\\\/\\\/www.entreculturas.org\\\/wp-content\\\/uploads\\\/2024\\\/01\\\/DSC05030-e1706525688173.jpg\",\"datePublished\":\"2024-01-29T11:28:54+00:00\",\"dateModified\":\"2024-02-09T10:40:38+00:00\",\"breadcrumb\":{\"@id\":\"https:\\\/\\\/www.entreculturas.org\\\/ca\\\/noticia\\\/angie-torres-del-refugio-al-activismo\\\/#breadcrumb\"},\"inLanguage\":\"ca\",\"potentialAction\":[{\"@type\":\"ReadAction\",\"target\":[\"https:\\\/\\\/www.entreculturas.org\\\/ca\\\/noticia\\\/angie-torres-del-refugio-al-activismo\\\/\"]}]},{\"@type\":\"ImageObject\",\"inLanguage\":\"ca\",\"@id\":\"https:\\\/\\\/www.entreculturas.org\\\/ca\\\/noticia\\\/angie-torres-del-refugio-al-activismo\\\/#primaryimage\",\"url\":\"https:\\\/\\\/www.entreculturas.org\\\/wp-content\\\/uploads\\\/2024\\\/01\\\/DSC05030-e1706525688173.jpg\",\"contentUrl\":\"https:\\\/\\\/www.entreculturas.org\\\/wp-content\\\/uploads\\\/2024\\\/01\\\/DSC05030-e1706525688173.jpg\",\"width\":1800,\"height\":960},{\"@type\":\"BreadcrumbList\",\"@id\":\"https:\\\/\\\/www.entreculturas.org\\\/ca\\\/noticia\\\/angie-torres-del-refugio-al-activismo\\\/#breadcrumb\",\"itemListElement\":[{\"@type\":\"ListItem\",\"position\":1,\"name\":\"Home\",\"item\":\"https:\\\/\\\/www.entreculturas.org\\\/ca\\\/\"},{\"@type\":\"ListItem\",\"position\":2,\"name\":\"Noticias\",\"item\":\"https:\\\/\\\/www.entreculturas.org\\\/ca\\\/noticias\\\/\"},{\"@type\":\"ListItem\",\"position\":3,\"name\":\"Angie Torres: del refugio al activismo\"}]},{\"@type\":\"WebSite\",\"@id\":\"https:\\\/\\\/www.entreculturas.org\\\/ca\\\/#website\",\"url\":\"https:\\\/\\\/www.entreculturas.org\\\/ca\\\/\",\"name\":\"Entreculturas\",\"description\":\"\",\"publisher\":{\"@id\":\"https:\\\/\\\/www.entreculturas.org\\\/ca\\\/#organization\"},\"alternateName\":\"Entreculturas\",\"potentialAction\":[{\"@type\":\"SearchAction\",\"target\":{\"@type\":\"EntryPoint\",\"urlTemplate\":\"https:\\\/\\\/www.entreculturas.org\\\/ca\\\/?s={search_term_string}\"},\"query-input\":{\"@type\":\"PropertyValueSpecification\",\"valueRequired\":true,\"valueName\":\"search_term_string\"}}],\"inLanguage\":\"ca\"},{\"@type\":\"Organization\",\"@id\":\"https:\\\/\\\/www.entreculturas.org\\\/ca\\\/#organization\",\"name\":\"Entreculturas\",\"url\":\"https:\\\/\\\/www.entreculturas.org\\\/ca\\\/\",\"logo\":{\"@type\":\"ImageObject\",\"inLanguage\":\"ca\",\"@id\":\"https:\\\/\\\/www.entreculturas.org\\\/ca\\\/#\\\/schema\\\/logo\\\/image\\\/\",\"url\":\"https:\\\/\\\/www.entreculturas.org\\\/wp-content\\\/uploads\\\/2025\\\/10\\\/ESP.svg\",\"contentUrl\":\"https:\\\/\\\/www.entreculturas.org\\\/wp-content\\\/uploads\\\/2025\\\/10\\\/ESP.svg\",\"caption\":\"Entreculturas\"},\"image\":{\"@id\":\"https:\\\/\\\/www.entreculturas.org\\\/ca\\\/#\\\/schema\\\/logo\\\/image\\\/\"},\"sameAs\":[\"https:\\\/\\\/www.facebook.com\\\/entreculturas\",\"https:\\\/\\\/x.com\\\/Entreculturas\",\"https:\\\/\\\/www.instagram.com\\\/entreculturas\\\/\",\"https:\\\/\\\/www.youtube.com\\\/user\\\/entreculturasvideo\",\"https:\\\/\\\/www.linkedin.com\\\/company\\\/fundacion-entreculturas-ngdo\\\/\",\"https:\\\/\\\/www.flickr.com\\\/photos\\\/98455522@N04\\\/albums\\\/\"]}]}<\/script>\n<!-- \/ Yoast SEO Premium plugin. -->","yoast_head_json":{"title":"Angie Torres: del refugio al activismo - Entreculturas","robots":{"index":"index","follow":"follow","max-snippet":"max-snippet:-1","max-image-preview":"max-image-preview:large","max-video-preview":"max-video-preview:-1"},"canonical":"https:\/\/www.entreculturas.org\/ca\/noticia\/angie-torres-del-refugio-al-activismo\/","og_locale":"ca_ES","og_type":"article","og_title":"Angie Torres: del refugio al activismo","og_description":"Angie Torres Angulo es una mujer afrocolombiana refugiada en Ecuador que aboga por la defensa de los derechos de las personas refugiadas y migrantes. Desde su experiencia, reflexiona sobre los retos y desaf\u00edos que enfrentan estas personas en su camino hacia la integraci\u00f3n y la b\u00fasqueda de oportunidades. El pasado mes de diciembre particip\u00f3 en el Foro Mundial sobre los Refugiados que se realiz\u00f3 en Ginebra. En este contexto, Angie llev\u00f3 la voz y presencia de las personas refugiadas de Latinoam\u00e9rica y el Caribe en diversos espacios de incidencia, como el evento Cartagena+40. Tras su participaci\u00f3n en el Foro, viaj\u00f3 a Madrid, donde particip\u00f3 en distintas actividades, como nuestra rueda de prensa de presentaci\u00f3n de nuestra campa\u00f1a Mujeres en Marcha, donde tuvimos la oportunidad de entrevistarla para conocer un poco m\u00e1s sobre su historia.&nbsp; Angie, cu\u00e9ntanos sobre ti. Mi nombre es Angie Torres Angulo. Soy una mujer negra afrocolombiana. Tengo [&hellip;]","og_url":"https:\/\/www.entreculturas.org\/ca\/noticia\/angie-torres-del-refugio-al-activismo\/","og_site_name":"Entreculturas","article_publisher":"https:\/\/www.facebook.com\/entreculturas","article_modified_time":"2024-02-09T10:40:38+00:00","og_image":[{"width":1800,"height":960,"url":"https:\/\/www.entreculturas.org\/wp-content\/uploads\/2024\/01\/DSC05030-e1706525688173.jpg","type":"image\/jpeg"}],"twitter_card":"summary_large_image","twitter_site":"@Entreculturas","schema":{"@context":"https:\/\/schema.org","@graph":[{"@type":"WebPage","@id":"https:\/\/www.entreculturas.org\/ca\/noticia\/angie-torres-del-refugio-al-activismo\/","url":"https:\/\/www.entreculturas.org\/ca\/noticia\/angie-torres-del-refugio-al-activismo\/","name":"Angie Torres: del refugio al activismo - Entreculturas","isPartOf":{"@id":"https:\/\/www.entreculturas.org\/ca\/#website"},"primaryImageOfPage":{"@id":"https:\/\/www.entreculturas.org\/ca\/noticia\/angie-torres-del-refugio-al-activismo\/#primaryimage"},"image":{"@id":"https:\/\/www.entreculturas.org\/ca\/noticia\/angie-torres-del-refugio-al-activismo\/#primaryimage"},"thumbnailUrl":"https:\/\/www.entreculturas.org\/wp-content\/uploads\/2024\/01\/DSC05030-e1706525688173.jpg","datePublished":"2024-01-29T11:28:54+00:00","dateModified":"2024-02-09T10:40:38+00:00","breadcrumb":{"@id":"https:\/\/www.entreculturas.org\/ca\/noticia\/angie-torres-del-refugio-al-activismo\/#breadcrumb"},"inLanguage":"ca","potentialAction":[{"@type":"ReadAction","target":["https:\/\/www.entreculturas.org\/ca\/noticia\/angie-torres-del-refugio-al-activismo\/"]}]},{"@type":"ImageObject","inLanguage":"ca","@id":"https:\/\/www.entreculturas.org\/ca\/noticia\/angie-torres-del-refugio-al-activismo\/#primaryimage","url":"https:\/\/www.entreculturas.org\/wp-content\/uploads\/2024\/01\/DSC05030-e1706525688173.jpg","contentUrl":"https:\/\/www.entreculturas.org\/wp-content\/uploads\/2024\/01\/DSC05030-e1706525688173.jpg","width":1800,"height":960},{"@type":"BreadcrumbList","@id":"https:\/\/www.entreculturas.org\/ca\/noticia\/angie-torres-del-refugio-al-activismo\/#breadcrumb","itemListElement":[{"@type":"ListItem","position":1,"name":"Home","item":"https:\/\/www.entreculturas.org\/ca\/"},{"@type":"ListItem","position":2,"name":"Noticias","item":"https:\/\/www.entreculturas.org\/ca\/noticias\/"},{"@type":"ListItem","position":3,"name":"Angie Torres: del refugio al activismo"}]},{"@type":"WebSite","@id":"https:\/\/www.entreculturas.org\/ca\/#website","url":"https:\/\/www.entreculturas.org\/ca\/","name":"Entreculturas","description":"","publisher":{"@id":"https:\/\/www.entreculturas.org\/ca\/#organization"},"alternateName":"Entreculturas","potentialAction":[{"@type":"SearchAction","target":{"@type":"EntryPoint","urlTemplate":"https:\/\/www.entreculturas.org\/ca\/?s={search_term_string}"},"query-input":{"@type":"PropertyValueSpecification","valueRequired":true,"valueName":"search_term_string"}}],"inLanguage":"ca"},{"@type":"Organization","@id":"https:\/\/www.entreculturas.org\/ca\/#organization","name":"Entreculturas","url":"https:\/\/www.entreculturas.org\/ca\/","logo":{"@type":"ImageObject","inLanguage":"ca","@id":"https:\/\/www.entreculturas.org\/ca\/#\/schema\/logo\/image\/","url":"https:\/\/www.entreculturas.org\/wp-content\/uploads\/2025\/10\/ESP.svg","contentUrl":"https:\/\/www.entreculturas.org\/wp-content\/uploads\/2025\/10\/ESP.svg","caption":"Entreculturas"},"image":{"@id":"https:\/\/www.entreculturas.org\/ca\/#\/schema\/logo\/image\/"},"sameAs":["https:\/\/www.facebook.com\/entreculturas","https:\/\/x.com\/Entreculturas","https:\/\/www.instagram.com\/entreculturas\/","https:\/\/www.youtube.com\/user\/entreculturasvideo","https:\/\/www.linkedin.com\/company\/fundacion-entreculturas-ngdo\/","https:\/\/www.flickr.com\/photos\/98455522@N04\/albums\/"]}]}},"_links":{"self":[{"href":"https:\/\/www.entreculturas.org\/ca\/wp-json\/wp\/v2\/noticia\/11587","targetHints":{"allow":["GET"]}}],"collection":[{"href":"https:\/\/www.entreculturas.org\/ca\/wp-json\/wp\/v2\/noticia"}],"about":[{"href":"https:\/\/www.entreculturas.org\/ca\/wp-json\/wp\/v2\/types\/noticia"}],"wp:featuredmedia":[{"embeddable":true,"href":"https:\/\/www.entreculturas.org\/ca\/wp-json\/wp\/v2\/media\/20190"}],"wp:attachment":[{"href":"https:\/\/www.entreculturas.org\/ca\/wp-json\/wp\/v2\/media?parent=11587"}],"wp:term":[{"taxonomy":"category","embeddable":true,"href":"https:\/\/www.entreculturas.org\/ca\/wp-json\/wp\/v2\/categories?post=11587"},{"taxonomy":"post_tag","embeddable":true,"href":"https:\/\/www.entreculturas.org\/ca\/wp-json\/wp\/v2\/tags?post=11587"},{"taxonomy":"country","embeddable":true,"href":"https:\/\/www.entreculturas.org\/ca\/wp-json\/wp\/v2\/country?post=11587"},{"taxonomy":"cause","embeddable":true,"href":"https:\/\/www.entreculturas.org\/ca\/wp-json\/wp\/v2\/cause?post=11587"}],"curies":[{"name":"wp","href":"https:\/\/api.w.org\/{rel}","templated":true}]}}