{"id":11519,"date":"2024-01-17T13:30:39","date_gmt":"2024-01-17T12:30:39","guid":{"rendered":"https:\/\/www.entreculturas.org\/?post_type=noticia&#038;p=11519"},"modified":"2024-01-17T13:51:12","modified_gmt":"2024-01-17T12:51:12","slug":"6-voluntarios-y-voluntarias-inician-su-labor-en-america-latina","status":"publish","type":"noticia","link":"https:\/\/www.entreculturas.org\/ca\/noticia\/6-voluntarios-y-voluntarias-inician-su-labor-en-america-latina\/","title":{"rendered":"6 voluntarios y voluntarias inician su labor en Am\u00e9rica Latina"},"content":{"rendered":"\n<p>Hoy fuimos testigos del inicio de una nueva etapa emocionante para 6 voluntarios y voluntarias internacionales de Alboan y Entreculturas que forman parte del <a href=\"https:\/\/www.entreculturas.org\/volpa\/\">programa VOLPA<\/a>, nuestra propuesta de voluntariado internacional de larga duraci\u00f3n. En las pr\u00f3ximas semanas, partir\u00e1n hacia Am\u00e9rica Latina para iniciar sus misiones solidarias.&nbsp;<\/p>\n\n\n\n<p><\/p>\n\n\n\n<p>Cada una de estas personas voluntarias se integrar\u00e1n en proyectos espec\u00edficos en Am\u00e9rica Latina que llevan a cabo organizaciones socias de Entreculturas y Alboan. Sus destinos son los siguientes:<\/p>\n\n\n\n<p><\/p>\n\n\n\n<ul class=\"wp-block-list\">\n<li>Mateo Bibiloni de Barcelona se integrar\u00e1 en el equipo de formaci\u00f3n para el trabajo de Fe y Alegr\u00eda Bolivia en Cochabamba.<\/li>\n\n\n\n<li>Jorge Berrio de Bilbao ser\u00e1 el primer VOLPA en unirse al equipo de Servicio al Jesuita Migrante (SJM) Argentina-Uruguay.<\/li>\n\n\n\n<li>Javier Muruz\u00e1bal de Valladolid se unir\u00e1 al equipo de Fe y Alegr\u00eda Per\u00fa para colaborar en el colegio Fe y Alegr\u00eda 44 de Andahuaylillas.<\/li>\n\n\n\n<li>Ana Aguilar de Madrid se unir\u00e1 al equipo de Fe y Alegr\u00eda Per\u00fa para colaborar en PERFAL, el equipo de educaci\u00f3n rural.<\/li>\n\n\n\n<li>M\u00f3nica Ceballos de Madrid colaborar\u00e1 con la residencia de estudiantes de Fe y Alegr\u00eda en La Bramadora, Ecuador.<\/li>\n\n\n\n<li>Luc\u00eda Aguilar-Amat de Madrid se unir\u00e1 al equipo del SJM de Chile, espec\u00edficamente en Arica, donde tambi\u00e9n colaborar\u00e1 en la parroquia en el trabajo con j\u00f3venes en clave de ciudadan\u00eda global.<\/li>\n<\/ul>\n\n\n\n<p><\/p>\n\n\n\n<p>Este grupo de voluntarios y voluntarias VOLPA est\u00e1 listo para enfrentar los desaf\u00edos y las oportunidades que les aguardan en Am\u00e9rica Latina, demostrando el poder de la solidaridad y el compromiso en la construcci\u00f3n de un mundo mejor. Les deseamos un viaje seguro y enriquecedor voluntariado mientras abrazan la oportunidad de cambiar vidas y experimentar nuevas culturas.<\/p>\n\n\n\n<p><\/p>\n\n\n\n<div class=\"wp-block-cb-carousel\" data-slick=\"{&quot;slidesToShow&quot;:2,&quot;slidesToScroll&quot;:1,&quot;speed&quot;:300,&quot;arrows&quot;:true,&quot;dots&quot;:true,&quot;autoplay&quot;:false,&quot;autoplaySpeed&quot;:3000,&quot;infinite&quot;:false,&quot;responsive&quot;:[{&quot;breakpoint&quot;:769,&quot;settings&quot;:{&quot;slidesToShow&quot;:1,&quot;slidesToScroll&quot;:1}}]}\">\n<div class=\"wp-block-cb-slide\">\n<figure class=\"wp-block-gallery has-nested-images columns-default is-cropped wp-block-gallery-1 is-layout-flex wp-block-gallery-is-layout-flex\">\n<figure class=\"wp-block-image size-large\"><img decoding=\"async\" width=\"1024\" height=\"683\" data-id=\"11528\" src=\"https:\/\/www.entreculturas.org\/wp-content\/uploads\/2024\/01\/DSC05290-1024x683.jpg\" alt=\"\" class=\"wp-image-11528\" srcset=\"https:\/\/www.entreculturas.org\/wp-content\/uploads\/2024\/01\/DSC05290-1024x683.jpg 1024w, https:\/\/www.entreculturas.org\/wp-content\/uploads\/2024\/01\/DSC05290-300x200.jpg 300w, https:\/\/www.entreculturas.org\/wp-content\/uploads\/2024\/01\/DSC05290-768x512.jpg 768w, https:\/\/www.entreculturas.org\/wp-content\/uploads\/2024\/01\/DSC05290-1536x1024.jpg 1536w, https:\/\/www.entreculturas.org\/wp-content\/uploads\/2024\/01\/DSC05290-2048x1365.jpg 2048w\" sizes=\"(max-width: 1024px) 100vw, 1024px\" \/><\/figure>\n<\/figure>\n<\/div>\n\n\n\n<div class=\"wp-block-cb-slide\">\n<figure class=\"wp-block-gallery has-nested-images columns-default is-cropped wp-block-gallery-2 is-layout-flex wp-block-gallery-is-layout-flex\">\n<figure class=\"wp-block-image size-large\"><img decoding=\"async\" width=\"1024\" height=\"683\" data-id=\"11529\" src=\"https:\/\/www.entreculturas.org\/wp-content\/uploads\/2024\/01\/DSC05288-1-1024x683.jpg\" alt=\"\" class=\"wp-image-11529\" srcset=\"https:\/\/www.entreculturas.org\/wp-content\/uploads\/2024\/01\/DSC05288-1-1024x683.jpg 1024w, https:\/\/www.entreculturas.org\/wp-content\/uploads\/2024\/01\/DSC05288-1-300x200.jpg 300w, https:\/\/www.entreculturas.org\/wp-content\/uploads\/2024\/01\/DSC05288-1-768x512.jpg 768w, https:\/\/www.entreculturas.org\/wp-content\/uploads\/2024\/01\/DSC05288-1-1536x1024.jpg 1536w, https:\/\/www.entreculturas.org\/wp-content\/uploads\/2024\/01\/DSC05288-1-2048x1365.jpg 2048w\" sizes=\"(max-width: 1024px) 100vw, 1024px\" \/><\/figure>\n<\/figure>\n<\/div>\n\n\n\n<div class=\"wp-block-cb-slide\">\n<figure class=\"wp-block-gallery has-nested-images columns-default is-cropped wp-block-gallery-3 is-layout-flex wp-block-gallery-is-layout-flex\">\n<figure class=\"wp-block-image size-large\"><img decoding=\"async\" width=\"1024\" height=\"683\" data-id=\"11530\" src=\"https:\/\/www.entreculturas.org\/wp-content\/uploads\/2024\/01\/DSC05260-1-1024x683.jpg\" alt=\"\" class=\"wp-image-11530\" srcset=\"https:\/\/www.entreculturas.org\/wp-content\/uploads\/2024\/01\/DSC05260-1-1024x683.jpg 1024w, https:\/\/www.entreculturas.org\/wp-content\/uploads\/2024\/01\/DSC05260-1-300x200.jpg 300w, https:\/\/www.entreculturas.org\/wp-content\/uploads\/2024\/01\/DSC05260-1-768x512.jpg 768w, https:\/\/www.entreculturas.org\/wp-content\/uploads\/2024\/01\/DSC05260-1-1536x1024.jpg 1536w, https:\/\/www.entreculturas.org\/wp-content\/uploads\/2024\/01\/DSC05260-1-2048x1365.jpg 2048w\" sizes=\"(max-width: 1024px) 100vw, 1024px\" \/><\/figure>\n<\/figure>\n<\/div>\n\n\n\n<div class=\"wp-block-cb-slide\">\n<figure class=\"wp-block-gallery has-nested-images columns-default is-cropped wp-block-gallery-4 is-layout-flex wp-block-gallery-is-layout-flex\">\n<figure class=\"wp-block-image size-large\"><img decoding=\"async\" width=\"1024\" height=\"683\" data-id=\"11523\" src=\"https:\/\/www.entreculturas.org\/wp-content\/uploads\/2024\/01\/DSC05239-1024x683.jpg\" alt=\"\" class=\"wp-image-11523\" srcset=\"https:\/\/www.entreculturas.org\/wp-content\/uploads\/2024\/01\/DSC05239-1024x683.jpg 1024w, https:\/\/www.entreculturas.org\/wp-content\/uploads\/2024\/01\/DSC05239-300x200.jpg 300w, https:\/\/www.entreculturas.org\/wp-content\/uploads\/2024\/01\/DSC05239-768x512.jpg 768w, https:\/\/www.entreculturas.org\/wp-content\/uploads\/2024\/01\/DSC05239-1536x1024.jpg 1536w, https:\/\/www.entreculturas.org\/wp-content\/uploads\/2024\/01\/DSC05239-2048x1365.jpg 2048w\" sizes=\"(max-width: 1024px) 100vw, 1024px\" \/><\/figure>\n<\/figure>\n<\/div>\n\n\n\n<div class=\"wp-block-cb-slide\">\n<figure class=\"wp-block-image size-large\"><img decoding=\"async\" width=\"1024\" height=\"683\" src=\"https:\/\/www.entreculturas.org\/wp-content\/uploads\/2024\/01\/DSC05249-1024x683.jpg\" alt=\"\" class=\"wp-image-11525\" srcset=\"https:\/\/www.entreculturas.org\/wp-content\/uploads\/2024\/01\/DSC05249-1024x683.jpg 1024w, https:\/\/www.entreculturas.org\/wp-content\/uploads\/2024\/01\/DSC05249-300x200.jpg 300w, https:\/\/www.entreculturas.org\/wp-content\/uploads\/2024\/01\/DSC05249-768x512.jpg 768w, https:\/\/www.entreculturas.org\/wp-content\/uploads\/2024\/01\/DSC05249-1536x1024.jpg 1536w, https:\/\/www.entreculturas.org\/wp-content\/uploads\/2024\/01\/DSC05249-2048x1365.jpg 2048w\" sizes=\"(max-width: 1024px) 100vw, 1024px\" \/><\/figure>\n<\/div>\n\n\n\n<div class=\"wp-block-cb-slide\">\n<figure class=\"wp-block-gallery has-nested-images columns-default is-cropped wp-block-gallery-5 is-layout-flex wp-block-gallery-is-layout-flex\">\n<figure class=\"wp-block-image size-large\"><img decoding=\"async\" width=\"1024\" height=\"683\" data-id=\"11524\" src=\"https:\/\/www.entreculturas.org\/wp-content\/uploads\/2024\/01\/DSC05232-1024x683.jpg\" alt=\"\" class=\"wp-image-11524\" srcset=\"https:\/\/www.entreculturas.org\/wp-content\/uploads\/2024\/01\/DSC05232-1024x683.jpg 1024w, https:\/\/www.entreculturas.org\/wp-content\/uploads\/2024\/01\/DSC05232-300x200.jpg 300w, https:\/\/www.entreculturas.org\/wp-content\/uploads\/2024\/01\/DSC05232-768x512.jpg 768w, https:\/\/www.entreculturas.org\/wp-content\/uploads\/2024\/01\/DSC05232-1536x1024.jpg 1536w, https:\/\/www.entreculturas.org\/wp-content\/uploads\/2024\/01\/DSC05232-2048x1365.jpg 2048w\" sizes=\"(max-width: 1024px) 100vw, 1024px\" \/><\/figure>\n<\/figure>\n<\/div>\n<\/div>\n\n\n\n<h2 class=\"wp-block-heading\" id=\"h-una-jornada-de-aprendizaje\">Una jornada de aprendizaje<\/h2>\n\n\n\n<p><\/p>\n\n\n\n<p>La jornada en la sede central de Entreculturas en Madrid fue emocionante. El d\u00eda comenz\u00f3 con una c\u00e1lida bienvenida y un espacio para que los voluntarios y voluntarias se reunieran con t\u00e9cnicos de cooperaci\u00f3n especializados en los pa\u00edses donde trabajar\u00e1n. Durante el descanso, los equipos de Entreculturas tuvieron la oportunidad de conocer a estos voluntarios y voluntarias y brindarles su apoyo.<\/p>\n\n\n\n<p><\/p>\n\n\n\n<p>Ram\u00f3n Almansa, Director Ejecutivo de Entreculturas; Eva Rodriguez, Directora adjunta de Alboan; y Mart\u00edn Iriberri, Director General de Entreculturas y Alboan, respaldaron institucionalmente a estos voluntarios y voluntarias que representar\u00e1n a ambas organizaciones en sus destinos.<\/p>\n\n\n\n<p><\/p>\n\n\n\n<p>Por otro lado, la segunda parte de la ma\u00f1ana se centr\u00f3 en aspectos comunicativos, ayudando a las y los voluntarios a reflexionar sobre lo que desean comunicar y c\u00f3mo hacerlo en sus entornos de trabajo. La jornada tambi\u00e9n incluy\u00f3 sesiones sobre seguridad en terreno, la gesti\u00f3n del seguro y mensajes clave para su etapa de voluntariado en sus destinos.<\/p>\n\n\n\n<p><\/p>\n\n\n\n<p>El d\u00eda concluy\u00f3 con palabras de agradecimiento, respaldo, conexi\u00f3n y un palpable deseo de emprender esta aventura que, sin duda, cambiar\u00e1 su forma de ver el mundo.<\/p>\n","protected":false},"excerpt":{"rendered":"<p>Hoy fuimos testigos del inicio de una nueva etapa emocionante para 6 voluntarios y voluntarias internacionales de Alboan y Entreculturas que forman parte del programa VOLPA, nuestra propuesta de voluntariado internacional de larga duraci\u00f3n. En las pr\u00f3ximas semanas, partir\u00e1n hacia Am\u00e9rica Latina para iniciar sus misiones solidarias.&nbsp; Cada una de estas personas voluntarias se integrar\u00e1n en proyectos espec\u00edficos en Am\u00e9rica Latina que llevan a cabo organizaciones socias de Entreculturas y Alboan. Sus destinos son los siguientes: Este grupo de voluntarios y voluntarias VOLPA est\u00e1 listo para enfrentar los desaf\u00edos y las oportunidades que les aguardan en Am\u00e9rica Latina, demostrando el poder de la solidaridad y el compromiso en la construcci\u00f3n de un mundo mejor. Les deseamos un viaje seguro y enriquecedor voluntariado mientras abrazan la oportunidad de cambiar vidas y experimentar nuevas culturas. Una jornada de aprendizaje La jornada en la sede central de Entreculturas en Madrid fue emocionante. El [&hellip;]<\/p>\n","protected":false},"featured_media":11522,"template":"","meta":{"_acf_changed":false},"categories":[7],"tags":[191],"country":[],"cause":[132],"class_list":["post-11519","noticia","type-noticia","status-publish","has-post-thumbnail","hentry","category-noticia","tag-voluntariado","cause-participacion-y-ciudadania-global"],"acf":[],"yoast_head":"<!-- This site is optimized with the Yoast SEO Premium plugin v21.6 (Yoast SEO v27.5) - https:\/\/yoast.com\/product\/yoast-seo-premium-wordpress\/ -->\n<title>6 voluntarios y voluntarias inician su labor en Am\u00e9rica Latina - Entreculturas<\/title>\n<meta name=\"robots\" content=\"index, follow, max-snippet:-1, max-image-preview:large, max-video-preview:-1\" \/>\n<link rel=\"canonical\" href=\"https:\/\/www.entreculturas.org\/ca\/noticia\/6-voluntarios-y-voluntarias-inician-su-labor-en-america-latina\/\" \/>\n<meta property=\"og:locale\" content=\"ca_ES\" \/>\n<meta property=\"og:type\" content=\"article\" \/>\n<meta property=\"og:title\" content=\"6 voluntarios y voluntarias inician su labor en Am\u00e9rica Latina\" \/>\n<meta property=\"og:description\" content=\"Hoy fuimos testigos del inicio de una nueva etapa emocionante para 6 voluntarios y voluntarias internacionales de Alboan y Entreculturas que forman parte del programa VOLPA, nuestra propuesta de voluntariado internacional de larga duraci\u00f3n. En las pr\u00f3ximas semanas, partir\u00e1n hacia Am\u00e9rica Latina para iniciar sus misiones solidarias.&nbsp; Cada una de estas personas voluntarias se integrar\u00e1n en proyectos espec\u00edficos en Am\u00e9rica Latina que llevan a cabo organizaciones socias de Entreculturas y Alboan. Sus destinos son los siguientes: Este grupo de voluntarios y voluntarias VOLPA est\u00e1 listo para enfrentar los desaf\u00edos y las oportunidades que les aguardan en Am\u00e9rica Latina, demostrando el poder de la solidaridad y el compromiso en la construcci\u00f3n de un mundo mejor. Les deseamos un viaje seguro y enriquecedor voluntariado mientras abrazan la oportunidad de cambiar vidas y experimentar nuevas culturas. Una jornada de aprendizaje La jornada en la sede central de Entreculturas en Madrid fue emocionante. El [&hellip;]\" \/>\n<meta property=\"og:url\" content=\"https:\/\/www.entreculturas.org\/ca\/noticia\/6-voluntarios-y-voluntarias-inician-su-labor-en-america-latina\/\" \/>\n<meta property=\"og:site_name\" content=\"Entreculturas\" \/>\n<meta property=\"article:publisher\" content=\"https:\/\/www.facebook.com\/entreculturas\" \/>\n<meta property=\"article:modified_time\" content=\"2024-01-17T12:51:12+00:00\" \/>\n<meta property=\"og:image\" content=\"https:\/\/www.entreculturas.org\/wp-content\/uploads\/2024\/01\/DSC05278-scaled-e1705494002825.jpg\" \/>\n\t<meta property=\"og:image:width\" content=\"2419\" \/>\n\t<meta property=\"og:image:height\" content=\"1134\" \/>\n\t<meta property=\"og:image:type\" content=\"image\/jpeg\" \/>\n<meta name=\"twitter:card\" content=\"summary_large_image\" \/>\n<meta name=\"twitter:site\" content=\"@Entreculturas\" \/>\n<script type=\"application\/ld+json\" class=\"yoast-schema-graph\">{\"@context\":\"https:\\\/\\\/schema.org\",\"@graph\":[{\"@type\":\"WebPage\",\"@id\":\"https:\\\/\\\/www.entreculturas.org\\\/ca\\\/noticia\\\/6-voluntarios-y-voluntarias-inician-su-labor-en-america-latina\\\/\",\"url\":\"https:\\\/\\\/www.entreculturas.org\\\/ca\\\/noticia\\\/6-voluntarios-y-voluntarias-inician-su-labor-en-america-latina\\\/\",\"name\":\"6 voluntarios y voluntarias inician su labor en Am\u00e9rica Latina - Entreculturas\",\"isPartOf\":{\"@id\":\"https:\\\/\\\/www.entreculturas.org\\\/ca\\\/#website\"},\"primaryImageOfPage\":{\"@id\":\"https:\\\/\\\/www.entreculturas.org\\\/ca\\\/noticia\\\/6-voluntarios-y-voluntarias-inician-su-labor-en-america-latina\\\/#primaryimage\"},\"image\":{\"@id\":\"https:\\\/\\\/www.entreculturas.org\\\/ca\\\/noticia\\\/6-voluntarios-y-voluntarias-inician-su-labor-en-america-latina\\\/#primaryimage\"},\"thumbnailUrl\":\"https:\\\/\\\/www.entreculturas.org\\\/wp-content\\\/uploads\\\/2024\\\/01\\\/DSC05278-scaled-e1705494002825.jpg\",\"datePublished\":\"2024-01-17T12:30:39+00:00\",\"dateModified\":\"2024-01-17T12:51:12+00:00\",\"breadcrumb\":{\"@id\":\"https:\\\/\\\/www.entreculturas.org\\\/ca\\\/noticia\\\/6-voluntarios-y-voluntarias-inician-su-labor-en-america-latina\\\/#breadcrumb\"},\"inLanguage\":\"ca\",\"potentialAction\":[{\"@type\":\"ReadAction\",\"target\":[\"https:\\\/\\\/www.entreculturas.org\\\/ca\\\/noticia\\\/6-voluntarios-y-voluntarias-inician-su-labor-en-america-latina\\\/\"]}]},{\"@type\":\"ImageObject\",\"inLanguage\":\"ca\",\"@id\":\"https:\\\/\\\/www.entreculturas.org\\\/ca\\\/noticia\\\/6-voluntarios-y-voluntarias-inician-su-labor-en-america-latina\\\/#primaryimage\",\"url\":\"https:\\\/\\\/www.entreculturas.org\\\/wp-content\\\/uploads\\\/2024\\\/01\\\/DSC05278-scaled-e1705494002825.jpg\",\"contentUrl\":\"https:\\\/\\\/www.entreculturas.org\\\/wp-content\\\/uploads\\\/2024\\\/01\\\/DSC05278-scaled-e1705494002825.jpg\",\"width\":2419,\"height\":1134},{\"@type\":\"BreadcrumbList\",\"@id\":\"https:\\\/\\\/www.entreculturas.org\\\/ca\\\/noticia\\\/6-voluntarios-y-voluntarias-inician-su-labor-en-america-latina\\\/#breadcrumb\",\"itemListElement\":[{\"@type\":\"ListItem\",\"position\":1,\"name\":\"Home\",\"item\":\"https:\\\/\\\/www.entreculturas.org\\\/ca\\\/\"},{\"@type\":\"ListItem\",\"position\":2,\"name\":\"Noticias\",\"item\":\"https:\\\/\\\/www.entreculturas.org\\\/ca\\\/noticias\\\/\"},{\"@type\":\"ListItem\",\"position\":3,\"name\":\"6 voluntarios y voluntarias inician su labor en Am\u00e9rica Latina\"}]},{\"@type\":\"WebSite\",\"@id\":\"https:\\\/\\\/www.entreculturas.org\\\/ca\\\/#website\",\"url\":\"https:\\\/\\\/www.entreculturas.org\\\/ca\\\/\",\"name\":\"Entreculturas\",\"description\":\"\",\"publisher\":{\"@id\":\"https:\\\/\\\/www.entreculturas.org\\\/ca\\\/#organization\"},\"alternateName\":\"Entreculturas\",\"potentialAction\":[{\"@type\":\"SearchAction\",\"target\":{\"@type\":\"EntryPoint\",\"urlTemplate\":\"https:\\\/\\\/www.entreculturas.org\\\/ca\\\/?s={search_term_string}\"},\"query-input\":{\"@type\":\"PropertyValueSpecification\",\"valueRequired\":true,\"valueName\":\"search_term_string\"}}],\"inLanguage\":\"ca\"},{\"@type\":\"Organization\",\"@id\":\"https:\\\/\\\/www.entreculturas.org\\\/ca\\\/#organization\",\"name\":\"Entreculturas\",\"url\":\"https:\\\/\\\/www.entreculturas.org\\\/ca\\\/\",\"logo\":{\"@type\":\"ImageObject\",\"inLanguage\":\"ca\",\"@id\":\"https:\\\/\\\/www.entreculturas.org\\\/ca\\\/#\\\/schema\\\/logo\\\/image\\\/\",\"url\":\"https:\\\/\\\/www.entreculturas.org\\\/wp-content\\\/uploads\\\/2025\\\/10\\\/ESP.svg\",\"contentUrl\":\"https:\\\/\\\/www.entreculturas.org\\\/wp-content\\\/uploads\\\/2025\\\/10\\\/ESP.svg\",\"caption\":\"Entreculturas\"},\"image\":{\"@id\":\"https:\\\/\\\/www.entreculturas.org\\\/ca\\\/#\\\/schema\\\/logo\\\/image\\\/\"},\"sameAs\":[\"https:\\\/\\\/www.facebook.com\\\/entreculturas\",\"https:\\\/\\\/x.com\\\/Entreculturas\",\"https:\\\/\\\/www.instagram.com\\\/entreculturas\\\/\",\"https:\\\/\\\/www.youtube.com\\\/user\\\/entreculturasvideo\",\"https:\\\/\\\/www.linkedin.com\\\/company\\\/fundacion-entreculturas-ngdo\\\/\",\"https:\\\/\\\/www.flickr.com\\\/photos\\\/98455522@N04\\\/albums\\\/\"]}]}<\/script>\n<!-- \/ Yoast SEO Premium plugin. -->","yoast_head_json":{"title":"6 voluntarios y voluntarias inician su labor en Am\u00e9rica Latina - Entreculturas","robots":{"index":"index","follow":"follow","max-snippet":"max-snippet:-1","max-image-preview":"max-image-preview:large","max-video-preview":"max-video-preview:-1"},"canonical":"https:\/\/www.entreculturas.org\/ca\/noticia\/6-voluntarios-y-voluntarias-inician-su-labor-en-america-latina\/","og_locale":"ca_ES","og_type":"article","og_title":"6 voluntarios y voluntarias inician su labor en Am\u00e9rica Latina","og_description":"Hoy fuimos testigos del inicio de una nueva etapa emocionante para 6 voluntarios y voluntarias internacionales de Alboan y Entreculturas que forman parte del programa VOLPA, nuestra propuesta de voluntariado internacional de larga duraci\u00f3n. En las pr\u00f3ximas semanas, partir\u00e1n hacia Am\u00e9rica Latina para iniciar sus misiones solidarias.&nbsp; Cada una de estas personas voluntarias se integrar\u00e1n en proyectos espec\u00edficos en Am\u00e9rica Latina que llevan a cabo organizaciones socias de Entreculturas y Alboan. Sus destinos son los siguientes: Este grupo de voluntarios y voluntarias VOLPA est\u00e1 listo para enfrentar los desaf\u00edos y las oportunidades que les aguardan en Am\u00e9rica Latina, demostrando el poder de la solidaridad y el compromiso en la construcci\u00f3n de un mundo mejor. Les deseamos un viaje seguro y enriquecedor voluntariado mientras abrazan la oportunidad de cambiar vidas y experimentar nuevas culturas. Una jornada de aprendizaje La jornada en la sede central de Entreculturas en Madrid fue emocionante. El [&hellip;]","og_url":"https:\/\/www.entreculturas.org\/ca\/noticia\/6-voluntarios-y-voluntarias-inician-su-labor-en-america-latina\/","og_site_name":"Entreculturas","article_publisher":"https:\/\/www.facebook.com\/entreculturas","article_modified_time":"2024-01-17T12:51:12+00:00","og_image":[{"width":2419,"height":1134,"url":"https:\/\/www.entreculturas.org\/wp-content\/uploads\/2024\/01\/DSC05278-scaled-e1705494002825.jpg","type":"image\/jpeg"}],"twitter_card":"summary_large_image","twitter_site":"@Entreculturas","schema":{"@context":"https:\/\/schema.org","@graph":[{"@type":"WebPage","@id":"https:\/\/www.entreculturas.org\/ca\/noticia\/6-voluntarios-y-voluntarias-inician-su-labor-en-america-latina\/","url":"https:\/\/www.entreculturas.org\/ca\/noticia\/6-voluntarios-y-voluntarias-inician-su-labor-en-america-latina\/","name":"6 voluntarios y voluntarias inician su labor en Am\u00e9rica Latina - Entreculturas","isPartOf":{"@id":"https:\/\/www.entreculturas.org\/ca\/#website"},"primaryImageOfPage":{"@id":"https:\/\/www.entreculturas.org\/ca\/noticia\/6-voluntarios-y-voluntarias-inician-su-labor-en-america-latina\/#primaryimage"},"image":{"@id":"https:\/\/www.entreculturas.org\/ca\/noticia\/6-voluntarios-y-voluntarias-inician-su-labor-en-america-latina\/#primaryimage"},"thumbnailUrl":"https:\/\/www.entreculturas.org\/wp-content\/uploads\/2024\/01\/DSC05278-scaled-e1705494002825.jpg","datePublished":"2024-01-17T12:30:39+00:00","dateModified":"2024-01-17T12:51:12+00:00","breadcrumb":{"@id":"https:\/\/www.entreculturas.org\/ca\/noticia\/6-voluntarios-y-voluntarias-inician-su-labor-en-america-latina\/#breadcrumb"},"inLanguage":"ca","potentialAction":[{"@type":"ReadAction","target":["https:\/\/www.entreculturas.org\/ca\/noticia\/6-voluntarios-y-voluntarias-inician-su-labor-en-america-latina\/"]}]},{"@type":"ImageObject","inLanguage":"ca","@id":"https:\/\/www.entreculturas.org\/ca\/noticia\/6-voluntarios-y-voluntarias-inician-su-labor-en-america-latina\/#primaryimage","url":"https:\/\/www.entreculturas.org\/wp-content\/uploads\/2024\/01\/DSC05278-scaled-e1705494002825.jpg","contentUrl":"https:\/\/www.entreculturas.org\/wp-content\/uploads\/2024\/01\/DSC05278-scaled-e1705494002825.jpg","width":2419,"height":1134},{"@type":"BreadcrumbList","@id":"https:\/\/www.entreculturas.org\/ca\/noticia\/6-voluntarios-y-voluntarias-inician-su-labor-en-america-latina\/#breadcrumb","itemListElement":[{"@type":"ListItem","position":1,"name":"Home","item":"https:\/\/www.entreculturas.org\/ca\/"},{"@type":"ListItem","position":2,"name":"Noticias","item":"https:\/\/www.entreculturas.org\/ca\/noticias\/"},{"@type":"ListItem","position":3,"name":"6 voluntarios y voluntarias inician su labor en Am\u00e9rica Latina"}]},{"@type":"WebSite","@id":"https:\/\/www.entreculturas.org\/ca\/#website","url":"https:\/\/www.entreculturas.org\/ca\/","name":"Entreculturas","description":"","publisher":{"@id":"https:\/\/www.entreculturas.org\/ca\/#organization"},"alternateName":"Entreculturas","potentialAction":[{"@type":"SearchAction","target":{"@type":"EntryPoint","urlTemplate":"https:\/\/www.entreculturas.org\/ca\/?s={search_term_string}"},"query-input":{"@type":"PropertyValueSpecification","valueRequired":true,"valueName":"search_term_string"}}],"inLanguage":"ca"},{"@type":"Organization","@id":"https:\/\/www.entreculturas.org\/ca\/#organization","name":"Entreculturas","url":"https:\/\/www.entreculturas.org\/ca\/","logo":{"@type":"ImageObject","inLanguage":"ca","@id":"https:\/\/www.entreculturas.org\/ca\/#\/schema\/logo\/image\/","url":"https:\/\/www.entreculturas.org\/wp-content\/uploads\/2025\/10\/ESP.svg","contentUrl":"https:\/\/www.entreculturas.org\/wp-content\/uploads\/2025\/10\/ESP.svg","caption":"Entreculturas"},"image":{"@id":"https:\/\/www.entreculturas.org\/ca\/#\/schema\/logo\/image\/"},"sameAs":["https:\/\/www.facebook.com\/entreculturas","https:\/\/x.com\/Entreculturas","https:\/\/www.instagram.com\/entreculturas\/","https:\/\/www.youtube.com\/user\/entreculturasvideo","https:\/\/www.linkedin.com\/company\/fundacion-entreculturas-ngdo\/","https:\/\/www.flickr.com\/photos\/98455522@N04\/albums\/"]}]}},"_links":{"self":[{"href":"https:\/\/www.entreculturas.org\/ca\/wp-json\/wp\/v2\/noticia\/11519","targetHints":{"allow":["GET"]}}],"collection":[{"href":"https:\/\/www.entreculturas.org\/ca\/wp-json\/wp\/v2\/noticia"}],"about":[{"href":"https:\/\/www.entreculturas.org\/ca\/wp-json\/wp\/v2\/types\/noticia"}],"wp:featuredmedia":[{"embeddable":true,"href":"https:\/\/www.entreculturas.org\/ca\/wp-json\/wp\/v2\/media\/11522"}],"wp:attachment":[{"href":"https:\/\/www.entreculturas.org\/ca\/wp-json\/wp\/v2\/media?parent=11519"}],"wp:term":[{"taxonomy":"category","embeddable":true,"href":"https:\/\/www.entreculturas.org\/ca\/wp-json\/wp\/v2\/categories?post=11519"},{"taxonomy":"post_tag","embeddable":true,"href":"https:\/\/www.entreculturas.org\/ca\/wp-json\/wp\/v2\/tags?post=11519"},{"taxonomy":"country","embeddable":true,"href":"https:\/\/www.entreculturas.org\/ca\/wp-json\/wp\/v2\/country?post=11519"},{"taxonomy":"cause","embeddable":true,"href":"https:\/\/www.entreculturas.org\/ca\/wp-json\/wp\/v2\/cause?post=11519"}],"curies":[{"name":"wp","href":"https:\/\/api.w.org\/{rel}","templated":true}]}}