{"id":10906,"date":"2024-01-01T16:27:32","date_gmt":"2024-01-01T15:27:32","guid":{"rendered":"https:\/\/www.entreculturas.org\/?post_type=noticia&#038;p=10906"},"modified":"2026-02-18T10:48:42","modified_gmt":"2026-02-18T09:48:42","slug":"ucrania-sudan-del-sur-siria-libano-y-para-todos-los-paises-en-conflicto-solo-pedimos-una-sola-palabra-paz","status":"publish","type":"noticia","link":"https:\/\/www.entreculturas.org\/ca\/noticia\/ucrania-sudan-del-sur-siria-libano-y-para-todos-los-paises-en-conflicto-solo-pedimos-una-sola-palabra-paz\/","title":{"rendered":"Ucrania, Sud\u00e1n del Sur, Siria, L\u00edbano y para todos los paises en conflicto, solo pedimos una sola palabra: PAZ"},"content":{"rendered":"\n<p class=\"has-text-align-right\"><em>&#8220;Porque la guerra borra el futuro. Porque la paz es un grito que merece ser escuchado&#8221;.<\/em> Papa Francisco.<\/p>\n\n\n\n<p><\/p>\n\n\n\n<p>En el mundo hay 224 millones de ni\u00f1os, ni\u00f1as y adolescentes que sufren las consecuencias de crisis humanitarias, ya sean, desastres naturales, conflictos armados u otras formas de violencia. De ellos, 78 millones no tienen acceso a la educaci\u00f3n.&nbsp;<\/p>\n\n\n\n<p><\/p>\n\n\n\n<p>Esta Navidad, una sola palabra resume nuestro anhelo m\u00e1s grande: PAZ. Una palabra que nos gu\u00eda y que da sentido a nuestro trabajo. Que ofrece protecci\u00f3n y acompa\u00f1a, que est\u00e1 detr\u00e1s de la educaci\u00f3n para miles de personas que viven golpeadas por los conflictos y por las guerras en pa\u00edses como Siria o L\u00edbano. Una luz en la oscuridad que nos lleva a estar al lado de las personas en situaciones de mayor vulnerabilidad, como las mujeres y ni\u00f1as v\u00edctimas de la violencia en pa\u00edses como Sud\u00e1n del Sur o Ucrania.<\/p>\n\n\n\n<p><\/p>\n\n\n\n<p><strong>Ucrania: nuestra respuesta casi 2 a\u00f1os despu\u00e9s<\/strong><\/p>\n\n\n\n<p>El 24 de febrero de 2022 un conflicto devastador afect\u00f3 a Europa. Como consecuencia, millones de personas en Ucrania se vieron obligadas a huir de sus hogares y buscar refugio en otras zonas del pa\u00eds o en pa\u00edses vecinos.&nbsp;<\/p>\n\n\n\n<p><\/p>\n\n\n\n<p>&#8220;Es crucial que sigamos siendo buenos seres humanos. Estos acontecimientos [la guerra] pueden f\u00e1cilmente acabar con nuestra esperanza y la bondad de nuestros corazones. Deseo la paz en el mundo, que todas las personas puedan volver a sus hogares&#8221;. Tras 5 meses dif\u00edciles en Bulgaria y con dificultades para adaptarse, Olena encontr\u00f3 la seguridad que anhelaba en Ruman\u00eda, donde recibe el acompa\u00f1amiento de JRS.<\/p>\n\n\n\n<p><\/p>\n\n\n\n<p>Desde el inicio del conflicto armado en Ucrania, Entreculturas y Alboan, junto al JRS y otras obras de la Compa\u00f1\u00eda de Jes\u00fas, hemos dado una respuesta coordinada que ha permitido acompa\u00f1ar a 79.767 personas que hu\u00edan de la violencia no solo en los pa\u00edses fronterizos, sino tambi\u00e9n en la propia Ucrania, atendiendo a las personas desplazadas internamente en la ciudad de Lviv. Hemos realizado acciones de acogida desplegadas en distintos puntos geogr\u00e1ficos que han abarcado desde la ayuda de emergencia, el refugio y el apoyo psicosocial, hasta la educaci\u00f3n y la integraci\u00f3n. Tras la primera fase de emergencia, dise\u00f1amos un plan conjunto de acci\u00f3n con una duraci\u00f3n de 3 a\u00f1os denominado \u201cOne Proposal\u201d, gracias al que seguimos atendiendo a las personas refugiadas que han huido de Ucrania, en los pa\u00edses vecinos como Macedonia, Serbia, Ruman\u00eda, Eslovaquia, Moldavia, Polonia, Irlanda, Croacia, Bosnia y Herzegovina, Portugal y Espa\u00f1a.&nbsp;<\/p>\n\n\n\n<p><\/p>\n\n\n\n<p><\/p>\n\n\n\n<p><strong>Sud\u00e1n del Sur: una&nbsp; crisis olvidada<\/strong><\/p>\n\n\n\n<p>A pesar de los m\u00faltiples intentos de paz, Sud\u00e1n del Sur enfrenta una&nbsp; emergencia&nbsp; humanitaria y de desplazamiento desde hace casi una d\u00e9cada.. Se trata de una de las mayores crisis en \u00c1frica, provocada por m\u00faltiples conflictos internos y agravada por la inestabilidad pol\u00edtica, problemas de seguridad alimentaria, deterioro econ\u00f3mico y fen\u00f3menos medioambientales adversos provocados por el cambio clim\u00e1tico.<\/p>\n\n\n\n<p><\/p>\n\n\n\n<p>Esta situaci\u00f3n afecta de manera significativa a las ni\u00f1as y adolescentes, quienes se enfrentan a la violencia y la exclusi\u00f3n y encuentran a\u00fan mayores dificultades para ejercer su derecho a la educaci\u00f3n. Aproximadamente 2,8 millones de ni\u00f1os y ni\u00f1as sursudaneses no est\u00e1n escolarizados, y solo el 25% de las ni\u00f1as accede a la educaci\u00f3n secundaria, exponi\u00e9ndolas a riesgos como el matrimonio infantil, la violencia sexual y los embarazos precoces.<\/p>\n\n\n\n<p><\/p>\n\n\n\n<p>El conflicto iniciado en Sud\u00e1n, el pa\u00eds vecino, el pasado mes de abril, ha exacerbado la crisis humanitaria en Sud\u00e1n del Sur, provocando de nuevo el desplazamiento de miles de personas. Seg\u00fan la Organizaci\u00f3n Internacional para las Migraciones, aproximadamente un mill\u00f3n de personas sudanesas han buscado refugio en pa\u00edses vecinos como Sud\u00e1n del Sur o Chad. Nuestra colaboraci\u00f3n con JRS se centra en brindar ayuda a las personas desplazadas, especialmente en Renk, el principal punto de acceso a Sud\u00e1n del Sur, asegurando la distribuci\u00f3n de bienes de primera necesidad, apoyo psicol\u00f3gico, espacios seguros para ni\u00f1os y ni\u00f1as, transporte seguro para el reasentamiento y la derivaci\u00f3n de personas que requieren atenci\u00f3n m\u00e9dica y servicios de salud mental.<\/p>\n\n\n\n<p><\/p>\n\n\n\n<p><strong>Siria: sacudida por el terremoto tras 13 a\u00f1os de conflicto<\/strong><\/p>\n\n\n\n<p>No solo las guerras, la violencia o la pobreza, sino tambi\u00e9n las cat\u00e1strofes naturales, como el terremoto de Siria y Turqu\u00eda el pasado mes de febrero, son algunos de los hechos que marcan a la infancia de millones de ni\u00f1os y ni\u00f1as en el mundo, trayendo consigo consecuencias f\u00edsicas y emocionales muy graves, y minando tambi\u00e9n su posibilidad de acceder a la educaci\u00f3n y construir su futuro.&nbsp;&nbsp;<\/p>\n\n\n\n<p><\/p>\n\n\n\n<p>En Siria murieron al menos 8.476 personas tras el terremoto, de las cuales m\u00e1s de 2.000 eran menores. Los se\u00edsmos tambi\u00e9n da\u00f1aron infraestructuras de servicios esenciales y agravaron la situaci\u00f3n de la poblaci\u00f3n local, que sufre desde hace 13 a\u00f1os las terribles consecuencias del conflicto armado.. Desde ese momento, en Entreculturas, con la colaboraci\u00f3n de la Red Xavier y junto a JRS, hemos respondido a la emergencia atendiendo a 44.288 personas y estamos contribuyendo a la recuperaci\u00f3n a m\u00e1s a largo plazo a trav\u00e9s de programas de educaci\u00f3n, protecci\u00f3n, cohesi\u00f3n social y desarrollo comunitario.&nbsp;<\/p>\n\n\n\n<p><\/p>\n\n\n\n<figure class=\"wp-block-image aligncenter size-large is-resized\"><img decoding=\"async\" width=\"1024\" height=\"682\" src=\"https:\/\/www.entreculturas.org\/wp-content\/uploads\/2024\/01\/SY_Aleppo_Hellok_earthquake_Copyright_Mikhail-Demian-1024x682.jpeg\" alt=\"\" class=\"wp-image-10910\" style=\"width:820px;height:auto\" srcset=\"https:\/\/www.entreculturas.org\/wp-content\/uploads\/2024\/01\/SY_Aleppo_Hellok_earthquake_Copyright_Mikhail-Demian-1024x682.jpeg 1024w, https:\/\/www.entreculturas.org\/wp-content\/uploads\/2024\/01\/SY_Aleppo_Hellok_earthquake_Copyright_Mikhail-Demian-300x200.jpeg 300w, https:\/\/www.entreculturas.org\/wp-content\/uploads\/2024\/01\/SY_Aleppo_Hellok_earthquake_Copyright_Mikhail-Demian-768x512.jpeg 768w, https:\/\/www.entreculturas.org\/wp-content\/uploads\/2024\/01\/SY_Aleppo_Hellok_earthquake_Copyright_Mikhail-Demian-1536x1024.jpeg 1536w, https:\/\/www.entreculturas.org\/wp-content\/uploads\/2024\/01\/SY_Aleppo_Hellok_earthquake_Copyright_Mikhail-Demian.jpeg 2000w\" sizes=\"(max-width: 1024px) 100vw, 1024px\" \/><\/figure>\n\n\n\n<p class=\"has-text-align-center\"><em>Foto: Mikhail Demian<\/em><\/p>\n\n\n\n<p>La respuesta al se\u00edsmo se produjo en un contexto muy complejo. El terremoto ha sido solo un eslab\u00f3n m\u00e1s en una cadena de crisis profunda que atraviesa Siria: guerra, cifras r\u00e9cord de desplazamientos, pobreza y colapso econ\u00f3mico. Factores que siguen aumentando el n\u00famero de personas que necesitan ayuda humanitaria urgente y que hacen que nuestro apoyo a la poblaci\u00f3n siria siga siendo hoy m\u00e1s necesario que nunca.<\/p>\n\n\n\n<p><\/p>\n\n\n\n<p><strong>L\u00edbano: acogida en medio de la crisis<\/strong><\/p>\n\n\n\n<p>L\u00edbano es el pa\u00eds con mayor n\u00famero de personas refugiadas per c\u00e1pita del mundo y acoge alrededor de 2 millones de personas refugiadas sirias. A\u00fan hoy, de los 700.000 ni\u00f1os y ni\u00f1as sirios en edad escolar que viven en L\u00edbano, s\u00f3lo un tercio encuentra lugar en los colegios p\u00fablicos debido a su limitada capacidad. Por esta raz\u00f3n, trabajamos para hacer posible que accedan a una educaci\u00f3n de calidad y puedan, en la medida de lo posible, ingresar en el sistema educativo liban\u00e9s.<\/p>\n\n\n\n<p>Junto a JRS, apoyamos a 3.000 ni\u00f1os, ni\u00f1as, j\u00f3venes y personas adultas en las zonas de Baalbek, Bar Elias y Burj Hammoud en 6 escuelas de educaci\u00f3n formal, un centro de educaci\u00f3n no formal y ofreciendo apoyo psicosocial a trav\u00e9s de 3 centros sociales.&nbsp;<\/p>\n\n\n\n<p><\/p>\n\n\n\n<p>L\u00edbano enfrenta una compleja crisis econ\u00f3mica, pol\u00edtica y social agravada, a\u00fan m\u00e1s, por el conflicto en Gaza.&nbsp; La precaria situaci\u00f3n de seguridad&nbsp; est\u00e1 provocando el cierre intermitente de escuelas y ha dificultado las operaciones del equipo de JRS en el terreno.<\/p>\n\n\n\n<p><\/p>\n\n\n\n<p>\u201cEstamos en un momento de mucha tensi\u00f3n e incertidumbre en la regi\u00f3n, y concretamente en L\u00edbano, debido a la llegada de millones de personas refugiadas sirias que huyen de la guerra, la crisis econ\u00f3mica y una de las mayores hiperinflaciones del mundo. Todo esto hace que el trabajo aqu\u00ed sea cada vez m\u00e1s complicado, pero a la vez le d\u00e9 m\u00e1s sentido y sea clave el apoyo psicosocial, el soporte educativo y la ayuda humanitaria a las poblaciones m\u00e1s vulnerables\u201d, explica Jes\u00fas Sevilla, T\u00e9cnico Expatriado de Entreculturas en Oriente Medio.<\/p>\n\n\n\n<p><\/p>\n\n\n\n<p>En estos pa\u00edses y en otros 36 m\u00e1s alrededor del mundo, continuamos trabajando para acompa\u00f1ar y ofrecer oportunidades a quienes m\u00e1s sufren en estos contextos de violencia y dolor. Esta Navidad, desde Entreculturas, queremos seguir construyendo caminos de PAZ que hagan posible un mundo m\u00e1s justo para todas las personas.<\/p>\n","protected":false},"excerpt":{"rendered":"<p>&#8220;Porque la guerra borra el futuro. Porque la paz es un grito que merece ser escuchado&#8221;. Papa Francisco. En el mundo hay 224 millones de ni\u00f1os, ni\u00f1as y adolescentes que sufren las consecuencias de crisis humanitarias, ya sean, desastres naturales, conflictos armados u otras formas de violencia. De ellos, 78 millones no tienen acceso a la educaci\u00f3n.&nbsp; Esta Navidad, una sola palabra resume nuestro anhelo m\u00e1s grande: PAZ. Una palabra que nos gu\u00eda y que da sentido a nuestro trabajo. Que ofrece protecci\u00f3n y acompa\u00f1a, que est\u00e1 detr\u00e1s de la educaci\u00f3n para miles de personas que viven golpeadas por los conflictos y por las guerras en pa\u00edses como Siria o L\u00edbano. Una luz en la oscuridad que nos lleva a estar al lado de las personas en situaciones de mayor vulnerabilidad, como las mujeres y ni\u00f1as v\u00edctimas de la violencia en pa\u00edses como Sud\u00e1n del Sur o Ucrania. Ucrania: nuestra [&hellip;]<\/p>\n","protected":false},"featured_media":10908,"template":"","meta":{"_acf_changed":false},"categories":[7],"tags":[10],"country":[],"cause":[129],"class_list":["post-10906","noticia","type-noticia","status-publish","has-post-thumbnail","hentry","category-noticia","tag-migracion-y-refugio","cause-migracion-y-refugio"],"acf":[],"yoast_head":"<!-- This site is optimized with the Yoast SEO Premium plugin v21.6 (Yoast SEO v27.5) - https:\/\/yoast.com\/product\/yoast-seo-premium-wordpress\/ -->\n<title>Ucrania, Sud\u00e1n del Sur, Siria, L\u00edbano y para todos los paises en conflicto, solo pedimos una sola palabra: PAZ - Entreculturas<\/title>\n<meta name=\"robots\" content=\"index, follow, max-snippet:-1, max-image-preview:large, max-video-preview:-1\" \/>\n<link rel=\"canonical\" href=\"https:\/\/www.entreculturas.org\/ca\/noticia\/ucrania-sudan-del-sur-siria-libano-y-para-todos-los-paises-en-conflicto-solo-pedimos-una-sola-palabra-paz\/\" \/>\n<meta property=\"og:locale\" content=\"ca_ES\" \/>\n<meta property=\"og:type\" content=\"article\" \/>\n<meta property=\"og:title\" content=\"Ucrania, Sud\u00e1n del Sur, Siria, L\u00edbano y para todos los paises en conflicto, solo pedimos una sola palabra: PAZ\" \/>\n<meta property=\"og:description\" content=\"&#8220;Porque la guerra borra el futuro. Porque la paz es un grito que merece ser escuchado&#8221;. Papa Francisco. En el mundo hay 224 millones de ni\u00f1os, ni\u00f1as y adolescentes que sufren las consecuencias de crisis humanitarias, ya sean, desastres naturales, conflictos armados u otras formas de violencia. De ellos, 78 millones no tienen acceso a la educaci\u00f3n.&nbsp; Esta Navidad, una sola palabra resume nuestro anhelo m\u00e1s grande: PAZ. Una palabra que nos gu\u00eda y que da sentido a nuestro trabajo. Que ofrece protecci\u00f3n y acompa\u00f1a, que est\u00e1 detr\u00e1s de la educaci\u00f3n para miles de personas que viven golpeadas por los conflictos y por las guerras en pa\u00edses como Siria o L\u00edbano. Una luz en la oscuridad que nos lleva a estar al lado de las personas en situaciones de mayor vulnerabilidad, como las mujeres y ni\u00f1as v\u00edctimas de la violencia en pa\u00edses como Sud\u00e1n del Sur o Ucrania. Ucrania: nuestra [&hellip;]\" \/>\n<meta property=\"og:url\" content=\"https:\/\/www.entreculturas.org\/ca\/noticia\/ucrania-sudan-del-sur-siria-libano-y-para-todos-los-paises-en-conflicto-solo-pedimos-una-sola-palabra-paz\/\" \/>\n<meta property=\"og:site_name\" content=\"Entreculturas\" \/>\n<meta property=\"article:publisher\" content=\"https:\/\/www.facebook.com\/entreculturas\" \/>\n<meta property=\"article:modified_time\" content=\"2026-02-18T09:48:42+00:00\" \/>\n<meta property=\"og:image\" content=\"https:\/\/www.entreculturas.org\/wp-content\/uploads\/2024\/01\/Transit-Point-Renk-SSD_07_Copyright-Paula-Casado-scaled.jpeg\" \/>\n\t<meta property=\"og:image:width\" content=\"2560\" \/>\n\t<meta property=\"og:image:height\" content=\"1707\" \/>\n\t<meta property=\"og:image:type\" content=\"image\/jpeg\" \/>\n<meta name=\"twitter:card\" content=\"summary_large_image\" \/>\n<meta name=\"twitter:site\" content=\"@Entreculturas\" \/>\n<script type=\"application\/ld+json\" class=\"yoast-schema-graph\">{\"@context\":\"https:\\\/\\\/schema.org\",\"@graph\":[{\"@type\":\"WebPage\",\"@id\":\"https:\\\/\\\/www.entreculturas.org\\\/ca\\\/noticia\\\/ucrania-sudan-del-sur-siria-libano-y-para-todos-los-paises-en-conflicto-solo-pedimos-una-sola-palabra-paz\\\/\",\"url\":\"https:\\\/\\\/www.entreculturas.org\\\/ca\\\/noticia\\\/ucrania-sudan-del-sur-siria-libano-y-para-todos-los-paises-en-conflicto-solo-pedimos-una-sola-palabra-paz\\\/\",\"name\":\"Ucrania, Sud\u00e1n del Sur, Siria, L\u00edbano y para todos los paises en conflicto, solo pedimos una sola palabra: PAZ - Entreculturas\",\"isPartOf\":{\"@id\":\"https:\\\/\\\/www.entreculturas.org\\\/ca\\\/#website\"},\"primaryImageOfPage\":{\"@id\":\"https:\\\/\\\/www.entreculturas.org\\\/ca\\\/noticia\\\/ucrania-sudan-del-sur-siria-libano-y-para-todos-los-paises-en-conflicto-solo-pedimos-una-sola-palabra-paz\\\/#primaryimage\"},\"image\":{\"@id\":\"https:\\\/\\\/www.entreculturas.org\\\/ca\\\/noticia\\\/ucrania-sudan-del-sur-siria-libano-y-para-todos-los-paises-en-conflicto-solo-pedimos-una-sola-palabra-paz\\\/#primaryimage\"},\"thumbnailUrl\":\"https:\\\/\\\/www.entreculturas.org\\\/wp-content\\\/uploads\\\/2024\\\/01\\\/Transit-Point-Renk-SSD_07_Copyright-Paula-Casado-scaled.jpeg\",\"datePublished\":\"2024-01-01T15:27:32+00:00\",\"dateModified\":\"2026-02-18T09:48:42+00:00\",\"breadcrumb\":{\"@id\":\"https:\\\/\\\/www.entreculturas.org\\\/ca\\\/noticia\\\/ucrania-sudan-del-sur-siria-libano-y-para-todos-los-paises-en-conflicto-solo-pedimos-una-sola-palabra-paz\\\/#breadcrumb\"},\"inLanguage\":\"ca\",\"potentialAction\":[{\"@type\":\"ReadAction\",\"target\":[\"https:\\\/\\\/www.entreculturas.org\\\/ca\\\/noticia\\\/ucrania-sudan-del-sur-siria-libano-y-para-todos-los-paises-en-conflicto-solo-pedimos-una-sola-palabra-paz\\\/\"]}]},{\"@type\":\"ImageObject\",\"inLanguage\":\"ca\",\"@id\":\"https:\\\/\\\/www.entreculturas.org\\\/ca\\\/noticia\\\/ucrania-sudan-del-sur-siria-libano-y-para-todos-los-paises-en-conflicto-solo-pedimos-una-sola-palabra-paz\\\/#primaryimage\",\"url\":\"https:\\\/\\\/www.entreculturas.org\\\/wp-content\\\/uploads\\\/2024\\\/01\\\/Transit-Point-Renk-SSD_07_Copyright-Paula-Casado-scaled.jpeg\",\"contentUrl\":\"https:\\\/\\\/www.entreculturas.org\\\/wp-content\\\/uploads\\\/2024\\\/01\\\/Transit-Point-Renk-SSD_07_Copyright-Paula-Casado-scaled.jpeg\",\"width\":2560,\"height\":1707},{\"@type\":\"BreadcrumbList\",\"@id\":\"https:\\\/\\\/www.entreculturas.org\\\/ca\\\/noticia\\\/ucrania-sudan-del-sur-siria-libano-y-para-todos-los-paises-en-conflicto-solo-pedimos-una-sola-palabra-paz\\\/#breadcrumb\",\"itemListElement\":[{\"@type\":\"ListItem\",\"position\":1,\"name\":\"Home\",\"item\":\"https:\\\/\\\/www.entreculturas.org\\\/ca\\\/\"},{\"@type\":\"ListItem\",\"position\":2,\"name\":\"Noticias\",\"item\":\"https:\\\/\\\/www.entreculturas.org\\\/ca\\\/noticias\\\/\"},{\"@type\":\"ListItem\",\"position\":3,\"name\":\"Ucrania, Sud\u00e1n del Sur, Siria, L\u00edbano y para todos los paises en conflicto, solo pedimos una sola palabra: PAZ\"}]},{\"@type\":\"WebSite\",\"@id\":\"https:\\\/\\\/www.entreculturas.org\\\/ca\\\/#website\",\"url\":\"https:\\\/\\\/www.entreculturas.org\\\/ca\\\/\",\"name\":\"Entreculturas\",\"description\":\"\",\"publisher\":{\"@id\":\"https:\\\/\\\/www.entreculturas.org\\\/ca\\\/#organization\"},\"alternateName\":\"Entreculturas\",\"potentialAction\":[{\"@type\":\"SearchAction\",\"target\":{\"@type\":\"EntryPoint\",\"urlTemplate\":\"https:\\\/\\\/www.entreculturas.org\\\/ca\\\/?s={search_term_string}\"},\"query-input\":{\"@type\":\"PropertyValueSpecification\",\"valueRequired\":true,\"valueName\":\"search_term_string\"}}],\"inLanguage\":\"ca\"},{\"@type\":\"Organization\",\"@id\":\"https:\\\/\\\/www.entreculturas.org\\\/ca\\\/#organization\",\"name\":\"Entreculturas\",\"url\":\"https:\\\/\\\/www.entreculturas.org\\\/ca\\\/\",\"logo\":{\"@type\":\"ImageObject\",\"inLanguage\":\"ca\",\"@id\":\"https:\\\/\\\/www.entreculturas.org\\\/ca\\\/#\\\/schema\\\/logo\\\/image\\\/\",\"url\":\"https:\\\/\\\/www.entreculturas.org\\\/wp-content\\\/uploads\\\/2025\\\/10\\\/ESP.svg\",\"contentUrl\":\"https:\\\/\\\/www.entreculturas.org\\\/wp-content\\\/uploads\\\/2025\\\/10\\\/ESP.svg\",\"caption\":\"Entreculturas\"},\"image\":{\"@id\":\"https:\\\/\\\/www.entreculturas.org\\\/ca\\\/#\\\/schema\\\/logo\\\/image\\\/\"},\"sameAs\":[\"https:\\\/\\\/www.facebook.com\\\/entreculturas\",\"https:\\\/\\\/x.com\\\/Entreculturas\",\"https:\\\/\\\/www.instagram.com\\\/entreculturas\\\/\",\"https:\\\/\\\/www.youtube.com\\\/user\\\/entreculturasvideo\",\"https:\\\/\\\/www.linkedin.com\\\/company\\\/fundacion-entreculturas-ngdo\\\/\",\"https:\\\/\\\/www.flickr.com\\\/photos\\\/98455522@N04\\\/albums\\\/\"]}]}<\/script>\n<!-- \/ Yoast SEO Premium plugin. -->","yoast_head_json":{"title":"Ucrania, Sud\u00e1n del Sur, Siria, L\u00edbano y para todos los paises en conflicto, solo pedimos una sola palabra: PAZ - Entreculturas","robots":{"index":"index","follow":"follow","max-snippet":"max-snippet:-1","max-image-preview":"max-image-preview:large","max-video-preview":"max-video-preview:-1"},"canonical":"https:\/\/www.entreculturas.org\/ca\/noticia\/ucrania-sudan-del-sur-siria-libano-y-para-todos-los-paises-en-conflicto-solo-pedimos-una-sola-palabra-paz\/","og_locale":"ca_ES","og_type":"article","og_title":"Ucrania, Sud\u00e1n del Sur, Siria, L\u00edbano y para todos los paises en conflicto, solo pedimos una sola palabra: PAZ","og_description":"&#8220;Porque la guerra borra el futuro. Porque la paz es un grito que merece ser escuchado&#8221;. Papa Francisco. En el mundo hay 224 millones de ni\u00f1os, ni\u00f1as y adolescentes que sufren las consecuencias de crisis humanitarias, ya sean, desastres naturales, conflictos armados u otras formas de violencia. De ellos, 78 millones no tienen acceso a la educaci\u00f3n.&nbsp; Esta Navidad, una sola palabra resume nuestro anhelo m\u00e1s grande: PAZ. Una palabra que nos gu\u00eda y que da sentido a nuestro trabajo. Que ofrece protecci\u00f3n y acompa\u00f1a, que est\u00e1 detr\u00e1s de la educaci\u00f3n para miles de personas que viven golpeadas por los conflictos y por las guerras en pa\u00edses como Siria o L\u00edbano. Una luz en la oscuridad que nos lleva a estar al lado de las personas en situaciones de mayor vulnerabilidad, como las mujeres y ni\u00f1as v\u00edctimas de la violencia en pa\u00edses como Sud\u00e1n del Sur o Ucrania. Ucrania: nuestra [&hellip;]","og_url":"https:\/\/www.entreculturas.org\/ca\/noticia\/ucrania-sudan-del-sur-siria-libano-y-para-todos-los-paises-en-conflicto-solo-pedimos-una-sola-palabra-paz\/","og_site_name":"Entreculturas","article_publisher":"https:\/\/www.facebook.com\/entreculturas","article_modified_time":"2026-02-18T09:48:42+00:00","og_image":[{"width":2560,"height":1707,"url":"https:\/\/www.entreculturas.org\/wp-content\/uploads\/2024\/01\/Transit-Point-Renk-SSD_07_Copyright-Paula-Casado-scaled.jpeg","type":"image\/jpeg"}],"twitter_card":"summary_large_image","twitter_site":"@Entreculturas","schema":{"@context":"https:\/\/schema.org","@graph":[{"@type":"WebPage","@id":"https:\/\/www.entreculturas.org\/ca\/noticia\/ucrania-sudan-del-sur-siria-libano-y-para-todos-los-paises-en-conflicto-solo-pedimos-una-sola-palabra-paz\/","url":"https:\/\/www.entreculturas.org\/ca\/noticia\/ucrania-sudan-del-sur-siria-libano-y-para-todos-los-paises-en-conflicto-solo-pedimos-una-sola-palabra-paz\/","name":"Ucrania, Sud\u00e1n del Sur, Siria, L\u00edbano y para todos los paises en conflicto, solo pedimos una sola palabra: PAZ - Entreculturas","isPartOf":{"@id":"https:\/\/www.entreculturas.org\/ca\/#website"},"primaryImageOfPage":{"@id":"https:\/\/www.entreculturas.org\/ca\/noticia\/ucrania-sudan-del-sur-siria-libano-y-para-todos-los-paises-en-conflicto-solo-pedimos-una-sola-palabra-paz\/#primaryimage"},"image":{"@id":"https:\/\/www.entreculturas.org\/ca\/noticia\/ucrania-sudan-del-sur-siria-libano-y-para-todos-los-paises-en-conflicto-solo-pedimos-una-sola-palabra-paz\/#primaryimage"},"thumbnailUrl":"https:\/\/www.entreculturas.org\/wp-content\/uploads\/2024\/01\/Transit-Point-Renk-SSD_07_Copyright-Paula-Casado-scaled.jpeg","datePublished":"2024-01-01T15:27:32+00:00","dateModified":"2026-02-18T09:48:42+00:00","breadcrumb":{"@id":"https:\/\/www.entreculturas.org\/ca\/noticia\/ucrania-sudan-del-sur-siria-libano-y-para-todos-los-paises-en-conflicto-solo-pedimos-una-sola-palabra-paz\/#breadcrumb"},"inLanguage":"ca","potentialAction":[{"@type":"ReadAction","target":["https:\/\/www.entreculturas.org\/ca\/noticia\/ucrania-sudan-del-sur-siria-libano-y-para-todos-los-paises-en-conflicto-solo-pedimos-una-sola-palabra-paz\/"]}]},{"@type":"ImageObject","inLanguage":"ca","@id":"https:\/\/www.entreculturas.org\/ca\/noticia\/ucrania-sudan-del-sur-siria-libano-y-para-todos-los-paises-en-conflicto-solo-pedimos-una-sola-palabra-paz\/#primaryimage","url":"https:\/\/www.entreculturas.org\/wp-content\/uploads\/2024\/01\/Transit-Point-Renk-SSD_07_Copyright-Paula-Casado-scaled.jpeg","contentUrl":"https:\/\/www.entreculturas.org\/wp-content\/uploads\/2024\/01\/Transit-Point-Renk-SSD_07_Copyright-Paula-Casado-scaled.jpeg","width":2560,"height":1707},{"@type":"BreadcrumbList","@id":"https:\/\/www.entreculturas.org\/ca\/noticia\/ucrania-sudan-del-sur-siria-libano-y-para-todos-los-paises-en-conflicto-solo-pedimos-una-sola-palabra-paz\/#breadcrumb","itemListElement":[{"@type":"ListItem","position":1,"name":"Home","item":"https:\/\/www.entreculturas.org\/ca\/"},{"@type":"ListItem","position":2,"name":"Noticias","item":"https:\/\/www.entreculturas.org\/ca\/noticias\/"},{"@type":"ListItem","position":3,"name":"Ucrania, Sud\u00e1n del Sur, Siria, L\u00edbano y para todos los paises en conflicto, solo pedimos una sola palabra: PAZ"}]},{"@type":"WebSite","@id":"https:\/\/www.entreculturas.org\/ca\/#website","url":"https:\/\/www.entreculturas.org\/ca\/","name":"Entreculturas","description":"","publisher":{"@id":"https:\/\/www.entreculturas.org\/ca\/#organization"},"alternateName":"Entreculturas","potentialAction":[{"@type":"SearchAction","target":{"@type":"EntryPoint","urlTemplate":"https:\/\/www.entreculturas.org\/ca\/?s={search_term_string}"},"query-input":{"@type":"PropertyValueSpecification","valueRequired":true,"valueName":"search_term_string"}}],"inLanguage":"ca"},{"@type":"Organization","@id":"https:\/\/www.entreculturas.org\/ca\/#organization","name":"Entreculturas","url":"https:\/\/www.entreculturas.org\/ca\/","logo":{"@type":"ImageObject","inLanguage":"ca","@id":"https:\/\/www.entreculturas.org\/ca\/#\/schema\/logo\/image\/","url":"https:\/\/www.entreculturas.org\/wp-content\/uploads\/2025\/10\/ESP.svg","contentUrl":"https:\/\/www.entreculturas.org\/wp-content\/uploads\/2025\/10\/ESP.svg","caption":"Entreculturas"},"image":{"@id":"https:\/\/www.entreculturas.org\/ca\/#\/schema\/logo\/image\/"},"sameAs":["https:\/\/www.facebook.com\/entreculturas","https:\/\/x.com\/Entreculturas","https:\/\/www.instagram.com\/entreculturas\/","https:\/\/www.youtube.com\/user\/entreculturasvideo","https:\/\/www.linkedin.com\/company\/fundacion-entreculturas-ngdo\/","https:\/\/www.flickr.com\/photos\/98455522@N04\/albums\/"]}]}},"_links":{"self":[{"href":"https:\/\/www.entreculturas.org\/ca\/wp-json\/wp\/v2\/noticia\/10906","targetHints":{"allow":["GET"]}}],"collection":[{"href":"https:\/\/www.entreculturas.org\/ca\/wp-json\/wp\/v2\/noticia"}],"about":[{"href":"https:\/\/www.entreculturas.org\/ca\/wp-json\/wp\/v2\/types\/noticia"}],"wp:featuredmedia":[{"embeddable":true,"href":"https:\/\/www.entreculturas.org\/ca\/wp-json\/wp\/v2\/media\/10908"}],"wp:attachment":[{"href":"https:\/\/www.entreculturas.org\/ca\/wp-json\/wp\/v2\/media?parent=10906"}],"wp:term":[{"taxonomy":"category","embeddable":true,"href":"https:\/\/www.entreculturas.org\/ca\/wp-json\/wp\/v2\/categories?post=10906"},{"taxonomy":"post_tag","embeddable":true,"href":"https:\/\/www.entreculturas.org\/ca\/wp-json\/wp\/v2\/tags?post=10906"},{"taxonomy":"country","embeddable":true,"href":"https:\/\/www.entreculturas.org\/ca\/wp-json\/wp\/v2\/country?post=10906"},{"taxonomy":"cause","embeddable":true,"href":"https:\/\/www.entreculturas.org\/ca\/wp-json\/wp\/v2\/cause?post=10906"}],"curies":[{"name":"wp","href":"https:\/\/api.w.org\/{rel}","templated":true}]}}